{"id":1009,"date":"2021-02-22T20:20:00","date_gmt":"2021-02-22T19:20:00","guid":{"rendered":"https:\/\/ssspdp.ba\/?p=1009"},"modified":"2021-02-24T20:24:15","modified_gmt":"2021-02-24T19:24:15","slug":"konacno-odrzan-sastanak-sa-ministarstvom-privrede-u-vezi-sa-situacijom-u-sarajevo-sumama","status":"publish","type":"post","link":"https:\/\/ssspdp.ba\/?p=1009","title":{"rendered":"KONA\u010cNO ODR\u017dAN SASTANAK SA MINISTARSTVOM PRIVREDE U VEZI SA SITUACIJOM U &#8220;SARAJEVO-\u0160UMAMA&#8221;"},"content":{"rendered":"\n<p>U subotu, 20.2.2021. godine u Ministarstvu privrede Kantona Sarajevo, predstavnici Sindikata susreli su se sa ministrom Adnanom Deli\u0107em, a sastanak je odr\u017ean po ranijem zahtjevu Sindikalne podru\u017enice KJP \u201cSarajevo-\u0161ume\u201d d.o.o. Sarajevo. Ispred sindikata sastanku je prisustvovao povjerenik Sindikalne podru\u017enice Admir Sloboda i predsjednica SS\u0160PDP BiH Lejla \u0106ati\u0107. <\/p>\n\n\n\n<p>Zahtjev za sastanak u vezi sa aktuelnom situacijom u KJP \u201eSarajevo-\u0161ume\u201c Sarajevo, Sindikat je uputio jo\u0161 17.6.2020. godine (za vrijeme pro\u0161log saziva Vlade KS), me\u0111utim nije bilo odgovora iz resornog ministarstva. Na sastanku se razgovaralo na temu pomenute goru\u0107e problematike u ovom javnom preduze\u0107u u kojem je status radnika u proizvodnji ve\u0107 dugi niz godina neizvjestan. <\/p>\n\n\n\n<p>U protekloj godini bez posla je ostalo vi\u0161e od 60 radnika dru\u0161tva koji su bili anga\u017eovani po ugovoru o radu na odre\u0111eno vrijeme. Zbog moratorija nije bilo mogu\u0107e produ\u017eenje ugovora o radu za te radnike, \u0161to je dovelo u pitanje poslovanje kao i status svih radnika Dru\u0161tva. Sindikat tra\u017ei da se pitanje povremenog, odnosno ograni\u010denog upo\u0161ljavanja kona\u010dno rije\u0161i na adekvatan na\u010din.<\/p>\n\n\n\n<p>Radnici u \u0161umarstvu rade u posebnim uvjetima i na izuzetno te\u0161kim i slo\u017eenim poslovima. Rje\u0161avanje statusa radnika i stvaranje uvjeta za siguran rad za nadle\u017ene instance bi trebalo da predstavlja prioritet.Osim navedenog, predstavnici Sindikata su sa ministrom Deli\u0107em razgovarali i o upu\u0107enoj inicijativi za zaklju\u010divanje Kolektivnog ugovora o pravima i obavezama poslodavaca i radnika u KJP \u201eSarajevo-\u0161ume\u201c.<\/p>\n\n\n\n<p><br><\/p>\n\n\n\n<figure class=\"wp-block-image size-large\"><img loading=\"lazy\" decoding=\"async\" width=\"768\" height=\"1024\" src=\"https:\/\/ssspdp.ba\/wp-content\/uploads\/2021\/02\/01-Dopis-od-sada-1-768x1024.jpg\" alt=\"\" class=\"wp-image-1012\"\/><\/figure>\n\n\n\n<figure class=\"wp-block-image size-large\"><img loading=\"lazy\" decoding=\"async\" width=\"768\" height=\"1024\" src=\"https:\/\/ssspdp.ba\/wp-content\/uploads\/2021\/02\/02-Dopis-od-sada-2-768x1024.jpg\" alt=\"\" class=\"wp-image-1014\"\/><\/figure>\n\n\n\n<figure class=\"wp-block-image size-large\"><img loading=\"lazy\" decoding=\"async\" width=\"774\" height=\"1024\" src=\"https:\/\/ssspdp.ba\/wp-content\/uploads\/2021\/02\/03-Dopis-od-ranije-1-774x1024.jpg\" alt=\"\" class=\"wp-image-1015\"\/><\/figure>\n\n\n\n<figure class=\"wp-block-image size-large\"><img loading=\"lazy\" decoding=\"async\" width=\"768\" height=\"1024\" src=\"https:\/\/ssspdp.ba\/wp-content\/uploads\/2021\/02\/04-Dopis-od-ranije-2-768x1024.jpg\" alt=\"\" class=\"wp-image-1016\"\/><\/figure>\n<span class=\"et_bloom_bottom_trigger\"><\/span>","protected":false},"excerpt":{"rendered":"<p>U subotu, 20.2.2021. godine u Ministarstvu privrede Kantona Sarajevo, predstavnici Sindikata susreli su se sa ministrom Adnanom Deli\u0107em, a sastanak je odr\u017ean po ranijem zahtjevu Sindikalne podru\u017enice KJP \u201cSarajevo-\u0161ume\u201d d.o.o. Sarajevo. Ispred sindikata sastanku je prisustvovao povjerenik Sindikalne podru\u017enice Admir Sloboda i predsjednica SS\u0160PDP BiH Lejla \u0106ati\u0107. Zahtjev za sastanak u vezi sa aktuelnom situacijom [&hellip;]<\/p>\n","protected":false},"author":2,"featured_media":1010,"comment_status":"closed","ping_status":"open","sticky":false,"template":"","format":"standard","meta":{"_et_pb_use_builder":"off","_et_pb_old_content":"","_et_gb_content_width":"","footnotes":""},"categories":[32],"tags":[],"class_list":["post-1009","post","type-post","status-publish","format-standard","has-post-thumbnail","hentry","category-novosti"],"yoast_head":"<!-- This site is optimized with the Yoast SEO plugin v27.5 - https:\/\/yoast.com\/product\/yoast-seo-wordpress\/ -->\n<title>KONA\u010cNO ODR\u017dAN SASTANAK SA MINISTARSTVOM PRIVREDE U VEZI SA SITUACIJOM U &quot;SARAJEVO-\u0160UMAMA&quot; - Samostalni sindikat \u0161umarstva, prerade drveta i papira Bosne i Hercegovine<\/title>\n<meta name=\"robots\" content=\"index, follow, max-snippet:-1, max-image-preview:large, max-video-preview:-1\" \/>\n<link rel=\"canonical\" href=\"https:\/\/ssspdp.ba\/?p=1009\" \/>\n<meta property=\"og:locale\" content=\"en_US\" \/>\n<meta property=\"og:type\" content=\"article\" \/>\n<meta property=\"og:title\" content=\"KONA\u010cNO ODR\u017dAN SASTANAK SA MINISTARSTVOM PRIVREDE U VEZI SA SITUACIJOM U &quot;SARAJEVO-\u0160UMAMA&quot; - Samostalni sindikat \u0161umarstva, prerade drveta i papira Bosne i Hercegovine\" \/>\n<meta property=\"og:description\" content=\"U subotu, 20.2.2021. godine u Ministarstvu privrede Kantona Sarajevo, predstavnici Sindikata susreli su se sa ministrom Adnanom Deli\u0107em, a sastanak je odr\u017ean po ranijem zahtjevu Sindikalne podru\u017enice KJP \u201cSarajevo-\u0161ume\u201d d.o.o. Sarajevo. Ispred sindikata sastanku je prisustvovao povjerenik Sindikalne podru\u017enice Admir Sloboda i predsjednica SS\u0160PDP BiH Lejla \u0106ati\u0107. Zahtjev za sastanak u vezi sa aktuelnom situacijom [&hellip;]\" \/>\n<meta property=\"og:url\" content=\"https:\/\/ssspdp.ba\/?p=1009\" \/>\n<meta property=\"og:site_name\" content=\"Samostalni sindikat \u0161umarstva, prerade drveta i papira Bosne i Hercegovine\" \/>\n<meta property=\"article:publisher\" content=\"https:\/\/www.facebook.com\/Samostalni-sindikat-%c5%a1umarstva-prerade-drveta-i-papira-BiH-1740799582820896\/?ref=page_internal\" \/>\n<meta property=\"article:published_time\" content=\"2021-02-22T19:20:00+00:00\" \/>\n<meta property=\"article:modified_time\" content=\"2021-02-24T19:24:15+00:00\" \/>\n<meta property=\"og:image\" content=\"https:\/\/ssspdp.ba\/wp-content\/uploads\/2021\/02\/00.jpg\" \/>\n\t<meta property=\"og:image:width\" content=\"1600\" \/>\n\t<meta property=\"og:image:height\" content=\"1200\" \/>\n\t<meta property=\"og:image:type\" content=\"image\/jpeg\" \/>\n<meta name=\"author\" content=\"Senudin Jahic\" \/>\n<meta name=\"twitter:card\" content=\"summary_large_image\" \/>\n<meta name=\"twitter:label1\" content=\"Written by\" \/>\n\t<meta name=\"twitter:data1\" content=\"Senudin Jahic\" \/>\n\t<meta name=\"twitter:label2\" content=\"Est. reading time\" \/>\n\t<meta name=\"twitter:data2\" content=\"2 minutes\" \/>\n<script type=\"application\/ld+json\" class=\"yoast-schema-graph\">{\"@context\":\"https:\\\/\\\/schema.org\",\"@graph\":[{\"@type\":\"Article\",\"@id\":\"https:\\\/\\\/ssspdp.ba\\\/?p=1009#article\",\"isPartOf\":{\"@id\":\"https:\\\/\\\/ssspdp.ba\\\/?p=1009\"},\"author\":{\"name\":\"Senudin Jahic\",\"@id\":\"https:\\\/\\\/ssspdp.ba\\\/#\\\/schema\\\/person\\\/ca59c1c3438388dc9efc2e2c1520dd58\"},\"headline\":\"KONA\u010cNO ODR\u017dAN SASTANAK SA MINISTARSTVOM PRIVREDE U VEZI SA SITUACIJOM U &#8220;SARAJEVO-\u0160UMAMA&#8221;\",\"datePublished\":\"2021-02-22T19:20:00+00:00\",\"dateModified\":\"2021-02-24T19:24:15+00:00\",\"mainEntityOfPage\":{\"@id\":\"https:\\\/\\\/ssspdp.ba\\\/?p=1009\"},\"wordCount\":268,\"publisher\":{\"@id\":\"https:\\\/\\\/ssspdp.ba\\\/#organization\"},\"image\":{\"@id\":\"https:\\\/\\\/ssspdp.ba\\\/?p=1009#primaryimage\"},\"thumbnailUrl\":\"https:\\\/\\\/ssspdp.ba\\\/wp-content\\\/uploads\\\/2021\\\/02\\\/00.jpg\",\"articleSection\":[\"Novosti\"],\"inLanguage\":\"en-US\"},{\"@type\":\"WebPage\",\"@id\":\"https:\\\/\\\/ssspdp.ba\\\/?p=1009\",\"url\":\"https:\\\/\\\/ssspdp.ba\\\/?p=1009\",\"name\":\"KONA\u010cNO ODR\u017dAN SASTANAK SA MINISTARSTVOM PRIVREDE U VEZI SA SITUACIJOM U \\\"SARAJEVO-\u0160UMAMA\\\" - Samostalni sindikat \u0161umarstva, prerade drveta i papira Bosne i Hercegovine\",\"isPartOf\":{\"@id\":\"https:\\\/\\\/ssspdp.ba\\\/#website\"},\"primaryImageOfPage\":{\"@id\":\"https:\\\/\\\/ssspdp.ba\\\/?p=1009#primaryimage\"},\"image\":{\"@id\":\"https:\\\/\\\/ssspdp.ba\\\/?p=1009#primaryimage\"},\"thumbnailUrl\":\"https:\\\/\\\/ssspdp.ba\\\/wp-content\\\/uploads\\\/2021\\\/02\\\/00.jpg\",\"datePublished\":\"2021-02-22T19:20:00+00:00\",\"dateModified\":\"2021-02-24T19:24:15+00:00\",\"breadcrumb\":{\"@id\":\"https:\\\/\\\/ssspdp.ba\\\/?p=1009#breadcrumb\"},\"inLanguage\":\"en-US\",\"potentialAction\":[{\"@type\":\"ReadAction\",\"target\":[\"https:\\\/\\\/ssspdp.ba\\\/?p=1009\"]}]},{\"@type\":\"ImageObject\",\"inLanguage\":\"en-US\",\"@id\":\"https:\\\/\\\/ssspdp.ba\\\/?p=1009#primaryimage\",\"url\":\"https:\\\/\\\/ssspdp.ba\\\/wp-content\\\/uploads\\\/2021\\\/02\\\/00.jpg\",\"contentUrl\":\"https:\\\/\\\/ssspdp.ba\\\/wp-content\\\/uploads\\\/2021\\\/02\\\/00.jpg\",\"width\":1600,\"height\":1200},{\"@type\":\"BreadcrumbList\",\"@id\":\"https:\\\/\\\/ssspdp.ba\\\/?p=1009#breadcrumb\",\"itemListElement\":[{\"@type\":\"ListItem\",\"position\":1,\"name\":\"Home\",\"item\":\"https:\\\/\\\/ssspdp.ba\\\/\"},{\"@type\":\"ListItem\",\"position\":2,\"name\":\"KONA\u010cNO ODR\u017dAN SASTANAK SA MINISTARSTVOM PRIVREDE U VEZI SA SITUACIJOM U &#8220;SARAJEVO-\u0160UMAMA&#8221;\"}]},{\"@type\":\"WebSite\",\"@id\":\"https:\\\/\\\/ssspdp.ba\\\/#website\",\"url\":\"https:\\\/\\\/ssspdp.ba\\\/\",\"name\":\"Samostalni sindikat \u0161umarstva, prerade drveta i papira Bosne i Hercegovine\",\"description\":\"\",\"publisher\":{\"@id\":\"https:\\\/\\\/ssspdp.ba\\\/#organization\"},\"potentialAction\":[{\"@type\":\"SearchAction\",\"target\":{\"@type\":\"EntryPoint\",\"urlTemplate\":\"https:\\\/\\\/ssspdp.ba\\\/?s={search_term_string}\"},\"query-input\":{\"@type\":\"PropertyValueSpecification\",\"valueRequired\":true,\"valueName\":\"search_term_string\"}}],\"inLanguage\":\"en-US\"},{\"@type\":\"Organization\",\"@id\":\"https:\\\/\\\/ssspdp.ba\\\/#organization\",\"name\":\"Samostalni sindikat \u0161umarstva, prerade drveta i papira Bosne i Hercegovine\",\"url\":\"https:\\\/\\\/ssspdp.ba\\\/\",\"logo\":{\"@type\":\"ImageObject\",\"inLanguage\":\"en-US\",\"@id\":\"https:\\\/\\\/ssspdp.ba\\\/#\\\/schema\\\/logo\\\/image\\\/\",\"url\":\"https:\\\/\\\/ssspdp.ba\\\/wp-content\\\/uploads\\\/2020\\\/10\\\/web-logo.png\",\"contentUrl\":\"https:\\\/\\\/ssspdp.ba\\\/wp-content\\\/uploads\\\/2020\\\/10\\\/web-logo.png\",\"width\":623,\"height\":100,\"caption\":\"Samostalni sindikat \u0161umarstva, prerade drveta i papira Bosne i Hercegovine\"},\"image\":{\"@id\":\"https:\\\/\\\/ssspdp.ba\\\/#\\\/schema\\\/logo\\\/image\\\/\"},\"sameAs\":[\"https:\\\/\\\/www.facebook.com\\\/Samostalni-sindikat-\u0161umarstva-prerade-drveta-i-papira-BiH-1740799582820896\\\/?ref=page_internal\"]},{\"@type\":\"Person\",\"@id\":\"https:\\\/\\\/ssspdp.ba\\\/#\\\/schema\\\/person\\\/ca59c1c3438388dc9efc2e2c1520dd58\",\"name\":\"Senudin Jahic\",\"image\":{\"@type\":\"ImageObject\",\"inLanguage\":\"en-US\",\"@id\":\"https:\\\/\\\/secure.gravatar.com\\\/avatar\\\/4c408c3d0a009ed2e77d9394b7d39ae86e939f4183d1b501926522e8b6ed0820?s=96&d=mm&r=g\",\"url\":\"https:\\\/\\\/secure.gravatar.com\\\/avatar\\\/4c408c3d0a009ed2e77d9394b7d39ae86e939f4183d1b501926522e8b6ed0820?s=96&d=mm&r=g\",\"contentUrl\":\"https:\\\/\\\/secure.gravatar.com\\\/avatar\\\/4c408c3d0a009ed2e77d9394b7d39ae86e939f4183d1b501926522e8b6ed0820?s=96&d=mm&r=g\",\"caption\":\"Senudin Jahic\"},\"sameAs\":[\"http:\\\/\\\/ssspdp.ba\"]}]}<\/script>\n<!-- \/ Yoast SEO plugin. -->","yoast_head_json":{"title":"KONA\u010cNO ODR\u017dAN SASTANAK SA MINISTARSTVOM PRIVREDE U VEZI SA SITUACIJOM U \"SARAJEVO-\u0160UMAMA\" - Samostalni sindikat \u0161umarstva, prerade drveta i papira Bosne i Hercegovine","robots":{"index":"index","follow":"follow","max-snippet":"max-snippet:-1","max-image-preview":"max-image-preview:large","max-video-preview":"max-video-preview:-1"},"canonical":"https:\/\/ssspdp.ba\/?p=1009","og_locale":"en_US","og_type":"article","og_title":"KONA\u010cNO ODR\u017dAN SASTANAK SA MINISTARSTVOM PRIVREDE U VEZI SA SITUACIJOM U \"SARAJEVO-\u0160UMAMA\" - Samostalni sindikat \u0161umarstva, prerade drveta i papira Bosne i Hercegovine","og_description":"U subotu, 20.2.2021. godine u Ministarstvu privrede Kantona Sarajevo, predstavnici Sindikata susreli su se sa ministrom Adnanom Deli\u0107em, a sastanak je odr\u017ean po ranijem zahtjevu Sindikalne podru\u017enice KJP \u201cSarajevo-\u0161ume\u201d d.o.o. Sarajevo. Ispred sindikata sastanku je prisustvovao povjerenik Sindikalne podru\u017enice Admir Sloboda i predsjednica SS\u0160PDP BiH Lejla \u0106ati\u0107. Zahtjev za sastanak u vezi sa aktuelnom situacijom [&hellip;]","og_url":"https:\/\/ssspdp.ba\/?p=1009","og_site_name":"Samostalni sindikat \u0161umarstva, prerade drveta i papira Bosne i Hercegovine","article_publisher":"https:\/\/www.facebook.com\/Samostalni-sindikat-%c5%a1umarstva-prerade-drveta-i-papira-BiH-1740799582820896\/?ref=page_internal","article_published_time":"2021-02-22T19:20:00+00:00","article_modified_time":"2021-02-24T19:24:15+00:00","og_image":[{"width":1600,"height":1200,"url":"https:\/\/ssspdp.ba\/wp-content\/uploads\/2021\/02\/00.jpg","type":"image\/jpeg"}],"author":"Senudin Jahic","twitter_card":"summary_large_image","twitter_misc":{"Written by":"Senudin Jahic","Est. reading time":"2 minutes"},"schema":{"@context":"https:\/\/schema.org","@graph":[{"@type":"Article","@id":"https:\/\/ssspdp.ba\/?p=1009#article","isPartOf":{"@id":"https:\/\/ssspdp.ba\/?p=1009"},"author":{"name":"Senudin Jahic","@id":"https:\/\/ssspdp.ba\/#\/schema\/person\/ca59c1c3438388dc9efc2e2c1520dd58"},"headline":"KONA\u010cNO ODR\u017dAN SASTANAK SA MINISTARSTVOM PRIVREDE U VEZI SA SITUACIJOM U &#8220;SARAJEVO-\u0160UMAMA&#8221;","datePublished":"2021-02-22T19:20:00+00:00","dateModified":"2021-02-24T19:24:15+00:00","mainEntityOfPage":{"@id":"https:\/\/ssspdp.ba\/?p=1009"},"wordCount":268,"publisher":{"@id":"https:\/\/ssspdp.ba\/#organization"},"image":{"@id":"https:\/\/ssspdp.ba\/?p=1009#primaryimage"},"thumbnailUrl":"https:\/\/ssspdp.ba\/wp-content\/uploads\/2021\/02\/00.jpg","articleSection":["Novosti"],"inLanguage":"en-US"},{"@type":"WebPage","@id":"https:\/\/ssspdp.ba\/?p=1009","url":"https:\/\/ssspdp.ba\/?p=1009","name":"KONA\u010cNO ODR\u017dAN SASTANAK SA MINISTARSTVOM PRIVREDE U VEZI SA SITUACIJOM U \"SARAJEVO-\u0160UMAMA\" - Samostalni sindikat \u0161umarstva, prerade drveta i papira Bosne i Hercegovine","isPartOf":{"@id":"https:\/\/ssspdp.ba\/#website"},"primaryImageOfPage":{"@id":"https:\/\/ssspdp.ba\/?p=1009#primaryimage"},"image":{"@id":"https:\/\/ssspdp.ba\/?p=1009#primaryimage"},"thumbnailUrl":"https:\/\/ssspdp.ba\/wp-content\/uploads\/2021\/02\/00.jpg","datePublished":"2021-02-22T19:20:00+00:00","dateModified":"2021-02-24T19:24:15+00:00","breadcrumb":{"@id":"https:\/\/ssspdp.ba\/?p=1009#breadcrumb"},"inLanguage":"en-US","potentialAction":[{"@type":"ReadAction","target":["https:\/\/ssspdp.ba\/?p=1009"]}]},{"@type":"ImageObject","inLanguage":"en-US","@id":"https:\/\/ssspdp.ba\/?p=1009#primaryimage","url":"https:\/\/ssspdp.ba\/wp-content\/uploads\/2021\/02\/00.jpg","contentUrl":"https:\/\/ssspdp.ba\/wp-content\/uploads\/2021\/02\/00.jpg","width":1600,"height":1200},{"@type":"BreadcrumbList","@id":"https:\/\/ssspdp.ba\/?p=1009#breadcrumb","itemListElement":[{"@type":"ListItem","position":1,"name":"Home","item":"https:\/\/ssspdp.ba\/"},{"@type":"ListItem","position":2,"name":"KONA\u010cNO ODR\u017dAN SASTANAK SA MINISTARSTVOM PRIVREDE U VEZI SA SITUACIJOM U &#8220;SARAJEVO-\u0160UMAMA&#8221;"}]},{"@type":"WebSite","@id":"https:\/\/ssspdp.ba\/#website","url":"https:\/\/ssspdp.ba\/","name":"Samostalni sindikat \u0161umarstva, prerade drveta i papira Bosne i Hercegovine","description":"","publisher":{"@id":"https:\/\/ssspdp.ba\/#organization"},"potentialAction":[{"@type":"SearchAction","target":{"@type":"EntryPoint","urlTemplate":"https:\/\/ssspdp.ba\/?s={search_term_string}"},"query-input":{"@type":"PropertyValueSpecification","valueRequired":true,"valueName":"search_term_string"}}],"inLanguage":"en-US"},{"@type":"Organization","@id":"https:\/\/ssspdp.ba\/#organization","name":"Samostalni sindikat \u0161umarstva, prerade drveta i papira Bosne i Hercegovine","url":"https:\/\/ssspdp.ba\/","logo":{"@type":"ImageObject","inLanguage":"en-US","@id":"https:\/\/ssspdp.ba\/#\/schema\/logo\/image\/","url":"https:\/\/ssspdp.ba\/wp-content\/uploads\/2020\/10\/web-logo.png","contentUrl":"https:\/\/ssspdp.ba\/wp-content\/uploads\/2020\/10\/web-logo.png","width":623,"height":100,"caption":"Samostalni sindikat \u0161umarstva, prerade drveta i papira Bosne i Hercegovine"},"image":{"@id":"https:\/\/ssspdp.ba\/#\/schema\/logo\/image\/"},"sameAs":["https:\/\/www.facebook.com\/Samostalni-sindikat-\u0161umarstva-prerade-drveta-i-papira-BiH-1740799582820896\/?ref=page_internal"]},{"@type":"Person","@id":"https:\/\/ssspdp.ba\/#\/schema\/person\/ca59c1c3438388dc9efc2e2c1520dd58","name":"Senudin Jahic","image":{"@type":"ImageObject","inLanguage":"en-US","@id":"https:\/\/secure.gravatar.com\/avatar\/4c408c3d0a009ed2e77d9394b7d39ae86e939f4183d1b501926522e8b6ed0820?s=96&d=mm&r=g","url":"https:\/\/secure.gravatar.com\/avatar\/4c408c3d0a009ed2e77d9394b7d39ae86e939f4183d1b501926522e8b6ed0820?s=96&d=mm&r=g","contentUrl":"https:\/\/secure.gravatar.com\/avatar\/4c408c3d0a009ed2e77d9394b7d39ae86e939f4183d1b501926522e8b6ed0820?s=96&d=mm&r=g","caption":"Senudin Jahic"},"sameAs":["http:\/\/ssspdp.ba"]}]}},"_links":{"self":[{"href":"https:\/\/ssspdp.ba\/index.php?rest_route=\/wp\/v2\/posts\/1009","targetHints":{"allow":["GET"]}}],"collection":[{"href":"https:\/\/ssspdp.ba\/index.php?rest_route=\/wp\/v2\/posts"}],"about":[{"href":"https:\/\/ssspdp.ba\/index.php?rest_route=\/wp\/v2\/types\/post"}],"author":[{"embeddable":true,"href":"https:\/\/ssspdp.ba\/index.php?rest_route=\/wp\/v2\/users\/2"}],"replies":[{"embeddable":true,"href":"https:\/\/ssspdp.ba\/index.php?rest_route=%2Fwp%2Fv2%2Fcomments&post=1009"}],"version-history":[{"count":3,"href":"https:\/\/ssspdp.ba\/index.php?rest_route=\/wp\/v2\/posts\/1009\/revisions"}],"predecessor-version":[{"id":1018,"href":"https:\/\/ssspdp.ba\/index.php?rest_route=\/wp\/v2\/posts\/1009\/revisions\/1018"}],"wp:featuredmedia":[{"embeddable":true,"href":"https:\/\/ssspdp.ba\/index.php?rest_route=\/wp\/v2\/media\/1010"}],"wp:attachment":[{"href":"https:\/\/ssspdp.ba\/index.php?rest_route=%2Fwp%2Fv2%2Fmedia&parent=1009"}],"wp:term":[{"taxonomy":"category","embeddable":true,"href":"https:\/\/ssspdp.ba\/index.php?rest_route=%2Fwp%2Fv2%2Fcategories&post=1009"},{"taxonomy":"post_tag","embeddable":true,"href":"https:\/\/ssspdp.ba\/index.php?rest_route=%2Fwp%2Fv2%2Ftags&post=1009"}],"curies":[{"name":"wp","href":"https:\/\/api.w.org\/{rel}","templated":true}]}}