{"id":1083,"date":"2021-03-22T12:05:04","date_gmt":"2021-03-22T11:05:04","guid":{"rendered":"https:\/\/ssspdp.ba\/?p=1083"},"modified":"2021-03-22T18:10:09","modified_gmt":"2021-03-22T17:10:09","slug":"tragedija-radnika-iz-bih-u-hrvatskoj","status":"publish","type":"post","link":"https:\/\/ssspdp.ba\/?p=1083","title":{"rendered":"TRAGEDIJA RADNIKA IZ BiH U HRVATSKOJ"},"content":{"rendered":"\n<p>bog trovanja ugljen monoksidom iz bojlera, u Zagrebu je preminula jedna, a povrije\u0111eno jo\u0161 \u0161est osoba. Rije\u010d je o dr\u017eavljanima BiH koji su u Hrvatsku do\u0161li na privremeni rad. Radnici su unajmili ku\u0107u u kojoj su isto ve\u010de do\u017eivjeli nesre\u0107u.<\/p>\n\n\n\n<p>Ispred ku\u0107e u Resniku sino\u0107 su policajci, vatrogasci i osoblje hitne pomo\u0107i pomagali sedmorici radnika iz BiH otrovanih plinom u unajmljenoj ku\u0107i.<\/p>\n\n\n\n<p>Susjedi su uvjereni da je do ove nesre\u0107e do\u0161lo zbog lo\u0161eg odr\u017eavanja ku\u0107e i nedostatka ulaganja. Mi\u0161ljenja su da ljudi ne posve\u0107uju pa\u017enju servisiranju i \u010di\u0161\u0107enju. Dok vlasnik ku\u0107e tvrdi da je uzrok nemarnost nadle\u017enog majstora za odr\u017eavanje bojlera.<\/p>\n\n\n\n<p>Povrije\u0111eni radnici no\u0107i prevezeni su u tri zagreba\u010dke bolnice gdje im je pru\u017eena pomo\u0107. Pedesetsedmogodi\u0161njak, koji je bio i najstariji me\u0111u njima, preminuo je od trovanja plinom. Neki od radnika mla\u0111e dobi, ve\u0107 su se i oporavili.<\/p>\n\n\n\n<p>Ovaj doga\u0111aj upozorenje je svima koji imaju plinske instalacije za grijanje. Tragedija u Resniku mogla je biti i puno ve\u0107a jer da su radnici iz BiH zaspali uz plin, do jutra bi svi preminuli. <\/p>\n\n\n\n<p>Izvor: Oslobo\u0111enje<\/p>\n<span class=\"et_bloom_bottom_trigger\"><\/span>","protected":false},"excerpt":{"rendered":"<p>bog trovanja ugljen monoksidom iz bojlera, u Zagrebu je preminula jedna, a povrije\u0111eno jo\u0161 \u0161est osoba. Rije\u010d je o dr\u017eavljanima BiH koji su u Hrvatsku do\u0161li na privremeni rad. Radnici su unajmili ku\u0107u u kojoj su isto ve\u010de do\u017eivjeli nesre\u0107u. Ispred ku\u0107e u Resniku sino\u0107 su policajci, vatrogasci i osoblje hitne pomo\u0107i pomagali sedmorici radnika [&hellip;]<\/p>\n","protected":false},"author":2,"featured_media":1084,"comment_status":"closed","ping_status":"open","sticky":false,"template":"","format":"standard","meta":{"_et_pb_use_builder":"off","_et_pb_old_content":"","_et_gb_content_width":"","footnotes":""},"categories":[32],"tags":[],"class_list":["post-1083","post","type-post","status-publish","format-standard","has-post-thumbnail","hentry","category-novosti"],"yoast_head":"<!-- This site is optimized with the Yoast SEO plugin v27.5 - https:\/\/yoast.com\/product\/yoast-seo-wordpress\/ -->\n<title>TRAGEDIJA RADNIKA IZ BiH U HRVATSKOJ - Samostalni sindikat \u0161umarstva, prerade drveta i papira Bosne i Hercegovine<\/title>\n<meta name=\"robots\" content=\"index, follow, max-snippet:-1, max-image-preview:large, max-video-preview:-1\" \/>\n<link rel=\"canonical\" href=\"https:\/\/ssspdp.ba\/?p=1083\" \/>\n<meta property=\"og:locale\" content=\"en_US\" \/>\n<meta property=\"og:type\" content=\"article\" \/>\n<meta property=\"og:title\" content=\"TRAGEDIJA RADNIKA IZ BiH U HRVATSKOJ - Samostalni sindikat \u0161umarstva, prerade drveta i papira Bosne i Hercegovine\" \/>\n<meta property=\"og:description\" content=\"bog trovanja ugljen monoksidom iz bojlera, u Zagrebu je preminula jedna, a povrije\u0111eno jo\u0161 \u0161est osoba. Rije\u010d je o dr\u017eavljanima BiH koji su u Hrvatsku do\u0161li na privremeni rad. Radnici su unajmili ku\u0107u u kojoj su isto ve\u010de do\u017eivjeli nesre\u0107u. Ispred ku\u0107e u Resniku sino\u0107 su policajci, vatrogasci i osoblje hitne pomo\u0107i pomagali sedmorici radnika [&hellip;]\" \/>\n<meta property=\"og:url\" content=\"https:\/\/ssspdp.ba\/?p=1083\" \/>\n<meta property=\"og:site_name\" content=\"Samostalni sindikat \u0161umarstva, prerade drveta i papira Bosne i Hercegovine\" \/>\n<meta property=\"article:publisher\" content=\"https:\/\/www.facebook.com\/Samostalni-sindikat-%c5%a1umarstva-prerade-drveta-i-papira-BiH-1740799582820896\/?ref=page_internal\" \/>\n<meta property=\"article:published_time\" content=\"2021-03-22T11:05:04+00:00\" \/>\n<meta property=\"article:modified_time\" content=\"2021-03-22T17:10:09+00:00\" \/>\n<meta property=\"og:image\" content=\"https:\/\/ssspdp.ba\/wp-content\/uploads\/2021\/03\/Objava-22.3.21.jpg\" \/>\n\t<meta property=\"og:image:width\" content=\"1024\" \/>\n\t<meta property=\"og:image:height\" content=\"513\" \/>\n\t<meta property=\"og:image:type\" content=\"image\/jpeg\" \/>\n<meta name=\"author\" content=\"Senudin Jahic\" \/>\n<meta name=\"twitter:card\" content=\"summary_large_image\" \/>\n<meta name=\"twitter:label1\" content=\"Written by\" \/>\n\t<meta name=\"twitter:data1\" content=\"Senudin Jahic\" \/>\n\t<meta name=\"twitter:label2\" content=\"Est. reading time\" \/>\n\t<meta name=\"twitter:data2\" content=\"1 minute\" \/>\n<script type=\"application\/ld+json\" class=\"yoast-schema-graph\">{\"@context\":\"https:\\\/\\\/schema.org\",\"@graph\":[{\"@type\":\"Article\",\"@id\":\"https:\\\/\\\/ssspdp.ba\\\/?p=1083#article\",\"isPartOf\":{\"@id\":\"https:\\\/\\\/ssspdp.ba\\\/?p=1083\"},\"author\":{\"name\":\"Senudin Jahic\",\"@id\":\"https:\\\/\\\/ssspdp.ba\\\/#\\\/schema\\\/person\\\/ca59c1c3438388dc9efc2e2c1520dd58\"},\"headline\":\"TRAGEDIJA RADNIKA IZ BiH U HRVATSKOJ\",\"datePublished\":\"2021-03-22T11:05:04+00:00\",\"dateModified\":\"2021-03-22T17:10:09+00:00\",\"mainEntityOfPage\":{\"@id\":\"https:\\\/\\\/ssspdp.ba\\\/?p=1083\"},\"wordCount\":212,\"publisher\":{\"@id\":\"https:\\\/\\\/ssspdp.ba\\\/#organization\"},\"image\":{\"@id\":\"https:\\\/\\\/ssspdp.ba\\\/?p=1083#primaryimage\"},\"thumbnailUrl\":\"https:\\\/\\\/ssspdp.ba\\\/wp-content\\\/uploads\\\/2021\\\/03\\\/Objava-22.3.21.jpg\",\"articleSection\":[\"Novosti\"],\"inLanguage\":\"en-US\"},{\"@type\":\"WebPage\",\"@id\":\"https:\\\/\\\/ssspdp.ba\\\/?p=1083\",\"url\":\"https:\\\/\\\/ssspdp.ba\\\/?p=1083\",\"name\":\"TRAGEDIJA RADNIKA IZ BiH U HRVATSKOJ - Samostalni sindikat \u0161umarstva, prerade drveta i papira Bosne i Hercegovine\",\"isPartOf\":{\"@id\":\"https:\\\/\\\/ssspdp.ba\\\/#website\"},\"primaryImageOfPage\":{\"@id\":\"https:\\\/\\\/ssspdp.ba\\\/?p=1083#primaryimage\"},\"image\":{\"@id\":\"https:\\\/\\\/ssspdp.ba\\\/?p=1083#primaryimage\"},\"thumbnailUrl\":\"https:\\\/\\\/ssspdp.ba\\\/wp-content\\\/uploads\\\/2021\\\/03\\\/Objava-22.3.21.jpg\",\"datePublished\":\"2021-03-22T11:05:04+00:00\",\"dateModified\":\"2021-03-22T17:10:09+00:00\",\"breadcrumb\":{\"@id\":\"https:\\\/\\\/ssspdp.ba\\\/?p=1083#breadcrumb\"},\"inLanguage\":\"en-US\",\"potentialAction\":[{\"@type\":\"ReadAction\",\"target\":[\"https:\\\/\\\/ssspdp.ba\\\/?p=1083\"]}]},{\"@type\":\"ImageObject\",\"inLanguage\":\"en-US\",\"@id\":\"https:\\\/\\\/ssspdp.ba\\\/?p=1083#primaryimage\",\"url\":\"https:\\\/\\\/ssspdp.ba\\\/wp-content\\\/uploads\\\/2021\\\/03\\\/Objava-22.3.21.jpg\",\"contentUrl\":\"https:\\\/\\\/ssspdp.ba\\\/wp-content\\\/uploads\\\/2021\\\/03\\\/Objava-22.3.21.jpg\",\"width\":1024,\"height\":513},{\"@type\":\"BreadcrumbList\",\"@id\":\"https:\\\/\\\/ssspdp.ba\\\/?p=1083#breadcrumb\",\"itemListElement\":[{\"@type\":\"ListItem\",\"position\":1,\"name\":\"Home\",\"item\":\"https:\\\/\\\/ssspdp.ba\\\/\"},{\"@type\":\"ListItem\",\"position\":2,\"name\":\"TRAGEDIJA RADNIKA IZ BiH U HRVATSKOJ\"}]},{\"@type\":\"WebSite\",\"@id\":\"https:\\\/\\\/ssspdp.ba\\\/#website\",\"url\":\"https:\\\/\\\/ssspdp.ba\\\/\",\"name\":\"Samostalni sindikat \u0161umarstva, prerade drveta i papira Bosne i Hercegovine\",\"description\":\"\",\"publisher\":{\"@id\":\"https:\\\/\\\/ssspdp.ba\\\/#organization\"},\"potentialAction\":[{\"@type\":\"SearchAction\",\"target\":{\"@type\":\"EntryPoint\",\"urlTemplate\":\"https:\\\/\\\/ssspdp.ba\\\/?s={search_term_string}\"},\"query-input\":{\"@type\":\"PropertyValueSpecification\",\"valueRequired\":true,\"valueName\":\"search_term_string\"}}],\"inLanguage\":\"en-US\"},{\"@type\":\"Organization\",\"@id\":\"https:\\\/\\\/ssspdp.ba\\\/#organization\",\"name\":\"Samostalni sindikat \u0161umarstva, prerade drveta i papira Bosne i Hercegovine\",\"url\":\"https:\\\/\\\/ssspdp.ba\\\/\",\"logo\":{\"@type\":\"ImageObject\",\"inLanguage\":\"en-US\",\"@id\":\"https:\\\/\\\/ssspdp.ba\\\/#\\\/schema\\\/logo\\\/image\\\/\",\"url\":\"https:\\\/\\\/ssspdp.ba\\\/wp-content\\\/uploads\\\/2020\\\/10\\\/web-logo.png\",\"contentUrl\":\"https:\\\/\\\/ssspdp.ba\\\/wp-content\\\/uploads\\\/2020\\\/10\\\/web-logo.png\",\"width\":623,\"height\":100,\"caption\":\"Samostalni sindikat \u0161umarstva, prerade drveta i papira Bosne i Hercegovine\"},\"image\":{\"@id\":\"https:\\\/\\\/ssspdp.ba\\\/#\\\/schema\\\/logo\\\/image\\\/\"},\"sameAs\":[\"https:\\\/\\\/www.facebook.com\\\/Samostalni-sindikat-\u0161umarstva-prerade-drveta-i-papira-BiH-1740799582820896\\\/?ref=page_internal\"]},{\"@type\":\"Person\",\"@id\":\"https:\\\/\\\/ssspdp.ba\\\/#\\\/schema\\\/person\\\/ca59c1c3438388dc9efc2e2c1520dd58\",\"name\":\"Senudin Jahic\",\"image\":{\"@type\":\"ImageObject\",\"inLanguage\":\"en-US\",\"@id\":\"https:\\\/\\\/secure.gravatar.com\\\/avatar\\\/4c408c3d0a009ed2e77d9394b7d39ae86e939f4183d1b501926522e8b6ed0820?s=96&d=mm&r=g\",\"url\":\"https:\\\/\\\/secure.gravatar.com\\\/avatar\\\/4c408c3d0a009ed2e77d9394b7d39ae86e939f4183d1b501926522e8b6ed0820?s=96&d=mm&r=g\",\"contentUrl\":\"https:\\\/\\\/secure.gravatar.com\\\/avatar\\\/4c408c3d0a009ed2e77d9394b7d39ae86e939f4183d1b501926522e8b6ed0820?s=96&d=mm&r=g\",\"caption\":\"Senudin Jahic\"},\"sameAs\":[\"http:\\\/\\\/ssspdp.ba\"]}]}<\/script>\n<!-- \/ Yoast SEO plugin. -->","yoast_head_json":{"title":"TRAGEDIJA RADNIKA IZ BiH U HRVATSKOJ - Samostalni sindikat \u0161umarstva, prerade drveta i papira Bosne i Hercegovine","robots":{"index":"index","follow":"follow","max-snippet":"max-snippet:-1","max-image-preview":"max-image-preview:large","max-video-preview":"max-video-preview:-1"},"canonical":"https:\/\/ssspdp.ba\/?p=1083","og_locale":"en_US","og_type":"article","og_title":"TRAGEDIJA RADNIKA IZ BiH U HRVATSKOJ - Samostalni sindikat \u0161umarstva, prerade drveta i papira Bosne i Hercegovine","og_description":"bog trovanja ugljen monoksidom iz bojlera, u Zagrebu je preminula jedna, a povrije\u0111eno jo\u0161 \u0161est osoba. Rije\u010d je o dr\u017eavljanima BiH koji su u Hrvatsku do\u0161li na privremeni rad. Radnici su unajmili ku\u0107u u kojoj su isto ve\u010de do\u017eivjeli nesre\u0107u. Ispred ku\u0107e u Resniku sino\u0107 su policajci, vatrogasci i osoblje hitne pomo\u0107i pomagali sedmorici radnika [&hellip;]","og_url":"https:\/\/ssspdp.ba\/?p=1083","og_site_name":"Samostalni sindikat \u0161umarstva, prerade drveta i papira Bosne i Hercegovine","article_publisher":"https:\/\/www.facebook.com\/Samostalni-sindikat-%c5%a1umarstva-prerade-drveta-i-papira-BiH-1740799582820896\/?ref=page_internal","article_published_time":"2021-03-22T11:05:04+00:00","article_modified_time":"2021-03-22T17:10:09+00:00","og_image":[{"width":1024,"height":513,"url":"https:\/\/ssspdp.ba\/wp-content\/uploads\/2021\/03\/Objava-22.3.21.jpg","type":"image\/jpeg"}],"author":"Senudin Jahic","twitter_card":"summary_large_image","twitter_misc":{"Written by":"Senudin Jahic","Est. reading time":"1 minute"},"schema":{"@context":"https:\/\/schema.org","@graph":[{"@type":"Article","@id":"https:\/\/ssspdp.ba\/?p=1083#article","isPartOf":{"@id":"https:\/\/ssspdp.ba\/?p=1083"},"author":{"name":"Senudin Jahic","@id":"https:\/\/ssspdp.ba\/#\/schema\/person\/ca59c1c3438388dc9efc2e2c1520dd58"},"headline":"TRAGEDIJA RADNIKA IZ BiH U HRVATSKOJ","datePublished":"2021-03-22T11:05:04+00:00","dateModified":"2021-03-22T17:10:09+00:00","mainEntityOfPage":{"@id":"https:\/\/ssspdp.ba\/?p=1083"},"wordCount":212,"publisher":{"@id":"https:\/\/ssspdp.ba\/#organization"},"image":{"@id":"https:\/\/ssspdp.ba\/?p=1083#primaryimage"},"thumbnailUrl":"https:\/\/ssspdp.ba\/wp-content\/uploads\/2021\/03\/Objava-22.3.21.jpg","articleSection":["Novosti"],"inLanguage":"en-US"},{"@type":"WebPage","@id":"https:\/\/ssspdp.ba\/?p=1083","url":"https:\/\/ssspdp.ba\/?p=1083","name":"TRAGEDIJA RADNIKA IZ BiH U HRVATSKOJ - Samostalni sindikat \u0161umarstva, prerade drveta i papira Bosne i Hercegovine","isPartOf":{"@id":"https:\/\/ssspdp.ba\/#website"},"primaryImageOfPage":{"@id":"https:\/\/ssspdp.ba\/?p=1083#primaryimage"},"image":{"@id":"https:\/\/ssspdp.ba\/?p=1083#primaryimage"},"thumbnailUrl":"https:\/\/ssspdp.ba\/wp-content\/uploads\/2021\/03\/Objava-22.3.21.jpg","datePublished":"2021-03-22T11:05:04+00:00","dateModified":"2021-03-22T17:10:09+00:00","breadcrumb":{"@id":"https:\/\/ssspdp.ba\/?p=1083#breadcrumb"},"inLanguage":"en-US","potentialAction":[{"@type":"ReadAction","target":["https:\/\/ssspdp.ba\/?p=1083"]}]},{"@type":"ImageObject","inLanguage":"en-US","@id":"https:\/\/ssspdp.ba\/?p=1083#primaryimage","url":"https:\/\/ssspdp.ba\/wp-content\/uploads\/2021\/03\/Objava-22.3.21.jpg","contentUrl":"https:\/\/ssspdp.ba\/wp-content\/uploads\/2021\/03\/Objava-22.3.21.jpg","width":1024,"height":513},{"@type":"BreadcrumbList","@id":"https:\/\/ssspdp.ba\/?p=1083#breadcrumb","itemListElement":[{"@type":"ListItem","position":1,"name":"Home","item":"https:\/\/ssspdp.ba\/"},{"@type":"ListItem","position":2,"name":"TRAGEDIJA RADNIKA IZ BiH U HRVATSKOJ"}]},{"@type":"WebSite","@id":"https:\/\/ssspdp.ba\/#website","url":"https:\/\/ssspdp.ba\/","name":"Samostalni sindikat \u0161umarstva, prerade drveta i papira Bosne i Hercegovine","description":"","publisher":{"@id":"https:\/\/ssspdp.ba\/#organization"},"potentialAction":[{"@type":"SearchAction","target":{"@type":"EntryPoint","urlTemplate":"https:\/\/ssspdp.ba\/?s={search_term_string}"},"query-input":{"@type":"PropertyValueSpecification","valueRequired":true,"valueName":"search_term_string"}}],"inLanguage":"en-US"},{"@type":"Organization","@id":"https:\/\/ssspdp.ba\/#organization","name":"Samostalni sindikat \u0161umarstva, prerade drveta i papira Bosne i Hercegovine","url":"https:\/\/ssspdp.ba\/","logo":{"@type":"ImageObject","inLanguage":"en-US","@id":"https:\/\/ssspdp.ba\/#\/schema\/logo\/image\/","url":"https:\/\/ssspdp.ba\/wp-content\/uploads\/2020\/10\/web-logo.png","contentUrl":"https:\/\/ssspdp.ba\/wp-content\/uploads\/2020\/10\/web-logo.png","width":623,"height":100,"caption":"Samostalni sindikat \u0161umarstva, prerade drveta i papira Bosne i Hercegovine"},"image":{"@id":"https:\/\/ssspdp.ba\/#\/schema\/logo\/image\/"},"sameAs":["https:\/\/www.facebook.com\/Samostalni-sindikat-\u0161umarstva-prerade-drveta-i-papira-BiH-1740799582820896\/?ref=page_internal"]},{"@type":"Person","@id":"https:\/\/ssspdp.ba\/#\/schema\/person\/ca59c1c3438388dc9efc2e2c1520dd58","name":"Senudin Jahic","image":{"@type":"ImageObject","inLanguage":"en-US","@id":"https:\/\/secure.gravatar.com\/avatar\/4c408c3d0a009ed2e77d9394b7d39ae86e939f4183d1b501926522e8b6ed0820?s=96&d=mm&r=g","url":"https:\/\/secure.gravatar.com\/avatar\/4c408c3d0a009ed2e77d9394b7d39ae86e939f4183d1b501926522e8b6ed0820?s=96&d=mm&r=g","contentUrl":"https:\/\/secure.gravatar.com\/avatar\/4c408c3d0a009ed2e77d9394b7d39ae86e939f4183d1b501926522e8b6ed0820?s=96&d=mm&r=g","caption":"Senudin Jahic"},"sameAs":["http:\/\/ssspdp.ba"]}]}},"_links":{"self":[{"href":"https:\/\/ssspdp.ba\/index.php?rest_route=\/wp\/v2\/posts\/1083","targetHints":{"allow":["GET"]}}],"collection":[{"href":"https:\/\/ssspdp.ba\/index.php?rest_route=\/wp\/v2\/posts"}],"about":[{"href":"https:\/\/ssspdp.ba\/index.php?rest_route=\/wp\/v2\/types\/post"}],"author":[{"embeddable":true,"href":"https:\/\/ssspdp.ba\/index.php?rest_route=\/wp\/v2\/users\/2"}],"replies":[{"embeddable":true,"href":"https:\/\/ssspdp.ba\/index.php?rest_route=%2Fwp%2Fv2%2Fcomments&post=1083"}],"version-history":[{"count":3,"href":"https:\/\/ssspdp.ba\/index.php?rest_route=\/wp\/v2\/posts\/1083\/revisions"}],"predecessor-version":[{"id":1087,"href":"https:\/\/ssspdp.ba\/index.php?rest_route=\/wp\/v2\/posts\/1083\/revisions\/1087"}],"wp:featuredmedia":[{"embeddable":true,"href":"https:\/\/ssspdp.ba\/index.php?rest_route=\/wp\/v2\/media\/1084"}],"wp:attachment":[{"href":"https:\/\/ssspdp.ba\/index.php?rest_route=%2Fwp%2Fv2%2Fmedia&parent=1083"}],"wp:term":[{"taxonomy":"category","embeddable":true,"href":"https:\/\/ssspdp.ba\/index.php?rest_route=%2Fwp%2Fv2%2Fcategories&post=1083"},{"taxonomy":"post_tag","embeddable":true,"href":"https:\/\/ssspdp.ba\/index.php?rest_route=%2Fwp%2Fv2%2Ftags&post=1083"}],"curies":[{"name":"wp","href":"https:\/\/api.w.org\/{rel}","templated":true}]}}