{"id":1113,"date":"2021-03-23T10:04:31","date_gmt":"2021-03-23T09:04:31","guid":{"rendered":"https:\/\/ssspdp.ba\/?p=1113"},"modified":"2021-03-30T10:42:37","modified_gmt":"2021-03-30T09:42:37","slug":"borba-za-ljudska-zenska-i-radnicka-prava-turci-protestuju-u-centru-istanbula-zbog-povlacenja-iz-konvencije-o-zenskim-pravima","status":"publish","type":"post","link":"https:\/\/ssspdp.ba\/?p=1113","title":{"rendered":"Borba za ljudska, \u017eenska i radni\u010dka prava: PROTESTI U CENTRU ISTANBULA ZBOG POVLA\u010cENJA TURSKE IZ KONVENCIJE O \u017dENSKIM PRAVIMA"},"content":{"rendered":"\n<p>Nakon \u0161to je Turska donijela odluku o izlasku iz sporazuma iz 2011. godine, kojim se potpisnice pozivaju da za\u0161tite \u017eene od nasilja, hiljade demonstranata protestovalo je u Istanbulu nakon pomenute kontroverzne odluke o povla\u010denju iz Istanbulske konvencije o \u017eenskim pravima.Hiljade ljudi su demonstrirale u subotu protiv povla\u010denja Turske iz me\u0111unarodnog sporazuma protiv nasilja nad \u017eenama. U Istanbulu su demonstranti zahtijevali da predsjednik Erdogan revidira odluku i ponovo pristupi Sporazumu. Demonstranti su nosili plakate sa portretima ubijenih \u017eena. Jedna od demonstrantkinja u Istanbulu je izjavila: \u201eIstanbulska konvencija je sredstvo za za\u0161titu nas \u017eena. A sada je vlada otvorila put za jo\u0161 vi\u0161e nasilja nad \u017eenama. I to je razlog za\u0161to smo tu&#8221;. Mediji su javili da je manjih demonstracija bilo tako\u0111e u Ankari i Izmiru.Odluku Turske o\u0161tro je kritikovala i tamo\u0161nja opoziciona partija CHP. Zamjenica predsjednika, Gokd\u017ee Gokd\u017een je u vezi sa povla\u010denjem iz sporazuma u saop\u0161tenju izme\u0111u ostalog istakla da \u0107e \u017eene u Turskoj \u201ei dalje da budu gra\u0111anke drugog reda&#8221;. Tako \u0107e biti dopu\u0161teno \u201enjihovo ubijanje&#8221;.Zvani\u010dnici vlade u Ankari su tim povodom dali vi\u0161e izjava kojima uvjeravaju da \u0107e Turska nastaviti da se bori protiv nasilja nad \u017eenama, pri \u010demu, prema rije\u010dima potpredsjednika Fuata Oktaja, Turska \u201ene mora da imitira druge\u201c i da je rje\u0161enje za za\u0161titu prava \u017eena u \u201ena\u0161im obi\u010dajima i tradiciji&#8221;. Nasilje nad \u017eenama u Turskoj je veoma ra\u0161iren fenomen. Prema Organizaciji \u201eZaustavi\u0107emo ubistva \u017eena&#8221;, samo u pro\u0161loj godini mu\u0161karci su ubili 300 \u017eena.Izvor: Deutsche Welle<\/p>\n<span class=\"et_bloom_bottom_trigger\"><\/span>","protected":false},"excerpt":{"rendered":"<p>Nakon \u0161to je Turska donijela odluku o izlasku iz sporazuma iz 2011. godine, kojim se potpisnice pozivaju da za\u0161tite \u017eene od nasilja, hiljade demonstranata protestovalo je u Istanbulu nakon pomenute kontroverzne odluke o povla\u010denju iz Istanbulske konvencije o \u017eenskim pravima.Hiljade ljudi su demonstrirale u subotu protiv povla\u010denja Turske iz me\u0111unarodnog sporazuma protiv nasilja nad \u017eenama. [&hellip;]<\/p>\n","protected":false},"author":2,"featured_media":1114,"comment_status":"closed","ping_status":"open","sticky":false,"template":"","format":"standard","meta":{"_et_pb_use_builder":"off","_et_pb_old_content":"","_et_gb_content_width":"","footnotes":""},"categories":[33],"tags":[],"class_list":["post-1113","post","type-post","status-publish","format-standard","has-post-thumbnail","hentry","category-aktuelne-teme"],"yoast_head":"<!-- This site is optimized with the Yoast SEO plugin v27.5 - https:\/\/yoast.com\/product\/yoast-seo-wordpress\/ -->\n<title>Borba za ljudska, \u017eenska i radni\u010dka prava: PROTESTI U CENTRU ISTANBULA ZBOG POVLA\u010cENJA TURSKE IZ KONVENCIJE O \u017dENSKIM PRAVIMA - Samostalni sindikat \u0161umarstva, prerade drveta i papira Bosne i Hercegovine<\/title>\n<meta name=\"robots\" content=\"index, follow, max-snippet:-1, max-image-preview:large, max-video-preview:-1\" \/>\n<link rel=\"canonical\" href=\"https:\/\/ssspdp.ba\/?p=1113\" \/>\n<meta property=\"og:locale\" content=\"en_US\" \/>\n<meta property=\"og:type\" content=\"article\" \/>\n<meta property=\"og:title\" content=\"Borba za ljudska, \u017eenska i radni\u010dka prava: PROTESTI U CENTRU ISTANBULA ZBOG POVLA\u010cENJA TURSKE IZ KONVENCIJE O \u017dENSKIM PRAVIMA - Samostalni sindikat \u0161umarstva, prerade drveta i papira Bosne i Hercegovine\" \/>\n<meta property=\"og:description\" content=\"Nakon \u0161to je Turska donijela odluku o izlasku iz sporazuma iz 2011. godine, kojim se potpisnice pozivaju da za\u0161tite \u017eene od nasilja, hiljade demonstranata protestovalo je u Istanbulu nakon pomenute kontroverzne odluke o povla\u010denju iz Istanbulske konvencije o \u017eenskim pravima.Hiljade ljudi su demonstrirale u subotu protiv povla\u010denja Turske iz me\u0111unarodnog sporazuma protiv nasilja nad \u017eenama. [&hellip;]\" \/>\n<meta property=\"og:url\" content=\"https:\/\/ssspdp.ba\/?p=1113\" \/>\n<meta property=\"og:site_name\" content=\"Samostalni sindikat \u0161umarstva, prerade drveta i papira Bosne i Hercegovine\" \/>\n<meta property=\"article:publisher\" content=\"https:\/\/www.facebook.com\/Samostalni-sindikat-%c5%a1umarstva-prerade-drveta-i-papira-BiH-1740799582820896\/?ref=page_internal\" \/>\n<meta property=\"article:published_time\" content=\"2021-03-23T09:04:31+00:00\" \/>\n<meta property=\"article:modified_time\" content=\"2021-03-30T09:42:37+00:00\" \/>\n<meta property=\"og:image\" content=\"https:\/\/ssspdp.ba\/wp-content\/uploads\/2021\/03\/56940753_403.jpg\" \/>\n\t<meta property=\"og:image:width\" content=\"940\" \/>\n\t<meta property=\"og:image:height\" content=\"529\" \/>\n\t<meta property=\"og:image:type\" content=\"image\/jpeg\" \/>\n<meta name=\"author\" content=\"Senudin Jahic\" \/>\n<meta name=\"twitter:card\" content=\"summary_large_image\" \/>\n<meta name=\"twitter:label1\" content=\"Written by\" \/>\n\t<meta name=\"twitter:data1\" content=\"Senudin Jahic\" \/>\n\t<meta name=\"twitter:label2\" content=\"Est. reading time\" \/>\n\t<meta name=\"twitter:data2\" content=\"2 minutes\" \/>\n<script type=\"application\/ld+json\" class=\"yoast-schema-graph\">{\"@context\":\"https:\\\/\\\/schema.org\",\"@graph\":[{\"@type\":\"Article\",\"@id\":\"https:\\\/\\\/ssspdp.ba\\\/?p=1113#article\",\"isPartOf\":{\"@id\":\"https:\\\/\\\/ssspdp.ba\\\/?p=1113\"},\"author\":{\"name\":\"Senudin Jahic\",\"@id\":\"https:\\\/\\\/ssspdp.ba\\\/#\\\/schema\\\/person\\\/ca59c1c3438388dc9efc2e2c1520dd58\"},\"headline\":\"Borba za ljudska, \u017eenska i radni\u010dka prava: PROTESTI U CENTRU ISTANBULA ZBOG POVLA\u010cENJA TURSKE IZ KONVENCIJE O \u017dENSKIM PRAVIMA\",\"datePublished\":\"2021-03-23T09:04:31+00:00\",\"dateModified\":\"2021-03-30T09:42:37+00:00\",\"mainEntityOfPage\":{\"@id\":\"https:\\\/\\\/ssspdp.ba\\\/?p=1113\"},\"wordCount\":291,\"publisher\":{\"@id\":\"https:\\\/\\\/ssspdp.ba\\\/#organization\"},\"image\":{\"@id\":\"https:\\\/\\\/ssspdp.ba\\\/?p=1113#primaryimage\"},\"thumbnailUrl\":\"https:\\\/\\\/ssspdp.ba\\\/wp-content\\\/uploads\\\/2021\\\/03\\\/56940753_403.jpg\",\"articleSection\":[\"Aktuelne teme\"],\"inLanguage\":\"en-US\"},{\"@type\":\"WebPage\",\"@id\":\"https:\\\/\\\/ssspdp.ba\\\/?p=1113\",\"url\":\"https:\\\/\\\/ssspdp.ba\\\/?p=1113\",\"name\":\"Borba za ljudska, \u017eenska i radni\u010dka prava: PROTESTI U CENTRU ISTANBULA ZBOG POVLA\u010cENJA TURSKE IZ KONVENCIJE O \u017dENSKIM PRAVIMA - Samostalni sindikat \u0161umarstva, prerade drveta i papira Bosne i Hercegovine\",\"isPartOf\":{\"@id\":\"https:\\\/\\\/ssspdp.ba\\\/#website\"},\"primaryImageOfPage\":{\"@id\":\"https:\\\/\\\/ssspdp.ba\\\/?p=1113#primaryimage\"},\"image\":{\"@id\":\"https:\\\/\\\/ssspdp.ba\\\/?p=1113#primaryimage\"},\"thumbnailUrl\":\"https:\\\/\\\/ssspdp.ba\\\/wp-content\\\/uploads\\\/2021\\\/03\\\/56940753_403.jpg\",\"datePublished\":\"2021-03-23T09:04:31+00:00\",\"dateModified\":\"2021-03-30T09:42:37+00:00\",\"breadcrumb\":{\"@id\":\"https:\\\/\\\/ssspdp.ba\\\/?p=1113#breadcrumb\"},\"inLanguage\":\"en-US\",\"potentialAction\":[{\"@type\":\"ReadAction\",\"target\":[\"https:\\\/\\\/ssspdp.ba\\\/?p=1113\"]}]},{\"@type\":\"ImageObject\",\"inLanguage\":\"en-US\",\"@id\":\"https:\\\/\\\/ssspdp.ba\\\/?p=1113#primaryimage\",\"url\":\"https:\\\/\\\/ssspdp.ba\\\/wp-content\\\/uploads\\\/2021\\\/03\\\/56940753_403.jpg\",\"contentUrl\":\"https:\\\/\\\/ssspdp.ba\\\/wp-content\\\/uploads\\\/2021\\\/03\\\/56940753_403.jpg\",\"width\":940,\"height\":529},{\"@type\":\"BreadcrumbList\",\"@id\":\"https:\\\/\\\/ssspdp.ba\\\/?p=1113#breadcrumb\",\"itemListElement\":[{\"@type\":\"ListItem\",\"position\":1,\"name\":\"Home\",\"item\":\"https:\\\/\\\/ssspdp.ba\\\/\"},{\"@type\":\"ListItem\",\"position\":2,\"name\":\"Borba za ljudska, \u017eenska i radni\u010dka prava: PROTESTI U CENTRU ISTANBULA ZBOG POVLA\u010cENJA TURSKE IZ KONVENCIJE O \u017dENSKIM PRAVIMA\"}]},{\"@type\":\"WebSite\",\"@id\":\"https:\\\/\\\/ssspdp.ba\\\/#website\",\"url\":\"https:\\\/\\\/ssspdp.ba\\\/\",\"name\":\"Samostalni sindikat \u0161umarstva, prerade drveta i papira Bosne i Hercegovine\",\"description\":\"\",\"publisher\":{\"@id\":\"https:\\\/\\\/ssspdp.ba\\\/#organization\"},\"potentialAction\":[{\"@type\":\"SearchAction\",\"target\":{\"@type\":\"EntryPoint\",\"urlTemplate\":\"https:\\\/\\\/ssspdp.ba\\\/?s={search_term_string}\"},\"query-input\":{\"@type\":\"PropertyValueSpecification\",\"valueRequired\":true,\"valueName\":\"search_term_string\"}}],\"inLanguage\":\"en-US\"},{\"@type\":\"Organization\",\"@id\":\"https:\\\/\\\/ssspdp.ba\\\/#organization\",\"name\":\"Samostalni sindikat \u0161umarstva, prerade drveta i papira Bosne i Hercegovine\",\"url\":\"https:\\\/\\\/ssspdp.ba\\\/\",\"logo\":{\"@type\":\"ImageObject\",\"inLanguage\":\"en-US\",\"@id\":\"https:\\\/\\\/ssspdp.ba\\\/#\\\/schema\\\/logo\\\/image\\\/\",\"url\":\"https:\\\/\\\/ssspdp.ba\\\/wp-content\\\/uploads\\\/2020\\\/10\\\/web-logo.png\",\"contentUrl\":\"https:\\\/\\\/ssspdp.ba\\\/wp-content\\\/uploads\\\/2020\\\/10\\\/web-logo.png\",\"width\":623,\"height\":100,\"caption\":\"Samostalni sindikat \u0161umarstva, prerade drveta i papira Bosne i Hercegovine\"},\"image\":{\"@id\":\"https:\\\/\\\/ssspdp.ba\\\/#\\\/schema\\\/logo\\\/image\\\/\"},\"sameAs\":[\"https:\\\/\\\/www.facebook.com\\\/Samostalni-sindikat-\u0161umarstva-prerade-drveta-i-papira-BiH-1740799582820896\\\/?ref=page_internal\"]},{\"@type\":\"Person\",\"@id\":\"https:\\\/\\\/ssspdp.ba\\\/#\\\/schema\\\/person\\\/ca59c1c3438388dc9efc2e2c1520dd58\",\"name\":\"Senudin Jahic\",\"image\":{\"@type\":\"ImageObject\",\"inLanguage\":\"en-US\",\"@id\":\"https:\\\/\\\/secure.gravatar.com\\\/avatar\\\/4c408c3d0a009ed2e77d9394b7d39ae86e939f4183d1b501926522e8b6ed0820?s=96&d=mm&r=g\",\"url\":\"https:\\\/\\\/secure.gravatar.com\\\/avatar\\\/4c408c3d0a009ed2e77d9394b7d39ae86e939f4183d1b501926522e8b6ed0820?s=96&d=mm&r=g\",\"contentUrl\":\"https:\\\/\\\/secure.gravatar.com\\\/avatar\\\/4c408c3d0a009ed2e77d9394b7d39ae86e939f4183d1b501926522e8b6ed0820?s=96&d=mm&r=g\",\"caption\":\"Senudin Jahic\"},\"sameAs\":[\"http:\\\/\\\/ssspdp.ba\"]}]}<\/script>\n<!-- \/ Yoast SEO plugin. -->","yoast_head_json":{"title":"Borba za ljudska, \u017eenska i radni\u010dka prava: PROTESTI U CENTRU ISTANBULA ZBOG POVLA\u010cENJA TURSKE IZ KONVENCIJE O \u017dENSKIM PRAVIMA - Samostalni sindikat \u0161umarstva, prerade drveta i papira Bosne i Hercegovine","robots":{"index":"index","follow":"follow","max-snippet":"max-snippet:-1","max-image-preview":"max-image-preview:large","max-video-preview":"max-video-preview:-1"},"canonical":"https:\/\/ssspdp.ba\/?p=1113","og_locale":"en_US","og_type":"article","og_title":"Borba za ljudska, \u017eenska i radni\u010dka prava: PROTESTI U CENTRU ISTANBULA ZBOG POVLA\u010cENJA TURSKE IZ KONVENCIJE O \u017dENSKIM PRAVIMA - Samostalni sindikat \u0161umarstva, prerade drveta i papira Bosne i Hercegovine","og_description":"Nakon \u0161to je Turska donijela odluku o izlasku iz sporazuma iz 2011. godine, kojim se potpisnice pozivaju da za\u0161tite \u017eene od nasilja, hiljade demonstranata protestovalo je u Istanbulu nakon pomenute kontroverzne odluke o povla\u010denju iz Istanbulske konvencije o \u017eenskim pravima.Hiljade ljudi su demonstrirale u subotu protiv povla\u010denja Turske iz me\u0111unarodnog sporazuma protiv nasilja nad \u017eenama. [&hellip;]","og_url":"https:\/\/ssspdp.ba\/?p=1113","og_site_name":"Samostalni sindikat \u0161umarstva, prerade drveta i papira Bosne i Hercegovine","article_publisher":"https:\/\/www.facebook.com\/Samostalni-sindikat-%c5%a1umarstva-prerade-drveta-i-papira-BiH-1740799582820896\/?ref=page_internal","article_published_time":"2021-03-23T09:04:31+00:00","article_modified_time":"2021-03-30T09:42:37+00:00","og_image":[{"width":940,"height":529,"url":"https:\/\/ssspdp.ba\/wp-content\/uploads\/2021\/03\/56940753_403.jpg","type":"image\/jpeg"}],"author":"Senudin Jahic","twitter_card":"summary_large_image","twitter_misc":{"Written by":"Senudin Jahic","Est. reading time":"2 minutes"},"schema":{"@context":"https:\/\/schema.org","@graph":[{"@type":"Article","@id":"https:\/\/ssspdp.ba\/?p=1113#article","isPartOf":{"@id":"https:\/\/ssspdp.ba\/?p=1113"},"author":{"name":"Senudin Jahic","@id":"https:\/\/ssspdp.ba\/#\/schema\/person\/ca59c1c3438388dc9efc2e2c1520dd58"},"headline":"Borba za ljudska, \u017eenska i radni\u010dka prava: PROTESTI U CENTRU ISTANBULA ZBOG POVLA\u010cENJA TURSKE IZ KONVENCIJE O \u017dENSKIM PRAVIMA","datePublished":"2021-03-23T09:04:31+00:00","dateModified":"2021-03-30T09:42:37+00:00","mainEntityOfPage":{"@id":"https:\/\/ssspdp.ba\/?p=1113"},"wordCount":291,"publisher":{"@id":"https:\/\/ssspdp.ba\/#organization"},"image":{"@id":"https:\/\/ssspdp.ba\/?p=1113#primaryimage"},"thumbnailUrl":"https:\/\/ssspdp.ba\/wp-content\/uploads\/2021\/03\/56940753_403.jpg","articleSection":["Aktuelne teme"],"inLanguage":"en-US"},{"@type":"WebPage","@id":"https:\/\/ssspdp.ba\/?p=1113","url":"https:\/\/ssspdp.ba\/?p=1113","name":"Borba za ljudska, \u017eenska i radni\u010dka prava: PROTESTI U CENTRU ISTANBULA ZBOG POVLA\u010cENJA TURSKE IZ KONVENCIJE O \u017dENSKIM PRAVIMA - Samostalni sindikat \u0161umarstva, prerade drveta i papira Bosne i Hercegovine","isPartOf":{"@id":"https:\/\/ssspdp.ba\/#website"},"primaryImageOfPage":{"@id":"https:\/\/ssspdp.ba\/?p=1113#primaryimage"},"image":{"@id":"https:\/\/ssspdp.ba\/?p=1113#primaryimage"},"thumbnailUrl":"https:\/\/ssspdp.ba\/wp-content\/uploads\/2021\/03\/56940753_403.jpg","datePublished":"2021-03-23T09:04:31+00:00","dateModified":"2021-03-30T09:42:37+00:00","breadcrumb":{"@id":"https:\/\/ssspdp.ba\/?p=1113#breadcrumb"},"inLanguage":"en-US","potentialAction":[{"@type":"ReadAction","target":["https:\/\/ssspdp.ba\/?p=1113"]}]},{"@type":"ImageObject","inLanguage":"en-US","@id":"https:\/\/ssspdp.ba\/?p=1113#primaryimage","url":"https:\/\/ssspdp.ba\/wp-content\/uploads\/2021\/03\/56940753_403.jpg","contentUrl":"https:\/\/ssspdp.ba\/wp-content\/uploads\/2021\/03\/56940753_403.jpg","width":940,"height":529},{"@type":"BreadcrumbList","@id":"https:\/\/ssspdp.ba\/?p=1113#breadcrumb","itemListElement":[{"@type":"ListItem","position":1,"name":"Home","item":"https:\/\/ssspdp.ba\/"},{"@type":"ListItem","position":2,"name":"Borba za ljudska, \u017eenska i radni\u010dka prava: PROTESTI U CENTRU ISTANBULA ZBOG POVLA\u010cENJA TURSKE IZ KONVENCIJE O \u017dENSKIM PRAVIMA"}]},{"@type":"WebSite","@id":"https:\/\/ssspdp.ba\/#website","url":"https:\/\/ssspdp.ba\/","name":"Samostalni sindikat \u0161umarstva, prerade drveta i papira Bosne i Hercegovine","description":"","publisher":{"@id":"https:\/\/ssspdp.ba\/#organization"},"potentialAction":[{"@type":"SearchAction","target":{"@type":"EntryPoint","urlTemplate":"https:\/\/ssspdp.ba\/?s={search_term_string}"},"query-input":{"@type":"PropertyValueSpecification","valueRequired":true,"valueName":"search_term_string"}}],"inLanguage":"en-US"},{"@type":"Organization","@id":"https:\/\/ssspdp.ba\/#organization","name":"Samostalni sindikat \u0161umarstva, prerade drveta i papira Bosne i Hercegovine","url":"https:\/\/ssspdp.ba\/","logo":{"@type":"ImageObject","inLanguage":"en-US","@id":"https:\/\/ssspdp.ba\/#\/schema\/logo\/image\/","url":"https:\/\/ssspdp.ba\/wp-content\/uploads\/2020\/10\/web-logo.png","contentUrl":"https:\/\/ssspdp.ba\/wp-content\/uploads\/2020\/10\/web-logo.png","width":623,"height":100,"caption":"Samostalni sindikat \u0161umarstva, prerade drveta i papira Bosne i Hercegovine"},"image":{"@id":"https:\/\/ssspdp.ba\/#\/schema\/logo\/image\/"},"sameAs":["https:\/\/www.facebook.com\/Samostalni-sindikat-\u0161umarstva-prerade-drveta-i-papira-BiH-1740799582820896\/?ref=page_internal"]},{"@type":"Person","@id":"https:\/\/ssspdp.ba\/#\/schema\/person\/ca59c1c3438388dc9efc2e2c1520dd58","name":"Senudin Jahic","image":{"@type":"ImageObject","inLanguage":"en-US","@id":"https:\/\/secure.gravatar.com\/avatar\/4c408c3d0a009ed2e77d9394b7d39ae86e939f4183d1b501926522e8b6ed0820?s=96&d=mm&r=g","url":"https:\/\/secure.gravatar.com\/avatar\/4c408c3d0a009ed2e77d9394b7d39ae86e939f4183d1b501926522e8b6ed0820?s=96&d=mm&r=g","contentUrl":"https:\/\/secure.gravatar.com\/avatar\/4c408c3d0a009ed2e77d9394b7d39ae86e939f4183d1b501926522e8b6ed0820?s=96&d=mm&r=g","caption":"Senudin Jahic"},"sameAs":["http:\/\/ssspdp.ba"]}]}},"_links":{"self":[{"href":"https:\/\/ssspdp.ba\/index.php?rest_route=\/wp\/v2\/posts\/1113","targetHints":{"allow":["GET"]}}],"collection":[{"href":"https:\/\/ssspdp.ba\/index.php?rest_route=\/wp\/v2\/posts"}],"about":[{"href":"https:\/\/ssspdp.ba\/index.php?rest_route=\/wp\/v2\/types\/post"}],"author":[{"embeddable":true,"href":"https:\/\/ssspdp.ba\/index.php?rest_route=\/wp\/v2\/users\/2"}],"replies":[{"embeddable":true,"href":"https:\/\/ssspdp.ba\/index.php?rest_route=%2Fwp%2Fv2%2Fcomments&post=1113"}],"version-history":[{"count":3,"href":"https:\/\/ssspdp.ba\/index.php?rest_route=\/wp\/v2\/posts\/1113\/revisions"}],"predecessor-version":[{"id":1117,"href":"https:\/\/ssspdp.ba\/index.php?rest_route=\/wp\/v2\/posts\/1113\/revisions\/1117"}],"wp:featuredmedia":[{"embeddable":true,"href":"https:\/\/ssspdp.ba\/index.php?rest_route=\/wp\/v2\/media\/1114"}],"wp:attachment":[{"href":"https:\/\/ssspdp.ba\/index.php?rest_route=%2Fwp%2Fv2%2Fmedia&parent=1113"}],"wp:term":[{"taxonomy":"category","embeddable":true,"href":"https:\/\/ssspdp.ba\/index.php?rest_route=%2Fwp%2Fv2%2Fcategories&post=1113"},{"taxonomy":"post_tag","embeddable":true,"href":"https:\/\/ssspdp.ba\/index.php?rest_route=%2Fwp%2Fv2%2Ftags&post=1113"}],"curies":[{"name":"wp","href":"https:\/\/api.w.org\/{rel}","templated":true}]}}