{"id":1197,"date":"2021-04-25T19:57:43","date_gmt":"2021-04-25T18:57:43","guid":{"rendered":"https:\/\/ssspdp.ba\/?p=1197"},"modified":"2021-04-26T17:31:42","modified_gmt":"2021-04-26T16:31:42","slug":"25-april-medunarodni-dan-drveta","status":"publish","type":"post","link":"https:\/\/ssspdp.ba\/?p=1197","title":{"rendered":"25. APRIL, ME\u0110UNARODNI DAN DRVETA"},"content":{"rendered":"\n<p>Jedna od najve\u0107ih manifestacija u cilju o\u010duvanja svjetskih \u0161umskih bogatstava i oboga\u0107ivanja \u010dovjekove okoline sadnjom drve\u0107a je Me\u0111unarodni dan drveta. Na ovaj dan svake godine brojni gradovi, lokalne zajednice, \u0161umarstva, preduze\u0107a i mnoge asocijacije zajedni\u010dki u\u010destvuju u sa\u0111enju drve\u0107a u parkovima, alejama i na zelenim povr\u0161inama uz saobra\u0107ajnice. <\/p>\n\n\n\n<p>Ideja za obilje\u017eavanje ovog dana nastala je 1872. godine. Ameri\u010dki novinar Julius Sterling Morton 1872. godine objavio je Rezoluciju o Danu drveta u kojoj je od savezne dr\u017eave Nebraske zahtijevao obilje\u017eavanje ovog dana svake godine. 10. aprila iste godine u toj saveznoj dr\u017eavi, koja je ina\u010de veoma oskudna \u0161umama, zasa\u0111eno je vi\u0161e od milion stabala. U idu\u0107ih dvadeset godina praksa obilje\u017eavanja ovog dana pro\u0161irila se cijelim Sjedinjenim Ameri\u010dkim Dr\u017eavama. <\/p>\n\n\n\n<p>U Njema\u010dkoj i nekim drugim evropskim dr\u017eavama ovaj dan se po\u010deo obilje\u017eavati tek skoro stotinu godina kasnije. 1951. godine Ujedinjene Nacije su donijele odluku o ustanovljenju Me\u0111unarodnog dana drveta. U skladu s tim, 25. aprila 1952. godine u Njema\u010dkoj su organizovane prve simboli\u010dne akcije sa\u0111enja drve\u0107a. Danas mnoge zemlje \u0161irom svijeta obilje\u017eavaju Dan drveta, obi\u010dno u prolje\u0107e, iako sam datum varira, u zavisnosti od klime i po\u010detka sezone sadnje drve\u0107a.<\/p>\n\n\n\n<p>Cilj manifestacija koje se odr\u017eavaju na ovaj dan je podizanje svijesti stanovni\u0161tva, a posebno mladih ljudi o enormnom zna\u010daju drve\u0107a za svjetsku klimu, na\u0161u planetu i za svakog pojedina\u010dnog \u010dovjeka.<\/p>\n<span class=\"et_bloom_bottom_trigger\"><\/span>","protected":false},"excerpt":{"rendered":"<p>Jedna od najve\u0107ih manifestacija u cilju o\u010duvanja svjetskih \u0161umskih bogatstava i oboga\u0107ivanja \u010dovjekove okoline sadnjom drve\u0107a je Me\u0111unarodni dan drveta. Na ovaj dan svake godine brojni gradovi, lokalne zajednice, \u0161umarstva, preduze\u0107a i mnoge asocijacije zajedni\u010dki u\u010destvuju u sa\u0111enju drve\u0107a u parkovima, alejama i na zelenim povr\u0161inama uz saobra\u0107ajnice. Ideja za obilje\u017eavanje ovog dana nastala je [&hellip;]<\/p>\n","protected":false},"author":2,"featured_media":1198,"comment_status":"closed","ping_status":"open","sticky":false,"template":"","format":"standard","meta":{"_et_pb_use_builder":"off","_et_pb_old_content":"","_et_gb_content_width":"","footnotes":""},"categories":[33],"tags":[],"class_list":["post-1197","post","type-post","status-publish","format-standard","has-post-thumbnail","hentry","category-aktuelne-teme"],"yoast_head":"<!-- This site is optimized with the Yoast SEO plugin v27.5 - https:\/\/yoast.com\/product\/yoast-seo-wordpress\/ -->\n<title>25. APRIL, ME\u0110UNARODNI DAN DRVETA - Samostalni sindikat \u0161umarstva, prerade drveta i papira Bosne i Hercegovine<\/title>\n<meta name=\"robots\" content=\"index, follow, max-snippet:-1, max-image-preview:large, max-video-preview:-1\" \/>\n<link rel=\"canonical\" href=\"https:\/\/ssspdp.ba\/?p=1197\" \/>\n<meta property=\"og:locale\" content=\"en_US\" \/>\n<meta property=\"og:type\" content=\"article\" \/>\n<meta property=\"og:title\" content=\"25. APRIL, ME\u0110UNARODNI DAN DRVETA - Samostalni sindikat \u0161umarstva, prerade drveta i papira Bosne i Hercegovine\" \/>\n<meta property=\"og:description\" content=\"Jedna od najve\u0107ih manifestacija u cilju o\u010duvanja svjetskih \u0161umskih bogatstava i oboga\u0107ivanja \u010dovjekove okoline sadnjom drve\u0107a je Me\u0111unarodni dan drveta. Na ovaj dan svake godine brojni gradovi, lokalne zajednice, \u0161umarstva, preduze\u0107a i mnoge asocijacije zajedni\u010dki u\u010destvuju u sa\u0111enju drve\u0107a u parkovima, alejama i na zelenim povr\u0161inama uz saobra\u0107ajnice. Ideja za obilje\u017eavanje ovog dana nastala je [&hellip;]\" \/>\n<meta property=\"og:url\" content=\"https:\/\/ssspdp.ba\/?p=1197\" \/>\n<meta property=\"og:site_name\" content=\"Samostalni sindikat \u0161umarstva, prerade drveta i papira Bosne i Hercegovine\" \/>\n<meta property=\"article:publisher\" content=\"https:\/\/www.facebook.com\/Samostalni-sindikat-%c5%a1umarstva-prerade-drveta-i-papira-BiH-1740799582820896\/?ref=page_internal\" \/>\n<meta property=\"article:published_time\" content=\"2021-04-25T18:57:43+00:00\" \/>\n<meta property=\"article:modified_time\" content=\"2021-04-26T16:31:42+00:00\" \/>\n<meta property=\"og:image\" content=\"https:\/\/ssspdp.ba\/wp-content\/uploads\/2021\/04\/Dan-drveta.jpg\" \/>\n\t<meta property=\"og:image:width\" content=\"2288\" \/>\n\t<meta property=\"og:image:height\" content=\"1268\" \/>\n\t<meta property=\"og:image:type\" content=\"image\/jpeg\" \/>\n<meta name=\"author\" content=\"Senudin Jahic\" \/>\n<meta name=\"twitter:card\" content=\"summary_large_image\" \/>\n<meta name=\"twitter:label1\" content=\"Written by\" \/>\n\t<meta name=\"twitter:data1\" content=\"Senudin Jahic\" \/>\n\t<meta name=\"twitter:label2\" content=\"Est. reading time\" \/>\n\t<meta name=\"twitter:data2\" content=\"1 minute\" \/>\n<script type=\"application\/ld+json\" class=\"yoast-schema-graph\">{\"@context\":\"https:\\\/\\\/schema.org\",\"@graph\":[{\"@type\":\"Article\",\"@id\":\"https:\\\/\\\/ssspdp.ba\\\/?p=1197#article\",\"isPartOf\":{\"@id\":\"https:\\\/\\\/ssspdp.ba\\\/?p=1197\"},\"author\":{\"name\":\"Senudin Jahic\",\"@id\":\"https:\\\/\\\/ssspdp.ba\\\/#\\\/schema\\\/person\\\/ca59c1c3438388dc9efc2e2c1520dd58\"},\"headline\":\"25. APRIL, ME\u0110UNARODNI DAN DRVETA\",\"datePublished\":\"2021-04-25T18:57:43+00:00\",\"dateModified\":\"2021-04-26T16:31:42+00:00\",\"mainEntityOfPage\":{\"@id\":\"https:\\\/\\\/ssspdp.ba\\\/?p=1197\"},\"wordCount\":261,\"publisher\":{\"@id\":\"https:\\\/\\\/ssspdp.ba\\\/#organization\"},\"image\":{\"@id\":\"https:\\\/\\\/ssspdp.ba\\\/?p=1197#primaryimage\"},\"thumbnailUrl\":\"https:\\\/\\\/ssspdp.ba\\\/wp-content\\\/uploads\\\/2021\\\/04\\\/Dan-drveta.jpg\",\"articleSection\":[\"Aktuelne teme\"],\"inLanguage\":\"en-US\"},{\"@type\":\"WebPage\",\"@id\":\"https:\\\/\\\/ssspdp.ba\\\/?p=1197\",\"url\":\"https:\\\/\\\/ssspdp.ba\\\/?p=1197\",\"name\":\"25. APRIL, ME\u0110UNARODNI DAN DRVETA - Samostalni sindikat \u0161umarstva, prerade drveta i papira Bosne i Hercegovine\",\"isPartOf\":{\"@id\":\"https:\\\/\\\/ssspdp.ba\\\/#website\"},\"primaryImageOfPage\":{\"@id\":\"https:\\\/\\\/ssspdp.ba\\\/?p=1197#primaryimage\"},\"image\":{\"@id\":\"https:\\\/\\\/ssspdp.ba\\\/?p=1197#primaryimage\"},\"thumbnailUrl\":\"https:\\\/\\\/ssspdp.ba\\\/wp-content\\\/uploads\\\/2021\\\/04\\\/Dan-drveta.jpg\",\"datePublished\":\"2021-04-25T18:57:43+00:00\",\"dateModified\":\"2021-04-26T16:31:42+00:00\",\"breadcrumb\":{\"@id\":\"https:\\\/\\\/ssspdp.ba\\\/?p=1197#breadcrumb\"},\"inLanguage\":\"en-US\",\"potentialAction\":[{\"@type\":\"ReadAction\",\"target\":[\"https:\\\/\\\/ssspdp.ba\\\/?p=1197\"]}]},{\"@type\":\"ImageObject\",\"inLanguage\":\"en-US\",\"@id\":\"https:\\\/\\\/ssspdp.ba\\\/?p=1197#primaryimage\",\"url\":\"https:\\\/\\\/ssspdp.ba\\\/wp-content\\\/uploads\\\/2021\\\/04\\\/Dan-drveta.jpg\",\"contentUrl\":\"https:\\\/\\\/ssspdp.ba\\\/wp-content\\\/uploads\\\/2021\\\/04\\\/Dan-drveta.jpg\",\"width\":2288,\"height\":1268},{\"@type\":\"BreadcrumbList\",\"@id\":\"https:\\\/\\\/ssspdp.ba\\\/?p=1197#breadcrumb\",\"itemListElement\":[{\"@type\":\"ListItem\",\"position\":1,\"name\":\"Home\",\"item\":\"https:\\\/\\\/ssspdp.ba\\\/\"},{\"@type\":\"ListItem\",\"position\":2,\"name\":\"25. APRIL, ME\u0110UNARODNI DAN DRVETA\"}]},{\"@type\":\"WebSite\",\"@id\":\"https:\\\/\\\/ssspdp.ba\\\/#website\",\"url\":\"https:\\\/\\\/ssspdp.ba\\\/\",\"name\":\"Samostalni sindikat \u0161umarstva, prerade drveta i papira Bosne i Hercegovine\",\"description\":\"\",\"publisher\":{\"@id\":\"https:\\\/\\\/ssspdp.ba\\\/#organization\"},\"potentialAction\":[{\"@type\":\"SearchAction\",\"target\":{\"@type\":\"EntryPoint\",\"urlTemplate\":\"https:\\\/\\\/ssspdp.ba\\\/?s={search_term_string}\"},\"query-input\":{\"@type\":\"PropertyValueSpecification\",\"valueRequired\":true,\"valueName\":\"search_term_string\"}}],\"inLanguage\":\"en-US\"},{\"@type\":\"Organization\",\"@id\":\"https:\\\/\\\/ssspdp.ba\\\/#organization\",\"name\":\"Samostalni sindikat \u0161umarstva, prerade drveta i papira Bosne i Hercegovine\",\"url\":\"https:\\\/\\\/ssspdp.ba\\\/\",\"logo\":{\"@type\":\"ImageObject\",\"inLanguage\":\"en-US\",\"@id\":\"https:\\\/\\\/ssspdp.ba\\\/#\\\/schema\\\/logo\\\/image\\\/\",\"url\":\"https:\\\/\\\/ssspdp.ba\\\/wp-content\\\/uploads\\\/2020\\\/10\\\/web-logo.png\",\"contentUrl\":\"https:\\\/\\\/ssspdp.ba\\\/wp-content\\\/uploads\\\/2020\\\/10\\\/web-logo.png\",\"width\":623,\"height\":100,\"caption\":\"Samostalni sindikat \u0161umarstva, prerade drveta i papira Bosne i Hercegovine\"},\"image\":{\"@id\":\"https:\\\/\\\/ssspdp.ba\\\/#\\\/schema\\\/logo\\\/image\\\/\"},\"sameAs\":[\"https:\\\/\\\/www.facebook.com\\\/Samostalni-sindikat-\u0161umarstva-prerade-drveta-i-papira-BiH-1740799582820896\\\/?ref=page_internal\"]},{\"@type\":\"Person\",\"@id\":\"https:\\\/\\\/ssspdp.ba\\\/#\\\/schema\\\/person\\\/ca59c1c3438388dc9efc2e2c1520dd58\",\"name\":\"Senudin Jahic\",\"image\":{\"@type\":\"ImageObject\",\"inLanguage\":\"en-US\",\"@id\":\"https:\\\/\\\/secure.gravatar.com\\\/avatar\\\/4c408c3d0a009ed2e77d9394b7d39ae86e939f4183d1b501926522e8b6ed0820?s=96&d=mm&r=g\",\"url\":\"https:\\\/\\\/secure.gravatar.com\\\/avatar\\\/4c408c3d0a009ed2e77d9394b7d39ae86e939f4183d1b501926522e8b6ed0820?s=96&d=mm&r=g\",\"contentUrl\":\"https:\\\/\\\/secure.gravatar.com\\\/avatar\\\/4c408c3d0a009ed2e77d9394b7d39ae86e939f4183d1b501926522e8b6ed0820?s=96&d=mm&r=g\",\"caption\":\"Senudin Jahic\"},\"sameAs\":[\"http:\\\/\\\/ssspdp.ba\"]}]}<\/script>\n<!-- \/ Yoast SEO plugin. -->","yoast_head_json":{"title":"25. APRIL, ME\u0110UNARODNI DAN DRVETA - Samostalni sindikat \u0161umarstva, prerade drveta i papira Bosne i Hercegovine","robots":{"index":"index","follow":"follow","max-snippet":"max-snippet:-1","max-image-preview":"max-image-preview:large","max-video-preview":"max-video-preview:-1"},"canonical":"https:\/\/ssspdp.ba\/?p=1197","og_locale":"en_US","og_type":"article","og_title":"25. APRIL, ME\u0110UNARODNI DAN DRVETA - Samostalni sindikat \u0161umarstva, prerade drveta i papira Bosne i Hercegovine","og_description":"Jedna od najve\u0107ih manifestacija u cilju o\u010duvanja svjetskih \u0161umskih bogatstava i oboga\u0107ivanja \u010dovjekove okoline sadnjom drve\u0107a je Me\u0111unarodni dan drveta. Na ovaj dan svake godine brojni gradovi, lokalne zajednice, \u0161umarstva, preduze\u0107a i mnoge asocijacije zajedni\u010dki u\u010destvuju u sa\u0111enju drve\u0107a u parkovima, alejama i na zelenim povr\u0161inama uz saobra\u0107ajnice. Ideja za obilje\u017eavanje ovog dana nastala je [&hellip;]","og_url":"https:\/\/ssspdp.ba\/?p=1197","og_site_name":"Samostalni sindikat \u0161umarstva, prerade drveta i papira Bosne i Hercegovine","article_publisher":"https:\/\/www.facebook.com\/Samostalni-sindikat-%c5%a1umarstva-prerade-drveta-i-papira-BiH-1740799582820896\/?ref=page_internal","article_published_time":"2021-04-25T18:57:43+00:00","article_modified_time":"2021-04-26T16:31:42+00:00","og_image":[{"width":2288,"height":1268,"url":"https:\/\/ssspdp.ba\/wp-content\/uploads\/2021\/04\/Dan-drveta.jpg","type":"image\/jpeg"}],"author":"Senudin Jahic","twitter_card":"summary_large_image","twitter_misc":{"Written by":"Senudin Jahic","Est. reading time":"1 minute"},"schema":{"@context":"https:\/\/schema.org","@graph":[{"@type":"Article","@id":"https:\/\/ssspdp.ba\/?p=1197#article","isPartOf":{"@id":"https:\/\/ssspdp.ba\/?p=1197"},"author":{"name":"Senudin Jahic","@id":"https:\/\/ssspdp.ba\/#\/schema\/person\/ca59c1c3438388dc9efc2e2c1520dd58"},"headline":"25. APRIL, ME\u0110UNARODNI DAN DRVETA","datePublished":"2021-04-25T18:57:43+00:00","dateModified":"2021-04-26T16:31:42+00:00","mainEntityOfPage":{"@id":"https:\/\/ssspdp.ba\/?p=1197"},"wordCount":261,"publisher":{"@id":"https:\/\/ssspdp.ba\/#organization"},"image":{"@id":"https:\/\/ssspdp.ba\/?p=1197#primaryimage"},"thumbnailUrl":"https:\/\/ssspdp.ba\/wp-content\/uploads\/2021\/04\/Dan-drveta.jpg","articleSection":["Aktuelne teme"],"inLanguage":"en-US"},{"@type":"WebPage","@id":"https:\/\/ssspdp.ba\/?p=1197","url":"https:\/\/ssspdp.ba\/?p=1197","name":"25. APRIL, ME\u0110UNARODNI DAN DRVETA - Samostalni sindikat \u0161umarstva, prerade drveta i papira Bosne i Hercegovine","isPartOf":{"@id":"https:\/\/ssspdp.ba\/#website"},"primaryImageOfPage":{"@id":"https:\/\/ssspdp.ba\/?p=1197#primaryimage"},"image":{"@id":"https:\/\/ssspdp.ba\/?p=1197#primaryimage"},"thumbnailUrl":"https:\/\/ssspdp.ba\/wp-content\/uploads\/2021\/04\/Dan-drveta.jpg","datePublished":"2021-04-25T18:57:43+00:00","dateModified":"2021-04-26T16:31:42+00:00","breadcrumb":{"@id":"https:\/\/ssspdp.ba\/?p=1197#breadcrumb"},"inLanguage":"en-US","potentialAction":[{"@type":"ReadAction","target":["https:\/\/ssspdp.ba\/?p=1197"]}]},{"@type":"ImageObject","inLanguage":"en-US","@id":"https:\/\/ssspdp.ba\/?p=1197#primaryimage","url":"https:\/\/ssspdp.ba\/wp-content\/uploads\/2021\/04\/Dan-drveta.jpg","contentUrl":"https:\/\/ssspdp.ba\/wp-content\/uploads\/2021\/04\/Dan-drveta.jpg","width":2288,"height":1268},{"@type":"BreadcrumbList","@id":"https:\/\/ssspdp.ba\/?p=1197#breadcrumb","itemListElement":[{"@type":"ListItem","position":1,"name":"Home","item":"https:\/\/ssspdp.ba\/"},{"@type":"ListItem","position":2,"name":"25. APRIL, ME\u0110UNARODNI DAN DRVETA"}]},{"@type":"WebSite","@id":"https:\/\/ssspdp.ba\/#website","url":"https:\/\/ssspdp.ba\/","name":"Samostalni sindikat \u0161umarstva, prerade drveta i papira Bosne i Hercegovine","description":"","publisher":{"@id":"https:\/\/ssspdp.ba\/#organization"},"potentialAction":[{"@type":"SearchAction","target":{"@type":"EntryPoint","urlTemplate":"https:\/\/ssspdp.ba\/?s={search_term_string}"},"query-input":{"@type":"PropertyValueSpecification","valueRequired":true,"valueName":"search_term_string"}}],"inLanguage":"en-US"},{"@type":"Organization","@id":"https:\/\/ssspdp.ba\/#organization","name":"Samostalni sindikat \u0161umarstva, prerade drveta i papira Bosne i Hercegovine","url":"https:\/\/ssspdp.ba\/","logo":{"@type":"ImageObject","inLanguage":"en-US","@id":"https:\/\/ssspdp.ba\/#\/schema\/logo\/image\/","url":"https:\/\/ssspdp.ba\/wp-content\/uploads\/2020\/10\/web-logo.png","contentUrl":"https:\/\/ssspdp.ba\/wp-content\/uploads\/2020\/10\/web-logo.png","width":623,"height":100,"caption":"Samostalni sindikat \u0161umarstva, prerade drveta i papira Bosne i Hercegovine"},"image":{"@id":"https:\/\/ssspdp.ba\/#\/schema\/logo\/image\/"},"sameAs":["https:\/\/www.facebook.com\/Samostalni-sindikat-\u0161umarstva-prerade-drveta-i-papira-BiH-1740799582820896\/?ref=page_internal"]},{"@type":"Person","@id":"https:\/\/ssspdp.ba\/#\/schema\/person\/ca59c1c3438388dc9efc2e2c1520dd58","name":"Senudin Jahic","image":{"@type":"ImageObject","inLanguage":"en-US","@id":"https:\/\/secure.gravatar.com\/avatar\/4c408c3d0a009ed2e77d9394b7d39ae86e939f4183d1b501926522e8b6ed0820?s=96&d=mm&r=g","url":"https:\/\/secure.gravatar.com\/avatar\/4c408c3d0a009ed2e77d9394b7d39ae86e939f4183d1b501926522e8b6ed0820?s=96&d=mm&r=g","contentUrl":"https:\/\/secure.gravatar.com\/avatar\/4c408c3d0a009ed2e77d9394b7d39ae86e939f4183d1b501926522e8b6ed0820?s=96&d=mm&r=g","caption":"Senudin Jahic"},"sameAs":["http:\/\/ssspdp.ba"]}]}},"_links":{"self":[{"href":"https:\/\/ssspdp.ba\/index.php?rest_route=\/wp\/v2\/posts\/1197","targetHints":{"allow":["GET"]}}],"collection":[{"href":"https:\/\/ssspdp.ba\/index.php?rest_route=\/wp\/v2\/posts"}],"about":[{"href":"https:\/\/ssspdp.ba\/index.php?rest_route=\/wp\/v2\/types\/post"}],"author":[{"embeddable":true,"href":"https:\/\/ssspdp.ba\/index.php?rest_route=\/wp\/v2\/users\/2"}],"replies":[{"embeddable":true,"href":"https:\/\/ssspdp.ba\/index.php?rest_route=%2Fwp%2Fv2%2Fcomments&post=1197"}],"version-history":[{"count":8,"href":"https:\/\/ssspdp.ba\/index.php?rest_route=\/wp\/v2\/posts\/1197\/revisions"}],"predecessor-version":[{"id":1221,"href":"https:\/\/ssspdp.ba\/index.php?rest_route=\/wp\/v2\/posts\/1197\/revisions\/1221"}],"wp:featuredmedia":[{"embeddable":true,"href":"https:\/\/ssspdp.ba\/index.php?rest_route=\/wp\/v2\/media\/1198"}],"wp:attachment":[{"href":"https:\/\/ssspdp.ba\/index.php?rest_route=%2Fwp%2Fv2%2Fmedia&parent=1197"}],"wp:term":[{"taxonomy":"category","embeddable":true,"href":"https:\/\/ssspdp.ba\/index.php?rest_route=%2Fwp%2Fv2%2Fcategories&post=1197"},{"taxonomy":"post_tag","embeddable":true,"href":"https:\/\/ssspdp.ba\/index.php?rest_route=%2Fwp%2Fv2%2Ftags&post=1197"}],"curies":[{"name":"wp","href":"https:\/\/api.w.org\/{rel}","templated":true}]}}