{"id":1783,"date":"2022-01-13T13:14:22","date_gmt":"2022-01-13T12:14:22","guid":{"rendered":"https:\/\/ssspdp.ba\/?p=1783"},"modified":"2022-01-13T13:14:24","modified_gmt":"2022-01-13T12:14:24","slug":"potpisan-kolektivni-ugovor-o-pravima-i-obavezama-poslodavca-i-radnika-u-jp-bosansko-podrinjske-sume-d-o-o-gorazde","status":"publish","type":"post","link":"https:\/\/ssspdp.ba\/?p=1783","title":{"rendered":"POTPISAN KOLEKTIVNI UGOVOR O PRAVIMA I OBAVEZAMA POSLODAVCA I RADNIKA U JP &#8220;BOSANSKO-PODRINJSKE \u0160UME&#8221; D.O.O. GORA\u017dDE"},"content":{"rendered":"\n<p>U ponedjeljak, 10.1.2022. godine u prostorijama Vlade Bosansko-podrinjskog kantona potpisan je Kolektivni ugovor o pravima i obavezama poslodavaca i radnika u JP \u201cBosansko-podrinjske \u0161ume\u201d d.o.o. Gora\u017ede.<\/p>\n\n\n\n<p>Kolektivni ugovor potpisali su premijerka Vlade Bosansko-podrinjskog kantona Aida Obu\u0107a, direktor JP \u201cBosansko-podrinjske \u0161ume\u201d d.o.o. Gora\u017ede Mirza Pjano, Lejla \u0106ati\u0107 predsjednica Samostalnog sindikata \u0161umarstva, prerade drveta i papira BiH i D\u017eemo \u010cavrk, povjerenik Sindikalne podru\u017enice.<\/p>\n\n\n\n<p>Kolektivnim ugovorom regulisana su prava i obaveze ugovornih strana, te je posebno ure\u0111eno niz materijalnih prava radnika, najni\u017ea satnica kao osnovica za obra\u010dun pla\u0107a, dodaci na pla\u0107u (minuli rad, prekovremeni rad, rad na dane sedmi\u010dnog odmora, rad na dane praznika, no\u0107ni rad, uvjeti rada i dr.), grupe slo\u017eenosti poslova, pravo na naknadu za prevoz, topli obrok, regres, kao i du\u017ee trajanje godi\u0161njeg odmora od zakonom utvr\u0111enog, pripravnost, ki\u0161ni dani, rad sindikalnih predstavnika i dr. Nakon popisivanja isti \u0107e biti dostavljen na ogla\u0161avanje u &#8220;Slu\u017ebenim novinama BPK\u201d.<\/p>\n\n\n\n<p>Potpisani Kolektivni ugovor je prvi pojedina\u010dni ugovor zaklju\u010den u JP \u201cBosansko-podrinjske \u0161ume\u201d d.o.o. Gora\u017ede. Kolektivnim ugovorom unaprije\u0111ena su prava radnika u navedenom Dru\u0161tvu, a obaveza poslodavca je da u narednom periodu uskladi Pravilnik o radu sa organizacijom i sistematizacijom poslova i to najkasnije 90 dana od dana stupanja na snagu. Kolektivni ugovor stupa na snagu osmog dana od dana njegovog objavljivanja.<\/p>\n<span class=\"et_bloom_bottom_trigger\"><\/span>","protected":false},"excerpt":{"rendered":"<p>U ponedjeljak, 10.1.2022. godine u prostorijama Vlade Bosansko-podrinjskog kantona potpisan je Kolektivni ugovor o pravima i obavezama poslodavaca i radnika u JP \u201cBosansko-podrinjske \u0161ume\u201d d.o.o. Gora\u017ede. Kolektivni ugovor potpisali su premijerka Vlade Bosansko-podrinjskog kantona Aida Obu\u0107a, direktor JP \u201cBosansko-podrinjske \u0161ume\u201d d.o.o. Gora\u017ede Mirza Pjano, Lejla \u0106ati\u0107 predsjednica Samostalnog sindikata \u0161umarstva, prerade drveta i papira BiH [&hellip;]<\/p>\n","protected":false},"author":2,"featured_media":1784,"comment_status":"closed","ping_status":"open","sticky":false,"template":"","format":"standard","meta":{"_et_pb_use_builder":"off","_et_pb_old_content":"","_et_gb_content_width":"","footnotes":""},"categories":[32],"tags":[],"class_list":["post-1783","post","type-post","status-publish","format-standard","has-post-thumbnail","hentry","category-novosti"],"yoast_head":"<!-- This site is optimized with the Yoast SEO plugin v27.5 - https:\/\/yoast.com\/product\/yoast-seo-wordpress\/ -->\n<title>POTPISAN KOLEKTIVNI UGOVOR O PRAVIMA I OBAVEZAMA POSLODAVCA I RADNIKA U JP &quot;BOSANSKO-PODRINJSKE \u0160UME&quot; D.O.O. GORA\u017dDE - Samostalni sindikat \u0161umarstva, prerade drveta i papira Bosne i Hercegovine<\/title>\n<meta name=\"robots\" content=\"index, follow, max-snippet:-1, max-image-preview:large, max-video-preview:-1\" \/>\n<link rel=\"canonical\" href=\"https:\/\/ssspdp.ba\/?p=1783\" \/>\n<meta property=\"og:locale\" content=\"en_US\" \/>\n<meta property=\"og:type\" content=\"article\" \/>\n<meta property=\"og:title\" content=\"POTPISAN KOLEKTIVNI UGOVOR O PRAVIMA I OBAVEZAMA POSLODAVCA I RADNIKA U JP &quot;BOSANSKO-PODRINJSKE \u0160UME&quot; D.O.O. GORA\u017dDE - Samostalni sindikat \u0161umarstva, prerade drveta i papira Bosne i Hercegovine\" \/>\n<meta property=\"og:description\" content=\"U ponedjeljak, 10.1.2022. godine u prostorijama Vlade Bosansko-podrinjskog kantona potpisan je Kolektivni ugovor o pravima i obavezama poslodavaca i radnika u JP \u201cBosansko-podrinjske \u0161ume\u201d d.o.o. Gora\u017ede. Kolektivni ugovor potpisali su premijerka Vlade Bosansko-podrinjskog kantona Aida Obu\u0107a, direktor JP \u201cBosansko-podrinjske \u0161ume\u201d d.o.o. Gora\u017ede Mirza Pjano, Lejla \u0106ati\u0107 predsjednica Samostalnog sindikata \u0161umarstva, prerade drveta i papira BiH [&hellip;]\" \/>\n<meta property=\"og:url\" content=\"https:\/\/ssspdp.ba\/?p=1783\" \/>\n<meta property=\"og:site_name\" content=\"Samostalni sindikat \u0161umarstva, prerade drveta i papira Bosne i Hercegovine\" \/>\n<meta property=\"article:publisher\" content=\"https:\/\/www.facebook.com\/Samostalni-sindikat-%c5%a1umarstva-prerade-drveta-i-papira-BiH-1740799582820896\/?ref=page_internal\" \/>\n<meta property=\"article:published_time\" content=\"2022-01-13T12:14:22+00:00\" \/>\n<meta property=\"article:modified_time\" content=\"2022-01-13T12:14:24+00:00\" \/>\n<meta property=\"og:image\" content=\"https:\/\/ssspdp.ba\/wp-content\/uploads\/2022\/01\/Potpisivanje-KU-u-Gorazdu.jpg\" \/>\n\t<meta property=\"og:image:width\" content=\"1800\" \/>\n\t<meta property=\"og:image:height\" content=\"1350\" \/>\n\t<meta property=\"og:image:type\" content=\"image\/jpeg\" \/>\n<meta name=\"author\" content=\"Senudin Jahic\" \/>\n<meta name=\"twitter:card\" content=\"summary_large_image\" \/>\n<meta name=\"twitter:label1\" content=\"Written by\" \/>\n\t<meta name=\"twitter:data1\" content=\"Senudin Jahic\" \/>\n\t<meta name=\"twitter:label2\" content=\"Est. reading time\" \/>\n\t<meta name=\"twitter:data2\" content=\"1 minute\" \/>\n<script type=\"application\/ld+json\" class=\"yoast-schema-graph\">{\"@context\":\"https:\\\/\\\/schema.org\",\"@graph\":[{\"@type\":\"Article\",\"@id\":\"https:\\\/\\\/ssspdp.ba\\\/?p=1783#article\",\"isPartOf\":{\"@id\":\"https:\\\/\\\/ssspdp.ba\\\/?p=1783\"},\"author\":{\"name\":\"Senudin Jahic\",\"@id\":\"https:\\\/\\\/ssspdp.ba\\\/#\\\/schema\\\/person\\\/ca59c1c3438388dc9efc2e2c1520dd58\"},\"headline\":\"POTPISAN KOLEKTIVNI UGOVOR O PRAVIMA I OBAVEZAMA POSLODAVCA I RADNIKA U JP &#8220;BOSANSKO-PODRINJSKE \u0160UME&#8221; D.O.O. GORA\u017dDE\",\"datePublished\":\"2022-01-13T12:14:22+00:00\",\"dateModified\":\"2022-01-13T12:14:24+00:00\",\"mainEntityOfPage\":{\"@id\":\"https:\\\/\\\/ssspdp.ba\\\/?p=1783\"},\"wordCount\":255,\"publisher\":{\"@id\":\"https:\\\/\\\/ssspdp.ba\\\/#organization\"},\"image\":{\"@id\":\"https:\\\/\\\/ssspdp.ba\\\/?p=1783#primaryimage\"},\"thumbnailUrl\":\"https:\\\/\\\/ssspdp.ba\\\/wp-content\\\/uploads\\\/2022\\\/01\\\/Potpisivanje-KU-u-Gorazdu.jpg\",\"articleSection\":[\"Novosti\"],\"inLanguage\":\"en-US\"},{\"@type\":\"WebPage\",\"@id\":\"https:\\\/\\\/ssspdp.ba\\\/?p=1783\",\"url\":\"https:\\\/\\\/ssspdp.ba\\\/?p=1783\",\"name\":\"POTPISAN KOLEKTIVNI UGOVOR O PRAVIMA I OBAVEZAMA POSLODAVCA I RADNIKA U JP \\\"BOSANSKO-PODRINJSKE \u0160UME\\\" D.O.O. GORA\u017dDE - Samostalni sindikat \u0161umarstva, prerade drveta i papira Bosne i Hercegovine\",\"isPartOf\":{\"@id\":\"https:\\\/\\\/ssspdp.ba\\\/#website\"},\"primaryImageOfPage\":{\"@id\":\"https:\\\/\\\/ssspdp.ba\\\/?p=1783#primaryimage\"},\"image\":{\"@id\":\"https:\\\/\\\/ssspdp.ba\\\/?p=1783#primaryimage\"},\"thumbnailUrl\":\"https:\\\/\\\/ssspdp.ba\\\/wp-content\\\/uploads\\\/2022\\\/01\\\/Potpisivanje-KU-u-Gorazdu.jpg\",\"datePublished\":\"2022-01-13T12:14:22+00:00\",\"dateModified\":\"2022-01-13T12:14:24+00:00\",\"breadcrumb\":{\"@id\":\"https:\\\/\\\/ssspdp.ba\\\/?p=1783#breadcrumb\"},\"inLanguage\":\"en-US\",\"potentialAction\":[{\"@type\":\"ReadAction\",\"target\":[\"https:\\\/\\\/ssspdp.ba\\\/?p=1783\"]}]},{\"@type\":\"ImageObject\",\"inLanguage\":\"en-US\",\"@id\":\"https:\\\/\\\/ssspdp.ba\\\/?p=1783#primaryimage\",\"url\":\"https:\\\/\\\/ssspdp.ba\\\/wp-content\\\/uploads\\\/2022\\\/01\\\/Potpisivanje-KU-u-Gorazdu.jpg\",\"contentUrl\":\"https:\\\/\\\/ssspdp.ba\\\/wp-content\\\/uploads\\\/2022\\\/01\\\/Potpisivanje-KU-u-Gorazdu.jpg\",\"width\":1800,\"height\":1350},{\"@type\":\"BreadcrumbList\",\"@id\":\"https:\\\/\\\/ssspdp.ba\\\/?p=1783#breadcrumb\",\"itemListElement\":[{\"@type\":\"ListItem\",\"position\":1,\"name\":\"Home\",\"item\":\"https:\\\/\\\/ssspdp.ba\\\/\"},{\"@type\":\"ListItem\",\"position\":2,\"name\":\"POTPISAN KOLEKTIVNI UGOVOR O PRAVIMA I OBAVEZAMA POSLODAVCA I RADNIKA U JP &#8220;BOSANSKO-PODRINJSKE \u0160UME&#8221; D.O.O. GORA\u017dDE\"}]},{\"@type\":\"WebSite\",\"@id\":\"https:\\\/\\\/ssspdp.ba\\\/#website\",\"url\":\"https:\\\/\\\/ssspdp.ba\\\/\",\"name\":\"Samostalni sindikat \u0161umarstva, prerade drveta i papira Bosne i Hercegovine\",\"description\":\"\",\"publisher\":{\"@id\":\"https:\\\/\\\/ssspdp.ba\\\/#organization\"},\"potentialAction\":[{\"@type\":\"SearchAction\",\"target\":{\"@type\":\"EntryPoint\",\"urlTemplate\":\"https:\\\/\\\/ssspdp.ba\\\/?s={search_term_string}\"},\"query-input\":{\"@type\":\"PropertyValueSpecification\",\"valueRequired\":true,\"valueName\":\"search_term_string\"}}],\"inLanguage\":\"en-US\"},{\"@type\":\"Organization\",\"@id\":\"https:\\\/\\\/ssspdp.ba\\\/#organization\",\"name\":\"Samostalni sindikat \u0161umarstva, prerade drveta i papira Bosne i Hercegovine\",\"url\":\"https:\\\/\\\/ssspdp.ba\\\/\",\"logo\":{\"@type\":\"ImageObject\",\"inLanguage\":\"en-US\",\"@id\":\"https:\\\/\\\/ssspdp.ba\\\/#\\\/schema\\\/logo\\\/image\\\/\",\"url\":\"https:\\\/\\\/ssspdp.ba\\\/wp-content\\\/uploads\\\/2020\\\/10\\\/web-logo.png\",\"contentUrl\":\"https:\\\/\\\/ssspdp.ba\\\/wp-content\\\/uploads\\\/2020\\\/10\\\/web-logo.png\",\"width\":623,\"height\":100,\"caption\":\"Samostalni sindikat \u0161umarstva, prerade drveta i papira Bosne i Hercegovine\"},\"image\":{\"@id\":\"https:\\\/\\\/ssspdp.ba\\\/#\\\/schema\\\/logo\\\/image\\\/\"},\"sameAs\":[\"https:\\\/\\\/www.facebook.com\\\/Samostalni-sindikat-\u0161umarstva-prerade-drveta-i-papira-BiH-1740799582820896\\\/?ref=page_internal\"]},{\"@type\":\"Person\",\"@id\":\"https:\\\/\\\/ssspdp.ba\\\/#\\\/schema\\\/person\\\/ca59c1c3438388dc9efc2e2c1520dd58\",\"name\":\"Senudin Jahic\",\"image\":{\"@type\":\"ImageObject\",\"inLanguage\":\"en-US\",\"@id\":\"https:\\\/\\\/secure.gravatar.com\\\/avatar\\\/4c408c3d0a009ed2e77d9394b7d39ae86e939f4183d1b501926522e8b6ed0820?s=96&d=mm&r=g\",\"url\":\"https:\\\/\\\/secure.gravatar.com\\\/avatar\\\/4c408c3d0a009ed2e77d9394b7d39ae86e939f4183d1b501926522e8b6ed0820?s=96&d=mm&r=g\",\"contentUrl\":\"https:\\\/\\\/secure.gravatar.com\\\/avatar\\\/4c408c3d0a009ed2e77d9394b7d39ae86e939f4183d1b501926522e8b6ed0820?s=96&d=mm&r=g\",\"caption\":\"Senudin Jahic\"},\"sameAs\":[\"http:\\\/\\\/ssspdp.ba\"]}]}<\/script>\n<!-- \/ Yoast SEO plugin. -->","yoast_head_json":{"title":"POTPISAN KOLEKTIVNI UGOVOR O PRAVIMA I OBAVEZAMA POSLODAVCA I RADNIKA U JP \"BOSANSKO-PODRINJSKE \u0160UME\" D.O.O. GORA\u017dDE - Samostalni sindikat \u0161umarstva, prerade drveta i papira Bosne i Hercegovine","robots":{"index":"index","follow":"follow","max-snippet":"max-snippet:-1","max-image-preview":"max-image-preview:large","max-video-preview":"max-video-preview:-1"},"canonical":"https:\/\/ssspdp.ba\/?p=1783","og_locale":"en_US","og_type":"article","og_title":"POTPISAN KOLEKTIVNI UGOVOR O PRAVIMA I OBAVEZAMA POSLODAVCA I RADNIKA U JP \"BOSANSKO-PODRINJSKE \u0160UME\" D.O.O. GORA\u017dDE - Samostalni sindikat \u0161umarstva, prerade drveta i papira Bosne i Hercegovine","og_description":"U ponedjeljak, 10.1.2022. godine u prostorijama Vlade Bosansko-podrinjskog kantona potpisan je Kolektivni ugovor o pravima i obavezama poslodavaca i radnika u JP \u201cBosansko-podrinjske \u0161ume\u201d d.o.o. Gora\u017ede. Kolektivni ugovor potpisali su premijerka Vlade Bosansko-podrinjskog kantona Aida Obu\u0107a, direktor JP \u201cBosansko-podrinjske \u0161ume\u201d d.o.o. Gora\u017ede Mirza Pjano, Lejla \u0106ati\u0107 predsjednica Samostalnog sindikata \u0161umarstva, prerade drveta i papira BiH [&hellip;]","og_url":"https:\/\/ssspdp.ba\/?p=1783","og_site_name":"Samostalni sindikat \u0161umarstva, prerade drveta i papira Bosne i Hercegovine","article_publisher":"https:\/\/www.facebook.com\/Samostalni-sindikat-%c5%a1umarstva-prerade-drveta-i-papira-BiH-1740799582820896\/?ref=page_internal","article_published_time":"2022-01-13T12:14:22+00:00","article_modified_time":"2022-01-13T12:14:24+00:00","og_image":[{"width":1800,"height":1350,"url":"https:\/\/ssspdp.ba\/wp-content\/uploads\/2022\/01\/Potpisivanje-KU-u-Gorazdu.jpg","type":"image\/jpeg"}],"author":"Senudin Jahic","twitter_card":"summary_large_image","twitter_misc":{"Written by":"Senudin Jahic","Est. reading time":"1 minute"},"schema":{"@context":"https:\/\/schema.org","@graph":[{"@type":"Article","@id":"https:\/\/ssspdp.ba\/?p=1783#article","isPartOf":{"@id":"https:\/\/ssspdp.ba\/?p=1783"},"author":{"name":"Senudin Jahic","@id":"https:\/\/ssspdp.ba\/#\/schema\/person\/ca59c1c3438388dc9efc2e2c1520dd58"},"headline":"POTPISAN KOLEKTIVNI UGOVOR O PRAVIMA I OBAVEZAMA POSLODAVCA I RADNIKA U JP &#8220;BOSANSKO-PODRINJSKE \u0160UME&#8221; D.O.O. GORA\u017dDE","datePublished":"2022-01-13T12:14:22+00:00","dateModified":"2022-01-13T12:14:24+00:00","mainEntityOfPage":{"@id":"https:\/\/ssspdp.ba\/?p=1783"},"wordCount":255,"publisher":{"@id":"https:\/\/ssspdp.ba\/#organization"},"image":{"@id":"https:\/\/ssspdp.ba\/?p=1783#primaryimage"},"thumbnailUrl":"https:\/\/ssspdp.ba\/wp-content\/uploads\/2022\/01\/Potpisivanje-KU-u-Gorazdu.jpg","articleSection":["Novosti"],"inLanguage":"en-US"},{"@type":"WebPage","@id":"https:\/\/ssspdp.ba\/?p=1783","url":"https:\/\/ssspdp.ba\/?p=1783","name":"POTPISAN KOLEKTIVNI UGOVOR O PRAVIMA I OBAVEZAMA POSLODAVCA I RADNIKA U JP \"BOSANSKO-PODRINJSKE \u0160UME\" D.O.O. GORA\u017dDE - Samostalni sindikat \u0161umarstva, prerade drveta i papira Bosne i Hercegovine","isPartOf":{"@id":"https:\/\/ssspdp.ba\/#website"},"primaryImageOfPage":{"@id":"https:\/\/ssspdp.ba\/?p=1783#primaryimage"},"image":{"@id":"https:\/\/ssspdp.ba\/?p=1783#primaryimage"},"thumbnailUrl":"https:\/\/ssspdp.ba\/wp-content\/uploads\/2022\/01\/Potpisivanje-KU-u-Gorazdu.jpg","datePublished":"2022-01-13T12:14:22+00:00","dateModified":"2022-01-13T12:14:24+00:00","breadcrumb":{"@id":"https:\/\/ssspdp.ba\/?p=1783#breadcrumb"},"inLanguage":"en-US","potentialAction":[{"@type":"ReadAction","target":["https:\/\/ssspdp.ba\/?p=1783"]}]},{"@type":"ImageObject","inLanguage":"en-US","@id":"https:\/\/ssspdp.ba\/?p=1783#primaryimage","url":"https:\/\/ssspdp.ba\/wp-content\/uploads\/2022\/01\/Potpisivanje-KU-u-Gorazdu.jpg","contentUrl":"https:\/\/ssspdp.ba\/wp-content\/uploads\/2022\/01\/Potpisivanje-KU-u-Gorazdu.jpg","width":1800,"height":1350},{"@type":"BreadcrumbList","@id":"https:\/\/ssspdp.ba\/?p=1783#breadcrumb","itemListElement":[{"@type":"ListItem","position":1,"name":"Home","item":"https:\/\/ssspdp.ba\/"},{"@type":"ListItem","position":2,"name":"POTPISAN KOLEKTIVNI UGOVOR O PRAVIMA I OBAVEZAMA POSLODAVCA I RADNIKA U JP &#8220;BOSANSKO-PODRINJSKE \u0160UME&#8221; D.O.O. GORA\u017dDE"}]},{"@type":"WebSite","@id":"https:\/\/ssspdp.ba\/#website","url":"https:\/\/ssspdp.ba\/","name":"Samostalni sindikat \u0161umarstva, prerade drveta i papira Bosne i Hercegovine","description":"","publisher":{"@id":"https:\/\/ssspdp.ba\/#organization"},"potentialAction":[{"@type":"SearchAction","target":{"@type":"EntryPoint","urlTemplate":"https:\/\/ssspdp.ba\/?s={search_term_string}"},"query-input":{"@type":"PropertyValueSpecification","valueRequired":true,"valueName":"search_term_string"}}],"inLanguage":"en-US"},{"@type":"Organization","@id":"https:\/\/ssspdp.ba\/#organization","name":"Samostalni sindikat \u0161umarstva, prerade drveta i papira Bosne i Hercegovine","url":"https:\/\/ssspdp.ba\/","logo":{"@type":"ImageObject","inLanguage":"en-US","@id":"https:\/\/ssspdp.ba\/#\/schema\/logo\/image\/","url":"https:\/\/ssspdp.ba\/wp-content\/uploads\/2020\/10\/web-logo.png","contentUrl":"https:\/\/ssspdp.ba\/wp-content\/uploads\/2020\/10\/web-logo.png","width":623,"height":100,"caption":"Samostalni sindikat \u0161umarstva, prerade drveta i papira Bosne i Hercegovine"},"image":{"@id":"https:\/\/ssspdp.ba\/#\/schema\/logo\/image\/"},"sameAs":["https:\/\/www.facebook.com\/Samostalni-sindikat-\u0161umarstva-prerade-drveta-i-papira-BiH-1740799582820896\/?ref=page_internal"]},{"@type":"Person","@id":"https:\/\/ssspdp.ba\/#\/schema\/person\/ca59c1c3438388dc9efc2e2c1520dd58","name":"Senudin Jahic","image":{"@type":"ImageObject","inLanguage":"en-US","@id":"https:\/\/secure.gravatar.com\/avatar\/4c408c3d0a009ed2e77d9394b7d39ae86e939f4183d1b501926522e8b6ed0820?s=96&d=mm&r=g","url":"https:\/\/secure.gravatar.com\/avatar\/4c408c3d0a009ed2e77d9394b7d39ae86e939f4183d1b501926522e8b6ed0820?s=96&d=mm&r=g","contentUrl":"https:\/\/secure.gravatar.com\/avatar\/4c408c3d0a009ed2e77d9394b7d39ae86e939f4183d1b501926522e8b6ed0820?s=96&d=mm&r=g","caption":"Senudin Jahic"},"sameAs":["http:\/\/ssspdp.ba"]}]}},"_links":{"self":[{"href":"https:\/\/ssspdp.ba\/index.php?rest_route=\/wp\/v2\/posts\/1783","targetHints":{"allow":["GET"]}}],"collection":[{"href":"https:\/\/ssspdp.ba\/index.php?rest_route=\/wp\/v2\/posts"}],"about":[{"href":"https:\/\/ssspdp.ba\/index.php?rest_route=\/wp\/v2\/types\/post"}],"author":[{"embeddable":true,"href":"https:\/\/ssspdp.ba\/index.php?rest_route=\/wp\/v2\/users\/2"}],"replies":[{"embeddable":true,"href":"https:\/\/ssspdp.ba\/index.php?rest_route=%2Fwp%2Fv2%2Fcomments&post=1783"}],"version-history":[{"count":1,"href":"https:\/\/ssspdp.ba\/index.php?rest_route=\/wp\/v2\/posts\/1783\/revisions"}],"predecessor-version":[{"id":1785,"href":"https:\/\/ssspdp.ba\/index.php?rest_route=\/wp\/v2\/posts\/1783\/revisions\/1785"}],"wp:featuredmedia":[{"embeddable":true,"href":"https:\/\/ssspdp.ba\/index.php?rest_route=\/wp\/v2\/media\/1784"}],"wp:attachment":[{"href":"https:\/\/ssspdp.ba\/index.php?rest_route=%2Fwp%2Fv2%2Fmedia&parent=1783"}],"wp:term":[{"taxonomy":"category","embeddable":true,"href":"https:\/\/ssspdp.ba\/index.php?rest_route=%2Fwp%2Fv2%2Fcategories&post=1783"},{"taxonomy":"post_tag","embeddable":true,"href":"https:\/\/ssspdp.ba\/index.php?rest_route=%2Fwp%2Fv2%2Ftags&post=1783"}],"curies":[{"name":"wp","href":"https:\/\/api.w.org\/{rel}","templated":true}]}}