{"id":1832,"date":"2022-03-23T09:08:17","date_gmt":"2022-03-23T08:08:17","guid":{"rendered":"https:\/\/ssspdp.ba\/?p=1832"},"modified":"2022-03-23T15:35:45","modified_gmt":"2022-03-23T14:35:45","slug":"saopcenje-za-javnost-konsultacije-sa-zainteresiranim-stranama-prije-proglasenja-pet-zasticenih-podrucja-u-zenicko-dobojskom-kantonu","status":"publish","type":"post","link":"https:\/\/ssspdp.ba\/?p=1832","title":{"rendered":"SAOP\u0106ENJE ZA JAVNOST: KONSULTACIJE SA ZAINTERESIRANIM STRANAMA PRIJE PROGLA\u0160ENJA PET ZA\u0160TI\u0106ENIH PODRU\u010cJA U ZENI\u010cKO-DOBOJSKOM KANTONU"},"content":{"rendered":"\n<p><strong>Zenica, 23. mart\/o\u017eujak 2022.<\/strong> &#8211; Izjava premijera Zeni\u010dko-dobojskog kantona Mirnesa Ba\u0161i\u0107a i resornog Ministarstva za prostorno ure\u0111enje, promet i komunikacije i za\u0161titu okoline ZDK u pogledu spremnosti da se podr\u017ei formiranje pet novih za\u0161ti\u0107enih podru\u010dja na podru\u010dju ovoga Kantona, kao i formiranje javne ustanove za za\u0161ti\u0107ena podru\u010dja bez prethodno provedenih konsultacija sa svim interesnim grupama, privrednim subjektima, lokalnim zajednicama i nevladinim sektorom su ishitrene, zaklju\u010deno je na radnom sastaku o temi \u201cInicijativa i opravdanost formiranja za\u0161ti\u0107enih podru\u010dja u ZDK\u201d odr\u017eanom 22.3.2022. godine u Zenici.&nbsp;<\/p>\n\n\n\n<p>Sastanak su organizirali Samostalni sindikat \u0161umarstva, prerade drveta i papira Bosne i Hercegovine, JP \u201c\u0160PD ZDK\u201d Zavidovi\u0107i i Udru\u017eenja drvoprera\u0111iva\u010da u Zenici.<\/p>\n\n\n\n<p>Sastanku su prisustvovali predstavnici Ministarstva poljoprivrede, vodoprivrede i \u0161umarstva FBiH, Privredne komore FBiH- Udru\u017eenja \u0161umarstva i drvoprerade, JP \u201c\u0160PD ZDK\u201d Zavidovi\u0107i, Udru\u017eenja poslodavaca FBiH,&nbsp; lokalne samouprave sa podru\u010dja ZDK,&nbsp; kompanija iz oblasti drvoprerade, predstavnici kompanije \u201cNatron-Hayat\u201d d.o.o. Maglaj, Udru\u017eenja in\u017eenjera i tehni\u010dara \u0161umarstva FBiH, Saveza lova\u010dkih udru\u017eenja ZDK i drugi.<\/p>\n\n\n\n<p>&nbsp;Iako su pozvani, sastanku nisu prisutvovali predstavnici Ministarstva za prostorno ure\u0111enje, promet i komunikacije i za\u0161titu okoline. Ovo je bio pripremni sastanak u o\u010di odr\u017eavanja Konferencije \u201c(Ne)za\u0161ti\u0107ena podru\u010dja Zeni\u010dko-dobojskog kantona\u201d u organizaciji Koalicije za za\u0161titu prirode, a koja je ranije uputila inicijativu kojom se zagovara formiranje pet novih za\u0161ti\u0107enih podru\u010dja&nbsp; u ZDK, kao i formiranje&nbsp; novog pravnog subjekta \u201cJU za za\u0161ti\u0107ena podru\u010dja\u201dza \u0161to su dobili podr\u0161ku Vlade ZDK i resornog Ministarstva.<\/p>\n\n\n\n<p>Na ju\u010dera\u0161njem sastanku tako\u0111er je zaklju\u010deno da je Zakonom o \u0161umama ZDK ta\u010dno propisan na\u010din izdvajanja \u0161uma iz \u0161umsko-privrednog podru\u010dja, a poseban problem predstavlja \u010dinjenica da takva podru\u010dja nisu obuhva\u0107ena trenutnim prostornim planovima ZDK.<\/p>\n\n\n\n<p>U\u010desnici sastanka upozorili su da se u ovaj proces moraju uklju\u010diti sve zainteresirane strane, naro\u010dito ako se ima u vidu <strong>\u010dinjenica da nerezonsko smanjenje povr\u0161ine gazdovanja \u0161umama u ZDK vodi smanjenju proizvodne funkcije \u0161uma \u0161to dovodi u pitanje radna mjesta, a time i opstanak privrednih subjekata.<\/strong> <strong>U ukupnom privrednom razvoju u ZDK drvna i papirna industrija prema broju zaposlenih, obimu proizvodnje i izvozu finalnih proizvoda od drveta zauzimaju va\u017eno mjesto.<\/strong><\/p>\n\n\n\n<p>Ugro\u017eavanje sirovinske baze koju im u najve\u0107oj mjeri osigurava JP \u201c\u0160PD ZDK\u201d izazvalo bi ogromne probleme u nabavci sirovne za potrebe drvne i papirne industrije, ne samo u ZDK ve\u0107 i \u0161ire u Bosni i Hercegovini.<\/p>\n\n\n\n<p>Ovakve incijative zahtijevaju ozbiljan pristup i analizu te izradu stru\u010dnih elaborata, koji \u0107e sadr\u017eavati razloge i opravdanost dono\u0161enja odluka da se odre\u0111ena podru\u010dja izdvajaju kao za\u0161ti\u0107ena podru\u010dja. Tako\u0111er bi se eventualno trebala formirati nova javna ustanova, \u010dije bi postojanje trebalo argumentirano obrazlo\u017eiti. Osim toga, predlaga\u010di ovakvih odluka trebaju izraziti spremnost da korisniku \u0161uma i \u0161umskog zemlji\u0161ta nadoknade gubitak prihoda, zbog ograni\u010denog kori\u0161tenja \u0161uma. U izradu takvih elaborate nu\u017eno treba biti uklju\u010deno Ministarstvo poljoprivrede, vodoprivrede i \u0161umarstva ZDK te&nbsp; stru\u010dnjaci iz oblasti \u0161umarstva i JP \u201c\u0160PD ZDK\u201d, zaklju\u010dili su u\u010desnici sastanka.<\/p>\n\n\n\n<p>Ju\u010der je dogovoreno da JP \u201c\u0160PD ZDK\u201d sa drugim interesnim grupama uradi elaborate &nbsp;neopravdanosti inicijative za progla\u0161enje pet novih za\u0161ti\u0107enih podru\u010dja i formiranja javne ustanove.<\/p>\n\n\n\n<p>Nagla\u0161eno je da poslovanje JP \u201c\u0160PD ZDK\u201d, \u010diji je osniva\u010d Vlada ZDK, a koje zapo\u0161ljava veliki broj radnika ne bi smjelo biti ugro\u017eeno ni po kojem osnovu, a formiranje novih za\u0161ti\u0107enih podru\u010dja onemogu\u0107ava odr\u017eivo upravljanje \u0161umama u skladu sa principima \u0161umarske struke.<\/p>\n\n\n\n<p>Osnovna djelatnost JP \u201c\u0160PD ZDK\u201d je uzgoj i za\u0161tita \u0161ume kao prirodnog resursa \u0161to podrazumijeva monitoring zdravstvenog stanja \u0161uma, za\u0161titu \u0161uma od po\u017eara, spre\u010davanje gradacije \u0161umskih \u0161tetnika, gljivi\u010dnih oboljenja, podizanje novih \u0161umskih nasada. &nbsp;&nbsp;JP \u201c\u0160PD ZDK\u201d&nbsp; posjeduje FSC standard \u0161to je garancija da je ovo preduze\u0107e opredjeljeno za po\u0161tovanje upravljanja prirodnim resursom za op\u0107u dobrobit. &nbsp;<\/p>\n\n\n\n<p>Upozoreno je na negativna iskustva istih ishitrenih odluka o progla\u0161enju odre\u0111enih podru\u010dja \u201cza\u0161ti\u0107enim\u201d u drugim kantonima u Federaciji BiH, \u0161to danas predstavlja ozbiljan problem i uveliko je na \u0161tetu \u0161ume kao prirodnog bogadstva.<\/p>\n\n\n\n<p>U\u010desnici su zaklju\u010dili da je formiranje za\u0161ti\u0107enih podru\u010dja pozitivna i po\u017eeljna inicijativa ekolo\u0161kih udru\u017eenja, ali je za njihovo formiranje nu\u017eno ispuniti uslove koji ne\u0107e ugro\u017eavati ekonomskih interesa javnog i privatnog sektora, \u0161to je mogu\u0107e ukoliko za\u0161titu okoli\u0161a, \u0161umarstvo, drvnu i papirnu industriju posmatramo kao jedinstven sistem.<\/p>\n\n\n\n<p>PREDSJEDNIK &nbsp;&nbsp;&nbsp;&nbsp;&nbsp;&nbsp;&nbsp;&nbsp;&nbsp;&nbsp;&nbsp;&nbsp;&nbsp;&nbsp;&nbsp;&nbsp;&nbsp;&nbsp;&nbsp;&nbsp;&nbsp;&nbsp;&nbsp;&nbsp;&nbsp;&nbsp;&nbsp;&nbsp;&nbsp;&nbsp;&nbsp;&nbsp;&nbsp;&nbsp;&nbsp;&nbsp;&nbsp;&nbsp;&nbsp;&nbsp;&nbsp;&nbsp;&nbsp;&nbsp;&nbsp;&nbsp;&nbsp;&nbsp;&nbsp;&nbsp;&nbsp;&nbsp;&nbsp;&nbsp;&nbsp;&nbsp;&nbsp;&nbsp;&nbsp;&nbsp;&nbsp;&nbsp;&nbsp;&nbsp;&nbsp;&nbsp;&nbsp;&nbsp;&nbsp;&nbsp;&nbsp;&nbsp;&nbsp;&nbsp;&nbsp;&nbsp;&nbsp;&nbsp;&nbsp;&nbsp;&nbsp; &nbsp;&nbsp;&nbsp; <\/p>\n\n\n\n<p>Lejla \u0106ati\u0107<\/p>\n<span class=\"et_bloom_bottom_trigger\"><\/span>","protected":false},"excerpt":{"rendered":"<p>Zenica, 23. mart\/o\u017eujak 2022. &#8211; Izjava premijera Zeni\u010dko-dobojskog kantona Mirnesa Ba\u0161i\u0107a i resornog Ministarstva za prostorno ure\u0111enje, promet i komunikacije i za\u0161titu okoline ZDK u pogledu spremnosti da se podr\u017ei formiranje pet novih za\u0161ti\u0107enih podru\u010dja na podru\u010dju ovoga Kantona, kao i formiranje javne ustanove za za\u0161ti\u0107ena podru\u010dja bez prethodno provedenih konsultacija sa svim interesnim grupama, [&hellip;]<\/p>\n","protected":false},"author":2,"featured_media":1835,"comment_status":"closed","ping_status":"open","sticky":false,"template":"","format":"standard","meta":{"_et_pb_use_builder":"off","_et_pb_old_content":"","_et_gb_content_width":"","footnotes":""},"categories":[32],"tags":[],"class_list":["post-1832","post","type-post","status-publish","format-standard","has-post-thumbnail","hentry","category-novosti"],"yoast_head":"<!-- This site is optimized with the Yoast SEO plugin v27.5 - https:\/\/yoast.com\/product\/yoast-seo-wordpress\/ -->\n<title>SAOP\u0106ENJE ZA JAVNOST: KONSULTACIJE SA ZAINTERESIRANIM STRANAMA PRIJE PROGLA\u0160ENJA PET ZA\u0160TI\u0106ENIH PODRU\u010cJA U ZENI\u010cKO-DOBOJSKOM KANTONU - Samostalni sindikat \u0161umarstva, prerade drveta i papira Bosne i Hercegovine<\/title>\n<meta name=\"robots\" content=\"index, follow, max-snippet:-1, max-image-preview:large, max-video-preview:-1\" \/>\n<link rel=\"canonical\" href=\"https:\/\/ssspdp.ba\/?p=1832\" \/>\n<meta property=\"og:locale\" content=\"en_US\" \/>\n<meta property=\"og:type\" content=\"article\" \/>\n<meta property=\"og:title\" content=\"SAOP\u0106ENJE ZA JAVNOST: KONSULTACIJE SA ZAINTERESIRANIM STRANAMA PRIJE PROGLA\u0160ENJA PET ZA\u0160TI\u0106ENIH PODRU\u010cJA U ZENI\u010cKO-DOBOJSKOM KANTONU - Samostalni sindikat \u0161umarstva, prerade drveta i papira Bosne i Hercegovine\" \/>\n<meta property=\"og:description\" content=\"Zenica, 23. mart\/o\u017eujak 2022. &#8211; Izjava premijera Zeni\u010dko-dobojskog kantona Mirnesa Ba\u0161i\u0107a i resornog Ministarstva za prostorno ure\u0111enje, promet i komunikacije i za\u0161titu okoline ZDK u pogledu spremnosti da se podr\u017ei formiranje pet novih za\u0161ti\u0107enih podru\u010dja na podru\u010dju ovoga Kantona, kao i formiranje javne ustanove za za\u0161ti\u0107ena podru\u010dja bez prethodno provedenih konsultacija sa svim interesnim grupama, [&hellip;]\" \/>\n<meta property=\"og:url\" content=\"https:\/\/ssspdp.ba\/?p=1832\" \/>\n<meta property=\"og:site_name\" content=\"Samostalni sindikat \u0161umarstva, prerade drveta i papira Bosne i Hercegovine\" \/>\n<meta property=\"article:publisher\" content=\"https:\/\/www.facebook.com\/Samostalni-sindikat-%c5%a1umarstva-prerade-drveta-i-papira-BiH-1740799582820896\/?ref=page_internal\" \/>\n<meta property=\"article:published_time\" content=\"2022-03-23T08:08:17+00:00\" \/>\n<meta property=\"article:modified_time\" content=\"2022-03-23T14:35:45+00:00\" \/>\n<meta property=\"og:image\" content=\"https:\/\/ssspdp.ba\/wp-content\/uploads\/2022\/03\/Saopcenje-23.3.22-scaled.jpg\" \/>\n\t<meta property=\"og:image:width\" content=\"2560\" \/>\n\t<meta property=\"og:image:height\" content=\"1606\" \/>\n\t<meta property=\"og:image:type\" content=\"image\/jpeg\" \/>\n<meta name=\"author\" content=\"Senudin Jahic\" \/>\n<meta name=\"twitter:card\" content=\"summary_large_image\" \/>\n<meta name=\"twitter:label1\" content=\"Written by\" \/>\n\t<meta name=\"twitter:data1\" content=\"Senudin Jahic\" \/>\n\t<meta name=\"twitter:label2\" content=\"Est. reading time\" \/>\n\t<meta name=\"twitter:data2\" content=\"3 minutes\" \/>\n<script type=\"application\/ld+json\" class=\"yoast-schema-graph\">{\"@context\":\"https:\\\/\\\/schema.org\",\"@graph\":[{\"@type\":\"Article\",\"@id\":\"https:\\\/\\\/ssspdp.ba\\\/?p=1832#article\",\"isPartOf\":{\"@id\":\"https:\\\/\\\/ssspdp.ba\\\/?p=1832\"},\"author\":{\"name\":\"Senudin Jahic\",\"@id\":\"https:\\\/\\\/ssspdp.ba\\\/#\\\/schema\\\/person\\\/ca59c1c3438388dc9efc2e2c1520dd58\"},\"headline\":\"SAOP\u0106ENJE ZA JAVNOST: KONSULTACIJE SA ZAINTERESIRANIM STRANAMA PRIJE PROGLA\u0160ENJA PET ZA\u0160TI\u0106ENIH PODRU\u010cJA U ZENI\u010cKO-DOBOJSKOM KANTONU\",\"datePublished\":\"2022-03-23T08:08:17+00:00\",\"dateModified\":\"2022-03-23T14:35:45+00:00\",\"mainEntityOfPage\":{\"@id\":\"https:\\\/\\\/ssspdp.ba\\\/?p=1832\"},\"wordCount\":903,\"publisher\":{\"@id\":\"https:\\\/\\\/ssspdp.ba\\\/#organization\"},\"image\":{\"@id\":\"https:\\\/\\\/ssspdp.ba\\\/?p=1832#primaryimage\"},\"thumbnailUrl\":\"https:\\\/\\\/ssspdp.ba\\\/wp-content\\\/uploads\\\/2022\\\/03\\\/Saopcenje-23.3.22-scaled.jpg\",\"articleSection\":[\"Novosti\"],\"inLanguage\":\"en-US\"},{\"@type\":\"WebPage\",\"@id\":\"https:\\\/\\\/ssspdp.ba\\\/?p=1832\",\"url\":\"https:\\\/\\\/ssspdp.ba\\\/?p=1832\",\"name\":\"SAOP\u0106ENJE ZA JAVNOST: KONSULTACIJE SA ZAINTERESIRANIM STRANAMA PRIJE PROGLA\u0160ENJA PET ZA\u0160TI\u0106ENIH PODRU\u010cJA U ZENI\u010cKO-DOBOJSKOM KANTONU - Samostalni sindikat \u0161umarstva, prerade drveta i papira Bosne i Hercegovine\",\"isPartOf\":{\"@id\":\"https:\\\/\\\/ssspdp.ba\\\/#website\"},\"primaryImageOfPage\":{\"@id\":\"https:\\\/\\\/ssspdp.ba\\\/?p=1832#primaryimage\"},\"image\":{\"@id\":\"https:\\\/\\\/ssspdp.ba\\\/?p=1832#primaryimage\"},\"thumbnailUrl\":\"https:\\\/\\\/ssspdp.ba\\\/wp-content\\\/uploads\\\/2022\\\/03\\\/Saopcenje-23.3.22-scaled.jpg\",\"datePublished\":\"2022-03-23T08:08:17+00:00\",\"dateModified\":\"2022-03-23T14:35:45+00:00\",\"breadcrumb\":{\"@id\":\"https:\\\/\\\/ssspdp.ba\\\/?p=1832#breadcrumb\"},\"inLanguage\":\"en-US\",\"potentialAction\":[{\"@type\":\"ReadAction\",\"target\":[\"https:\\\/\\\/ssspdp.ba\\\/?p=1832\"]}]},{\"@type\":\"ImageObject\",\"inLanguage\":\"en-US\",\"@id\":\"https:\\\/\\\/ssspdp.ba\\\/?p=1832#primaryimage\",\"url\":\"https:\\\/\\\/ssspdp.ba\\\/wp-content\\\/uploads\\\/2022\\\/03\\\/Saopcenje-23.3.22-scaled.jpg\",\"contentUrl\":\"https:\\\/\\\/ssspdp.ba\\\/wp-content\\\/uploads\\\/2022\\\/03\\\/Saopcenje-23.3.22-scaled.jpg\",\"width\":2560,\"height\":1606},{\"@type\":\"BreadcrumbList\",\"@id\":\"https:\\\/\\\/ssspdp.ba\\\/?p=1832#breadcrumb\",\"itemListElement\":[{\"@type\":\"ListItem\",\"position\":1,\"name\":\"Home\",\"item\":\"https:\\\/\\\/ssspdp.ba\\\/\"},{\"@type\":\"ListItem\",\"position\":2,\"name\":\"SAOP\u0106ENJE ZA JAVNOST: KONSULTACIJE SA ZAINTERESIRANIM STRANAMA PRIJE PROGLA\u0160ENJA PET ZA\u0160TI\u0106ENIH PODRU\u010cJA U ZENI\u010cKO-DOBOJSKOM KANTONU\"}]},{\"@type\":\"WebSite\",\"@id\":\"https:\\\/\\\/ssspdp.ba\\\/#website\",\"url\":\"https:\\\/\\\/ssspdp.ba\\\/\",\"name\":\"Samostalni sindikat \u0161umarstva, prerade drveta i papira Bosne i Hercegovine\",\"description\":\"\",\"publisher\":{\"@id\":\"https:\\\/\\\/ssspdp.ba\\\/#organization\"},\"potentialAction\":[{\"@type\":\"SearchAction\",\"target\":{\"@type\":\"EntryPoint\",\"urlTemplate\":\"https:\\\/\\\/ssspdp.ba\\\/?s={search_term_string}\"},\"query-input\":{\"@type\":\"PropertyValueSpecification\",\"valueRequired\":true,\"valueName\":\"search_term_string\"}}],\"inLanguage\":\"en-US\"},{\"@type\":\"Organization\",\"@id\":\"https:\\\/\\\/ssspdp.ba\\\/#organization\",\"name\":\"Samostalni sindikat \u0161umarstva, prerade drveta i papira Bosne i Hercegovine\",\"url\":\"https:\\\/\\\/ssspdp.ba\\\/\",\"logo\":{\"@type\":\"ImageObject\",\"inLanguage\":\"en-US\",\"@id\":\"https:\\\/\\\/ssspdp.ba\\\/#\\\/schema\\\/logo\\\/image\\\/\",\"url\":\"https:\\\/\\\/ssspdp.ba\\\/wp-content\\\/uploads\\\/2020\\\/10\\\/web-logo.png\",\"contentUrl\":\"https:\\\/\\\/ssspdp.ba\\\/wp-content\\\/uploads\\\/2020\\\/10\\\/web-logo.png\",\"width\":623,\"height\":100,\"caption\":\"Samostalni sindikat \u0161umarstva, prerade drveta i papira Bosne i Hercegovine\"},\"image\":{\"@id\":\"https:\\\/\\\/ssspdp.ba\\\/#\\\/schema\\\/logo\\\/image\\\/\"},\"sameAs\":[\"https:\\\/\\\/www.facebook.com\\\/Samostalni-sindikat-\u0161umarstva-prerade-drveta-i-papira-BiH-1740799582820896\\\/?ref=page_internal\"]},{\"@type\":\"Person\",\"@id\":\"https:\\\/\\\/ssspdp.ba\\\/#\\\/schema\\\/person\\\/ca59c1c3438388dc9efc2e2c1520dd58\",\"name\":\"Senudin Jahic\",\"image\":{\"@type\":\"ImageObject\",\"inLanguage\":\"en-US\",\"@id\":\"https:\\\/\\\/secure.gravatar.com\\\/avatar\\\/4c408c3d0a009ed2e77d9394b7d39ae86e939f4183d1b501926522e8b6ed0820?s=96&d=mm&r=g\",\"url\":\"https:\\\/\\\/secure.gravatar.com\\\/avatar\\\/4c408c3d0a009ed2e77d9394b7d39ae86e939f4183d1b501926522e8b6ed0820?s=96&d=mm&r=g\",\"contentUrl\":\"https:\\\/\\\/secure.gravatar.com\\\/avatar\\\/4c408c3d0a009ed2e77d9394b7d39ae86e939f4183d1b501926522e8b6ed0820?s=96&d=mm&r=g\",\"caption\":\"Senudin Jahic\"},\"sameAs\":[\"http:\\\/\\\/ssspdp.ba\"]}]}<\/script>\n<!-- \/ Yoast SEO plugin. -->","yoast_head_json":{"title":"SAOP\u0106ENJE ZA JAVNOST: KONSULTACIJE SA ZAINTERESIRANIM STRANAMA PRIJE PROGLA\u0160ENJA PET ZA\u0160TI\u0106ENIH PODRU\u010cJA U ZENI\u010cKO-DOBOJSKOM KANTONU - Samostalni sindikat \u0161umarstva, prerade drveta i papira Bosne i Hercegovine","robots":{"index":"index","follow":"follow","max-snippet":"max-snippet:-1","max-image-preview":"max-image-preview:large","max-video-preview":"max-video-preview:-1"},"canonical":"https:\/\/ssspdp.ba\/?p=1832","og_locale":"en_US","og_type":"article","og_title":"SAOP\u0106ENJE ZA JAVNOST: KONSULTACIJE SA ZAINTERESIRANIM STRANAMA PRIJE PROGLA\u0160ENJA PET ZA\u0160TI\u0106ENIH PODRU\u010cJA U ZENI\u010cKO-DOBOJSKOM KANTONU - Samostalni sindikat \u0161umarstva, prerade drveta i papira Bosne i Hercegovine","og_description":"Zenica, 23. mart\/o\u017eujak 2022. &#8211; Izjava premijera Zeni\u010dko-dobojskog kantona Mirnesa Ba\u0161i\u0107a i resornog Ministarstva za prostorno ure\u0111enje, promet i komunikacije i za\u0161titu okoline ZDK u pogledu spremnosti da se podr\u017ei formiranje pet novih za\u0161ti\u0107enih podru\u010dja na podru\u010dju ovoga Kantona, kao i formiranje javne ustanove za za\u0161ti\u0107ena podru\u010dja bez prethodno provedenih konsultacija sa svim interesnim grupama, [&hellip;]","og_url":"https:\/\/ssspdp.ba\/?p=1832","og_site_name":"Samostalni sindikat \u0161umarstva, prerade drveta i papira Bosne i Hercegovine","article_publisher":"https:\/\/www.facebook.com\/Samostalni-sindikat-%c5%a1umarstva-prerade-drveta-i-papira-BiH-1740799582820896\/?ref=page_internal","article_published_time":"2022-03-23T08:08:17+00:00","article_modified_time":"2022-03-23T14:35:45+00:00","og_image":[{"width":2560,"height":1606,"url":"https:\/\/ssspdp.ba\/wp-content\/uploads\/2022\/03\/Saopcenje-23.3.22-scaled.jpg","type":"image\/jpeg"}],"author":"Senudin Jahic","twitter_card":"summary_large_image","twitter_misc":{"Written by":"Senudin Jahic","Est. reading time":"3 minutes"},"schema":{"@context":"https:\/\/schema.org","@graph":[{"@type":"Article","@id":"https:\/\/ssspdp.ba\/?p=1832#article","isPartOf":{"@id":"https:\/\/ssspdp.ba\/?p=1832"},"author":{"name":"Senudin Jahic","@id":"https:\/\/ssspdp.ba\/#\/schema\/person\/ca59c1c3438388dc9efc2e2c1520dd58"},"headline":"SAOP\u0106ENJE ZA JAVNOST: KONSULTACIJE SA ZAINTERESIRANIM STRANAMA PRIJE PROGLA\u0160ENJA PET ZA\u0160TI\u0106ENIH PODRU\u010cJA U ZENI\u010cKO-DOBOJSKOM KANTONU","datePublished":"2022-03-23T08:08:17+00:00","dateModified":"2022-03-23T14:35:45+00:00","mainEntityOfPage":{"@id":"https:\/\/ssspdp.ba\/?p=1832"},"wordCount":903,"publisher":{"@id":"https:\/\/ssspdp.ba\/#organization"},"image":{"@id":"https:\/\/ssspdp.ba\/?p=1832#primaryimage"},"thumbnailUrl":"https:\/\/ssspdp.ba\/wp-content\/uploads\/2022\/03\/Saopcenje-23.3.22-scaled.jpg","articleSection":["Novosti"],"inLanguage":"en-US"},{"@type":"WebPage","@id":"https:\/\/ssspdp.ba\/?p=1832","url":"https:\/\/ssspdp.ba\/?p=1832","name":"SAOP\u0106ENJE ZA JAVNOST: KONSULTACIJE SA ZAINTERESIRANIM STRANAMA PRIJE PROGLA\u0160ENJA PET ZA\u0160TI\u0106ENIH PODRU\u010cJA U ZENI\u010cKO-DOBOJSKOM KANTONU - Samostalni sindikat \u0161umarstva, prerade drveta i papira Bosne i Hercegovine","isPartOf":{"@id":"https:\/\/ssspdp.ba\/#website"},"primaryImageOfPage":{"@id":"https:\/\/ssspdp.ba\/?p=1832#primaryimage"},"image":{"@id":"https:\/\/ssspdp.ba\/?p=1832#primaryimage"},"thumbnailUrl":"https:\/\/ssspdp.ba\/wp-content\/uploads\/2022\/03\/Saopcenje-23.3.22-scaled.jpg","datePublished":"2022-03-23T08:08:17+00:00","dateModified":"2022-03-23T14:35:45+00:00","breadcrumb":{"@id":"https:\/\/ssspdp.ba\/?p=1832#breadcrumb"},"inLanguage":"en-US","potentialAction":[{"@type":"ReadAction","target":["https:\/\/ssspdp.ba\/?p=1832"]}]},{"@type":"ImageObject","inLanguage":"en-US","@id":"https:\/\/ssspdp.ba\/?p=1832#primaryimage","url":"https:\/\/ssspdp.ba\/wp-content\/uploads\/2022\/03\/Saopcenje-23.3.22-scaled.jpg","contentUrl":"https:\/\/ssspdp.ba\/wp-content\/uploads\/2022\/03\/Saopcenje-23.3.22-scaled.jpg","width":2560,"height":1606},{"@type":"BreadcrumbList","@id":"https:\/\/ssspdp.ba\/?p=1832#breadcrumb","itemListElement":[{"@type":"ListItem","position":1,"name":"Home","item":"https:\/\/ssspdp.ba\/"},{"@type":"ListItem","position":2,"name":"SAOP\u0106ENJE ZA JAVNOST: KONSULTACIJE SA ZAINTERESIRANIM STRANAMA PRIJE PROGLA\u0160ENJA PET ZA\u0160TI\u0106ENIH PODRU\u010cJA U ZENI\u010cKO-DOBOJSKOM KANTONU"}]},{"@type":"WebSite","@id":"https:\/\/ssspdp.ba\/#website","url":"https:\/\/ssspdp.ba\/","name":"Samostalni sindikat \u0161umarstva, prerade drveta i papira Bosne i Hercegovine","description":"","publisher":{"@id":"https:\/\/ssspdp.ba\/#organization"},"potentialAction":[{"@type":"SearchAction","target":{"@type":"EntryPoint","urlTemplate":"https:\/\/ssspdp.ba\/?s={search_term_string}"},"query-input":{"@type":"PropertyValueSpecification","valueRequired":true,"valueName":"search_term_string"}}],"inLanguage":"en-US"},{"@type":"Organization","@id":"https:\/\/ssspdp.ba\/#organization","name":"Samostalni sindikat \u0161umarstva, prerade drveta i papira Bosne i Hercegovine","url":"https:\/\/ssspdp.ba\/","logo":{"@type":"ImageObject","inLanguage":"en-US","@id":"https:\/\/ssspdp.ba\/#\/schema\/logo\/image\/","url":"https:\/\/ssspdp.ba\/wp-content\/uploads\/2020\/10\/web-logo.png","contentUrl":"https:\/\/ssspdp.ba\/wp-content\/uploads\/2020\/10\/web-logo.png","width":623,"height":100,"caption":"Samostalni sindikat \u0161umarstva, prerade drveta i papira Bosne i Hercegovine"},"image":{"@id":"https:\/\/ssspdp.ba\/#\/schema\/logo\/image\/"},"sameAs":["https:\/\/www.facebook.com\/Samostalni-sindikat-\u0161umarstva-prerade-drveta-i-papira-BiH-1740799582820896\/?ref=page_internal"]},{"@type":"Person","@id":"https:\/\/ssspdp.ba\/#\/schema\/person\/ca59c1c3438388dc9efc2e2c1520dd58","name":"Senudin Jahic","image":{"@type":"ImageObject","inLanguage":"en-US","@id":"https:\/\/secure.gravatar.com\/avatar\/4c408c3d0a009ed2e77d9394b7d39ae86e939f4183d1b501926522e8b6ed0820?s=96&d=mm&r=g","url":"https:\/\/secure.gravatar.com\/avatar\/4c408c3d0a009ed2e77d9394b7d39ae86e939f4183d1b501926522e8b6ed0820?s=96&d=mm&r=g","contentUrl":"https:\/\/secure.gravatar.com\/avatar\/4c408c3d0a009ed2e77d9394b7d39ae86e939f4183d1b501926522e8b6ed0820?s=96&d=mm&r=g","caption":"Senudin Jahic"},"sameAs":["http:\/\/ssspdp.ba"]}]}},"_links":{"self":[{"href":"https:\/\/ssspdp.ba\/index.php?rest_route=\/wp\/v2\/posts\/1832","targetHints":{"allow":["GET"]}}],"collection":[{"href":"https:\/\/ssspdp.ba\/index.php?rest_route=\/wp\/v2\/posts"}],"about":[{"href":"https:\/\/ssspdp.ba\/index.php?rest_route=\/wp\/v2\/types\/post"}],"author":[{"embeddable":true,"href":"https:\/\/ssspdp.ba\/index.php?rest_route=\/wp\/v2\/users\/2"}],"replies":[{"embeddable":true,"href":"https:\/\/ssspdp.ba\/index.php?rest_route=%2Fwp%2Fv2%2Fcomments&post=1832"}],"version-history":[{"count":2,"href":"https:\/\/ssspdp.ba\/index.php?rest_route=\/wp\/v2\/posts\/1832\/revisions"}],"predecessor-version":[{"id":1836,"href":"https:\/\/ssspdp.ba\/index.php?rest_route=\/wp\/v2\/posts\/1832\/revisions\/1836"}],"wp:featuredmedia":[{"embeddable":true,"href":"https:\/\/ssspdp.ba\/index.php?rest_route=\/wp\/v2\/media\/1835"}],"wp:attachment":[{"href":"https:\/\/ssspdp.ba\/index.php?rest_route=%2Fwp%2Fv2%2Fmedia&parent=1832"}],"wp:term":[{"taxonomy":"category","embeddable":true,"href":"https:\/\/ssspdp.ba\/index.php?rest_route=%2Fwp%2Fv2%2Fcategories&post=1832"},{"taxonomy":"post_tag","embeddable":true,"href":"https:\/\/ssspdp.ba\/index.php?rest_route=%2Fwp%2Fv2%2Ftags&post=1832"}],"curies":[{"name":"wp","href":"https:\/\/api.w.org\/{rel}","templated":true}]}}