{"id":1841,"date":"2022-03-30T16:52:00","date_gmt":"2022-03-30T15:52:00","guid":{"rendered":"https:\/\/ssspdp.ba\/?p=1841"},"modified":"2022-04-10T11:52:28","modified_gmt":"2022-04-10T10:52:28","slug":"radnici-sumsko-privrednih-drustava-prvi-u-gasenju-pozara","status":"publish","type":"post","link":"https:\/\/ssspdp.ba\/?p=1841","title":{"rendered":"RADNICI \u0160UMSKO-PRIVREDNIH DRU\u0160TAVA PRVI U GA\u0160ENJU PO\u017dARA"},"content":{"rendered":"\n<p>Na \u0161irem prostoru Bosne i Hercegovine u posljednjih 15 dana, zbog izuzetno pogodnih vremenskih prilika za nastanak i \u0161irenje vatrenih stihija, zabilje\u017eeno je vi\u0161e \u0161umskih po\u017eara, a neki od njih jo\u0161 uvijek su aktivni. Prvi u ga\u0161enju po\u017eara u \u0161umama bili su radnici \u0161umsko-privrednih dru\u0161tava. Pored obavljanja redovnih radnih obaveza, radnici \u0161umarstva uvijek prvi interveni\u0161u u ga\u0161enju po\u017eara i saniranju po\u017eari\u0161ta. U borbi sa vatrenom stihijom dodatni problem predstavlja ga\u0161enje po\u017eara na miniranim podru\u010djima, gdje je nemogu\u0107e pristupiti po\u017earu i isti lokalizirati u ranoj fazi nastanka. Radnicima \u0161umarstva u ovim poslovima poma\u017eu vatrogasne jedinice kao i lokalno stanovni\u0161tvo, tako da je veliki broj po\u017eari\u0161ta uspje\u0161no lokalizovan bez ljudskih gubitaka.<\/p>\n\n\n\n<p>Op\u0107ina Konjic i ove godine, kao i prethodnih ima veliki problem sa \u0161umskim po\u017earima. Zajedno sa Vatrogasnom jedinicom Konjic, u ga\u0161enju po\u017eara anga\u017eovana je i Vatrogasna jedinica \u0160umarstva \u201cPrenj\u201d d.d. Konjic. Jedinica broji 12 obu\u010denih \u010dlanova koji su posljednjih 10 dana svakodnevno raspore\u0111eni na po\u017earima, skoro cijeli dan. Bili su aktivni po\u017eari na lokalitetima Spiljani, Vraba\u010d, Obri, Kula, Vi\u0161njevice, \u010ci\u010devo, Argud i dr. \u010clanovi vatrogasne jedinice \u0160umarstva \u201cPrenj\u201d najvi\u0161e su bili anga\u017eovani na ga\u0161enju po\u017eara na Vrab\u010du, Vi\u0161njevcima, Kuli i Spiljanima koji je uspje\u0161no uga\u0161en nakon pet dana borbe sa vatrenom stihijom.<\/p>\n\n\n\n<figure class=\"wp-block-gallery columns-3 is-cropped wp-block-gallery-1 is-layout-flex wp-block-gallery-is-layout-flex\"><ul class=\"blocks-gallery-grid\"><li class=\"blocks-gallery-item\"><figure><img loading=\"lazy\" decoding=\"async\" width=\"1024\" height=\"768\" src=\"https:\/\/ssspdp.ba\/wp-content\/uploads\/2022\/04\/viber_image_2022-03-30_13-47-26-720-1024x768.jpg\" alt=\"\" data-id=\"1842\" data-full-url=\"https:\/\/ssspdp.ba\/wp-content\/uploads\/2022\/04\/viber_image_2022-03-30_13-47-26-720.jpg\" data-link=\"https:\/\/ssspdp.ba\/?attachment_id=1842\" class=\"wp-image-1842\" srcset=\"https:\/\/ssspdp.ba\/wp-content\/uploads\/2022\/04\/viber_image_2022-03-30_13-47-26-720-980x735.jpg 980w, https:\/\/ssspdp.ba\/wp-content\/uploads\/2022\/04\/viber_image_2022-03-30_13-47-26-720-480x360.jpg 480w\" sizes=\"auto, (min-width: 0px) and (max-width: 480px) 480px, (min-width: 481px) and (max-width: 980px) 980px, (min-width: 981px) 1024px, 100vw\" \/><\/figure><\/li><li class=\"blocks-gallery-item\"><figure><img loading=\"lazy\" decoding=\"async\" width=\"672\" height=\"903\" src=\"https:\/\/ssspdp.ba\/wp-content\/uploads\/2022\/04\/viber_image_2022-03-30_13-47-27-411.jpg\" alt=\"\" data-id=\"1843\" data-full-url=\"https:\/\/ssspdp.ba\/wp-content\/uploads\/2022\/04\/viber_image_2022-03-30_13-47-27-411.jpg\" data-link=\"https:\/\/ssspdp.ba\/?attachment_id=1843\" class=\"wp-image-1843\" srcset=\"https:\/\/ssspdp.ba\/wp-content\/uploads\/2022\/04\/viber_image_2022-03-30_13-47-27-411.jpg 672w, https:\/\/ssspdp.ba\/wp-content\/uploads\/2022\/04\/viber_image_2022-03-30_13-47-27-411-480x645.jpg 480w\" sizes=\"auto, (min-width: 0px) and (max-width: 480px) 480px, (min-width: 481px) 672px, 100vw\" \/><\/figure><\/li><li class=\"blocks-gallery-item\"><figure><img loading=\"lazy\" decoding=\"async\" width=\"683\" height=\"1024\" src=\"https:\/\/ssspdp.ba\/wp-content\/uploads\/2022\/04\/viber_image_2022-03-30_13-47-28-106-683x1024.jpg\" alt=\"\" data-id=\"1844\" data-full-url=\"https:\/\/ssspdp.ba\/wp-content\/uploads\/2022\/04\/viber_image_2022-03-30_13-47-28-106.jpg\" data-link=\"https:\/\/ssspdp.ba\/?attachment_id=1844\" class=\"wp-image-1844\" srcset=\"https:\/\/ssspdp.ba\/wp-content\/uploads\/2022\/04\/viber_image_2022-03-30_13-47-28-106-683x1024.jpg 683w, https:\/\/ssspdp.ba\/wp-content\/uploads\/2022\/04\/viber_image_2022-03-30_13-47-28-106-480x720.jpg 480w\" sizes=\"auto, (min-width: 0px) and (max-width: 480px) 480px, (min-width: 481px) 683px, 100vw\" \/><\/figure><\/li><li class=\"blocks-gallery-item\"><figure><img loading=\"lazy\" decoding=\"async\" width=\"720\" height=\"960\" src=\"https:\/\/ssspdp.ba\/wp-content\/uploads\/2022\/04\/viber_image_2022-03-30_13-47-28-650.jpg\" alt=\"\" data-id=\"1845\" data-full-url=\"https:\/\/ssspdp.ba\/wp-content\/uploads\/2022\/04\/viber_image_2022-03-30_13-47-28-650.jpg\" data-link=\"https:\/\/ssspdp.ba\/?attachment_id=1845\" class=\"wp-image-1845\" srcset=\"https:\/\/ssspdp.ba\/wp-content\/uploads\/2022\/04\/viber_image_2022-03-30_13-47-28-650.jpg 720w, https:\/\/ssspdp.ba\/wp-content\/uploads\/2022\/04\/viber_image_2022-03-30_13-47-28-650-480x640.jpg 480w\" sizes=\"auto, (min-width: 0px) and (max-width: 480px) 480px, (min-width: 481px) 720px, 100vw\" \/><\/figure><\/li><li class=\"blocks-gallery-item\"><figure><img loading=\"lazy\" decoding=\"async\" width=\"1024\" height=\"768\" src=\"https:\/\/ssspdp.ba\/wp-content\/uploads\/2022\/04\/viber_image_2022-03-30_13-47-29-451-1024x768.jpg\" alt=\"\" data-id=\"1846\" data-full-url=\"https:\/\/ssspdp.ba\/wp-content\/uploads\/2022\/04\/viber_image_2022-03-30_13-47-29-451.jpg\" data-link=\"https:\/\/ssspdp.ba\/?attachment_id=1846\" class=\"wp-image-1846\" srcset=\"https:\/\/ssspdp.ba\/wp-content\/uploads\/2022\/04\/viber_image_2022-03-30_13-47-29-451-1024x768.jpg 1024w, https:\/\/ssspdp.ba\/wp-content\/uploads\/2022\/04\/viber_image_2022-03-30_13-47-29-451-980x735.jpg 980w, https:\/\/ssspdp.ba\/wp-content\/uploads\/2022\/04\/viber_image_2022-03-30_13-47-29-451-480x360.jpg 480w\" sizes=\"auto, (min-width: 0px) and (max-width: 480px) 480px, (min-width: 481px) and (max-width: 980px) 980px, (min-width: 981px) 1024px, 100vw\" \/><\/figure><\/li><li class=\"blocks-gallery-item\"><figure><img loading=\"lazy\" decoding=\"async\" width=\"768\" height=\"1024\" src=\"https:\/\/ssspdp.ba\/wp-content\/uploads\/2022\/04\/viber_image_2022-03-30_13-47-30-263-768x1024.jpg\" alt=\"\" data-id=\"1847\" data-full-url=\"https:\/\/ssspdp.ba\/wp-content\/uploads\/2022\/04\/viber_image_2022-03-30_13-47-30-263.jpg\" data-link=\"https:\/\/ssspdp.ba\/?attachment_id=1847\" class=\"wp-image-1847\"\/><\/figure><\/li><li class=\"blocks-gallery-item\"><figure><img loading=\"lazy\" decoding=\"async\" width=\"768\" height=\"1024\" src=\"https:\/\/ssspdp.ba\/wp-content\/uploads\/2022\/04\/viber_image_2022-03-30_13-47-31-130-768x1024.jpg\" alt=\"\" data-id=\"1848\" data-full-url=\"https:\/\/ssspdp.ba\/wp-content\/uploads\/2022\/04\/viber_image_2022-03-30_13-47-31-130.jpg\" data-link=\"https:\/\/ssspdp.ba\/?attachment_id=1848\" class=\"wp-image-1848\"\/><\/figure><\/li><li class=\"blocks-gallery-item\"><figure><img loading=\"lazy\" decoding=\"async\" width=\"768\" height=\"1024\" src=\"https:\/\/ssspdp.ba\/wp-content\/uploads\/2022\/04\/viber_image_2022-03-30_13-47-32-936-768x1024.jpg\" alt=\"\" data-id=\"1849\" data-full-url=\"https:\/\/ssspdp.ba\/wp-content\/uploads\/2022\/04\/viber_image_2022-03-30_13-47-32-936.jpg\" data-link=\"https:\/\/ssspdp.ba\/?attachment_id=1849\" class=\"wp-image-1849\"\/><\/figure><\/li><li class=\"blocks-gallery-item\"><figure><img loading=\"lazy\" decoding=\"async\" width=\"1024\" height=\"768\" src=\"https:\/\/ssspdp.ba\/wp-content\/uploads\/2022\/04\/viber_image_2022-03-30_13-47-33-552-1024x768.jpg\" alt=\"\" data-id=\"1850\" data-full-url=\"https:\/\/ssspdp.ba\/wp-content\/uploads\/2022\/04\/viber_image_2022-03-30_13-47-33-552.jpg\" data-link=\"https:\/\/ssspdp.ba\/?attachment_id=1850\" class=\"wp-image-1850\" srcset=\"https:\/\/ssspdp.ba\/wp-content\/uploads\/2022\/04\/viber_image_2022-03-30_13-47-33-552-980x735.jpg 980w, https:\/\/ssspdp.ba\/wp-content\/uploads\/2022\/04\/viber_image_2022-03-30_13-47-33-552-480x360.jpg 480w\" sizes=\"auto, (min-width: 0px) and (max-width: 480px) 480px, (min-width: 481px) and (max-width: 980px) 980px, (min-width: 981px) 1024px, 100vw\" \/><\/figure><\/li><li class=\"blocks-gallery-item\"><figure><img loading=\"lazy\" decoding=\"async\" width=\"1024\" height=\"768\" src=\"https:\/\/ssspdp.ba\/wp-content\/uploads\/2022\/04\/viber_image_2022-03-30_13-47-35-722-1024x768.jpg\" alt=\"\" data-id=\"1851\" data-full-url=\"https:\/\/ssspdp.ba\/wp-content\/uploads\/2022\/04\/viber_image_2022-03-30_13-47-35-722.jpg\" data-link=\"https:\/\/ssspdp.ba\/?attachment_id=1851\" class=\"wp-image-1851\" srcset=\"https:\/\/ssspdp.ba\/wp-content\/uploads\/2022\/04\/viber_image_2022-03-30_13-47-35-722-980x735.jpg 980w, https:\/\/ssspdp.ba\/wp-content\/uploads\/2022\/04\/viber_image_2022-03-30_13-47-35-722-480x360.jpg 480w\" sizes=\"auto, (min-width: 0px) and (max-width: 480px) 480px, (min-width: 481px) and (max-width: 980px) 980px, (min-width: 981px) 1024px, 100vw\" \/><\/figure><\/li><li class=\"blocks-gallery-item\"><figure><img loading=\"lazy\" decoding=\"async\" width=\"768\" height=\"1024\" src=\"https:\/\/ssspdp.ba\/wp-content\/uploads\/2022\/04\/viber_image_2022-03-30_13-47-36-547-768x1024.jpg\" alt=\"\" data-id=\"1852\" data-full-url=\"https:\/\/ssspdp.ba\/wp-content\/uploads\/2022\/04\/viber_image_2022-03-30_13-47-36-547.jpg\" data-link=\"https:\/\/ssspdp.ba\/?attachment_id=1852\" class=\"wp-image-1852\"\/><\/figure><\/li><li class=\"blocks-gallery-item\"><figure><img loading=\"lazy\" decoding=\"async\" width=\"1024\" height=\"768\" src=\"https:\/\/ssspdp.ba\/wp-content\/uploads\/2022\/04\/viber_image_2022-03-30_13-47-37-288-1024x768.jpg\" alt=\"\" data-id=\"1853\" data-full-url=\"https:\/\/ssspdp.ba\/wp-content\/uploads\/2022\/04\/viber_image_2022-03-30_13-47-37-288.jpg\" data-link=\"https:\/\/ssspdp.ba\/?attachment_id=1853\" class=\"wp-image-1853\" srcset=\"https:\/\/ssspdp.ba\/wp-content\/uploads\/2022\/04\/viber_image_2022-03-30_13-47-37-288-980x735.jpg 980w, https:\/\/ssspdp.ba\/wp-content\/uploads\/2022\/04\/viber_image_2022-03-30_13-47-37-288-480x360.jpg 480w\" sizes=\"auto, (min-width: 0px) and (max-width: 480px) 480px, (min-width: 481px) and (max-width: 980px) 980px, (min-width: 981px) 1024px, 100vw\" \/><\/figure><\/li><li class=\"blocks-gallery-item\"><figure><img loading=\"lazy\" decoding=\"async\" width=\"768\" height=\"1024\" src=\"https:\/\/ssspdp.ba\/wp-content\/uploads\/2022\/04\/viber_image_2022-03-30_13-47-37-980-768x1024.jpg\" alt=\"\" data-id=\"1854\" data-full-url=\"https:\/\/ssspdp.ba\/wp-content\/uploads\/2022\/04\/viber_image_2022-03-30_13-47-37-980.jpg\" data-link=\"https:\/\/ssspdp.ba\/?attachment_id=1854\" class=\"wp-image-1854\"\/><\/figure><\/li><li class=\"blocks-gallery-item\"><figure><img loading=\"lazy\" decoding=\"async\" width=\"1024\" height=\"768\" src=\"https:\/\/ssspdp.ba\/wp-content\/uploads\/2022\/04\/viber_image_2022-03-30_13-47-41-157-1024x768.jpg\" alt=\"\" data-id=\"1855\" data-full-url=\"https:\/\/ssspdp.ba\/wp-content\/uploads\/2022\/04\/viber_image_2022-03-30_13-47-41-157.jpg\" data-link=\"https:\/\/ssspdp.ba\/?attachment_id=1855\" class=\"wp-image-1855\" srcset=\"https:\/\/ssspdp.ba\/wp-content\/uploads\/2022\/04\/viber_image_2022-03-30_13-47-41-157-980x735.jpg 980w, https:\/\/ssspdp.ba\/wp-content\/uploads\/2022\/04\/viber_image_2022-03-30_13-47-41-157-480x360.jpg 480w\" sizes=\"auto, (min-width: 0px) and (max-width: 480px) 480px, (min-width: 481px) and (max-width: 980px) 980px, (min-width: 981px) 1024px, 100vw\" \/><\/figure><\/li><li class=\"blocks-gallery-item\"><figure><img loading=\"lazy\" decoding=\"async\" width=\"1024\" height=\"768\" src=\"https:\/\/ssspdp.ba\/wp-content\/uploads\/2022\/04\/viber_image_2022-03-30_13-47-41-890-1024x768.jpg\" alt=\"\" data-id=\"1856\" data-full-url=\"https:\/\/ssspdp.ba\/wp-content\/uploads\/2022\/04\/viber_image_2022-03-30_13-47-41-890.jpg\" data-link=\"https:\/\/ssspdp.ba\/?attachment_id=1856\" class=\"wp-image-1856\" srcset=\"https:\/\/ssspdp.ba\/wp-content\/uploads\/2022\/04\/viber_image_2022-03-30_13-47-41-890-980x735.jpg 980w, https:\/\/ssspdp.ba\/wp-content\/uploads\/2022\/04\/viber_image_2022-03-30_13-47-41-890-480x360.jpg 480w\" sizes=\"auto, (min-width: 0px) and (max-width: 480px) 480px, (min-width: 481px) and (max-width: 980px) 980px, (min-width: 981px) 1024px, 100vw\" \/><\/figure><\/li><li class=\"blocks-gallery-item\"><figure><img loading=\"lazy\" decoding=\"async\" width=\"768\" height=\"1024\" src=\"https:\/\/ssspdp.ba\/wp-content\/uploads\/2022\/04\/viber_image_2022-03-30_13-47-42-757-768x1024.jpg\" alt=\"\" data-id=\"1857\" data-full-url=\"https:\/\/ssspdp.ba\/wp-content\/uploads\/2022\/04\/viber_image_2022-03-30_13-47-42-757.jpg\" data-link=\"https:\/\/ssspdp.ba\/?attachment_id=1857\" class=\"wp-image-1857\"\/><\/figure><\/li><\/ul><figcaption class=\"blocks-gallery-caption\"><em><em>\u0160umarstvo Prenj Konjic: Ga\u0161enje po\u017eara, mart 22.<\/em><\/em><\/figcaption><\/figure>\n\n\n\n<p><\/p>\n\n\n\n<p>Tako\u0111er, radnici \u0160umarstva \u201cSrednjeneretvansko\u201d Mostar bili su anga\u017eovani na ga\u0161enju po\u017eara &nbsp;na podru\u010dju Mostara &#8211; lokalitet Bahtijevica i podru\u010dju Jablanice &#8211; lokalitet Zlate.<\/p>\n\n\n\n<p>U Zeni\u010dko-dobojskom kantonu evidentirana su ukupno 83 po\u017eara na podru\u010dju op\u0107ina Vare\u0161, Visoko, Zavidovi\u0107i, Zenica, Kakanj, Maglaj, Olovo, \u017dep\u010de i Te\u0161anj. Po\u017eari su zahvatili \u0161umu i ni\u017ee rastinje. Najvi\u0161e po\u017eara evidentirano je na podru\u010djima op\u0107ina Zenica i Kakanj. U protekloj sedmici evidentirana su 44 po\u017eara, a od toga na podru\u010dju \u0160umarije Zenica samo 27. marta evidentirano je \u010dak 10 po\u017eara, a vatrena stihija zahvatila je \u0161ire podru\u010dje planine Lisac. Na ga\u0161enju po\u017eara u\u010destvovali su radnici svih \u0161umarija. JP \u201c\u0160PD Zeni\u010dko-dobojskog kantona\u201d d.o.o Zavidovi\u0107i.<\/p>\n\n\n\n<figure class=\"wp-block-gallery columns-3 is-cropped wp-block-gallery-2 is-layout-flex wp-block-gallery-is-layout-flex\"><ul class=\"blocks-gallery-grid\"><li class=\"blocks-gallery-item\"><figure><img loading=\"lazy\" decoding=\"async\" width=\"720\" height=\"960\" src=\"https:\/\/ssspdp.ba\/wp-content\/uploads\/2022\/04\/viber_image_2022-03-30_14-18-27-784.jpg\" alt=\"\" data-id=\"1879\" data-full-url=\"https:\/\/ssspdp.ba\/wp-content\/uploads\/2022\/04\/viber_image_2022-03-30_14-18-27-784.jpg\" data-link=\"https:\/\/ssspdp.ba\/?attachment_id=1879\" class=\"wp-image-1879\" srcset=\"https:\/\/ssspdp.ba\/wp-content\/uploads\/2022\/04\/viber_image_2022-03-30_14-18-27-784.jpg 720w, https:\/\/ssspdp.ba\/wp-content\/uploads\/2022\/04\/viber_image_2022-03-30_14-18-27-784-480x640.jpg 480w\" sizes=\"auto, (min-width: 0px) and (max-width: 480px) 480px, (min-width: 481px) 720px, 100vw\" \/><\/figure><\/li><li class=\"blocks-gallery-item\"><figure><img loading=\"lazy\" decoding=\"async\" width=\"720\" height=\"960\" src=\"https:\/\/ssspdp.ba\/wp-content\/uploads\/2022\/04\/viber_image_2022-03-30_14-18-28-400.jpg\" alt=\"\" data-id=\"1880\" data-full-url=\"https:\/\/ssspdp.ba\/wp-content\/uploads\/2022\/04\/viber_image_2022-03-30_14-18-28-400.jpg\" data-link=\"https:\/\/ssspdp.ba\/?attachment_id=1880\" class=\"wp-image-1880\" srcset=\"https:\/\/ssspdp.ba\/wp-content\/uploads\/2022\/04\/viber_image_2022-03-30_14-18-28-400.jpg 720w, https:\/\/ssspdp.ba\/wp-content\/uploads\/2022\/04\/viber_image_2022-03-30_14-18-28-400-480x640.jpg 480w\" sizes=\"auto, (min-width: 0px) and (max-width: 480px) 480px, (min-width: 481px) 720px, 100vw\" \/><\/figure><\/li><li class=\"blocks-gallery-item\"><figure><img loading=\"lazy\" decoding=\"async\" width=\"720\" height=\"960\" src=\"https:\/\/ssspdp.ba\/wp-content\/uploads\/2022\/04\/viber_image_2022-03-30_14-18-29-694.jpg\" alt=\"\" data-id=\"1881\" data-full-url=\"https:\/\/ssspdp.ba\/wp-content\/uploads\/2022\/04\/viber_image_2022-03-30_14-18-29-694.jpg\" data-link=\"https:\/\/ssspdp.ba\/?attachment_id=1881\" class=\"wp-image-1881\" srcset=\"https:\/\/ssspdp.ba\/wp-content\/uploads\/2022\/04\/viber_image_2022-03-30_14-18-29-694.jpg 720w, https:\/\/ssspdp.ba\/wp-content\/uploads\/2022\/04\/viber_image_2022-03-30_14-18-29-694-480x640.jpg 480w\" sizes=\"auto, (min-width: 0px) and (max-width: 480px) 480px, (min-width: 481px) 720px, 100vw\" \/><\/figure><\/li><li class=\"blocks-gallery-item\"><figure><img loading=\"lazy\" decoding=\"async\" width=\"720\" height=\"960\" src=\"https:\/\/ssspdp.ba\/wp-content\/uploads\/2022\/04\/viber_image_2022-03-30_14-18-30-547.jpg\" alt=\"\" data-id=\"1882\" data-full-url=\"https:\/\/ssspdp.ba\/wp-content\/uploads\/2022\/04\/viber_image_2022-03-30_14-18-30-547.jpg\" data-link=\"https:\/\/ssspdp.ba\/?attachment_id=1882\" class=\"wp-image-1882\" srcset=\"https:\/\/ssspdp.ba\/wp-content\/uploads\/2022\/04\/viber_image_2022-03-30_14-18-30-547.jpg 720w, https:\/\/ssspdp.ba\/wp-content\/uploads\/2022\/04\/viber_image_2022-03-30_14-18-30-547-480x640.jpg 480w\" sizes=\"auto, (min-width: 0px) and (max-width: 480px) 480px, (min-width: 481px) 720px, 100vw\" \/><\/figure><\/li><\/ul><figcaption class=\"blocks-gallery-caption\"><em>JP \u0160PD ZDK d.o.o. Zavidovi\u0107i: Ga\u0161enje po\u017eara na podru\u010dju op\u0107ine Olovo, Odjel 62 &#8220;DS&#8221; R.J. Olovo<\/em><\/figcaption><\/figure>\n\n\n\n<p><\/p>\n\n\n\n<p><\/p>\n\n\n\n<figure class=\"wp-block-image size-large\"><img loading=\"lazy\" decoding=\"async\" width=\"1024\" height=\"768\" src=\"https:\/\/ssspdp.ba\/wp-content\/uploads\/2022\/04\/viber_image_2022-03-30_14-16-22-213-1024x768.jpg\" alt=\"\" class=\"wp-image-1861\" srcset=\"https:\/\/ssspdp.ba\/wp-content\/uploads\/2022\/04\/viber_image_2022-03-30_14-16-22-213-1024x768.jpg 1024w, https:\/\/ssspdp.ba\/wp-content\/uploads\/2022\/04\/viber_image_2022-03-30_14-16-22-213-980x735.jpg 980w, https:\/\/ssspdp.ba\/wp-content\/uploads\/2022\/04\/viber_image_2022-03-30_14-16-22-213-480x360.jpg 480w\" sizes=\"auto, (min-width: 0px) and (max-width: 480px) 480px, (min-width: 481px) and (max-width: 980px) 980px, (min-width: 981px) 1024px, 100vw\" \/><figcaption><em>JP \u0160PD ZDK d.o.o. Zavidovi\u0107i: Ga\u0161enje po\u017eara na podru\u010dju op\u0107ine Zavidovi\u0107i, Odjel GJ Donja Krivaja<\/em><\/figcaption><\/figure>\n\n\n\n<p>Radnici \u0160umarije Banovi\u0107i \u2013 JP \u201c\u0160ume Tuzlanskog kantona\u201d d.d. Kladanj&nbsp;bili su aktivni na ga\u0161enju po\u017eara na podru\u010dju Op\u0107ine Banovi\u0107i, kao i podru\u010dju Kladnja- lokaliteti Srednja Drinja\u010da i Gostelja. Intervencije su bile i na po\u017eari\u0161tima na drugim lokacijama u Tuzlanskom kantonu i to op\u0107inama Srebrenik,&nbsp;Sapna, Kalesija, Lukavac gdje su gorili trava, nisko rastinje i \u0161uma.<\/p>\n\n\n\n<figure class=\"wp-block-gallery columns-3 is-cropped wp-block-gallery-3 is-layout-flex wp-block-gallery-is-layout-flex\"><ul class=\"blocks-gallery-grid\"><li class=\"blocks-gallery-item\"><figure><img loading=\"lazy\" decoding=\"async\" width=\"768\" height=\"1024\" src=\"https:\/\/ssspdp.ba\/wp-content\/uploads\/2022\/04\/viber_image_2022-03-30_14-00-43-014-1-768x1024.jpg\" alt=\"\" data-id=\"1862\" data-full-url=\"https:\/\/ssspdp.ba\/wp-content\/uploads\/2022\/04\/viber_image_2022-03-30_14-00-43-014-1.jpg\" data-link=\"https:\/\/ssspdp.ba\/?attachment_id=1862\" class=\"wp-image-1862\"\/><\/figure><\/li><li class=\"blocks-gallery-item\"><figure><img loading=\"lazy\" decoding=\"async\" width=\"768\" height=\"1024\" src=\"https:\/\/ssspdp.ba\/wp-content\/uploads\/2022\/04\/viber_image_2022-03-30_14-00-43-709-1-768x1024.jpg\" alt=\"\" data-id=\"1863\" data-full-url=\"https:\/\/ssspdp.ba\/wp-content\/uploads\/2022\/04\/viber_image_2022-03-30_14-00-43-709-1.jpg\" data-link=\"https:\/\/ssspdp.ba\/?attachment_id=1863\" class=\"wp-image-1863\"\/><\/figure><\/li><li class=\"blocks-gallery-item\"><figure><img loading=\"lazy\" decoding=\"async\" width=\"768\" height=\"1024\" src=\"https:\/\/ssspdp.ba\/wp-content\/uploads\/2022\/04\/viber_image_2022-03-30_14-00-45-191-1-768x1024.jpg\" alt=\"\" data-id=\"1864\" data-full-url=\"https:\/\/ssspdp.ba\/wp-content\/uploads\/2022\/04\/viber_image_2022-03-30_14-00-45-191-1.jpg\" data-link=\"https:\/\/ssspdp.ba\/?attachment_id=1864\" class=\"wp-image-1864\"\/><\/figure><\/li><\/ul><figcaption class=\"blocks-gallery-caption\"><em>\u0160umsko gazdinstvo &#8220;Spre\u010dko&#8221; \u0161umarija Banovi\u0107i, ga\u0161enje po\u017eara u Odjelu 2 na lokalitetu Donja Krivaja<\/em><\/figcaption><\/figure>\n\n\n\n<p><\/p>\n\n\n\n<p>Radnici&nbsp; \u0160PD \u201cSrednjobosanskog kantona\u201d\/ \u0160GD \u201cKantona Sredi\u0161nja Bosna\u201d d.o.o. D. Vakuf&nbsp; &#8211; \u0160umarija Busova\u010da bili su anga\u017eovani na ga\u0161enju \u0161ume i niskog rastinja na podru\u010dju Op\u0107ine Busova\u010da. Po\u017eari su lokalizovani i na podru\u010djima op\u0107ina Vitez, Kiseljak, Novi Travnik i Travnik gdje je gorila \u0161uma, nisko rastinje i suha trava.<\/p>\n\n\n\n<figure class=\"wp-block-gallery columns-3 is-cropped wp-block-gallery-4 is-layout-flex wp-block-gallery-is-layout-flex\"><ul class=\"blocks-gallery-grid\"><li class=\"blocks-gallery-item\"><figure><img loading=\"lazy\" decoding=\"async\" width=\"862\" height=\"907\" src=\"https:\/\/ssspdp.ba\/wp-content\/uploads\/2022\/04\/viber_image_2022-03-30_14-26-14-871.jpg\" alt=\"\" data-id=\"1869\" data-full-url=\"https:\/\/ssspdp.ba\/wp-content\/uploads\/2022\/04\/viber_image_2022-03-30_14-26-14-871.jpg\" data-link=\"https:\/\/ssspdp.ba\/?attachment_id=1869\" class=\"wp-image-1869\" srcset=\"https:\/\/ssspdp.ba\/wp-content\/uploads\/2022\/04\/viber_image_2022-03-30_14-26-14-871.jpg 862w, https:\/\/ssspdp.ba\/wp-content\/uploads\/2022\/04\/viber_image_2022-03-30_14-26-14-871-480x505.jpg 480w\" sizes=\"auto, (min-width: 0px) and (max-width: 480px) 480px, (min-width: 481px) 862px, 100vw\" \/><\/figure><\/li><li class=\"blocks-gallery-item\"><figure><img loading=\"lazy\" decoding=\"async\" width=\"815\" height=\"1024\" src=\"https:\/\/ssspdp.ba\/wp-content\/uploads\/2022\/04\/viber_image_2022-03-30_14-26-15-564-815x1024.jpg\" alt=\"\" data-id=\"1870\" data-full-url=\"https:\/\/ssspdp.ba\/wp-content\/uploads\/2022\/04\/viber_image_2022-03-30_14-26-15-564.jpg\" data-link=\"https:\/\/ssspdp.ba\/?attachment_id=1870\" class=\"wp-image-1870\"\/><\/figure><\/li><li class=\"blocks-gallery-item\"><figure><img loading=\"lazy\" decoding=\"async\" width=\"829\" height=\"1024\" src=\"https:\/\/ssspdp.ba\/wp-content\/uploads\/2022\/04\/viber_image_2022-03-30_14-26-17-578-829x1024.jpg\" alt=\"\" data-id=\"1871\" data-full-url=\"https:\/\/ssspdp.ba\/wp-content\/uploads\/2022\/04\/viber_image_2022-03-30_14-26-17-578.jpg\" data-link=\"https:\/\/ssspdp.ba\/?attachment_id=1871\" class=\"wp-image-1871\"\/><\/figure><\/li><\/ul><figcaption class=\"blocks-gallery-caption\"><em>\u0160PD\/\u0160GD &#8220;Srednjobosanske \u0161ume&#8221;: Ga\u0161enje po\u017eara, odjel 138, \u0161umarija Busova\u010da<\/em><\/figcaption><\/figure>\n\n\n\n<p><\/p>\n\n\n\n<p>U proteklom periodu po\u017eari su bili aktivni i na \u0161irem podru\u010dju Unsko-sanskog kantona i to u&nbsp;op\u0107inama Bosanska Krupa, Cazin, Sanski Most, Klju\u010d, Bosanski Petrovac. &nbsp;Radnici \u0160PD \u201dUnsko-sanske \u0161ume\u201d d.o.o. B. Krupa &nbsp;bili su uklju\u010deni u ga\u0161enje po\u017eara.<\/p>\n\n\n\n<figure class=\"wp-block-gallery columns-3 is-cropped wp-block-gallery-5 is-layout-flex wp-block-gallery-is-layout-flex\"><ul class=\"blocks-gallery-grid\"><li class=\"blocks-gallery-item\"><figure><img loading=\"lazy\" decoding=\"async\" width=\"1024\" height=\"768\" src=\"https:\/\/ssspdp.ba\/wp-content\/uploads\/2022\/04\/viber_image_2022-03-30_14-06-52-428-1024x768.jpg\" alt=\"\" data-id=\"1865\" data-full-url=\"https:\/\/ssspdp.ba\/wp-content\/uploads\/2022\/04\/viber_image_2022-03-30_14-06-52-428.jpg\" data-link=\"https:\/\/ssspdp.ba\/?attachment_id=1865\" class=\"wp-image-1865\" srcset=\"https:\/\/ssspdp.ba\/wp-content\/uploads\/2022\/04\/viber_image_2022-03-30_14-06-52-428-980x735.jpg 980w, https:\/\/ssspdp.ba\/wp-content\/uploads\/2022\/04\/viber_image_2022-03-30_14-06-52-428-480x360.jpg 480w\" sizes=\"auto, (min-width: 0px) and (max-width: 480px) 480px, (min-width: 481px) and (max-width: 980px) 980px, (min-width: 981px) 1024px, 100vw\" \/><\/figure><\/li><li class=\"blocks-gallery-item\"><figure><img loading=\"lazy\" decoding=\"async\" width=\"1024\" height=\"768\" src=\"https:\/\/ssspdp.ba\/wp-content\/uploads\/2022\/04\/viber_image_2022-03-30_14-06-53-178-1024x768.jpg\" alt=\"\" data-id=\"1866\" data-full-url=\"https:\/\/ssspdp.ba\/wp-content\/uploads\/2022\/04\/viber_image_2022-03-30_14-06-53-178.jpg\" data-link=\"https:\/\/ssspdp.ba\/?attachment_id=1866\" class=\"wp-image-1866\" srcset=\"https:\/\/ssspdp.ba\/wp-content\/uploads\/2022\/04\/viber_image_2022-03-30_14-06-53-178-980x735.jpg 980w, https:\/\/ssspdp.ba\/wp-content\/uploads\/2022\/04\/viber_image_2022-03-30_14-06-53-178-480x360.jpg 480w\" sizes=\"auto, (min-width: 0px) and (max-width: 480px) 480px, (min-width: 481px) and (max-width: 980px) 980px, (min-width: 981px) 1024px, 100vw\" \/><\/figure><\/li><li class=\"blocks-gallery-item\"><figure><img loading=\"lazy\" decoding=\"async\" width=\"718\" height=\"960\" src=\"https:\/\/ssspdp.ba\/wp-content\/uploads\/2022\/04\/viber_image_2022-03-30_14-06-56-225.jpg\" alt=\"\" data-id=\"1867\" data-full-url=\"https:\/\/ssspdp.ba\/wp-content\/uploads\/2022\/04\/viber_image_2022-03-30_14-06-56-225.jpg\" data-link=\"https:\/\/ssspdp.ba\/?attachment_id=1867\" class=\"wp-image-1867\" srcset=\"https:\/\/ssspdp.ba\/wp-content\/uploads\/2022\/04\/viber_image_2022-03-30_14-06-56-225.jpg 718w, https:\/\/ssspdp.ba\/wp-content\/uploads\/2022\/04\/viber_image_2022-03-30_14-06-56-225-480x642.jpg 480w\" sizes=\"auto, (min-width: 0px) and (max-width: 480px) 480px, (min-width: 481px) 718px, 100vw\" \/><\/figure><\/li><li class=\"blocks-gallery-item\"><figure><img loading=\"lazy\" decoding=\"async\" width=\"1024\" height=\"768\" src=\"https:\/\/ssspdp.ba\/wp-content\/uploads\/2022\/04\/viber_image_2022-03-30_14-06-57-134-1024x768.jpg\" alt=\"\" data-id=\"1868\" data-full-url=\"https:\/\/ssspdp.ba\/wp-content\/uploads\/2022\/04\/viber_image_2022-03-30_14-06-57-134.jpg\" data-link=\"https:\/\/ssspdp.ba\/?attachment_id=1868\" class=\"wp-image-1868\" srcset=\"https:\/\/ssspdp.ba\/wp-content\/uploads\/2022\/04\/viber_image_2022-03-30_14-06-57-134-980x735.jpg 980w, https:\/\/ssspdp.ba\/wp-content\/uploads\/2022\/04\/viber_image_2022-03-30_14-06-57-134-480x360.jpg 480w\" sizes=\"auto, (min-width: 0px) and (max-width: 480px) 480px, (min-width: 481px) and (max-width: 980px) 980px, (min-width: 981px) 1024px, 100vw\" \/><\/figure><\/li><\/ul><figcaption class=\"blocks-gallery-caption\"><em>\u0160PD Unsko-sanske \u0161ume: Ga\u0161enje po\u017eara na podru\u010dju op\u0107ine Bosanski Petrovac<\/em><\/figcaption><\/figure>\n\n\n\n<p><\/p>\n<span class=\"et_bloom_bottom_trigger\"><\/span>","protected":false},"excerpt":{"rendered":"<p>Na \u0161irem prostoru Bosne i Hercegovine u posljednjih 15 dana, zbog izuzetno pogodnih vremenskih prilika za nastanak i \u0161irenje vatrenih stihija, zabilje\u017eeno je vi\u0161e \u0161umskih po\u017eara, a neki od njih jo\u0161 uvijek su aktivni. Prvi u ga\u0161enju po\u017eara u \u0161umama bili su radnici \u0161umsko-privrednih dru\u0161tava. Pored obavljanja redovnih radnih obaveza, radnici \u0161umarstva uvijek prvi interveni\u0161u [&hellip;]<\/p>\n","protected":false},"author":2,"featured_media":1863,"comment_status":"closed","ping_status":"open","sticky":false,"template":"","format":"standard","meta":{"_et_pb_use_builder":"off","_et_pb_old_content":"","_et_gb_content_width":"","footnotes":""},"categories":[32],"tags":[],"class_list":["post-1841","post","type-post","status-publish","format-standard","has-post-thumbnail","hentry","category-novosti"],"yoast_head":"<!-- This site is optimized with the Yoast SEO plugin v27.5 - https:\/\/yoast.com\/product\/yoast-seo-wordpress\/ -->\n<title>RADNICI \u0160UMSKO-PRIVREDNIH DRU\u0160TAVA PRVI U GA\u0160ENJU PO\u017dARA - Samostalni sindikat \u0161umarstva, prerade drveta i papira Bosne i Hercegovine<\/title>\n<meta name=\"robots\" content=\"index, follow, max-snippet:-1, max-image-preview:large, max-video-preview:-1\" \/>\n<link rel=\"canonical\" href=\"https:\/\/ssspdp.ba\/?p=1841\" \/>\n<meta property=\"og:locale\" content=\"en_US\" \/>\n<meta property=\"og:type\" content=\"article\" \/>\n<meta property=\"og:title\" content=\"RADNICI \u0160UMSKO-PRIVREDNIH DRU\u0160TAVA PRVI U GA\u0160ENJU PO\u017dARA - Samostalni sindikat \u0161umarstva, prerade drveta i papira Bosne i Hercegovine\" \/>\n<meta property=\"og:description\" content=\"Na \u0161irem prostoru Bosne i Hercegovine u posljednjih 15 dana, zbog izuzetno pogodnih vremenskih prilika za nastanak i \u0161irenje vatrenih stihija, zabilje\u017eeno je vi\u0161e \u0161umskih po\u017eara, a neki od njih jo\u0161 uvijek su aktivni. Prvi u ga\u0161enju po\u017eara u \u0161umama bili su radnici \u0161umsko-privrednih dru\u0161tava. Pored obavljanja redovnih radnih obaveza, radnici \u0161umarstva uvijek prvi interveni\u0161u [&hellip;]\" \/>\n<meta property=\"og:url\" content=\"https:\/\/ssspdp.ba\/?p=1841\" \/>\n<meta property=\"og:site_name\" content=\"Samostalni sindikat \u0161umarstva, prerade drveta i papira Bosne i Hercegovine\" \/>\n<meta property=\"article:publisher\" content=\"https:\/\/www.facebook.com\/Samostalni-sindikat-%c5%a1umarstva-prerade-drveta-i-papira-BiH-1740799582820896\/?ref=page_internal\" \/>\n<meta property=\"article:published_time\" content=\"2022-03-30T15:52:00+00:00\" \/>\n<meta property=\"article:modified_time\" content=\"2022-04-10T10:52:28+00:00\" \/>\n<meta property=\"og:image\" content=\"https:\/\/ssspdp.ba\/wp-content\/uploads\/2022\/04\/viber_image_2022-03-30_14-00-43-709-1.jpg\" \/>\n\t<meta property=\"og:image:width\" content=\"1200\" \/>\n\t<meta property=\"og:image:height\" content=\"1600\" \/>\n\t<meta property=\"og:image:type\" content=\"image\/jpeg\" \/>\n<meta name=\"author\" content=\"Senudin Jahic\" \/>\n<meta name=\"twitter:card\" content=\"summary_large_image\" \/>\n<meta name=\"twitter:label1\" content=\"Written by\" \/>\n\t<meta name=\"twitter:data1\" content=\"Senudin Jahic\" \/>\n\t<meta name=\"twitter:label2\" content=\"Est. reading time\" \/>\n\t<meta name=\"twitter:data2\" content=\"9 minutes\" \/>\n<script type=\"application\/ld+json\" class=\"yoast-schema-graph\">{\"@context\":\"https:\\\/\\\/schema.org\",\"@graph\":[{\"@type\":\"Article\",\"@id\":\"https:\\\/\\\/ssspdp.ba\\\/?p=1841#article\",\"isPartOf\":{\"@id\":\"https:\\\/\\\/ssspdp.ba\\\/?p=1841\"},\"author\":{\"name\":\"Senudin Jahic\",\"@id\":\"https:\\\/\\\/ssspdp.ba\\\/#\\\/schema\\\/person\\\/ca59c1c3438388dc9efc2e2c1520dd58\"},\"headline\":\"RADNICI \u0160UMSKO-PRIVREDNIH DRU\u0160TAVA PRVI U GA\u0160ENJU PO\u017dARA\",\"datePublished\":\"2022-03-30T15:52:00+00:00\",\"dateModified\":\"2022-04-10T10:52:28+00:00\",\"mainEntityOfPage\":{\"@id\":\"https:\\\/\\\/ssspdp.ba\\\/?p=1841\"},\"wordCount\":660,\"publisher\":{\"@id\":\"https:\\\/\\\/ssspdp.ba\\\/#organization\"},\"image\":{\"@id\":\"https:\\\/\\\/ssspdp.ba\\\/?p=1841#primaryimage\"},\"thumbnailUrl\":\"https:\\\/\\\/ssspdp.ba\\\/wp-content\\\/uploads\\\/2022\\\/04\\\/viber_image_2022-03-30_14-00-43-709-1.jpg\",\"articleSection\":[\"Novosti\"],\"inLanguage\":\"en-US\"},{\"@type\":\"WebPage\",\"@id\":\"https:\\\/\\\/ssspdp.ba\\\/?p=1841\",\"url\":\"https:\\\/\\\/ssspdp.ba\\\/?p=1841\",\"name\":\"RADNICI \u0160UMSKO-PRIVREDNIH DRU\u0160TAVA PRVI U GA\u0160ENJU PO\u017dARA - Samostalni sindikat \u0161umarstva, prerade drveta i papira Bosne i Hercegovine\",\"isPartOf\":{\"@id\":\"https:\\\/\\\/ssspdp.ba\\\/#website\"},\"primaryImageOfPage\":{\"@id\":\"https:\\\/\\\/ssspdp.ba\\\/?p=1841#primaryimage\"},\"image\":{\"@id\":\"https:\\\/\\\/ssspdp.ba\\\/?p=1841#primaryimage\"},\"thumbnailUrl\":\"https:\\\/\\\/ssspdp.ba\\\/wp-content\\\/uploads\\\/2022\\\/04\\\/viber_image_2022-03-30_14-00-43-709-1.jpg\",\"datePublished\":\"2022-03-30T15:52:00+00:00\",\"dateModified\":\"2022-04-10T10:52:28+00:00\",\"breadcrumb\":{\"@id\":\"https:\\\/\\\/ssspdp.ba\\\/?p=1841#breadcrumb\"},\"inLanguage\":\"en-US\",\"potentialAction\":[{\"@type\":\"ReadAction\",\"target\":[\"https:\\\/\\\/ssspdp.ba\\\/?p=1841\"]}]},{\"@type\":\"ImageObject\",\"inLanguage\":\"en-US\",\"@id\":\"https:\\\/\\\/ssspdp.ba\\\/?p=1841#primaryimage\",\"url\":\"https:\\\/\\\/ssspdp.ba\\\/wp-content\\\/uploads\\\/2022\\\/04\\\/viber_image_2022-03-30_14-00-43-709-1.jpg\",\"contentUrl\":\"https:\\\/\\\/ssspdp.ba\\\/wp-content\\\/uploads\\\/2022\\\/04\\\/viber_image_2022-03-30_14-00-43-709-1.jpg\",\"width\":1200,\"height\":1600},{\"@type\":\"BreadcrumbList\",\"@id\":\"https:\\\/\\\/ssspdp.ba\\\/?p=1841#breadcrumb\",\"itemListElement\":[{\"@type\":\"ListItem\",\"position\":1,\"name\":\"Home\",\"item\":\"https:\\\/\\\/ssspdp.ba\\\/\"},{\"@type\":\"ListItem\",\"position\":2,\"name\":\"RADNICI \u0160UMSKO-PRIVREDNIH DRU\u0160TAVA PRVI U GA\u0160ENJU PO\u017dARA\"}]},{\"@type\":\"WebSite\",\"@id\":\"https:\\\/\\\/ssspdp.ba\\\/#website\",\"url\":\"https:\\\/\\\/ssspdp.ba\\\/\",\"name\":\"Samostalni sindikat \u0161umarstva, prerade drveta i papira Bosne i Hercegovine\",\"description\":\"\",\"publisher\":{\"@id\":\"https:\\\/\\\/ssspdp.ba\\\/#organization\"},\"potentialAction\":[{\"@type\":\"SearchAction\",\"target\":{\"@type\":\"EntryPoint\",\"urlTemplate\":\"https:\\\/\\\/ssspdp.ba\\\/?s={search_term_string}\"},\"query-input\":{\"@type\":\"PropertyValueSpecification\",\"valueRequired\":true,\"valueName\":\"search_term_string\"}}],\"inLanguage\":\"en-US\"},{\"@type\":\"Organization\",\"@id\":\"https:\\\/\\\/ssspdp.ba\\\/#organization\",\"name\":\"Samostalni sindikat \u0161umarstva, prerade drveta i papira Bosne i Hercegovine\",\"url\":\"https:\\\/\\\/ssspdp.ba\\\/\",\"logo\":{\"@type\":\"ImageObject\",\"inLanguage\":\"en-US\",\"@id\":\"https:\\\/\\\/ssspdp.ba\\\/#\\\/schema\\\/logo\\\/image\\\/\",\"url\":\"https:\\\/\\\/ssspdp.ba\\\/wp-content\\\/uploads\\\/2020\\\/10\\\/web-logo.png\",\"contentUrl\":\"https:\\\/\\\/ssspdp.ba\\\/wp-content\\\/uploads\\\/2020\\\/10\\\/web-logo.png\",\"width\":623,\"height\":100,\"caption\":\"Samostalni sindikat \u0161umarstva, prerade drveta i papira Bosne i Hercegovine\"},\"image\":{\"@id\":\"https:\\\/\\\/ssspdp.ba\\\/#\\\/schema\\\/logo\\\/image\\\/\"},\"sameAs\":[\"https:\\\/\\\/www.facebook.com\\\/Samostalni-sindikat-\u0161umarstva-prerade-drveta-i-papira-BiH-1740799582820896\\\/?ref=page_internal\"]},{\"@type\":\"Person\",\"@id\":\"https:\\\/\\\/ssspdp.ba\\\/#\\\/schema\\\/person\\\/ca59c1c3438388dc9efc2e2c1520dd58\",\"name\":\"Senudin Jahic\",\"image\":{\"@type\":\"ImageObject\",\"inLanguage\":\"en-US\",\"@id\":\"https:\\\/\\\/secure.gravatar.com\\\/avatar\\\/4c408c3d0a009ed2e77d9394b7d39ae86e939f4183d1b501926522e8b6ed0820?s=96&d=mm&r=g\",\"url\":\"https:\\\/\\\/secure.gravatar.com\\\/avatar\\\/4c408c3d0a009ed2e77d9394b7d39ae86e939f4183d1b501926522e8b6ed0820?s=96&d=mm&r=g\",\"contentUrl\":\"https:\\\/\\\/secure.gravatar.com\\\/avatar\\\/4c408c3d0a009ed2e77d9394b7d39ae86e939f4183d1b501926522e8b6ed0820?s=96&d=mm&r=g\",\"caption\":\"Senudin Jahic\"},\"sameAs\":[\"http:\\\/\\\/ssspdp.ba\"]}]}<\/script>\n<!-- \/ Yoast SEO plugin. -->","yoast_head_json":{"title":"RADNICI \u0160UMSKO-PRIVREDNIH DRU\u0160TAVA PRVI U GA\u0160ENJU PO\u017dARA - Samostalni sindikat \u0161umarstva, prerade drveta i papira Bosne i Hercegovine","robots":{"index":"index","follow":"follow","max-snippet":"max-snippet:-1","max-image-preview":"max-image-preview:large","max-video-preview":"max-video-preview:-1"},"canonical":"https:\/\/ssspdp.ba\/?p=1841","og_locale":"en_US","og_type":"article","og_title":"RADNICI \u0160UMSKO-PRIVREDNIH DRU\u0160TAVA PRVI U GA\u0160ENJU PO\u017dARA - Samostalni sindikat \u0161umarstva, prerade drveta i papira Bosne i Hercegovine","og_description":"Na \u0161irem prostoru Bosne i Hercegovine u posljednjih 15 dana, zbog izuzetno pogodnih vremenskih prilika za nastanak i \u0161irenje vatrenih stihija, zabilje\u017eeno je vi\u0161e \u0161umskih po\u017eara, a neki od njih jo\u0161 uvijek su aktivni. Prvi u ga\u0161enju po\u017eara u \u0161umama bili su radnici \u0161umsko-privrednih dru\u0161tava. Pored obavljanja redovnih radnih obaveza, radnici \u0161umarstva uvijek prvi interveni\u0161u [&hellip;]","og_url":"https:\/\/ssspdp.ba\/?p=1841","og_site_name":"Samostalni sindikat \u0161umarstva, prerade drveta i papira Bosne i Hercegovine","article_publisher":"https:\/\/www.facebook.com\/Samostalni-sindikat-%c5%a1umarstva-prerade-drveta-i-papira-BiH-1740799582820896\/?ref=page_internal","article_published_time":"2022-03-30T15:52:00+00:00","article_modified_time":"2022-04-10T10:52:28+00:00","og_image":[{"width":1200,"height":1600,"url":"https:\/\/ssspdp.ba\/wp-content\/uploads\/2022\/04\/viber_image_2022-03-30_14-00-43-709-1.jpg","type":"image\/jpeg"}],"author":"Senudin Jahic","twitter_card":"summary_large_image","twitter_misc":{"Written by":"Senudin Jahic","Est. reading time":"9 minutes"},"schema":{"@context":"https:\/\/schema.org","@graph":[{"@type":"Article","@id":"https:\/\/ssspdp.ba\/?p=1841#article","isPartOf":{"@id":"https:\/\/ssspdp.ba\/?p=1841"},"author":{"name":"Senudin Jahic","@id":"https:\/\/ssspdp.ba\/#\/schema\/person\/ca59c1c3438388dc9efc2e2c1520dd58"},"headline":"RADNICI \u0160UMSKO-PRIVREDNIH DRU\u0160TAVA PRVI U GA\u0160ENJU PO\u017dARA","datePublished":"2022-03-30T15:52:00+00:00","dateModified":"2022-04-10T10:52:28+00:00","mainEntityOfPage":{"@id":"https:\/\/ssspdp.ba\/?p=1841"},"wordCount":660,"publisher":{"@id":"https:\/\/ssspdp.ba\/#organization"},"image":{"@id":"https:\/\/ssspdp.ba\/?p=1841#primaryimage"},"thumbnailUrl":"https:\/\/ssspdp.ba\/wp-content\/uploads\/2022\/04\/viber_image_2022-03-30_14-00-43-709-1.jpg","articleSection":["Novosti"],"inLanguage":"en-US"},{"@type":"WebPage","@id":"https:\/\/ssspdp.ba\/?p=1841","url":"https:\/\/ssspdp.ba\/?p=1841","name":"RADNICI \u0160UMSKO-PRIVREDNIH DRU\u0160TAVA PRVI U GA\u0160ENJU PO\u017dARA - Samostalni sindikat \u0161umarstva, prerade drveta i papira Bosne i Hercegovine","isPartOf":{"@id":"https:\/\/ssspdp.ba\/#website"},"primaryImageOfPage":{"@id":"https:\/\/ssspdp.ba\/?p=1841#primaryimage"},"image":{"@id":"https:\/\/ssspdp.ba\/?p=1841#primaryimage"},"thumbnailUrl":"https:\/\/ssspdp.ba\/wp-content\/uploads\/2022\/04\/viber_image_2022-03-30_14-00-43-709-1.jpg","datePublished":"2022-03-30T15:52:00+00:00","dateModified":"2022-04-10T10:52:28+00:00","breadcrumb":{"@id":"https:\/\/ssspdp.ba\/?p=1841#breadcrumb"},"inLanguage":"en-US","potentialAction":[{"@type":"ReadAction","target":["https:\/\/ssspdp.ba\/?p=1841"]}]},{"@type":"ImageObject","inLanguage":"en-US","@id":"https:\/\/ssspdp.ba\/?p=1841#primaryimage","url":"https:\/\/ssspdp.ba\/wp-content\/uploads\/2022\/04\/viber_image_2022-03-30_14-00-43-709-1.jpg","contentUrl":"https:\/\/ssspdp.ba\/wp-content\/uploads\/2022\/04\/viber_image_2022-03-30_14-00-43-709-1.jpg","width":1200,"height":1600},{"@type":"BreadcrumbList","@id":"https:\/\/ssspdp.ba\/?p=1841#breadcrumb","itemListElement":[{"@type":"ListItem","position":1,"name":"Home","item":"https:\/\/ssspdp.ba\/"},{"@type":"ListItem","position":2,"name":"RADNICI \u0160UMSKO-PRIVREDNIH DRU\u0160TAVA PRVI U GA\u0160ENJU PO\u017dARA"}]},{"@type":"WebSite","@id":"https:\/\/ssspdp.ba\/#website","url":"https:\/\/ssspdp.ba\/","name":"Samostalni sindikat \u0161umarstva, prerade drveta i papira Bosne i Hercegovine","description":"","publisher":{"@id":"https:\/\/ssspdp.ba\/#organization"},"potentialAction":[{"@type":"SearchAction","target":{"@type":"EntryPoint","urlTemplate":"https:\/\/ssspdp.ba\/?s={search_term_string}"},"query-input":{"@type":"PropertyValueSpecification","valueRequired":true,"valueName":"search_term_string"}}],"inLanguage":"en-US"},{"@type":"Organization","@id":"https:\/\/ssspdp.ba\/#organization","name":"Samostalni sindikat \u0161umarstva, prerade drveta i papira Bosne i Hercegovine","url":"https:\/\/ssspdp.ba\/","logo":{"@type":"ImageObject","inLanguage":"en-US","@id":"https:\/\/ssspdp.ba\/#\/schema\/logo\/image\/","url":"https:\/\/ssspdp.ba\/wp-content\/uploads\/2020\/10\/web-logo.png","contentUrl":"https:\/\/ssspdp.ba\/wp-content\/uploads\/2020\/10\/web-logo.png","width":623,"height":100,"caption":"Samostalni sindikat \u0161umarstva, prerade drveta i papira Bosne i Hercegovine"},"image":{"@id":"https:\/\/ssspdp.ba\/#\/schema\/logo\/image\/"},"sameAs":["https:\/\/www.facebook.com\/Samostalni-sindikat-\u0161umarstva-prerade-drveta-i-papira-BiH-1740799582820896\/?ref=page_internal"]},{"@type":"Person","@id":"https:\/\/ssspdp.ba\/#\/schema\/person\/ca59c1c3438388dc9efc2e2c1520dd58","name":"Senudin Jahic","image":{"@type":"ImageObject","inLanguage":"en-US","@id":"https:\/\/secure.gravatar.com\/avatar\/4c408c3d0a009ed2e77d9394b7d39ae86e939f4183d1b501926522e8b6ed0820?s=96&d=mm&r=g","url":"https:\/\/secure.gravatar.com\/avatar\/4c408c3d0a009ed2e77d9394b7d39ae86e939f4183d1b501926522e8b6ed0820?s=96&d=mm&r=g","contentUrl":"https:\/\/secure.gravatar.com\/avatar\/4c408c3d0a009ed2e77d9394b7d39ae86e939f4183d1b501926522e8b6ed0820?s=96&d=mm&r=g","caption":"Senudin Jahic"},"sameAs":["http:\/\/ssspdp.ba"]}]}},"_links":{"self":[{"href":"https:\/\/ssspdp.ba\/index.php?rest_route=\/wp\/v2\/posts\/1841","targetHints":{"allow":["GET"]}}],"collection":[{"href":"https:\/\/ssspdp.ba\/index.php?rest_route=\/wp\/v2\/posts"}],"about":[{"href":"https:\/\/ssspdp.ba\/index.php?rest_route=\/wp\/v2\/types\/post"}],"author":[{"embeddable":true,"href":"https:\/\/ssspdp.ba\/index.php?rest_route=\/wp\/v2\/users\/2"}],"replies":[{"embeddable":true,"href":"https:\/\/ssspdp.ba\/index.php?rest_route=%2Fwp%2Fv2%2Fcomments&post=1841"}],"version-history":[{"count":11,"href":"https:\/\/ssspdp.ba\/index.php?rest_route=\/wp\/v2\/posts\/1841\/revisions"}],"predecessor-version":[{"id":1887,"href":"https:\/\/ssspdp.ba\/index.php?rest_route=\/wp\/v2\/posts\/1841\/revisions\/1887"}],"wp:featuredmedia":[{"embeddable":true,"href":"https:\/\/ssspdp.ba\/index.php?rest_route=\/wp\/v2\/media\/1863"}],"wp:attachment":[{"href":"https:\/\/ssspdp.ba\/index.php?rest_route=%2Fwp%2Fv2%2Fmedia&parent=1841"}],"wp:term":[{"taxonomy":"category","embeddable":true,"href":"https:\/\/ssspdp.ba\/index.php?rest_route=%2Fwp%2Fv2%2Fcategories&post=1841"},{"taxonomy":"post_tag","embeddable":true,"href":"https:\/\/ssspdp.ba\/index.php?rest_route=%2Fwp%2Fv2%2Ftags&post=1841"}],"curies":[{"name":"wp","href":"https:\/\/api.w.org\/{rel}","templated":true}]}}