{"id":1888,"date":"2022-04-13T20:59:39","date_gmt":"2022-04-13T19:59:39","guid":{"rendered":"https:\/\/ssspdp.ba\/?p=1888"},"modified":"2022-04-14T20:46:17","modified_gmt":"2022-04-14T19:46:17","slug":"vijesti-iz-svijeta-rada-izabran-novi-direktor-medunarodne-organizacije-rada","status":"publish","type":"post","link":"https:\/\/ssspdp.ba\/?p=1888","title":{"rendered":"VIJESTI IZ SVIJETA RADA: IZABRAN NOVI DIREKTOR ME\u0110UNARODNE ORGANIZACIJE RADA"},"content":{"rendered":"\n<p>Upravno tijelo Me\u0111unarodne Organizacije rada (MOR) je u martu izabralo novog generalnog direktora Gilberta F. Houngboa iz Toga. Njegov mandat \u0107e zvani\u010dno po\u010deti 1. oktobra ove godine. Me\u0111unarodna federacija radnika u gra\u0111evinarstvu i drvnoj industriji BWI, \u010diji je \u010dlan i na\u0161 sindikat, izrazila je zadovoljstvo izborom novog generalnog direktora kao i nadu da \u0107e sa gospodinom Houngbom usko sara\u0111ivati na vitalnim radni\u010dkim pitanjima i problemima, posebno na aktivnostima u cilju univerzalne ratifikacije konvencije MOR-a br. 190 sa svrhom eliminacije spolno zasnovanog nasilja i zlostavljanja na radnom mjestu kao i na aktivnostima u vezi globalnog apela upu\u0107enog MOR-u za priznavanje zdravlja i bezbjednosti na radu kao osnovnog prava svakog radnika.<\/p>\n\n\n\n<p>Osim navedenog, BWI o\u010dekuje da \u0107e se posti\u0107i aktivna saradnja sa gospodinom Houngbom u oblasti globalnih napora za oporavak od pandemije COVID-a 19 putem obezbje\u0111enja radni\u010dkih prava na rad i platu dostojnu \u010dovjeka, ravnopravnosti spolova te tranzicije u ekolo\u0161ki prihvatljivu ekonomiju, ja\u010danja za\u0161tite radnika, njihovih \u017eivota i li\u010dnih sloboda u modernim autoritarnim dru\u0161tvima.<\/p>\n\n\n\n<p>Me\u0111unarodna organizacija rada, skra\u0107eno MOR, (International Labour Organization, odn. ILO), je specijalizovana agencija Ujedinjenih naroda koja promovira socijalnu pravdu i me\u0111unarodno priznata ljudska i radni\u010dka prava. Osnovana je 1919. godine Poveljom iz Versaillesa i postala je prva specijalizovana agencija UN-a 1946. godine.<\/p>\n\n\n\n<p>MOR formuli\u0161e me\u0111unarodne standarde rada u obliku konvencija i preporuka koje postavljaju minimalne standarde radnog prava: slobodu udru\u017eivanja, pravo na organizovanje, kolektivno pregovaranje, ukidanje prisilnog rada, jednake \u0161anse i jednaki tretman, te druge standarde kojima se reguli\u0161u uvjeti u cijelom rasponu pitanja vezanih za rad. Tako\u0111er, MOR pru\u017ea tehni\u010dku pomo\u0107 u sljede\u0107im podru\u010djima: stru\u010dno obrazovanje i stru\u010dna rehabilitacija; politika zapo\u0161ljavanja; administracija rada; radno pravo i industrijski odnosi; razvijanje menad\u017ementa; zadruge; socijalna sigurnost; statistika vezana uz rad, te sigurnost i za\u0161tita na radu.<\/p>\n\n\n\n<p>Bosna i Hercegovina je ratifikovala veliki broj konvencija Me\u0111unarodne organizacije rada koje mo\u017eete preuzeti na ovoj web-stranici, na sljede\u0107em linku: <a href=\"https:\/\/ssspdp.ba\/?page_id=51\" target=\"_blank\" rel=\"noreferrer noopener\">https:\/\/ssspdp.ba\/?page_id=51<\/a><\/p>\n<span class=\"et_bloom_bottom_trigger\"><\/span>","protected":false},"excerpt":{"rendered":"<p>Upravno tijelo Me\u0111unarodne Organizacije rada (MOR) je u martu izabralo novog generalnog direktora Gilberta F. Houngboa iz Toga. Njegov mandat \u0107e zvani\u010dno po\u010deti 1. oktobra ove godine. Me\u0111unarodna federacija radnika u gra\u0111evinarstvu i drvnoj industriji BWI, \u010diji je \u010dlan i na\u0161 sindikat, izrazila je zadovoljstvo izborom novog generalnog direktora kao i nadu da \u0107e sa [&hellip;]<\/p>\n","protected":false},"author":2,"featured_media":1891,"comment_status":"closed","ping_status":"open","sticky":false,"template":"","format":"standard","meta":{"_et_pb_use_builder":"off","_et_pb_old_content":"","_et_gb_content_width":"","footnotes":""},"categories":[32,42],"tags":[],"class_list":["post-1888","post","type-post","status-publish","format-standard","has-post-thumbnail","hentry","category-novosti","category-vijesti"],"yoast_head":"<!-- This site is optimized with the Yoast SEO plugin v27.5 - https:\/\/yoast.com\/product\/yoast-seo-wordpress\/ -->\n<title>VIJESTI IZ SVIJETA RADA: IZABRAN NOVI DIREKTOR ME\u0110UNARODNE ORGANIZACIJE RADA - Samostalni sindikat \u0161umarstva, prerade drveta i papira Bosne i Hercegovine<\/title>\n<meta name=\"robots\" content=\"index, follow, max-snippet:-1, max-image-preview:large, max-video-preview:-1\" \/>\n<link rel=\"canonical\" href=\"https:\/\/ssspdp.ba\/?p=1888\" \/>\n<meta property=\"og:locale\" content=\"en_US\" \/>\n<meta property=\"og:type\" content=\"article\" \/>\n<meta property=\"og:title\" content=\"VIJESTI IZ SVIJETA RADA: IZABRAN NOVI DIREKTOR ME\u0110UNARODNE ORGANIZACIJE RADA - Samostalni sindikat \u0161umarstva, prerade drveta i papira Bosne i Hercegovine\" \/>\n<meta property=\"og:description\" content=\"Upravno tijelo Me\u0111unarodne Organizacije rada (MOR) je u martu izabralo novog generalnog direktora Gilberta F. Houngboa iz Toga. Njegov mandat \u0107e zvani\u010dno po\u010deti 1. oktobra ove godine. Me\u0111unarodna federacija radnika u gra\u0111evinarstvu i drvnoj industriji BWI, \u010diji je \u010dlan i na\u0161 sindikat, izrazila je zadovoljstvo izborom novog generalnog direktora kao i nadu da \u0107e sa [&hellip;]\" \/>\n<meta property=\"og:url\" content=\"https:\/\/ssspdp.ba\/?p=1888\" \/>\n<meta property=\"og:site_name\" content=\"Samostalni sindikat \u0161umarstva, prerade drveta i papira Bosne i Hercegovine\" \/>\n<meta property=\"article:publisher\" content=\"https:\/\/www.facebook.com\/Samostalni-sindikat-%c5%a1umarstva-prerade-drveta-i-papira-BiH-1740799582820896\/?ref=page_internal\" \/>\n<meta property=\"article:published_time\" content=\"2022-04-13T19:59:39+00:00\" \/>\n<meta property=\"article:modified_time\" content=\"2022-04-14T19:46:17+00:00\" \/>\n<meta property=\"og:image\" content=\"https:\/\/ssspdp.ba\/wp-content\/uploads\/2022\/04\/ilo-2.jpg\" \/>\n\t<meta property=\"og:image:width\" content=\"1012\" \/>\n\t<meta property=\"og:image:height\" content=\"760\" \/>\n\t<meta property=\"og:image:type\" content=\"image\/jpeg\" \/>\n<meta name=\"author\" content=\"Senudin Jahic\" \/>\n<meta name=\"twitter:card\" content=\"summary_large_image\" \/>\n<meta name=\"twitter:label1\" content=\"Written by\" \/>\n\t<meta name=\"twitter:data1\" content=\"Senudin Jahic\" \/>\n\t<meta name=\"twitter:label2\" content=\"Est. reading time\" \/>\n\t<meta name=\"twitter:data2\" content=\"2 minutes\" \/>\n<script type=\"application\/ld+json\" class=\"yoast-schema-graph\">{\"@context\":\"https:\\\/\\\/schema.org\",\"@graph\":[{\"@type\":\"Article\",\"@id\":\"https:\\\/\\\/ssspdp.ba\\\/?p=1888#article\",\"isPartOf\":{\"@id\":\"https:\\\/\\\/ssspdp.ba\\\/?p=1888\"},\"author\":{\"name\":\"Senudin Jahic\",\"@id\":\"https:\\\/\\\/ssspdp.ba\\\/#\\\/schema\\\/person\\\/ca59c1c3438388dc9efc2e2c1520dd58\"},\"headline\":\"VIJESTI IZ SVIJETA RADA: IZABRAN NOVI DIREKTOR ME\u0110UNARODNE ORGANIZACIJE RADA\",\"datePublished\":\"2022-04-13T19:59:39+00:00\",\"dateModified\":\"2022-04-14T19:46:17+00:00\",\"mainEntityOfPage\":{\"@id\":\"https:\\\/\\\/ssspdp.ba\\\/?p=1888\"},\"wordCount\":355,\"publisher\":{\"@id\":\"https:\\\/\\\/ssspdp.ba\\\/#organization\"},\"image\":{\"@id\":\"https:\\\/\\\/ssspdp.ba\\\/?p=1888#primaryimage\"},\"thumbnailUrl\":\"https:\\\/\\\/ssspdp.ba\\\/wp-content\\\/uploads\\\/2022\\\/04\\\/ilo-2.jpg\",\"articleSection\":[\"Novosti\",\"Vijesti\"],\"inLanguage\":\"en-US\"},{\"@type\":\"WebPage\",\"@id\":\"https:\\\/\\\/ssspdp.ba\\\/?p=1888\",\"url\":\"https:\\\/\\\/ssspdp.ba\\\/?p=1888\",\"name\":\"VIJESTI IZ SVIJETA RADA: IZABRAN NOVI DIREKTOR ME\u0110UNARODNE ORGANIZACIJE RADA - Samostalni sindikat \u0161umarstva, prerade drveta i papira Bosne i Hercegovine\",\"isPartOf\":{\"@id\":\"https:\\\/\\\/ssspdp.ba\\\/#website\"},\"primaryImageOfPage\":{\"@id\":\"https:\\\/\\\/ssspdp.ba\\\/?p=1888#primaryimage\"},\"image\":{\"@id\":\"https:\\\/\\\/ssspdp.ba\\\/?p=1888#primaryimage\"},\"thumbnailUrl\":\"https:\\\/\\\/ssspdp.ba\\\/wp-content\\\/uploads\\\/2022\\\/04\\\/ilo-2.jpg\",\"datePublished\":\"2022-04-13T19:59:39+00:00\",\"dateModified\":\"2022-04-14T19:46:17+00:00\",\"breadcrumb\":{\"@id\":\"https:\\\/\\\/ssspdp.ba\\\/?p=1888#breadcrumb\"},\"inLanguage\":\"en-US\",\"potentialAction\":[{\"@type\":\"ReadAction\",\"target\":[\"https:\\\/\\\/ssspdp.ba\\\/?p=1888\"]}]},{\"@type\":\"ImageObject\",\"inLanguage\":\"en-US\",\"@id\":\"https:\\\/\\\/ssspdp.ba\\\/?p=1888#primaryimage\",\"url\":\"https:\\\/\\\/ssspdp.ba\\\/wp-content\\\/uploads\\\/2022\\\/04\\\/ilo-2.jpg\",\"contentUrl\":\"https:\\\/\\\/ssspdp.ba\\\/wp-content\\\/uploads\\\/2022\\\/04\\\/ilo-2.jpg\",\"width\":1012,\"height\":760},{\"@type\":\"BreadcrumbList\",\"@id\":\"https:\\\/\\\/ssspdp.ba\\\/?p=1888#breadcrumb\",\"itemListElement\":[{\"@type\":\"ListItem\",\"position\":1,\"name\":\"Home\",\"item\":\"https:\\\/\\\/ssspdp.ba\\\/\"},{\"@type\":\"ListItem\",\"position\":2,\"name\":\"VIJESTI IZ SVIJETA RADA: IZABRAN NOVI DIREKTOR ME\u0110UNARODNE ORGANIZACIJE RADA\"}]},{\"@type\":\"WebSite\",\"@id\":\"https:\\\/\\\/ssspdp.ba\\\/#website\",\"url\":\"https:\\\/\\\/ssspdp.ba\\\/\",\"name\":\"Samostalni sindikat \u0161umarstva, prerade drveta i papira Bosne i Hercegovine\",\"description\":\"\",\"publisher\":{\"@id\":\"https:\\\/\\\/ssspdp.ba\\\/#organization\"},\"potentialAction\":[{\"@type\":\"SearchAction\",\"target\":{\"@type\":\"EntryPoint\",\"urlTemplate\":\"https:\\\/\\\/ssspdp.ba\\\/?s={search_term_string}\"},\"query-input\":{\"@type\":\"PropertyValueSpecification\",\"valueRequired\":true,\"valueName\":\"search_term_string\"}}],\"inLanguage\":\"en-US\"},{\"@type\":\"Organization\",\"@id\":\"https:\\\/\\\/ssspdp.ba\\\/#organization\",\"name\":\"Samostalni sindikat \u0161umarstva, prerade drveta i papira Bosne i Hercegovine\",\"url\":\"https:\\\/\\\/ssspdp.ba\\\/\",\"logo\":{\"@type\":\"ImageObject\",\"inLanguage\":\"en-US\",\"@id\":\"https:\\\/\\\/ssspdp.ba\\\/#\\\/schema\\\/logo\\\/image\\\/\",\"url\":\"https:\\\/\\\/ssspdp.ba\\\/wp-content\\\/uploads\\\/2020\\\/10\\\/web-logo.png\",\"contentUrl\":\"https:\\\/\\\/ssspdp.ba\\\/wp-content\\\/uploads\\\/2020\\\/10\\\/web-logo.png\",\"width\":623,\"height\":100,\"caption\":\"Samostalni sindikat \u0161umarstva, prerade drveta i papira Bosne i Hercegovine\"},\"image\":{\"@id\":\"https:\\\/\\\/ssspdp.ba\\\/#\\\/schema\\\/logo\\\/image\\\/\"},\"sameAs\":[\"https:\\\/\\\/www.facebook.com\\\/Samostalni-sindikat-\u0161umarstva-prerade-drveta-i-papira-BiH-1740799582820896\\\/?ref=page_internal\"]},{\"@type\":\"Person\",\"@id\":\"https:\\\/\\\/ssspdp.ba\\\/#\\\/schema\\\/person\\\/ca59c1c3438388dc9efc2e2c1520dd58\",\"name\":\"Senudin Jahic\",\"image\":{\"@type\":\"ImageObject\",\"inLanguage\":\"en-US\",\"@id\":\"https:\\\/\\\/secure.gravatar.com\\\/avatar\\\/4c408c3d0a009ed2e77d9394b7d39ae86e939f4183d1b501926522e8b6ed0820?s=96&d=mm&r=g\",\"url\":\"https:\\\/\\\/secure.gravatar.com\\\/avatar\\\/4c408c3d0a009ed2e77d9394b7d39ae86e939f4183d1b501926522e8b6ed0820?s=96&d=mm&r=g\",\"contentUrl\":\"https:\\\/\\\/secure.gravatar.com\\\/avatar\\\/4c408c3d0a009ed2e77d9394b7d39ae86e939f4183d1b501926522e8b6ed0820?s=96&d=mm&r=g\",\"caption\":\"Senudin Jahic\"},\"sameAs\":[\"http:\\\/\\\/ssspdp.ba\"]}]}<\/script>\n<!-- \/ Yoast SEO plugin. -->","yoast_head_json":{"title":"VIJESTI IZ SVIJETA RADA: IZABRAN NOVI DIREKTOR ME\u0110UNARODNE ORGANIZACIJE RADA - Samostalni sindikat \u0161umarstva, prerade drveta i papira Bosne i Hercegovine","robots":{"index":"index","follow":"follow","max-snippet":"max-snippet:-1","max-image-preview":"max-image-preview:large","max-video-preview":"max-video-preview:-1"},"canonical":"https:\/\/ssspdp.ba\/?p=1888","og_locale":"en_US","og_type":"article","og_title":"VIJESTI IZ SVIJETA RADA: IZABRAN NOVI DIREKTOR ME\u0110UNARODNE ORGANIZACIJE RADA - Samostalni sindikat \u0161umarstva, prerade drveta i papira Bosne i Hercegovine","og_description":"Upravno tijelo Me\u0111unarodne Organizacije rada (MOR) je u martu izabralo novog generalnog direktora Gilberta F. Houngboa iz Toga. Njegov mandat \u0107e zvani\u010dno po\u010deti 1. oktobra ove godine. Me\u0111unarodna federacija radnika u gra\u0111evinarstvu i drvnoj industriji BWI, \u010diji je \u010dlan i na\u0161 sindikat, izrazila je zadovoljstvo izborom novog generalnog direktora kao i nadu da \u0107e sa [&hellip;]","og_url":"https:\/\/ssspdp.ba\/?p=1888","og_site_name":"Samostalni sindikat \u0161umarstva, prerade drveta i papira Bosne i Hercegovine","article_publisher":"https:\/\/www.facebook.com\/Samostalni-sindikat-%c5%a1umarstva-prerade-drveta-i-papira-BiH-1740799582820896\/?ref=page_internal","article_published_time":"2022-04-13T19:59:39+00:00","article_modified_time":"2022-04-14T19:46:17+00:00","og_image":[{"width":1012,"height":760,"url":"https:\/\/ssspdp.ba\/wp-content\/uploads\/2022\/04\/ilo-2.jpg","type":"image\/jpeg"}],"author":"Senudin Jahic","twitter_card":"summary_large_image","twitter_misc":{"Written by":"Senudin Jahic","Est. reading time":"2 minutes"},"schema":{"@context":"https:\/\/schema.org","@graph":[{"@type":"Article","@id":"https:\/\/ssspdp.ba\/?p=1888#article","isPartOf":{"@id":"https:\/\/ssspdp.ba\/?p=1888"},"author":{"name":"Senudin Jahic","@id":"https:\/\/ssspdp.ba\/#\/schema\/person\/ca59c1c3438388dc9efc2e2c1520dd58"},"headline":"VIJESTI IZ SVIJETA RADA: IZABRAN NOVI DIREKTOR ME\u0110UNARODNE ORGANIZACIJE RADA","datePublished":"2022-04-13T19:59:39+00:00","dateModified":"2022-04-14T19:46:17+00:00","mainEntityOfPage":{"@id":"https:\/\/ssspdp.ba\/?p=1888"},"wordCount":355,"publisher":{"@id":"https:\/\/ssspdp.ba\/#organization"},"image":{"@id":"https:\/\/ssspdp.ba\/?p=1888#primaryimage"},"thumbnailUrl":"https:\/\/ssspdp.ba\/wp-content\/uploads\/2022\/04\/ilo-2.jpg","articleSection":["Novosti","Vijesti"],"inLanguage":"en-US"},{"@type":"WebPage","@id":"https:\/\/ssspdp.ba\/?p=1888","url":"https:\/\/ssspdp.ba\/?p=1888","name":"VIJESTI IZ SVIJETA RADA: IZABRAN NOVI DIREKTOR ME\u0110UNARODNE ORGANIZACIJE RADA - Samostalni sindikat \u0161umarstva, prerade drveta i papira Bosne i Hercegovine","isPartOf":{"@id":"https:\/\/ssspdp.ba\/#website"},"primaryImageOfPage":{"@id":"https:\/\/ssspdp.ba\/?p=1888#primaryimage"},"image":{"@id":"https:\/\/ssspdp.ba\/?p=1888#primaryimage"},"thumbnailUrl":"https:\/\/ssspdp.ba\/wp-content\/uploads\/2022\/04\/ilo-2.jpg","datePublished":"2022-04-13T19:59:39+00:00","dateModified":"2022-04-14T19:46:17+00:00","breadcrumb":{"@id":"https:\/\/ssspdp.ba\/?p=1888#breadcrumb"},"inLanguage":"en-US","potentialAction":[{"@type":"ReadAction","target":["https:\/\/ssspdp.ba\/?p=1888"]}]},{"@type":"ImageObject","inLanguage":"en-US","@id":"https:\/\/ssspdp.ba\/?p=1888#primaryimage","url":"https:\/\/ssspdp.ba\/wp-content\/uploads\/2022\/04\/ilo-2.jpg","contentUrl":"https:\/\/ssspdp.ba\/wp-content\/uploads\/2022\/04\/ilo-2.jpg","width":1012,"height":760},{"@type":"BreadcrumbList","@id":"https:\/\/ssspdp.ba\/?p=1888#breadcrumb","itemListElement":[{"@type":"ListItem","position":1,"name":"Home","item":"https:\/\/ssspdp.ba\/"},{"@type":"ListItem","position":2,"name":"VIJESTI IZ SVIJETA RADA: IZABRAN NOVI DIREKTOR ME\u0110UNARODNE ORGANIZACIJE RADA"}]},{"@type":"WebSite","@id":"https:\/\/ssspdp.ba\/#website","url":"https:\/\/ssspdp.ba\/","name":"Samostalni sindikat \u0161umarstva, prerade drveta i papira Bosne i Hercegovine","description":"","publisher":{"@id":"https:\/\/ssspdp.ba\/#organization"},"potentialAction":[{"@type":"SearchAction","target":{"@type":"EntryPoint","urlTemplate":"https:\/\/ssspdp.ba\/?s={search_term_string}"},"query-input":{"@type":"PropertyValueSpecification","valueRequired":true,"valueName":"search_term_string"}}],"inLanguage":"en-US"},{"@type":"Organization","@id":"https:\/\/ssspdp.ba\/#organization","name":"Samostalni sindikat \u0161umarstva, prerade drveta i papira Bosne i Hercegovine","url":"https:\/\/ssspdp.ba\/","logo":{"@type":"ImageObject","inLanguage":"en-US","@id":"https:\/\/ssspdp.ba\/#\/schema\/logo\/image\/","url":"https:\/\/ssspdp.ba\/wp-content\/uploads\/2020\/10\/web-logo.png","contentUrl":"https:\/\/ssspdp.ba\/wp-content\/uploads\/2020\/10\/web-logo.png","width":623,"height":100,"caption":"Samostalni sindikat \u0161umarstva, prerade drveta i papira Bosne i Hercegovine"},"image":{"@id":"https:\/\/ssspdp.ba\/#\/schema\/logo\/image\/"},"sameAs":["https:\/\/www.facebook.com\/Samostalni-sindikat-\u0161umarstva-prerade-drveta-i-papira-BiH-1740799582820896\/?ref=page_internal"]},{"@type":"Person","@id":"https:\/\/ssspdp.ba\/#\/schema\/person\/ca59c1c3438388dc9efc2e2c1520dd58","name":"Senudin Jahic","image":{"@type":"ImageObject","inLanguage":"en-US","@id":"https:\/\/secure.gravatar.com\/avatar\/4c408c3d0a009ed2e77d9394b7d39ae86e939f4183d1b501926522e8b6ed0820?s=96&d=mm&r=g","url":"https:\/\/secure.gravatar.com\/avatar\/4c408c3d0a009ed2e77d9394b7d39ae86e939f4183d1b501926522e8b6ed0820?s=96&d=mm&r=g","contentUrl":"https:\/\/secure.gravatar.com\/avatar\/4c408c3d0a009ed2e77d9394b7d39ae86e939f4183d1b501926522e8b6ed0820?s=96&d=mm&r=g","caption":"Senudin Jahic"},"sameAs":["http:\/\/ssspdp.ba"]}]}},"_links":{"self":[{"href":"https:\/\/ssspdp.ba\/index.php?rest_route=\/wp\/v2\/posts\/1888","targetHints":{"allow":["GET"]}}],"collection":[{"href":"https:\/\/ssspdp.ba\/index.php?rest_route=\/wp\/v2\/posts"}],"about":[{"href":"https:\/\/ssspdp.ba\/index.php?rest_route=\/wp\/v2\/types\/post"}],"author":[{"embeddable":true,"href":"https:\/\/ssspdp.ba\/index.php?rest_route=\/wp\/v2\/users\/2"}],"replies":[{"embeddable":true,"href":"https:\/\/ssspdp.ba\/index.php?rest_route=%2Fwp%2Fv2%2Fcomments&post=1888"}],"version-history":[{"count":4,"href":"https:\/\/ssspdp.ba\/index.php?rest_route=\/wp\/v2\/posts\/1888\/revisions"}],"predecessor-version":[{"id":1894,"href":"https:\/\/ssspdp.ba\/index.php?rest_route=\/wp\/v2\/posts\/1888\/revisions\/1894"}],"wp:featuredmedia":[{"embeddable":true,"href":"https:\/\/ssspdp.ba\/index.php?rest_route=\/wp\/v2\/media\/1891"}],"wp:attachment":[{"href":"https:\/\/ssspdp.ba\/index.php?rest_route=%2Fwp%2Fv2%2Fmedia&parent=1888"}],"wp:term":[{"taxonomy":"category","embeddable":true,"href":"https:\/\/ssspdp.ba\/index.php?rest_route=%2Fwp%2Fv2%2Fcategories&post=1888"},{"taxonomy":"post_tag","embeddable":true,"href":"https:\/\/ssspdp.ba\/index.php?rest_route=%2Fwp%2Fv2%2Ftags&post=1888"}],"curies":[{"name":"wp","href":"https:\/\/api.w.org\/{rel}","templated":true}]}}