{"id":1937,"date":"2022-05-01T09:30:00","date_gmt":"2022-05-01T08:30:00","guid":{"rendered":"https:\/\/ssspdp.ba\/?p=1937"},"modified":"2022-05-01T21:08:38","modified_gmt":"2022-05-01T20:08:38","slug":"prvi-maj-2022-ove-godine-radnici-svoj-praznik-docekuju-u-jos-tezem-polozaju","status":"publish","type":"post","link":"https:\/\/ssspdp.ba\/?p=1937","title":{"rendered":"PRVI MAJ 2022: OVE GODINE RADNICI SVOJ PRAZNIK DO\u010cEKUJU U JO\u0160 TE\u017dEM POLO\u017dAJU"},"content":{"rendered":"\n<p>Svakog Prvog maja se radni\u0161tvo svijeta prisje\u0107a sudbonosnih doga\u0111aja koji su se odigrali na ovaj dan u \u010cikagu 1886. godine kada su radnici po\u010deli da se bore protiv izrabljivanja i za bolje uslove rada sa, sada ve\u0107 historijskom parolom, \u201eOsam sati rada, osam sati kulture, osam sati odmora\u201c.<\/p>\n\n\n\n<p>U decenijama nakon ovog doga\u0111aja radni\u010dka prava su ja\u010dala i uslovi rada i plata, materijalni i pravni status su, bar u nekim dijelovima svijeta postajali bolji, radni\u010dka udru\u017eenja, sindikati i pokreti su rasli, a radnici su se izborili da se njihov glas \u010duje i po\u010dinje uva\u017eavati.<\/p>\n\n\n\n<figure class=\"wp-block-image size-full\"><img loading=\"lazy\" decoding=\"async\" width=\"927\" height=\"819\" src=\"https:\/\/ssspdp.ba\/wp-content\/uploads\/2022\/05\/Prvi-maj-Osam-sati-rada.jpg\" alt=\"\" class=\"wp-image-1940\" srcset=\"https:\/\/ssspdp.ba\/wp-content\/uploads\/2022\/05\/Prvi-maj-Osam-sati-rada.jpg 927w, https:\/\/ssspdp.ba\/wp-content\/uploads\/2022\/05\/Prvi-maj-Osam-sati-rada-480x424.jpg 480w\" sizes=\"auto, (min-width: 0px) and (max-width: 480px) 480px, (min-width: 481px) 927px, 100vw\" \/><figcaption><em>&#8220;Osam sati rada, osam sati kulture, osam sati odmora&#8221; je pravo koje je davno izvojevano. Danas su ugro\u017eena \u010dak i ta, davno ostvarena osnovna prava. Opet smo prisiljeni da se borimo za ono \u0161to se nekad podrazumijevalo.<\/em><\/figcaption><\/figure>\n\n\n\n<p><\/p>\n\n\n\n<p>Me\u0111utim, danas smo svjedoci da vrijeme ide unazad i da su neka osnovna prava koja su se dugo vremena podrazumijevala, sada ukinuta i ugro\u017eena i da umjesto daljnjeg napretka i pobolj\u0161anja aktuelnog stanja, imamo situaciju u kojoj se ve\u0107 postoje\u0107a, temeljna prava uru\u0161avaju, a radnici pretvaraju u robove podlo\u017ene sve ve\u0107em i ve\u0107em izrabljivanju.<\/p>\n\n\n\n<p>U Bosni i Hercegovini, radnici ove godine svoj praznik do\u010dekuju u jo\u0161 te\u017eem polo\u017eaju. Osim te\u0161kih posljedica koje je pandemija COVID-a 19 ostavila na ekonomiju i radna mjesta, ove godine je uslijedilo i enormno pove\u0107anje cijena tro\u0161kova \u017eivota koje nije pratilo adekvatno pove\u0107anje plata, \u0161to je dodatno ugrozilo standard i onemogu\u0107ilo pokrivanje minimalnih tro\u0161kova \u017eivota.<\/p>\n\n\n\n<figure class=\"wp-block-image size-large\"><img loading=\"lazy\" decoding=\"async\" width=\"1024\" height=\"603\" src=\"https:\/\/ssspdp.ba\/wp-content\/uploads\/2022\/05\/Prvomajski-protest-u-Sarajevu-2022-1024x603.jpg\" alt=\"\" class=\"wp-image-1939\" srcset=\"https:\/\/ssspdp.ba\/wp-content\/uploads\/2022\/05\/Prvomajski-protest-u-Sarajevu-2022-1024x603.jpg 1024w, https:\/\/ssspdp.ba\/wp-content\/uploads\/2022\/05\/Prvomajski-protest-u-Sarajevu-2022-980x578.jpg 980w, https:\/\/ssspdp.ba\/wp-content\/uploads\/2022\/05\/Prvomajski-protest-u-Sarajevu-2022-480x283.jpg 480w\" sizes=\"auto, (min-width: 0px) and (max-width: 480px) 480px, (min-width: 481px) and (max-width: 980px) 980px, (min-width: 981px) 1024px, 100vw\" \/><figcaption><em>Sa dana\u0161njih radni\u010dkih prvomajskih protesta u Sarajevu<\/em><\/figcaption><\/figure>\n\n\n\n<p>U Federaciji Bosne i Hercegovine jo\u0161 uvijek nemamo usvojen zakon o minimalnoj plati. U cijeloj dr\u017eavi su uvjeti rada i dalje lo\u0161i, plate su mizerne, poskupljenja su izmakla kontroli, a u radnim sredinama su i dalje prisutni \u010desti slu\u010dajevi mobinga, izrabljivanje uz nepla\u0107ene prekovremene sate, rad vikendom, nesigurni ugovori o radu na odre\u0111eno, ote\u017eavanje postupka kolektivnog pregovaranja i nezaklju\u010denje kolektivnih ugovora, neadekvatna oprema, pre\u010deste povrede i smrtni slu\u010dajevi na radu.<\/p>\n\n\n\n<p>Vlast ne \u010dini ni\u0161ta ili neizmjerno malo da sanira posljedice inflacije. Iako smo svjedoci nevi\u0111enog egzodusa radnika iz BiH, nadle\u017ene institucije se ovim problemom uop\u0161te ne bave i ignori\u0161u ga dovode\u0107i nas u opasnost da ostanemo bez kvalifikovane radne snage i bez osnovnog temelja privrede. Iako je donesen novi Zakon o za\u0161titi na radu, isti se ne primjenjuje u potpunosti i radnici, posebno u sektorima na\u0161eg Sindikata i dalje rade u iznimno te\u0161kim uslovima, izlo\u017eeni povredama i nesretnim slu\u010dajevima u kojima neki od njih gube i svoje \u017eivote.<\/p>\n\n\n\n<p>Na dana\u0161nji dan koristimo priliku da ponovo izrazimo svoje nezadovoljstvo polo\u017eajem radnika na\u0161e zemlje i da naglasimo urgentnu potrebu za promjenama koje \u0107e sprije\u010diti sunovrat radni\u0161tva u ropstvo i siroma\u0161tvo.<\/p>\n\n\n\n<p>RAD I TRUD SE MORA PO\u010cETI PO\u0160TOVATI, UVA\u017dAVATI I \u0160TITITI.<\/p>\n\n\n\n<p>TRA\u017dIMO \u017dIVOT DOSTOJAN \u010cOVJEKA I SAMO ONO \u0160TO SMO MUKOTRPNIM RADOM ZARADILI.<\/p>\n\n\n\n<p>RAST CIJENA MORA PRATITI I RAST PLATA.<\/p>\n\n\n\n<p>TRA\u017dIMO PODR\u0160KU ZA SNA\u017dNIJE KOLEKTIVNO PREGOVARANJE.<\/p>\n\n\n\n<p>ZA\u0160TITA RADNIKA NA RADU MORA BITI PRIORITET, A NE UVE\u0106ANJE KAPITALA.<\/p>\n\n\n\n<p>Ovog dana moramo jo\u0161 jednom naglasiti da mi radnici moramo u\u010diniti sve da postignemo potpuno jedinstvo u na\u0161oj borbi za na\u0161 zaslu\u017eeni status u dru\u0161tvu. U toj borbi ne smijemo zaboraviti solidarnost izme\u0111u radnika, jer zajedno se suo\u010davamo sa istim isku\u0161enjima i neda\u0107ama i samo zajedno ih mo\u017eemo prevladati.<\/p>\n\n\n\n<p>SOLIDARNOST ZAUVIJEK!<\/p>\n\n\n\n<figure class=\"wp-block-image size-large\"><img loading=\"lazy\" decoding=\"async\" width=\"904\" height=\"1024\" src=\"https:\/\/ssspdp.ba\/wp-content\/uploads\/2022\/05\/Prvomajska-vatra-na-Ilidzi-2022-904x1024.jpg\" alt=\"\" class=\"wp-image-1941\"\/><figcaption><em>Paljenje prvomajske vatre na Ilid\u017ei 2022.<\/em><\/figcaption><\/figure>\n<span class=\"et_bloom_bottom_trigger\"><\/span>","protected":false},"excerpt":{"rendered":"<p>Svakog Prvog maja se radni\u0161tvo svijeta prisje\u0107a sudbonosnih doga\u0111aja koji su se odigrali na ovaj dan u \u010cikagu 1886. godine kada su radnici po\u010deli da se bore protiv izrabljivanja i za bolje uslove rada sa, sada ve\u0107 historijskom parolom, \u201eOsam sati rada, osam sati kulture, osam sati odmora\u201c. U decenijama nakon ovog doga\u0111aja radni\u010dka prava [&hellip;]<\/p>\n","protected":false},"author":2,"featured_media":1938,"comment_status":"closed","ping_status":"open","sticky":false,"template":"","format":"standard","meta":{"_et_pb_use_builder":"off","_et_pb_old_content":"","_et_gb_content_width":"","footnotes":""},"categories":[32,42],"tags":[],"class_list":["post-1937","post","type-post","status-publish","format-standard","has-post-thumbnail","hentry","category-novosti","category-vijesti"],"yoast_head":"<!-- This site is optimized with the Yoast SEO plugin v27.5 - https:\/\/yoast.com\/product\/yoast-seo-wordpress\/ -->\n<title>PRVI MAJ 2022: OVE GODINE RADNICI SVOJ PRAZNIK DO\u010cEKUJU U JO\u0160 TE\u017dEM POLO\u017dAJU - Samostalni sindikat \u0161umarstva, prerade drveta i papira Bosne i Hercegovine<\/title>\n<meta name=\"robots\" content=\"index, follow, max-snippet:-1, max-image-preview:large, max-video-preview:-1\" \/>\n<link rel=\"canonical\" href=\"https:\/\/ssspdp.ba\/?p=1937\" \/>\n<meta property=\"og:locale\" content=\"en_US\" \/>\n<meta property=\"og:type\" content=\"article\" \/>\n<meta property=\"og:title\" content=\"PRVI MAJ 2022: OVE GODINE RADNICI SVOJ PRAZNIK DO\u010cEKUJU U JO\u0160 TE\u017dEM POLO\u017dAJU - Samostalni sindikat \u0161umarstva, prerade drveta i papira Bosne i Hercegovine\" \/>\n<meta property=\"og:description\" content=\"Svakog Prvog maja se radni\u0161tvo svijeta prisje\u0107a sudbonosnih doga\u0111aja koji su se odigrali na ovaj dan u \u010cikagu 1886. godine kada su radnici po\u010deli da se bore protiv izrabljivanja i za bolje uslove rada sa, sada ve\u0107 historijskom parolom, \u201eOsam sati rada, osam sati kulture, osam sati odmora\u201c. U decenijama nakon ovog doga\u0111aja radni\u010dka prava [&hellip;]\" \/>\n<meta property=\"og:url\" content=\"https:\/\/ssspdp.ba\/?p=1937\" \/>\n<meta property=\"og:site_name\" content=\"Samostalni sindikat \u0161umarstva, prerade drveta i papira Bosne i Hercegovine\" \/>\n<meta property=\"article:publisher\" content=\"https:\/\/www.facebook.com\/Samostalni-sindikat-%c5%a1umarstva-prerade-drveta-i-papira-BiH-1740799582820896\/?ref=page_internal\" \/>\n<meta property=\"article:published_time\" content=\"2022-05-01T08:30:00+00:00\" \/>\n<meta property=\"article:modified_time\" content=\"2022-05-01T20:08:38+00:00\" \/>\n<meta property=\"og:image\" content=\"https:\/\/ssspdp.ba\/wp-content\/uploads\/2022\/05\/Prvi-maj-2022-solidarnost-zauvijek-scaled.jpg\" \/>\n\t<meta property=\"og:image:width\" content=\"2560\" \/>\n\t<meta property=\"og:image:height\" content=\"2560\" \/>\n\t<meta property=\"og:image:type\" content=\"image\/jpeg\" \/>\n<meta name=\"author\" content=\"Senudin Jahic\" \/>\n<meta name=\"twitter:card\" content=\"summary_large_image\" \/>\n<meta name=\"twitter:label1\" content=\"Written by\" \/>\n\t<meta name=\"twitter:data1\" content=\"Senudin Jahic\" \/>\n\t<meta name=\"twitter:label2\" content=\"Est. reading time\" \/>\n\t<meta name=\"twitter:data2\" content=\"3 minutes\" \/>\n<script type=\"application\/ld+json\" class=\"yoast-schema-graph\">{\"@context\":\"https:\\\/\\\/schema.org\",\"@graph\":[{\"@type\":\"Article\",\"@id\":\"https:\\\/\\\/ssspdp.ba\\\/?p=1937#article\",\"isPartOf\":{\"@id\":\"https:\\\/\\\/ssspdp.ba\\\/?p=1937\"},\"author\":{\"name\":\"Senudin Jahic\",\"@id\":\"https:\\\/\\\/ssspdp.ba\\\/#\\\/schema\\\/person\\\/ca59c1c3438388dc9efc2e2c1520dd58\"},\"headline\":\"PRVI MAJ 2022: OVE GODINE RADNICI SVOJ PRAZNIK DO\u010cEKUJU U JO\u0160 TE\u017dEM POLO\u017dAJU\",\"datePublished\":\"2022-05-01T08:30:00+00:00\",\"dateModified\":\"2022-05-01T20:08:38+00:00\",\"mainEntityOfPage\":{\"@id\":\"https:\\\/\\\/ssspdp.ba\\\/?p=1937\"},\"wordCount\":626,\"publisher\":{\"@id\":\"https:\\\/\\\/ssspdp.ba\\\/#organization\"},\"image\":{\"@id\":\"https:\\\/\\\/ssspdp.ba\\\/?p=1937#primaryimage\"},\"thumbnailUrl\":\"https:\\\/\\\/ssspdp.ba\\\/wp-content\\\/uploads\\\/2022\\\/05\\\/Prvi-maj-2022-solidarnost-zauvijek-scaled.jpg\",\"articleSection\":[\"Novosti\",\"Vijesti\"],\"inLanguage\":\"en-US\"},{\"@type\":\"WebPage\",\"@id\":\"https:\\\/\\\/ssspdp.ba\\\/?p=1937\",\"url\":\"https:\\\/\\\/ssspdp.ba\\\/?p=1937\",\"name\":\"PRVI MAJ 2022: OVE GODINE RADNICI SVOJ PRAZNIK DO\u010cEKUJU U JO\u0160 TE\u017dEM POLO\u017dAJU - Samostalni sindikat \u0161umarstva, prerade drveta i papira Bosne i Hercegovine\",\"isPartOf\":{\"@id\":\"https:\\\/\\\/ssspdp.ba\\\/#website\"},\"primaryImageOfPage\":{\"@id\":\"https:\\\/\\\/ssspdp.ba\\\/?p=1937#primaryimage\"},\"image\":{\"@id\":\"https:\\\/\\\/ssspdp.ba\\\/?p=1937#primaryimage\"},\"thumbnailUrl\":\"https:\\\/\\\/ssspdp.ba\\\/wp-content\\\/uploads\\\/2022\\\/05\\\/Prvi-maj-2022-solidarnost-zauvijek-scaled.jpg\",\"datePublished\":\"2022-05-01T08:30:00+00:00\",\"dateModified\":\"2022-05-01T20:08:38+00:00\",\"breadcrumb\":{\"@id\":\"https:\\\/\\\/ssspdp.ba\\\/?p=1937#breadcrumb\"},\"inLanguage\":\"en-US\",\"potentialAction\":[{\"@type\":\"ReadAction\",\"target\":[\"https:\\\/\\\/ssspdp.ba\\\/?p=1937\"]}]},{\"@type\":\"ImageObject\",\"inLanguage\":\"en-US\",\"@id\":\"https:\\\/\\\/ssspdp.ba\\\/?p=1937#primaryimage\",\"url\":\"https:\\\/\\\/ssspdp.ba\\\/wp-content\\\/uploads\\\/2022\\\/05\\\/Prvi-maj-2022-solidarnost-zauvijek-scaled.jpg\",\"contentUrl\":\"https:\\\/\\\/ssspdp.ba\\\/wp-content\\\/uploads\\\/2022\\\/05\\\/Prvi-maj-2022-solidarnost-zauvijek-scaled.jpg\",\"width\":2560,\"height\":2560},{\"@type\":\"BreadcrumbList\",\"@id\":\"https:\\\/\\\/ssspdp.ba\\\/?p=1937#breadcrumb\",\"itemListElement\":[{\"@type\":\"ListItem\",\"position\":1,\"name\":\"Home\",\"item\":\"https:\\\/\\\/ssspdp.ba\\\/\"},{\"@type\":\"ListItem\",\"position\":2,\"name\":\"PRVI MAJ 2022: OVE GODINE RADNICI SVOJ PRAZNIK DO\u010cEKUJU U JO\u0160 TE\u017dEM POLO\u017dAJU\"}]},{\"@type\":\"WebSite\",\"@id\":\"https:\\\/\\\/ssspdp.ba\\\/#website\",\"url\":\"https:\\\/\\\/ssspdp.ba\\\/\",\"name\":\"Samostalni sindikat \u0161umarstva, prerade drveta i papira Bosne i Hercegovine\",\"description\":\"\",\"publisher\":{\"@id\":\"https:\\\/\\\/ssspdp.ba\\\/#organization\"},\"potentialAction\":[{\"@type\":\"SearchAction\",\"target\":{\"@type\":\"EntryPoint\",\"urlTemplate\":\"https:\\\/\\\/ssspdp.ba\\\/?s={search_term_string}\"},\"query-input\":{\"@type\":\"PropertyValueSpecification\",\"valueRequired\":true,\"valueName\":\"search_term_string\"}}],\"inLanguage\":\"en-US\"},{\"@type\":\"Organization\",\"@id\":\"https:\\\/\\\/ssspdp.ba\\\/#organization\",\"name\":\"Samostalni sindikat \u0161umarstva, prerade drveta i papira Bosne i Hercegovine\",\"url\":\"https:\\\/\\\/ssspdp.ba\\\/\",\"logo\":{\"@type\":\"ImageObject\",\"inLanguage\":\"en-US\",\"@id\":\"https:\\\/\\\/ssspdp.ba\\\/#\\\/schema\\\/logo\\\/image\\\/\",\"url\":\"https:\\\/\\\/ssspdp.ba\\\/wp-content\\\/uploads\\\/2020\\\/10\\\/web-logo.png\",\"contentUrl\":\"https:\\\/\\\/ssspdp.ba\\\/wp-content\\\/uploads\\\/2020\\\/10\\\/web-logo.png\",\"width\":623,\"height\":100,\"caption\":\"Samostalni sindikat \u0161umarstva, prerade drveta i papira Bosne i Hercegovine\"},\"image\":{\"@id\":\"https:\\\/\\\/ssspdp.ba\\\/#\\\/schema\\\/logo\\\/image\\\/\"},\"sameAs\":[\"https:\\\/\\\/www.facebook.com\\\/Samostalni-sindikat-\u0161umarstva-prerade-drveta-i-papira-BiH-1740799582820896\\\/?ref=page_internal\"]},{\"@type\":\"Person\",\"@id\":\"https:\\\/\\\/ssspdp.ba\\\/#\\\/schema\\\/person\\\/ca59c1c3438388dc9efc2e2c1520dd58\",\"name\":\"Senudin Jahic\",\"image\":{\"@type\":\"ImageObject\",\"inLanguage\":\"en-US\",\"@id\":\"https:\\\/\\\/secure.gravatar.com\\\/avatar\\\/4c408c3d0a009ed2e77d9394b7d39ae86e939f4183d1b501926522e8b6ed0820?s=96&d=mm&r=g\",\"url\":\"https:\\\/\\\/secure.gravatar.com\\\/avatar\\\/4c408c3d0a009ed2e77d9394b7d39ae86e939f4183d1b501926522e8b6ed0820?s=96&d=mm&r=g\",\"contentUrl\":\"https:\\\/\\\/secure.gravatar.com\\\/avatar\\\/4c408c3d0a009ed2e77d9394b7d39ae86e939f4183d1b501926522e8b6ed0820?s=96&d=mm&r=g\",\"caption\":\"Senudin Jahic\"},\"sameAs\":[\"http:\\\/\\\/ssspdp.ba\"]}]}<\/script>\n<!-- \/ Yoast SEO plugin. -->","yoast_head_json":{"title":"PRVI MAJ 2022: OVE GODINE RADNICI SVOJ PRAZNIK DO\u010cEKUJU U JO\u0160 TE\u017dEM POLO\u017dAJU - Samostalni sindikat \u0161umarstva, prerade drveta i papira Bosne i Hercegovine","robots":{"index":"index","follow":"follow","max-snippet":"max-snippet:-1","max-image-preview":"max-image-preview:large","max-video-preview":"max-video-preview:-1"},"canonical":"https:\/\/ssspdp.ba\/?p=1937","og_locale":"en_US","og_type":"article","og_title":"PRVI MAJ 2022: OVE GODINE RADNICI SVOJ PRAZNIK DO\u010cEKUJU U JO\u0160 TE\u017dEM POLO\u017dAJU - Samostalni sindikat \u0161umarstva, prerade drveta i papira Bosne i Hercegovine","og_description":"Svakog Prvog maja se radni\u0161tvo svijeta prisje\u0107a sudbonosnih doga\u0111aja koji su se odigrali na ovaj dan u \u010cikagu 1886. godine kada su radnici po\u010deli da se bore protiv izrabljivanja i za bolje uslove rada sa, sada ve\u0107 historijskom parolom, \u201eOsam sati rada, osam sati kulture, osam sati odmora\u201c. U decenijama nakon ovog doga\u0111aja radni\u010dka prava [&hellip;]","og_url":"https:\/\/ssspdp.ba\/?p=1937","og_site_name":"Samostalni sindikat \u0161umarstva, prerade drveta i papira Bosne i Hercegovine","article_publisher":"https:\/\/www.facebook.com\/Samostalni-sindikat-%c5%a1umarstva-prerade-drveta-i-papira-BiH-1740799582820896\/?ref=page_internal","article_published_time":"2022-05-01T08:30:00+00:00","article_modified_time":"2022-05-01T20:08:38+00:00","og_image":[{"width":2560,"height":2560,"url":"https:\/\/ssspdp.ba\/wp-content\/uploads\/2022\/05\/Prvi-maj-2022-solidarnost-zauvijek-scaled.jpg","type":"image\/jpeg"}],"author":"Senudin Jahic","twitter_card":"summary_large_image","twitter_misc":{"Written by":"Senudin Jahic","Est. reading time":"3 minutes"},"schema":{"@context":"https:\/\/schema.org","@graph":[{"@type":"Article","@id":"https:\/\/ssspdp.ba\/?p=1937#article","isPartOf":{"@id":"https:\/\/ssspdp.ba\/?p=1937"},"author":{"name":"Senudin Jahic","@id":"https:\/\/ssspdp.ba\/#\/schema\/person\/ca59c1c3438388dc9efc2e2c1520dd58"},"headline":"PRVI MAJ 2022: OVE GODINE RADNICI SVOJ PRAZNIK DO\u010cEKUJU U JO\u0160 TE\u017dEM POLO\u017dAJU","datePublished":"2022-05-01T08:30:00+00:00","dateModified":"2022-05-01T20:08:38+00:00","mainEntityOfPage":{"@id":"https:\/\/ssspdp.ba\/?p=1937"},"wordCount":626,"publisher":{"@id":"https:\/\/ssspdp.ba\/#organization"},"image":{"@id":"https:\/\/ssspdp.ba\/?p=1937#primaryimage"},"thumbnailUrl":"https:\/\/ssspdp.ba\/wp-content\/uploads\/2022\/05\/Prvi-maj-2022-solidarnost-zauvijek-scaled.jpg","articleSection":["Novosti","Vijesti"],"inLanguage":"en-US"},{"@type":"WebPage","@id":"https:\/\/ssspdp.ba\/?p=1937","url":"https:\/\/ssspdp.ba\/?p=1937","name":"PRVI MAJ 2022: OVE GODINE RADNICI SVOJ PRAZNIK DO\u010cEKUJU U JO\u0160 TE\u017dEM POLO\u017dAJU - Samostalni sindikat \u0161umarstva, prerade drveta i papira Bosne i Hercegovine","isPartOf":{"@id":"https:\/\/ssspdp.ba\/#website"},"primaryImageOfPage":{"@id":"https:\/\/ssspdp.ba\/?p=1937#primaryimage"},"image":{"@id":"https:\/\/ssspdp.ba\/?p=1937#primaryimage"},"thumbnailUrl":"https:\/\/ssspdp.ba\/wp-content\/uploads\/2022\/05\/Prvi-maj-2022-solidarnost-zauvijek-scaled.jpg","datePublished":"2022-05-01T08:30:00+00:00","dateModified":"2022-05-01T20:08:38+00:00","breadcrumb":{"@id":"https:\/\/ssspdp.ba\/?p=1937#breadcrumb"},"inLanguage":"en-US","potentialAction":[{"@type":"ReadAction","target":["https:\/\/ssspdp.ba\/?p=1937"]}]},{"@type":"ImageObject","inLanguage":"en-US","@id":"https:\/\/ssspdp.ba\/?p=1937#primaryimage","url":"https:\/\/ssspdp.ba\/wp-content\/uploads\/2022\/05\/Prvi-maj-2022-solidarnost-zauvijek-scaled.jpg","contentUrl":"https:\/\/ssspdp.ba\/wp-content\/uploads\/2022\/05\/Prvi-maj-2022-solidarnost-zauvijek-scaled.jpg","width":2560,"height":2560},{"@type":"BreadcrumbList","@id":"https:\/\/ssspdp.ba\/?p=1937#breadcrumb","itemListElement":[{"@type":"ListItem","position":1,"name":"Home","item":"https:\/\/ssspdp.ba\/"},{"@type":"ListItem","position":2,"name":"PRVI MAJ 2022: OVE GODINE RADNICI SVOJ PRAZNIK DO\u010cEKUJU U JO\u0160 TE\u017dEM POLO\u017dAJU"}]},{"@type":"WebSite","@id":"https:\/\/ssspdp.ba\/#website","url":"https:\/\/ssspdp.ba\/","name":"Samostalni sindikat \u0161umarstva, prerade drveta i papira Bosne i Hercegovine","description":"","publisher":{"@id":"https:\/\/ssspdp.ba\/#organization"},"potentialAction":[{"@type":"SearchAction","target":{"@type":"EntryPoint","urlTemplate":"https:\/\/ssspdp.ba\/?s={search_term_string}"},"query-input":{"@type":"PropertyValueSpecification","valueRequired":true,"valueName":"search_term_string"}}],"inLanguage":"en-US"},{"@type":"Organization","@id":"https:\/\/ssspdp.ba\/#organization","name":"Samostalni sindikat \u0161umarstva, prerade drveta i papira Bosne i Hercegovine","url":"https:\/\/ssspdp.ba\/","logo":{"@type":"ImageObject","inLanguage":"en-US","@id":"https:\/\/ssspdp.ba\/#\/schema\/logo\/image\/","url":"https:\/\/ssspdp.ba\/wp-content\/uploads\/2020\/10\/web-logo.png","contentUrl":"https:\/\/ssspdp.ba\/wp-content\/uploads\/2020\/10\/web-logo.png","width":623,"height":100,"caption":"Samostalni sindikat \u0161umarstva, prerade drveta i papira Bosne i Hercegovine"},"image":{"@id":"https:\/\/ssspdp.ba\/#\/schema\/logo\/image\/"},"sameAs":["https:\/\/www.facebook.com\/Samostalni-sindikat-\u0161umarstva-prerade-drveta-i-papira-BiH-1740799582820896\/?ref=page_internal"]},{"@type":"Person","@id":"https:\/\/ssspdp.ba\/#\/schema\/person\/ca59c1c3438388dc9efc2e2c1520dd58","name":"Senudin Jahic","image":{"@type":"ImageObject","inLanguage":"en-US","@id":"https:\/\/secure.gravatar.com\/avatar\/4c408c3d0a009ed2e77d9394b7d39ae86e939f4183d1b501926522e8b6ed0820?s=96&d=mm&r=g","url":"https:\/\/secure.gravatar.com\/avatar\/4c408c3d0a009ed2e77d9394b7d39ae86e939f4183d1b501926522e8b6ed0820?s=96&d=mm&r=g","contentUrl":"https:\/\/secure.gravatar.com\/avatar\/4c408c3d0a009ed2e77d9394b7d39ae86e939f4183d1b501926522e8b6ed0820?s=96&d=mm&r=g","caption":"Senudin Jahic"},"sameAs":["http:\/\/ssspdp.ba"]}]}},"_links":{"self":[{"href":"https:\/\/ssspdp.ba\/index.php?rest_route=\/wp\/v2\/posts\/1937","targetHints":{"allow":["GET"]}}],"collection":[{"href":"https:\/\/ssspdp.ba\/index.php?rest_route=\/wp\/v2\/posts"}],"about":[{"href":"https:\/\/ssspdp.ba\/index.php?rest_route=\/wp\/v2\/types\/post"}],"author":[{"embeddable":true,"href":"https:\/\/ssspdp.ba\/index.php?rest_route=\/wp\/v2\/users\/2"}],"replies":[{"embeddable":true,"href":"https:\/\/ssspdp.ba\/index.php?rest_route=%2Fwp%2Fv2%2Fcomments&post=1937"}],"version-history":[{"count":4,"href":"https:\/\/ssspdp.ba\/index.php?rest_route=\/wp\/v2\/posts\/1937\/revisions"}],"predecessor-version":[{"id":1946,"href":"https:\/\/ssspdp.ba\/index.php?rest_route=\/wp\/v2\/posts\/1937\/revisions\/1946"}],"wp:featuredmedia":[{"embeddable":true,"href":"https:\/\/ssspdp.ba\/index.php?rest_route=\/wp\/v2\/media\/1938"}],"wp:attachment":[{"href":"https:\/\/ssspdp.ba\/index.php?rest_route=%2Fwp%2Fv2%2Fmedia&parent=1937"}],"wp:term":[{"taxonomy":"category","embeddable":true,"href":"https:\/\/ssspdp.ba\/index.php?rest_route=%2Fwp%2Fv2%2Fcategories&post=1937"},{"taxonomy":"post_tag","embeddable":true,"href":"https:\/\/ssspdp.ba\/index.php?rest_route=%2Fwp%2Fv2%2Ftags&post=1937"}],"curies":[{"name":"wp","href":"https:\/\/api.w.org\/{rel}","templated":true}]}}