{"id":1951,"date":"2022-05-06T20:20:51","date_gmt":"2022-05-06T19:20:51","guid":{"rendered":"https:\/\/ssspdp.ba\/?p=1951"},"modified":"2022-05-07T07:47:57","modified_gmt":"2022-05-07T06:47:57","slug":"odrzan-xv-svjetski-kongres-sumarstva","status":"publish","type":"post","link":"https:\/\/ssspdp.ba\/?p=1951","title":{"rendered":"ODR\u017dAN XV SVJETSKI KONGRES \u0160UMARSTVA"},"content":{"rendered":"\n<p>\u0160ume \u0161tite \u017eivot na Zemlji i imaju klju\u010dnu ulogu u odr\u017eivom razvoju. Prednosti i koristi od \u0161uma pro\u017eimaju brojne ciljeve i smjernice Programa UN-a za odr\u017eivi razvoj do 2030. godine koji sadr\u017ei \u010ditav dijapazon aktivnosti, od borbe protiv siroma\u0161tva do ubla\u017eavanja klimatskih promjena i o\u010duvanja biodiverziteta. Me\u0111utim, ovi dragocjeni ekosistemi su izlo\u017eeni rastu\u0107oj opasnosti od deforestacije (nestanka \u0161uma), degradacije \u0161ume, neodr\u017eivih praksi gospodarenja \u0161umama i efekata klimatskih promjena.<\/p>\n\n\n\n<p>XV Svjetski kongres \u0161umarstva koji je danas okon\u010dan u Seulu, pru\u017eio je zna\u010dajnu priliku za globalnu \u0161umarsku zajednicu da omogu\u0107i da \u0161ume postanu sastavni dio diskusija i odluka u sklopu Programa UN-a za odr\u017eivi razvoj do 2030. godine, kao i globalnih aktivnosti oporavka od posljedica pandemije COVID-a 19. <\/p>\n\n\n\n<p>Na pomenutom kongresu su u\u010destvovali i predstavnici na\u0161e krovne organizacije, Me\u0111unarodne federacije radnika u gra\u0111evinarstvu i drvnoj industriji (BWI). <\/p>\n\n\n\n<p><strong>Kratka istorija Svjetskog kongresa \u0161umarstva<\/strong><\/p>\n\n\n\n<p>Od kada je odr\u017ean prvi Svjetski kongres \u0161umarstva, u Rimu 1926. godine, ova manifestacija se realizuje svakih ca. \u0161est godina i u sklopu iste se odr\u017eavaju forumi za inkluzivnu diskusiju o klju\u010dnim izazovima i perspektivama za sektor \u0161umarstva. 1954. godine je priprema i odr\u017eavanje kongresa povjerena Organizaciji Ujedinjenih naroda za prehranu i poljoprivredu (FAO) u uskoj saradnji sa zemljom-doma\u0107inom, \u0161to je praksa i danas.<\/p>\n\n\n\n<p><strong>Aktivnosti u sklopu Kongresa<\/strong><\/p>\n\n\n\n<p>Doma\u0107in petnaestog kongresa je Vlada Republike Koreje, a kongres je trajao od 2. do 6. maja 2022. godine. Republika Koreja je zemlja koja visoko cijeni vlastita \u0161umska bogatstva zbog njihovog klju\u010dnog utjecaja na ekosisteme, te pozitivne uloge u oblasti zdravlja i rekreacije i spremna je da mnoga ste\u010dena znanja podijeli sa globalnom zajednicom.<\/p>\n\n\n\n<p>Pod sloganom \u201eIzgradimo ekolo\u0161ki prihvatljivu, zdravu i postojanu budu\u0107nost sa \u0161umama\u201c, Kongres je potcrtao esencijalnu ulogu \u0161uma u globalnom programu za odr\u017eivi razvoj, obuhvativ\u0161i izme\u0111u ostalog, Program UN-a za odr\u017eivi razvoj do 2030. godine (te u sklopu njega i Smjernice za odr\u017eivi razvoj), Globalne ciljeve u oblasti \u0161umarstva, Pari\u0161ki sporazum o klimatskim promjenama, UN-ovu deceniju obnove ekosistema i Globalni okvir za bioraznolikost poslije 2020. godine. U\u010desnici ove manifestacije su utvrdili klju\u010dne mjere i preporuke za ja\u010danje uloge \u0161uma. Tako\u0111er je nagla\u0161en i napredak u implementaciji preporuka sa\u010dinjenih u toku rada XIV. Svjetskog kongresa \u0161umarstva 2015. godine.<\/p>\n\n\n\n<p>Organizatori Kongresa su omogu\u0107ili \u0161ire u\u010de\u0161\u0107e u ovom globalnom doga\u0111aju sa ciljem okupljanja hiljada ljudi iz svih dijelova svijeta i razli\u010ditih sektora, uklju\u010duju\u0107i i javni i privatni sektor, nevladine organizacije, organizacije civilnog dru\u0161tva, nau\u010dna tijela i \u0161umarska dru\u0161tva. Objedinjavanjem tako raznolike grupe ljudi koji dijele zajedni\u010dku brigu za \u0161ume, Kongres je ohrabrio u\u010desnike na vo\u0111enje inkluzivnih diskusija, stvaranje novih partnerstava i uvr\u0161tavanje problematike kojom se bavi \u0161umarstvo u globalne programe odr\u017eivog razvoja i aktivnosti oporavka od posljedica pandemije COVID-a 19.<\/p>\n\n\n\n<p><strong>U\u010de\u0161\u0107e predstavnika BWI<\/strong><\/p>\n\n\n\n<p>Predstavnici BWI-a su u svojim aktivnostima u toku Kongresa nagla\u0161avali pitanja socijalnog dijaloga kao osnove za postizanje dostojanstvenih uslova rada. Kako su naglasili predstavnici na\u0161e krovne ogranizacije, \u201esocijalni dijalog je va\u017eno sredstvo za uspostavljanje osnovnih radni\u010dkih prava na udru\u017eivanje i kolektivno pregovaranje\u201c.<\/p>\n\n\n\n<p>\u201eSocijalni dijalog je mehanizam koji treba da polu\u010di rezultatima kao \u0161to su kolektivno pregovaranje, pravno obavezuju\u0107i granski sporazumi, pristup povjerenicima za zdravlje i za\u0161titu na radu radnim mjestima i funkcionalni odbori za bezbjednost i za\u0161titu na radu. Posve\u0107enost socijalnih partnera socijalnom dijalogu za rezultat mora imati konkretne akcije na radnim mjestima. U suprotnom, sve je samo prazna pri\u010da\u201c, istakao je predstavnik BWI, Apolinar Z. Tolentino.<\/p>\n\n\n\n<p>Izvori: <a href=\"https:\/\/l.facebook.com\/l.php?u=https%3A%2F%2Feustafor.eu%2Fevent%2Fxv-world-forestry-congress%2F%3Ffbclid%3DIwAR3GpL2FtbWGIDT9hMp1xvgrGUGfvoOGJs62ZQX9GOZrZ4tROHYjD8dpxh8&amp;h=AT1GgDDTRI_6cTX24OIAZ77t6WZMuI7na1Qzv0bSkxo-7Y7bAQYd152bLJF-J7kdEZPHT6Zv-F284VmY3yHBXp41qB1GbzYZVPCwaTZMHaxNDneAnqBmpGOi4NfSN_SOnw&amp;__tn__=-UK-R&amp;c[0]=AT3J7CibnF5R1A5O0Vn0NZpnWX4RD8YoLTlJkCY49w5ea21CgpcJuRStJP2XZrNqBH6OTCyJft0mnDJlxhaeSk0Ym7uZjFFo94PTpkG7V_nstHuDPXESrV6ClPUt8ObrfjSRdYlP8SbDTAiCuqbQFA03_IywTcPLq_bAAswhrMaka0zoQDPclupB7WSTwS8bMtPidjMH\" rel=\"noreferrer noopener\" target=\"_blank\">https:\/\/eustafor.eu\/event\/xv-world-forestry-congress\/<\/a><br><a href=\"https:\/\/www.bwint.org\/bs_BA\/cms\/bwi-attends-world-forestry-congress-pushes-for-more-social-dialogue-2632?fbclid=IwAR3QOVPGKI8ie8jnrOUl-7E0fhxJ4Kk9LCi5sl-BAxgTWqVfu4xTI-mXVMo\" target=\"_blank\" rel=\"noreferrer noopener\">BWI attends World Forestry Congress, pushes for more social dialogue<\/a><\/p>\n\n\n\n<p><\/p>\n<span class=\"et_bloom_bottom_trigger\"><\/span>","protected":false},"excerpt":{"rendered":"<p>\u0160ume \u0161tite \u017eivot na Zemlji i imaju klju\u010dnu ulogu u odr\u017eivom razvoju. Prednosti i koristi od \u0161uma pro\u017eimaju brojne ciljeve i smjernice Programa UN-a za odr\u017eivi razvoj do 2030. godine koji sadr\u017ei \u010ditav dijapazon aktivnosti, od borbe protiv siroma\u0161tva do ubla\u017eavanja klimatskih promjena i o\u010duvanja biodiverziteta. Me\u0111utim, ovi dragocjeni ekosistemi su izlo\u017eeni rastu\u0107oj opasnosti od [&hellip;]<\/p>\n","protected":false},"author":2,"featured_media":1952,"comment_status":"closed","ping_status":"open","sticky":false,"template":"","format":"standard","meta":{"_et_pb_use_builder":"off","_et_pb_old_content":"","_et_gb_content_width":"","footnotes":""},"categories":[32,42],"tags":[],"class_list":["post-1951","post","type-post","status-publish","format-standard","has-post-thumbnail","hentry","category-novosti","category-vijesti"],"yoast_head":"<!-- This site is optimized with the Yoast SEO plugin v27.5 - https:\/\/yoast.com\/product\/yoast-seo-wordpress\/ -->\n<title>ODR\u017dAN XV SVJETSKI KONGRES \u0160UMARSTVA - Samostalni sindikat \u0161umarstva, prerade drveta i papira Bosne i Hercegovine<\/title>\n<meta name=\"robots\" content=\"index, follow, max-snippet:-1, max-image-preview:large, max-video-preview:-1\" \/>\n<link rel=\"canonical\" href=\"https:\/\/ssspdp.ba\/?p=1951\" \/>\n<meta property=\"og:locale\" content=\"en_US\" \/>\n<meta property=\"og:type\" content=\"article\" \/>\n<meta property=\"og:title\" content=\"ODR\u017dAN XV SVJETSKI KONGRES \u0160UMARSTVA - Samostalni sindikat \u0161umarstva, prerade drveta i papira Bosne i Hercegovine\" \/>\n<meta property=\"og:description\" content=\"\u0160ume \u0161tite \u017eivot na Zemlji i imaju klju\u010dnu ulogu u odr\u017eivom razvoju. Prednosti i koristi od \u0161uma pro\u017eimaju brojne ciljeve i smjernice Programa UN-a za odr\u017eivi razvoj do 2030. godine koji sadr\u017ei \u010ditav dijapazon aktivnosti, od borbe protiv siroma\u0161tva do ubla\u017eavanja klimatskih promjena i o\u010duvanja biodiverziteta. Me\u0111utim, ovi dragocjeni ekosistemi su izlo\u017eeni rastu\u0107oj opasnosti od [&hellip;]\" \/>\n<meta property=\"og:url\" content=\"https:\/\/ssspdp.ba\/?p=1951\" \/>\n<meta property=\"og:site_name\" content=\"Samostalni sindikat \u0161umarstva, prerade drveta i papira Bosne i Hercegovine\" \/>\n<meta property=\"article:publisher\" content=\"https:\/\/www.facebook.com\/Samostalni-sindikat-%c5%a1umarstva-prerade-drveta-i-papira-BiH-1740799582820896\/?ref=page_internal\" \/>\n<meta property=\"article:published_time\" content=\"2022-05-06T19:20:51+00:00\" \/>\n<meta property=\"article:modified_time\" content=\"2022-05-07T06:47:57+00:00\" \/>\n<meta property=\"og:image\" content=\"https:\/\/ssspdp.ba\/wp-content\/uploads\/2022\/05\/World-Forestry-congress-new-dates-bis.png\" \/>\n\t<meta property=\"og:image:width\" content=\"1684\" \/>\n\t<meta property=\"og:image:height\" content=\"948\" \/>\n\t<meta property=\"og:image:type\" content=\"image\/png\" \/>\n<meta name=\"author\" content=\"Senudin Jahic\" \/>\n<meta name=\"twitter:card\" content=\"summary_large_image\" \/>\n<meta name=\"twitter:label1\" content=\"Written by\" \/>\n\t<meta name=\"twitter:data1\" content=\"Senudin Jahic\" \/>\n\t<meta name=\"twitter:label2\" content=\"Est. reading time\" \/>\n\t<meta name=\"twitter:data2\" content=\"3 minutes\" \/>\n<script type=\"application\/ld+json\" class=\"yoast-schema-graph\">{\"@context\":\"https:\\\/\\\/schema.org\",\"@graph\":[{\"@type\":\"Article\",\"@id\":\"https:\\\/\\\/ssspdp.ba\\\/?p=1951#article\",\"isPartOf\":{\"@id\":\"https:\\\/\\\/ssspdp.ba\\\/?p=1951\"},\"author\":{\"name\":\"Senudin Jahic\",\"@id\":\"https:\\\/\\\/ssspdp.ba\\\/#\\\/schema\\\/person\\\/ca59c1c3438388dc9efc2e2c1520dd58\"},\"headline\":\"ODR\u017dAN XV SVJETSKI KONGRES \u0160UMARSTVA\",\"datePublished\":\"2022-05-06T19:20:51+00:00\",\"dateModified\":\"2022-05-07T06:47:57+00:00\",\"mainEntityOfPage\":{\"@id\":\"https:\\\/\\\/ssspdp.ba\\\/?p=1951\"},\"wordCount\":628,\"publisher\":{\"@id\":\"https:\\\/\\\/ssspdp.ba\\\/#organization\"},\"image\":{\"@id\":\"https:\\\/\\\/ssspdp.ba\\\/?p=1951#primaryimage\"},\"thumbnailUrl\":\"https:\\\/\\\/ssspdp.ba\\\/wp-content\\\/uploads\\\/2022\\\/05\\\/World-Forestry-congress-new-dates-bis.png\",\"articleSection\":[\"Novosti\",\"Vijesti\"],\"inLanguage\":\"en-US\"},{\"@type\":\"WebPage\",\"@id\":\"https:\\\/\\\/ssspdp.ba\\\/?p=1951\",\"url\":\"https:\\\/\\\/ssspdp.ba\\\/?p=1951\",\"name\":\"ODR\u017dAN XV SVJETSKI KONGRES \u0160UMARSTVA - Samostalni sindikat \u0161umarstva, prerade drveta i papira Bosne i Hercegovine\",\"isPartOf\":{\"@id\":\"https:\\\/\\\/ssspdp.ba\\\/#website\"},\"primaryImageOfPage\":{\"@id\":\"https:\\\/\\\/ssspdp.ba\\\/?p=1951#primaryimage\"},\"image\":{\"@id\":\"https:\\\/\\\/ssspdp.ba\\\/?p=1951#primaryimage\"},\"thumbnailUrl\":\"https:\\\/\\\/ssspdp.ba\\\/wp-content\\\/uploads\\\/2022\\\/05\\\/World-Forestry-congress-new-dates-bis.png\",\"datePublished\":\"2022-05-06T19:20:51+00:00\",\"dateModified\":\"2022-05-07T06:47:57+00:00\",\"breadcrumb\":{\"@id\":\"https:\\\/\\\/ssspdp.ba\\\/?p=1951#breadcrumb\"},\"inLanguage\":\"en-US\",\"potentialAction\":[{\"@type\":\"ReadAction\",\"target\":[\"https:\\\/\\\/ssspdp.ba\\\/?p=1951\"]}]},{\"@type\":\"ImageObject\",\"inLanguage\":\"en-US\",\"@id\":\"https:\\\/\\\/ssspdp.ba\\\/?p=1951#primaryimage\",\"url\":\"https:\\\/\\\/ssspdp.ba\\\/wp-content\\\/uploads\\\/2022\\\/05\\\/World-Forestry-congress-new-dates-bis.png\",\"contentUrl\":\"https:\\\/\\\/ssspdp.ba\\\/wp-content\\\/uploads\\\/2022\\\/05\\\/World-Forestry-congress-new-dates-bis.png\",\"width\":1684,\"height\":948},{\"@type\":\"BreadcrumbList\",\"@id\":\"https:\\\/\\\/ssspdp.ba\\\/?p=1951#breadcrumb\",\"itemListElement\":[{\"@type\":\"ListItem\",\"position\":1,\"name\":\"Home\",\"item\":\"https:\\\/\\\/ssspdp.ba\\\/\"},{\"@type\":\"ListItem\",\"position\":2,\"name\":\"ODR\u017dAN XV SVJETSKI KONGRES \u0160UMARSTVA\"}]},{\"@type\":\"WebSite\",\"@id\":\"https:\\\/\\\/ssspdp.ba\\\/#website\",\"url\":\"https:\\\/\\\/ssspdp.ba\\\/\",\"name\":\"Samostalni sindikat \u0161umarstva, prerade drveta i papira Bosne i Hercegovine\",\"description\":\"\",\"publisher\":{\"@id\":\"https:\\\/\\\/ssspdp.ba\\\/#organization\"},\"potentialAction\":[{\"@type\":\"SearchAction\",\"target\":{\"@type\":\"EntryPoint\",\"urlTemplate\":\"https:\\\/\\\/ssspdp.ba\\\/?s={search_term_string}\"},\"query-input\":{\"@type\":\"PropertyValueSpecification\",\"valueRequired\":true,\"valueName\":\"search_term_string\"}}],\"inLanguage\":\"en-US\"},{\"@type\":\"Organization\",\"@id\":\"https:\\\/\\\/ssspdp.ba\\\/#organization\",\"name\":\"Samostalni sindikat \u0161umarstva, prerade drveta i papira Bosne i Hercegovine\",\"url\":\"https:\\\/\\\/ssspdp.ba\\\/\",\"logo\":{\"@type\":\"ImageObject\",\"inLanguage\":\"en-US\",\"@id\":\"https:\\\/\\\/ssspdp.ba\\\/#\\\/schema\\\/logo\\\/image\\\/\",\"url\":\"https:\\\/\\\/ssspdp.ba\\\/wp-content\\\/uploads\\\/2020\\\/10\\\/web-logo.png\",\"contentUrl\":\"https:\\\/\\\/ssspdp.ba\\\/wp-content\\\/uploads\\\/2020\\\/10\\\/web-logo.png\",\"width\":623,\"height\":100,\"caption\":\"Samostalni sindikat \u0161umarstva, prerade drveta i papira Bosne i Hercegovine\"},\"image\":{\"@id\":\"https:\\\/\\\/ssspdp.ba\\\/#\\\/schema\\\/logo\\\/image\\\/\"},\"sameAs\":[\"https:\\\/\\\/www.facebook.com\\\/Samostalni-sindikat-\u0161umarstva-prerade-drveta-i-papira-BiH-1740799582820896\\\/?ref=page_internal\"]},{\"@type\":\"Person\",\"@id\":\"https:\\\/\\\/ssspdp.ba\\\/#\\\/schema\\\/person\\\/ca59c1c3438388dc9efc2e2c1520dd58\",\"name\":\"Senudin Jahic\",\"image\":{\"@type\":\"ImageObject\",\"inLanguage\":\"en-US\",\"@id\":\"https:\\\/\\\/secure.gravatar.com\\\/avatar\\\/4c408c3d0a009ed2e77d9394b7d39ae86e939f4183d1b501926522e8b6ed0820?s=96&d=mm&r=g\",\"url\":\"https:\\\/\\\/secure.gravatar.com\\\/avatar\\\/4c408c3d0a009ed2e77d9394b7d39ae86e939f4183d1b501926522e8b6ed0820?s=96&d=mm&r=g\",\"contentUrl\":\"https:\\\/\\\/secure.gravatar.com\\\/avatar\\\/4c408c3d0a009ed2e77d9394b7d39ae86e939f4183d1b501926522e8b6ed0820?s=96&d=mm&r=g\",\"caption\":\"Senudin Jahic\"},\"sameAs\":[\"http:\\\/\\\/ssspdp.ba\"]}]}<\/script>\n<!-- \/ Yoast SEO plugin. -->","yoast_head_json":{"title":"ODR\u017dAN XV SVJETSKI KONGRES \u0160UMARSTVA - Samostalni sindikat \u0161umarstva, prerade drveta i papira Bosne i Hercegovine","robots":{"index":"index","follow":"follow","max-snippet":"max-snippet:-1","max-image-preview":"max-image-preview:large","max-video-preview":"max-video-preview:-1"},"canonical":"https:\/\/ssspdp.ba\/?p=1951","og_locale":"en_US","og_type":"article","og_title":"ODR\u017dAN XV SVJETSKI KONGRES \u0160UMARSTVA - Samostalni sindikat \u0161umarstva, prerade drveta i papira Bosne i Hercegovine","og_description":"\u0160ume \u0161tite \u017eivot na Zemlji i imaju klju\u010dnu ulogu u odr\u017eivom razvoju. Prednosti i koristi od \u0161uma pro\u017eimaju brojne ciljeve i smjernice Programa UN-a za odr\u017eivi razvoj do 2030. godine koji sadr\u017ei \u010ditav dijapazon aktivnosti, od borbe protiv siroma\u0161tva do ubla\u017eavanja klimatskih promjena i o\u010duvanja biodiverziteta. Me\u0111utim, ovi dragocjeni ekosistemi su izlo\u017eeni rastu\u0107oj opasnosti od [&hellip;]","og_url":"https:\/\/ssspdp.ba\/?p=1951","og_site_name":"Samostalni sindikat \u0161umarstva, prerade drveta i papira Bosne i Hercegovine","article_publisher":"https:\/\/www.facebook.com\/Samostalni-sindikat-%c5%a1umarstva-prerade-drveta-i-papira-BiH-1740799582820896\/?ref=page_internal","article_published_time":"2022-05-06T19:20:51+00:00","article_modified_time":"2022-05-07T06:47:57+00:00","og_image":[{"width":1684,"height":948,"url":"https:\/\/ssspdp.ba\/wp-content\/uploads\/2022\/05\/World-Forestry-congress-new-dates-bis.png","type":"image\/png"}],"author":"Senudin Jahic","twitter_card":"summary_large_image","twitter_misc":{"Written by":"Senudin Jahic","Est. reading time":"3 minutes"},"schema":{"@context":"https:\/\/schema.org","@graph":[{"@type":"Article","@id":"https:\/\/ssspdp.ba\/?p=1951#article","isPartOf":{"@id":"https:\/\/ssspdp.ba\/?p=1951"},"author":{"name":"Senudin Jahic","@id":"https:\/\/ssspdp.ba\/#\/schema\/person\/ca59c1c3438388dc9efc2e2c1520dd58"},"headline":"ODR\u017dAN XV SVJETSKI KONGRES \u0160UMARSTVA","datePublished":"2022-05-06T19:20:51+00:00","dateModified":"2022-05-07T06:47:57+00:00","mainEntityOfPage":{"@id":"https:\/\/ssspdp.ba\/?p=1951"},"wordCount":628,"publisher":{"@id":"https:\/\/ssspdp.ba\/#organization"},"image":{"@id":"https:\/\/ssspdp.ba\/?p=1951#primaryimage"},"thumbnailUrl":"https:\/\/ssspdp.ba\/wp-content\/uploads\/2022\/05\/World-Forestry-congress-new-dates-bis.png","articleSection":["Novosti","Vijesti"],"inLanguage":"en-US"},{"@type":"WebPage","@id":"https:\/\/ssspdp.ba\/?p=1951","url":"https:\/\/ssspdp.ba\/?p=1951","name":"ODR\u017dAN XV SVJETSKI KONGRES \u0160UMARSTVA - Samostalni sindikat \u0161umarstva, prerade drveta i papira Bosne i Hercegovine","isPartOf":{"@id":"https:\/\/ssspdp.ba\/#website"},"primaryImageOfPage":{"@id":"https:\/\/ssspdp.ba\/?p=1951#primaryimage"},"image":{"@id":"https:\/\/ssspdp.ba\/?p=1951#primaryimage"},"thumbnailUrl":"https:\/\/ssspdp.ba\/wp-content\/uploads\/2022\/05\/World-Forestry-congress-new-dates-bis.png","datePublished":"2022-05-06T19:20:51+00:00","dateModified":"2022-05-07T06:47:57+00:00","breadcrumb":{"@id":"https:\/\/ssspdp.ba\/?p=1951#breadcrumb"},"inLanguage":"en-US","potentialAction":[{"@type":"ReadAction","target":["https:\/\/ssspdp.ba\/?p=1951"]}]},{"@type":"ImageObject","inLanguage":"en-US","@id":"https:\/\/ssspdp.ba\/?p=1951#primaryimage","url":"https:\/\/ssspdp.ba\/wp-content\/uploads\/2022\/05\/World-Forestry-congress-new-dates-bis.png","contentUrl":"https:\/\/ssspdp.ba\/wp-content\/uploads\/2022\/05\/World-Forestry-congress-new-dates-bis.png","width":1684,"height":948},{"@type":"BreadcrumbList","@id":"https:\/\/ssspdp.ba\/?p=1951#breadcrumb","itemListElement":[{"@type":"ListItem","position":1,"name":"Home","item":"https:\/\/ssspdp.ba\/"},{"@type":"ListItem","position":2,"name":"ODR\u017dAN XV SVJETSKI KONGRES \u0160UMARSTVA"}]},{"@type":"WebSite","@id":"https:\/\/ssspdp.ba\/#website","url":"https:\/\/ssspdp.ba\/","name":"Samostalni sindikat \u0161umarstva, prerade drveta i papira Bosne i Hercegovine","description":"","publisher":{"@id":"https:\/\/ssspdp.ba\/#organization"},"potentialAction":[{"@type":"SearchAction","target":{"@type":"EntryPoint","urlTemplate":"https:\/\/ssspdp.ba\/?s={search_term_string}"},"query-input":{"@type":"PropertyValueSpecification","valueRequired":true,"valueName":"search_term_string"}}],"inLanguage":"en-US"},{"@type":"Organization","@id":"https:\/\/ssspdp.ba\/#organization","name":"Samostalni sindikat \u0161umarstva, prerade drveta i papira Bosne i Hercegovine","url":"https:\/\/ssspdp.ba\/","logo":{"@type":"ImageObject","inLanguage":"en-US","@id":"https:\/\/ssspdp.ba\/#\/schema\/logo\/image\/","url":"https:\/\/ssspdp.ba\/wp-content\/uploads\/2020\/10\/web-logo.png","contentUrl":"https:\/\/ssspdp.ba\/wp-content\/uploads\/2020\/10\/web-logo.png","width":623,"height":100,"caption":"Samostalni sindikat \u0161umarstva, prerade drveta i papira Bosne i Hercegovine"},"image":{"@id":"https:\/\/ssspdp.ba\/#\/schema\/logo\/image\/"},"sameAs":["https:\/\/www.facebook.com\/Samostalni-sindikat-\u0161umarstva-prerade-drveta-i-papira-BiH-1740799582820896\/?ref=page_internal"]},{"@type":"Person","@id":"https:\/\/ssspdp.ba\/#\/schema\/person\/ca59c1c3438388dc9efc2e2c1520dd58","name":"Senudin Jahic","image":{"@type":"ImageObject","inLanguage":"en-US","@id":"https:\/\/secure.gravatar.com\/avatar\/4c408c3d0a009ed2e77d9394b7d39ae86e939f4183d1b501926522e8b6ed0820?s=96&d=mm&r=g","url":"https:\/\/secure.gravatar.com\/avatar\/4c408c3d0a009ed2e77d9394b7d39ae86e939f4183d1b501926522e8b6ed0820?s=96&d=mm&r=g","contentUrl":"https:\/\/secure.gravatar.com\/avatar\/4c408c3d0a009ed2e77d9394b7d39ae86e939f4183d1b501926522e8b6ed0820?s=96&d=mm&r=g","caption":"Senudin Jahic"},"sameAs":["http:\/\/ssspdp.ba"]}]}},"_links":{"self":[{"href":"https:\/\/ssspdp.ba\/index.php?rest_route=\/wp\/v2\/posts\/1951","targetHints":{"allow":["GET"]}}],"collection":[{"href":"https:\/\/ssspdp.ba\/index.php?rest_route=\/wp\/v2\/posts"}],"about":[{"href":"https:\/\/ssspdp.ba\/index.php?rest_route=\/wp\/v2\/types\/post"}],"author":[{"embeddable":true,"href":"https:\/\/ssspdp.ba\/index.php?rest_route=\/wp\/v2\/users\/2"}],"replies":[{"embeddable":true,"href":"https:\/\/ssspdp.ba\/index.php?rest_route=%2Fwp%2Fv2%2Fcomments&post=1951"}],"version-history":[{"count":2,"href":"https:\/\/ssspdp.ba\/index.php?rest_route=\/wp\/v2\/posts\/1951\/revisions"}],"predecessor-version":[{"id":1954,"href":"https:\/\/ssspdp.ba\/index.php?rest_route=\/wp\/v2\/posts\/1951\/revisions\/1954"}],"wp:featuredmedia":[{"embeddable":true,"href":"https:\/\/ssspdp.ba\/index.php?rest_route=\/wp\/v2\/media\/1952"}],"wp:attachment":[{"href":"https:\/\/ssspdp.ba\/index.php?rest_route=%2Fwp%2Fv2%2Fmedia&parent=1951"}],"wp:term":[{"taxonomy":"category","embeddable":true,"href":"https:\/\/ssspdp.ba\/index.php?rest_route=%2Fwp%2Fv2%2Fcategories&post=1951"},{"taxonomy":"post_tag","embeddable":true,"href":"https:\/\/ssspdp.ba\/index.php?rest_route=%2Fwp%2Fv2%2Ftags&post=1951"}],"curies":[{"name":"wp","href":"https:\/\/api.w.org\/{rel}","templated":true}]}}