{"id":2011,"date":"2022-06-28T17:09:16","date_gmt":"2022-06-28T16:09:16","guid":{"rendered":"https:\/\/ssspdp.ba\/?p=2011"},"modified":"2022-06-28T17:09:17","modified_gmt":"2022-06-28T16:09:17","slug":"ekonomsko-socijalno-vijece-predstavnici-sindikata-trazili-povecanje-plata-vlada-fbih-nudi-druga-rjesenja","status":"publish","type":"post","link":"https:\/\/ssspdp.ba\/?p=2011","title":{"rendered":"EKONOMSKO-SOCIJALNO VIJE\u0106E: PREDSTAVNICI SINDIKATA TRA\u017dILI POVE\u0106ANJE PLATA, VLADA FBIH NUDI DRUGA RJE\u0160ENJA"},"content":{"rendered":"\n<p>Kako prenosi portal Klix.ba, na posljednjoj sjednici Ekonomsko-socijalnog vije\u0107a Federacije BiH predstavnici sindikata tra\u017eili su da se raspravlja o izmjenama Uredbe o najni\u017eoj pla\u0107i kojima bi se najmanje primanje pove\u0107alo odmah, \u0161to su odbili predstavnici Vlade FBiH i poslodavci.<\/p>\n\n\n\n<p>Predstavnici Vlade FBiH na posljednjem sastanku ekonomskih partnera nisu htjeli raspravljati o Uredbi o najni\u017eoj pla\u0107i ve\u0107 o vlastitom Zakonu o najmanjem primanju.<\/p>\n\n\n\n<p>Taj zakon je prijedlog Vlade FBiH za koji postoji namjera da bude usvojen u paketu sa drugim fiskalnim zakonima. Prijedlog predvi\u0111a da u najmanje primanje bude uklju\u010deno sve \u0161to se radnicima ispla\u0107uje pored plate, poput toplog obroka, naknade za prijevoz i regresa.<\/p>\n\n\n\n<p>Sastanku su u ime Vlade Federacije BiH prisustvovali premijer Fadil Novali\u0107, ministrica finansija Jelka Mili\u0107evi\u0107 i ministar rada i socijalne politike Vesko Drlja\u010da.<\/p>\n\n\n\n<p>&#8220;Sindikati su u sklopu nastavka sjednice ESV-a koju smo bili prekinuli, tra\u017eili da se izvr\u0161i izmjena i dopuna \u010dlana 5. te uredbe kojom bi se omogu\u0107ilo pove\u0107anje najni\u017ee plate odmah. Me\u0111utim, Vlada na to nije pristala, a ni poslodavci nisu bili za takav prijedlog. Vlada je insistirala da se raspravlja o Zakonu o najni\u017eim primanjima i da se u sklopu toga reguili\u0161e to pitanje, ali nije bilo koncenzusa ni s jedne ni s druge strane, niti se definitivno razgovaralo o pove\u0107anju najni\u017ee plate niti se razgovaralo o najni\u017eim primanjima u FBiH. Taj dio nismo uspjeli da zavr\u0161imo&#8221;, kazao je za Klix.ba Edhem Biber, predsjednik Ekonomsko-socijalnog vije\u0107a FBiH<\/p>\n\n\n\n<p>Istakao je kako bi novim zakonom o najni\u017eim primanjima termin &#8216;najni\u017ea plata&#8217; nestao, a novi termin &#8216;najni\u017ea primanja&#8217; uklju\u010divao bi sva druga primanja koje radnici imaju izvan osnovne plate.<\/p>\n\n\n\n<p>&#8220;Sve bi to bilo oporezovano, u\u0161li bi u to, tako da je to jedan novi oblik. Takvi zakoni postoje u Republici Srpskoj i Srbiji. To je nova formula na kojoj insistiraju me\u0111unarodne finansijske institucije&#8221;, objasnio je Biber.<\/p>\n\n\n\n<p>Dodao je da su tokom rasprave o dnevnom redu, poslodavci pristali da se razgovara o toj temi.<\/p>\n\n\n\n<p>&#8220;Vjerojatno bi oni u tome na\u0161li svoj neki interes. Sindikati nisu \u017eeljeli da o tome razgovaraju&#8221;, isti\u010de.<\/p>\n\n\n\n<p>Predsjednik Ekonomsko-socijalnog vije\u0107a FBiH smatra da, ako \u0107e se po\u0161tovati procedure, Zakon o najni\u017eim primanjima ne bi mogao i\u0107i u parlamentarnu proceduru jer nisu izvr\u0161ene konsultacije na Vije\u0107u na tu temu, a koje su predvi\u0111ene odredbama Zakona o radu FBiH.<\/p>\n\n\n\n<p>&#8220;Mislim da ovaj zakon Vlade ne bi mogao i\u0107i u parlamentarnu proceduru u ovom obliku, dok se ne izvr\u0161e konsultacije. Na\u010delno smo dogovorili da, ukoliko bude novih detalja, da \u0107e socijalni partneri tra\u017eiti novi kolegij i razgovor o toj temi kako bi eventualno organizirali novu sjednicu, ali nisam siguran u ovom momentu da \u0107e se to i dogoditi&#8221;, kazao je Biber.<\/p>\n\n\n\n<p>Radnici koji primaju minimalnu platu i dalje \u010dekaju na pove\u0107anje primanja. Odredbe uredbe koja trenutno regulira visinu minimalne plate predvi\u0111aju da se krajem ove godine izvr\u0161i analiza i eventualno donese odluka o pove\u0107anju najni\u017ee plate.<\/p>\n\n\n\n<p>&#8220;Svi smo svjesni da su enormno porasli \u017eivotni tro\u0161kovi, prehrana, gorivo i sli\u010dno. Mislim da se trebala na izvjestan na\u010din korigirati ta najni\u017ea plata, ali vidjet \u0107emo \u0161ta \u0107e biti. Vjerovatno sada, idu izbori, bit \u0107e jo\u0161 pri\u010de o toj temi&#8221;, zaklju\u010dio je .<\/p>\n\n\n\n<p>Ranije je Mevludin Bekti\u0107 ispred Saveza samostalnih sindikata BiH kazao kako se vr\u0161e kalkulacije, te da je u pitanju izbjegavanje socijalnog dijaloga otvaranja teme izmjene Uredbe o minimalnoj plati.<\/p>\n\n\n\n<p>&#8220;Otvorili smo pitanje uskla\u0111ivanje metodologije o minimalnoj plati u Federaciji uzimaju\u0107i u obzir inflaciju koja je iz mjeseca u mjesec sve ve\u0107a. Tra\u017eili smo od, prije svega premijera da preuzme inicijativu i da se napravi uskla\u0111ivanje minimalne plate \u0161to je o\u010dito izazvalo reakciju i kod poslodavaca i kod Vlade. Obzirom da je do\u0161lo do izmjene samo naziva zakona, mi smo razumjeli da se radi o istom materijalu, ali je Vlada dostavila u potpunosti drugi materijal na sjednicu \u0161to je dijametralno suprotan zakon od onoga koji su oni dostavili nama kao socijalnim partnerima&#8221;, kazao je za Klix.ba Bekti\u0107.<\/p>\n\n\n\n<p>Smatra da je &#8220;degutantno i nemoralno ono \u0161to se nudi, pogotovo tamo gdje je nejasno definirana minimalna pla\u0107a, pogotovo pri\u010da poslodavaca da svaki poslodavac mo\u017ee utvrditi individualno iznos najni\u017ee pla\u0107e&#8221;, za \u0161to isti\u010de da je &#8220;neprihvatljivo, dolazimo u situaciju da su po djelatnostima razli\u010dite minimalne plate \u0161to nema nigdje u Evropi, ni u svijetu&#8221;.<\/p>\n\n\n\n<p>Poslodavci su o pove\u0107anju plata izjavili sljede\u0107e: &#8220;Mi smo sjedili sa sindikatom i oni su tra\u017eili izmjenu uredbe u jednom \u010dlanu. Naime, obzirom da je inflacija poja\u010dana u ovoj godini, svjedoci smo \u0161ta se de\u0161ava, a minimalna plata se po uredbi uskla\u0111uje jednom godi\u0161nje, pove\u0107anje plate bi se desilo 1. januara idu\u0107e godine. Oni su tra\u017eili da se napravi vanredno uskla\u0111ivanje u toku godine, u julu, augustu da bi se ubla\u017eila inflatorna kretanja, s \u010dim smo mi rekli da se smo na\u010delno saglasni, da se mo\u017ee napraviti jedan takav manevar&#8221;, kazao je za Klix.ba predsjednik Udru\u017eenja poslodavaca FBiH Adnan Smailbegovi\u0107.<\/p>\n\n\n\n<p>Smatra kako \u0107e se plate svakako uskla\u0111ivati i da poslodavcima ne predstavlja problem da se to dogodi i ranije.<\/p>\n\n\n\n<p>&#8220;Ve\u0107ina poslodavaca svakako di\u017ee plate i bez propisa i zakona. Oni su dvije stvari uradili. Prvo su dodali jo\u0161 neki \u010dlan koji apsolutno nije bio dogovoren za taj prijedlog, za generalno pove\u0107anje minimalne plate jo\u0161 vi\u0161e \u0161to nama nije bilo prihvatljivo, i Vlada je bila zate\u010dena jer nisu bili upu\u0107eni u tu cijelu pri\u010du. Sindikat je tako uvjetovao da se uop\u0107e razgovara o Zakonu o minimalnim primanjima \u0161to je bila ta\u010dka dnevnog reda&#8221;, istakao je Smailbegovi\u0107.<\/p>\n\n\n\n<p>Sindikat je, po rije\u010dima Smailbegovi\u0107a tra\u017eio da se bez obzira na izmjene zakona i stope oporezivanja, ide na pove\u0107anje plata na 70 posto od prosje\u010dne plate, \u0161to je negdje oko 720 KM sa 543 KM koliko trenutno iznosi minimalna plata.<\/p>\n\n\n\n<p>&#8220;Ono \u0161to je Vlada pripremila i s \u010dim smo se i mi u principu slagali je da se sa smanjenjem stopa doprinosa, rastere\u0107enjem rada, digne plata na 740-750 KM i to je ne\u0161to \u0161to je nama prihvatljivo. Mi apsolutno nismo protiv pove\u0107anja plata radnicima, ali smo za to da se spuste stope doprinosa jer pove\u0107anje od 200 KM zna\u010di 140 KM doprinosa odmah&#8221;, obja\u0161njava Smailbegovi\u0107.<\/p>\n\n\n\n<p>Potvrdio je da bi vladin prijedlog Zakona o najni\u017eim primanjima u FBiH &#8220;i\u0161ao u paketu&#8221; sa fiskalnim zakonima.<\/p>\n\n\n\n<p>&#8220;Po tom zakonu topli obrok, prevoz, regres postaju oporezivi i svakako postaju sastavni dio plate, imaju karakter plate. Ne bi bila plata manja. Danas po zakonu mo\u017eete radniku dati 543 KM i poslati ga ku\u0107i. Topli obrok ne mora dobiti u novcu kao i prijevoz. Oni se naravno ispla\u0107uju u dosta slu\u010dajeva jer su neoporezivi, najjeftiniji, pa onda niste u obavezi. Tada bi bili u obavezi da radnika po\u0161aljete ku\u0107i sa 740 KM&#8221;, kazao je<\/p>\n\n\n\n<p>Istakao je kako \u0107e topli obrok izgubiti smisao jer \u0107e sve dodatne naknade biti plata.<\/p>\n\n\n\n<p>&#8220;Statisti\u010dki gledano 120.000 radnika ne prima topli obrok u novcu. Po novom zakonu biste ga morali isplatiti kao platu. Svejedno, novac je. To je pomak prema gore, kako god to neko \u017eelio da prika\u017ee&#8221;, istakao je.<\/p>\n\n\n\n<p>Poslodavcima je najva\u017enije da im ukupni doprinosi ne budu vi\u0161i na novi iznos plate.<\/p>\n\n\n\n<p>Podsje\u0107amo, Vlada FBiH po\u010detkom ove godine donijela je odluku da se najni\u017ea plata za 2022. godinu utvr\u0111uje u iznosu od 543 KM.<\/p>\n\n\n\n<p>Zbog sve ve\u0107e inflacije, radnicima taj iznos nije dovoljan ni za osnovne \u017eivotne potrebe i trenutno u BiH dolazimo u situaciju koju je Me\u0111unarodna organizacija rada okarakterizirala terminom &#8220;siroma\u0161ni radnici&#8221; odnosno, da posao nije garancija pristojnih uslova \u017eivota. <\/p>\n\n\n\n<p>Izvor: Klix.ba<\/p>\n<span class=\"et_bloom_bottom_trigger\"><\/span>","protected":false},"excerpt":{"rendered":"<p>Kako prenosi portal Klix.ba, na posljednjoj sjednici Ekonomsko-socijalnog vije\u0107a Federacije BiH predstavnici sindikata tra\u017eili su da se raspravlja o izmjenama Uredbe o najni\u017eoj pla\u0107i kojima bi se najmanje primanje pove\u0107alo odmah, \u0161to su odbili predstavnici Vlade FBiH i poslodavci. Predstavnici Vlade FBiH na posljednjem sastanku ekonomskih partnera nisu htjeli raspravljati o Uredbi o najni\u017eoj pla\u0107i [&hellip;]<\/p>\n","protected":false},"author":2,"featured_media":2012,"comment_status":"closed","ping_status":"open","sticky":false,"template":"","format":"standard","meta":{"_et_pb_use_builder":"off","_et_pb_old_content":"","_et_gb_content_width":"","footnotes":""},"categories":[32,42],"tags":[],"class_list":["post-2011","post","type-post","status-publish","format-standard","has-post-thumbnail","hentry","category-novosti","category-vijesti"],"yoast_head":"<!-- This site is optimized with the Yoast SEO plugin v27.5 - https:\/\/yoast.com\/product\/yoast-seo-wordpress\/ -->\n<title>EKONOMSKO-SOCIJALNO VIJE\u0106E: PREDSTAVNICI SINDIKATA TRA\u017dILI POVE\u0106ANJE PLATA, VLADA FBIH NUDI DRUGA RJE\u0160ENJA - Samostalni sindikat \u0161umarstva, prerade drveta i papira Bosne i Hercegovine<\/title>\n<meta name=\"robots\" content=\"index, follow, max-snippet:-1, max-image-preview:large, max-video-preview:-1\" \/>\n<link rel=\"canonical\" href=\"https:\/\/ssspdp.ba\/?p=2011\" \/>\n<meta property=\"og:locale\" content=\"en_US\" \/>\n<meta property=\"og:type\" content=\"article\" \/>\n<meta property=\"og:title\" content=\"EKONOMSKO-SOCIJALNO VIJE\u0106E: PREDSTAVNICI SINDIKATA TRA\u017dILI POVE\u0106ANJE PLATA, VLADA FBIH NUDI DRUGA RJE\u0160ENJA - Samostalni sindikat \u0161umarstva, prerade drveta i papira Bosne i Hercegovine\" \/>\n<meta property=\"og:description\" content=\"Kako prenosi portal Klix.ba, na posljednjoj sjednici Ekonomsko-socijalnog vije\u0107a Federacije BiH predstavnici sindikata tra\u017eili su da se raspravlja o izmjenama Uredbe o najni\u017eoj pla\u0107i kojima bi se najmanje primanje pove\u0107alo odmah, \u0161to su odbili predstavnici Vlade FBiH i poslodavci. Predstavnici Vlade FBiH na posljednjem sastanku ekonomskih partnera nisu htjeli raspravljati o Uredbi o najni\u017eoj pla\u0107i [&hellip;]\" \/>\n<meta property=\"og:url\" content=\"https:\/\/ssspdp.ba\/?p=2011\" \/>\n<meta property=\"og:site_name\" content=\"Samostalni sindikat \u0161umarstva, prerade drveta i papira Bosne i Hercegovine\" \/>\n<meta property=\"article:publisher\" content=\"https:\/\/www.facebook.com\/Samostalni-sindikat-%c5%a1umarstva-prerade-drveta-i-papira-BiH-1740799582820896\/?ref=page_internal\" \/>\n<meta property=\"article:published_time\" content=\"2022-06-28T16:09:16+00:00\" \/>\n<meta property=\"article:modified_time\" content=\"2022-06-28T16:09:17+00:00\" \/>\n<meta property=\"og:image\" content=\"https:\/\/ssspdp.ba\/wp-content\/uploads\/2022\/06\/najniza-plata.jpg\" \/>\n\t<meta property=\"og:image:width\" content=\"1024\" \/>\n\t<meta property=\"og:image:height\" content=\"748\" \/>\n\t<meta property=\"og:image:type\" content=\"image\/jpeg\" \/>\n<meta name=\"author\" content=\"Senudin Jahic\" \/>\n<meta name=\"twitter:card\" content=\"summary_large_image\" \/>\n<meta name=\"twitter:label1\" content=\"Written by\" \/>\n\t<meta name=\"twitter:data1\" content=\"Senudin Jahic\" \/>\n\t<meta name=\"twitter:label2\" content=\"Est. reading time\" \/>\n\t<meta name=\"twitter:data2\" content=\"6 minutes\" \/>\n<script type=\"application\/ld+json\" class=\"yoast-schema-graph\">{\"@context\":\"https:\\\/\\\/schema.org\",\"@graph\":[{\"@type\":\"Article\",\"@id\":\"https:\\\/\\\/ssspdp.ba\\\/?p=2011#article\",\"isPartOf\":{\"@id\":\"https:\\\/\\\/ssspdp.ba\\\/?p=2011\"},\"author\":{\"name\":\"Senudin Jahic\",\"@id\":\"https:\\\/\\\/ssspdp.ba\\\/#\\\/schema\\\/person\\\/ca59c1c3438388dc9efc2e2c1520dd58\"},\"headline\":\"EKONOMSKO-SOCIJALNO VIJE\u0106E: PREDSTAVNICI SINDIKATA TRA\u017dILI POVE\u0106ANJE PLATA, VLADA FBIH NUDI DRUGA RJE\u0160ENJA\",\"datePublished\":\"2022-06-28T16:09:16+00:00\",\"dateModified\":\"2022-06-28T16:09:17+00:00\",\"mainEntityOfPage\":{\"@id\":\"https:\\\/\\\/ssspdp.ba\\\/?p=2011\"},\"wordCount\":1347,\"publisher\":{\"@id\":\"https:\\\/\\\/ssspdp.ba\\\/#organization\"},\"image\":{\"@id\":\"https:\\\/\\\/ssspdp.ba\\\/?p=2011#primaryimage\"},\"thumbnailUrl\":\"https:\\\/\\\/ssspdp.ba\\\/wp-content\\\/uploads\\\/2022\\\/06\\\/najniza-plata.jpg\",\"articleSection\":[\"Novosti\",\"Vijesti\"],\"inLanguage\":\"en-US\"},{\"@type\":\"WebPage\",\"@id\":\"https:\\\/\\\/ssspdp.ba\\\/?p=2011\",\"url\":\"https:\\\/\\\/ssspdp.ba\\\/?p=2011\",\"name\":\"EKONOMSKO-SOCIJALNO VIJE\u0106E: PREDSTAVNICI SINDIKATA TRA\u017dILI POVE\u0106ANJE PLATA, VLADA FBIH NUDI DRUGA RJE\u0160ENJA - Samostalni sindikat \u0161umarstva, prerade drveta i papira Bosne i Hercegovine\",\"isPartOf\":{\"@id\":\"https:\\\/\\\/ssspdp.ba\\\/#website\"},\"primaryImageOfPage\":{\"@id\":\"https:\\\/\\\/ssspdp.ba\\\/?p=2011#primaryimage\"},\"image\":{\"@id\":\"https:\\\/\\\/ssspdp.ba\\\/?p=2011#primaryimage\"},\"thumbnailUrl\":\"https:\\\/\\\/ssspdp.ba\\\/wp-content\\\/uploads\\\/2022\\\/06\\\/najniza-plata.jpg\",\"datePublished\":\"2022-06-28T16:09:16+00:00\",\"dateModified\":\"2022-06-28T16:09:17+00:00\",\"breadcrumb\":{\"@id\":\"https:\\\/\\\/ssspdp.ba\\\/?p=2011#breadcrumb\"},\"inLanguage\":\"en-US\",\"potentialAction\":[{\"@type\":\"ReadAction\",\"target\":[\"https:\\\/\\\/ssspdp.ba\\\/?p=2011\"]}]},{\"@type\":\"ImageObject\",\"inLanguage\":\"en-US\",\"@id\":\"https:\\\/\\\/ssspdp.ba\\\/?p=2011#primaryimage\",\"url\":\"https:\\\/\\\/ssspdp.ba\\\/wp-content\\\/uploads\\\/2022\\\/06\\\/najniza-plata.jpg\",\"contentUrl\":\"https:\\\/\\\/ssspdp.ba\\\/wp-content\\\/uploads\\\/2022\\\/06\\\/najniza-plata.jpg\",\"width\":1024,\"height\":748},{\"@type\":\"BreadcrumbList\",\"@id\":\"https:\\\/\\\/ssspdp.ba\\\/?p=2011#breadcrumb\",\"itemListElement\":[{\"@type\":\"ListItem\",\"position\":1,\"name\":\"Home\",\"item\":\"https:\\\/\\\/ssspdp.ba\\\/\"},{\"@type\":\"ListItem\",\"position\":2,\"name\":\"EKONOMSKO-SOCIJALNO VIJE\u0106E: PREDSTAVNICI SINDIKATA TRA\u017dILI POVE\u0106ANJE PLATA, VLADA FBIH NUDI DRUGA RJE\u0160ENJA\"}]},{\"@type\":\"WebSite\",\"@id\":\"https:\\\/\\\/ssspdp.ba\\\/#website\",\"url\":\"https:\\\/\\\/ssspdp.ba\\\/\",\"name\":\"Samostalni sindikat \u0161umarstva, prerade drveta i papira Bosne i Hercegovine\",\"description\":\"\",\"publisher\":{\"@id\":\"https:\\\/\\\/ssspdp.ba\\\/#organization\"},\"potentialAction\":[{\"@type\":\"SearchAction\",\"target\":{\"@type\":\"EntryPoint\",\"urlTemplate\":\"https:\\\/\\\/ssspdp.ba\\\/?s={search_term_string}\"},\"query-input\":{\"@type\":\"PropertyValueSpecification\",\"valueRequired\":true,\"valueName\":\"search_term_string\"}}],\"inLanguage\":\"en-US\"},{\"@type\":\"Organization\",\"@id\":\"https:\\\/\\\/ssspdp.ba\\\/#organization\",\"name\":\"Samostalni sindikat \u0161umarstva, prerade drveta i papira Bosne i Hercegovine\",\"url\":\"https:\\\/\\\/ssspdp.ba\\\/\",\"logo\":{\"@type\":\"ImageObject\",\"inLanguage\":\"en-US\",\"@id\":\"https:\\\/\\\/ssspdp.ba\\\/#\\\/schema\\\/logo\\\/image\\\/\",\"url\":\"https:\\\/\\\/ssspdp.ba\\\/wp-content\\\/uploads\\\/2020\\\/10\\\/web-logo.png\",\"contentUrl\":\"https:\\\/\\\/ssspdp.ba\\\/wp-content\\\/uploads\\\/2020\\\/10\\\/web-logo.png\",\"width\":623,\"height\":100,\"caption\":\"Samostalni sindikat \u0161umarstva, prerade drveta i papira Bosne i Hercegovine\"},\"image\":{\"@id\":\"https:\\\/\\\/ssspdp.ba\\\/#\\\/schema\\\/logo\\\/image\\\/\"},\"sameAs\":[\"https:\\\/\\\/www.facebook.com\\\/Samostalni-sindikat-\u0161umarstva-prerade-drveta-i-papira-BiH-1740799582820896\\\/?ref=page_internal\"]},{\"@type\":\"Person\",\"@id\":\"https:\\\/\\\/ssspdp.ba\\\/#\\\/schema\\\/person\\\/ca59c1c3438388dc9efc2e2c1520dd58\",\"name\":\"Senudin Jahic\",\"image\":{\"@type\":\"ImageObject\",\"inLanguage\":\"en-US\",\"@id\":\"https:\\\/\\\/secure.gravatar.com\\\/avatar\\\/4c408c3d0a009ed2e77d9394b7d39ae86e939f4183d1b501926522e8b6ed0820?s=96&d=mm&r=g\",\"url\":\"https:\\\/\\\/secure.gravatar.com\\\/avatar\\\/4c408c3d0a009ed2e77d9394b7d39ae86e939f4183d1b501926522e8b6ed0820?s=96&d=mm&r=g\",\"contentUrl\":\"https:\\\/\\\/secure.gravatar.com\\\/avatar\\\/4c408c3d0a009ed2e77d9394b7d39ae86e939f4183d1b501926522e8b6ed0820?s=96&d=mm&r=g\",\"caption\":\"Senudin Jahic\"},\"sameAs\":[\"http:\\\/\\\/ssspdp.ba\"]}]}<\/script>\n<!-- \/ Yoast SEO plugin. -->","yoast_head_json":{"title":"EKONOMSKO-SOCIJALNO VIJE\u0106E: PREDSTAVNICI SINDIKATA TRA\u017dILI POVE\u0106ANJE PLATA, VLADA FBIH NUDI DRUGA RJE\u0160ENJA - Samostalni sindikat \u0161umarstva, prerade drveta i papira Bosne i Hercegovine","robots":{"index":"index","follow":"follow","max-snippet":"max-snippet:-1","max-image-preview":"max-image-preview:large","max-video-preview":"max-video-preview:-1"},"canonical":"https:\/\/ssspdp.ba\/?p=2011","og_locale":"en_US","og_type":"article","og_title":"EKONOMSKO-SOCIJALNO VIJE\u0106E: PREDSTAVNICI SINDIKATA TRA\u017dILI POVE\u0106ANJE PLATA, VLADA FBIH NUDI DRUGA RJE\u0160ENJA - Samostalni sindikat \u0161umarstva, prerade drveta i papira Bosne i Hercegovine","og_description":"Kako prenosi portal Klix.ba, na posljednjoj sjednici Ekonomsko-socijalnog vije\u0107a Federacije BiH predstavnici sindikata tra\u017eili su da se raspravlja o izmjenama Uredbe o najni\u017eoj pla\u0107i kojima bi se najmanje primanje pove\u0107alo odmah, \u0161to su odbili predstavnici Vlade FBiH i poslodavci. Predstavnici Vlade FBiH na posljednjem sastanku ekonomskih partnera nisu htjeli raspravljati o Uredbi o najni\u017eoj pla\u0107i [&hellip;]","og_url":"https:\/\/ssspdp.ba\/?p=2011","og_site_name":"Samostalni sindikat \u0161umarstva, prerade drveta i papira Bosne i Hercegovine","article_publisher":"https:\/\/www.facebook.com\/Samostalni-sindikat-%c5%a1umarstva-prerade-drveta-i-papira-BiH-1740799582820896\/?ref=page_internal","article_published_time":"2022-06-28T16:09:16+00:00","article_modified_time":"2022-06-28T16:09:17+00:00","og_image":[{"width":1024,"height":748,"url":"https:\/\/ssspdp.ba\/wp-content\/uploads\/2022\/06\/najniza-plata.jpg","type":"image\/jpeg"}],"author":"Senudin Jahic","twitter_card":"summary_large_image","twitter_misc":{"Written by":"Senudin Jahic","Est. reading time":"6 minutes"},"schema":{"@context":"https:\/\/schema.org","@graph":[{"@type":"Article","@id":"https:\/\/ssspdp.ba\/?p=2011#article","isPartOf":{"@id":"https:\/\/ssspdp.ba\/?p=2011"},"author":{"name":"Senudin Jahic","@id":"https:\/\/ssspdp.ba\/#\/schema\/person\/ca59c1c3438388dc9efc2e2c1520dd58"},"headline":"EKONOMSKO-SOCIJALNO VIJE\u0106E: PREDSTAVNICI SINDIKATA TRA\u017dILI POVE\u0106ANJE PLATA, VLADA FBIH NUDI DRUGA RJE\u0160ENJA","datePublished":"2022-06-28T16:09:16+00:00","dateModified":"2022-06-28T16:09:17+00:00","mainEntityOfPage":{"@id":"https:\/\/ssspdp.ba\/?p=2011"},"wordCount":1347,"publisher":{"@id":"https:\/\/ssspdp.ba\/#organization"},"image":{"@id":"https:\/\/ssspdp.ba\/?p=2011#primaryimage"},"thumbnailUrl":"https:\/\/ssspdp.ba\/wp-content\/uploads\/2022\/06\/najniza-plata.jpg","articleSection":["Novosti","Vijesti"],"inLanguage":"en-US"},{"@type":"WebPage","@id":"https:\/\/ssspdp.ba\/?p=2011","url":"https:\/\/ssspdp.ba\/?p=2011","name":"EKONOMSKO-SOCIJALNO VIJE\u0106E: PREDSTAVNICI SINDIKATA TRA\u017dILI POVE\u0106ANJE PLATA, VLADA FBIH NUDI DRUGA RJE\u0160ENJA - Samostalni sindikat \u0161umarstva, prerade drveta i papira Bosne i Hercegovine","isPartOf":{"@id":"https:\/\/ssspdp.ba\/#website"},"primaryImageOfPage":{"@id":"https:\/\/ssspdp.ba\/?p=2011#primaryimage"},"image":{"@id":"https:\/\/ssspdp.ba\/?p=2011#primaryimage"},"thumbnailUrl":"https:\/\/ssspdp.ba\/wp-content\/uploads\/2022\/06\/najniza-plata.jpg","datePublished":"2022-06-28T16:09:16+00:00","dateModified":"2022-06-28T16:09:17+00:00","breadcrumb":{"@id":"https:\/\/ssspdp.ba\/?p=2011#breadcrumb"},"inLanguage":"en-US","potentialAction":[{"@type":"ReadAction","target":["https:\/\/ssspdp.ba\/?p=2011"]}]},{"@type":"ImageObject","inLanguage":"en-US","@id":"https:\/\/ssspdp.ba\/?p=2011#primaryimage","url":"https:\/\/ssspdp.ba\/wp-content\/uploads\/2022\/06\/najniza-plata.jpg","contentUrl":"https:\/\/ssspdp.ba\/wp-content\/uploads\/2022\/06\/najniza-plata.jpg","width":1024,"height":748},{"@type":"BreadcrumbList","@id":"https:\/\/ssspdp.ba\/?p=2011#breadcrumb","itemListElement":[{"@type":"ListItem","position":1,"name":"Home","item":"https:\/\/ssspdp.ba\/"},{"@type":"ListItem","position":2,"name":"EKONOMSKO-SOCIJALNO VIJE\u0106E: PREDSTAVNICI SINDIKATA TRA\u017dILI POVE\u0106ANJE PLATA, VLADA FBIH NUDI DRUGA RJE\u0160ENJA"}]},{"@type":"WebSite","@id":"https:\/\/ssspdp.ba\/#website","url":"https:\/\/ssspdp.ba\/","name":"Samostalni sindikat \u0161umarstva, prerade drveta i papira Bosne i Hercegovine","description":"","publisher":{"@id":"https:\/\/ssspdp.ba\/#organization"},"potentialAction":[{"@type":"SearchAction","target":{"@type":"EntryPoint","urlTemplate":"https:\/\/ssspdp.ba\/?s={search_term_string}"},"query-input":{"@type":"PropertyValueSpecification","valueRequired":true,"valueName":"search_term_string"}}],"inLanguage":"en-US"},{"@type":"Organization","@id":"https:\/\/ssspdp.ba\/#organization","name":"Samostalni sindikat \u0161umarstva, prerade drveta i papira Bosne i Hercegovine","url":"https:\/\/ssspdp.ba\/","logo":{"@type":"ImageObject","inLanguage":"en-US","@id":"https:\/\/ssspdp.ba\/#\/schema\/logo\/image\/","url":"https:\/\/ssspdp.ba\/wp-content\/uploads\/2020\/10\/web-logo.png","contentUrl":"https:\/\/ssspdp.ba\/wp-content\/uploads\/2020\/10\/web-logo.png","width":623,"height":100,"caption":"Samostalni sindikat \u0161umarstva, prerade drveta i papira Bosne i Hercegovine"},"image":{"@id":"https:\/\/ssspdp.ba\/#\/schema\/logo\/image\/"},"sameAs":["https:\/\/www.facebook.com\/Samostalni-sindikat-\u0161umarstva-prerade-drveta-i-papira-BiH-1740799582820896\/?ref=page_internal"]},{"@type":"Person","@id":"https:\/\/ssspdp.ba\/#\/schema\/person\/ca59c1c3438388dc9efc2e2c1520dd58","name":"Senudin Jahic","image":{"@type":"ImageObject","inLanguage":"en-US","@id":"https:\/\/secure.gravatar.com\/avatar\/4c408c3d0a009ed2e77d9394b7d39ae86e939f4183d1b501926522e8b6ed0820?s=96&d=mm&r=g","url":"https:\/\/secure.gravatar.com\/avatar\/4c408c3d0a009ed2e77d9394b7d39ae86e939f4183d1b501926522e8b6ed0820?s=96&d=mm&r=g","contentUrl":"https:\/\/secure.gravatar.com\/avatar\/4c408c3d0a009ed2e77d9394b7d39ae86e939f4183d1b501926522e8b6ed0820?s=96&d=mm&r=g","caption":"Senudin Jahic"},"sameAs":["http:\/\/ssspdp.ba"]}]}},"_links":{"self":[{"href":"https:\/\/ssspdp.ba\/index.php?rest_route=\/wp\/v2\/posts\/2011","targetHints":{"allow":["GET"]}}],"collection":[{"href":"https:\/\/ssspdp.ba\/index.php?rest_route=\/wp\/v2\/posts"}],"about":[{"href":"https:\/\/ssspdp.ba\/index.php?rest_route=\/wp\/v2\/types\/post"}],"author":[{"embeddable":true,"href":"https:\/\/ssspdp.ba\/index.php?rest_route=\/wp\/v2\/users\/2"}],"replies":[{"embeddable":true,"href":"https:\/\/ssspdp.ba\/index.php?rest_route=%2Fwp%2Fv2%2Fcomments&post=2011"}],"version-history":[{"count":1,"href":"https:\/\/ssspdp.ba\/index.php?rest_route=\/wp\/v2\/posts\/2011\/revisions"}],"predecessor-version":[{"id":2013,"href":"https:\/\/ssspdp.ba\/index.php?rest_route=\/wp\/v2\/posts\/2011\/revisions\/2013"}],"wp:featuredmedia":[{"embeddable":true,"href":"https:\/\/ssspdp.ba\/index.php?rest_route=\/wp\/v2\/media\/2012"}],"wp:attachment":[{"href":"https:\/\/ssspdp.ba\/index.php?rest_route=%2Fwp%2Fv2%2Fmedia&parent=2011"}],"wp:term":[{"taxonomy":"category","embeddable":true,"href":"https:\/\/ssspdp.ba\/index.php?rest_route=%2Fwp%2Fv2%2Fcategories&post=2011"},{"taxonomy":"post_tag","embeddable":true,"href":"https:\/\/ssspdp.ba\/index.php?rest_route=%2Fwp%2Fv2%2Ftags&post=2011"}],"curies":[{"name":"wp","href":"https:\/\/api.w.org\/{rel}","templated":true}]}}