{"id":2132,"date":"2022-08-12T17:29:43","date_gmt":"2022-08-12T16:29:43","guid":{"rendered":"https:\/\/ssspdp.ba\/?p=2132"},"modified":"2022-08-14T10:04:54","modified_gmt":"2022-08-14T09:04:54","slug":"povodom-medunarodnog-dana-mladih-omogucite-da-se-cuje-glas-mladih-u-sindikatima","status":"publish","type":"post","link":"https:\/\/ssspdp.ba\/?p=2132","title":{"rendered":"POVODOM ME\u0110UNARODNOG DANA MLADIH: OMOGU\u0106ITE DA SE \u010cUJE GLAS MLADIH U SINDIKATIMA"},"content":{"rendered":"\n<p>Me\u0111unarodna federacija radnika u gra\u0111evinarstvu i drvnoj industriji (BWI) i Samostalni sindikat \u0161umarstva, prerade drveta i papira BiH povodom obilje\u017eavanja Dana Mladih 12. avgusta pozivaju svoje \u010dlanove, partnere i mlade radnike da pokrenu aktivnosti pod sloganom \u201cMladi u sindikatima se anga\u017euju i grade budu\u0107nost!&#8221;, da omogu\u0107e da se \u010duje glas mladih u sindikatima, intenziviraju prisutnost mladih u sindikalnim strukturama i obezbijede vi\u0161e prostora i mogu\u0107nosti za mlade radnike da realiziraju akcije i kampanje za bolje uslove rada, bezbjedne poslove i stabilnije ugovore o radu kao i pristojnu budu\u0107nost za sve.<\/p>\n\n\n\n<p>Mladi BWI i na\u0161 Sindikat \u017eele iskoristiti slogan ovogodi\u0161njeg Me\u0111unarodnog dana mladih kako bi prije 5. Svjetskog kongresa BWI podsjetili i istakli \u010dinjenicu da su spremni da u\u010dine korake u cilju izgradnje pravedne budu\u0107nosti za sve. Ja\u010danje prisustva mladih unutar sindikata jo\u0161 uvijek predstavlja prioritetno pitanje za mlade sindikalce \u0161irom svijeta, zajedno sa potrebom za izgradnjom budu\u0107nosti sa stabilnim i bezbjednim poslovima za mlade. Kako bi naglasili svoje zahtjeve, mladi aktivisti su smislili slogan \u201cMladi u sindikatima se anga\u017euju i grade budu\u0107nost\u201d koji odslikava akcije i manifestacije koje mladi radnici organizuju u sedmici u kojoj se obilje\u017eava Me\u0111unarodni dan mladih.<\/p>\n\n\n\n<p>Svijet se suo\u010dava sa vi\u0161estrukim krizama, po\u010dev\u0161i od rata u Ukrajini i klimatskih promjena do globalnog usporavanja privrednog rasta \u0161to za posljedicu ima intenziviranje trendova pada u ekonomijama brojnih zemalja \u0161irom svijeta i ozbiljno ugro\u017eava radna mjesta i plate radnika. Uprkos ovim debaklima, od radnika se o\u010dekuje da rade u korist neobuzdanog kapitala i profita, a tendencije promjena u dinamici zapo\u0161ljavanja konstantno idu u pravcu prekarnog i nesigurnog rada.<\/p>\n\n\n\n<p>Me\u0111utim, mladi radnici uzvra\u0107aju udarac. Mladi sindikalci insistiraju na dostojanstvenim radnim mjestima i pravednoj tranziciji u bolju budu\u0107nost koja po\u010diva na odr\u017eivim industrijama i ekolo\u0161ki uskla\u0111enim poslovima dostojnim \u010dovjeka.<\/p>\n\n\n\n<p>Mladi \u010dlanovi BWI-ja i na\u0161 Sindikat pozivaju sindikalne organizacije da u\u010dine sve \u0161to je potrebno da se glas mladih radnika \u0161to bolje \u010duje te da im daju prostor i priliku da oblikuju svoj anga\u017eman u cilju provo\u0111enja njihovih zahtjeva i vo\u0111enja odgovaraju\u0107ih pregovora o njihovoj realizaciji. Mladi sindikalci nagla\u0161avaju da budu\u0107nost globalnog sindikalnog pokreta po\u010diva na snazi mladih radnika i njihovoj intenzivnijoj prisutnosti unutar sindikalnih organizacija.<\/p>\n\n\n\n<p>Izvor: <a href=\"https:\/\/www.bwint.org\/cms\/international-youth-day-2022-2698?fbclid=IwAR1SS9NsWtTMlpQQ1GsKFA7BrGm0bvNj-ynPsiOzfv8aH7zLAla8TNEkKdQ\" rel=\"noreferrer noopener\" target=\"_blank\">https:\/\/www.bwint.org\/cms\/international-youth-day-2022-2698<\/a><\/p>\n<span class=\"et_bloom_bottom_trigger\"><\/span>","protected":false},"excerpt":{"rendered":"<p>Me\u0111unarodna federacija radnika u gra\u0111evinarstvu i drvnoj industriji (BWI) i Samostalni sindikat \u0161umarstva, prerade drveta i papira BiH povodom obilje\u017eavanja Dana Mladih 12. avgusta pozivaju svoje \u010dlanove, partnere i mlade radnike da pokrenu aktivnosti pod sloganom \u201cMladi u sindikatima se anga\u017euju i grade budu\u0107nost!&#8221;, da omogu\u0107e da se \u010duje glas mladih u sindikatima, intenziviraju prisutnost [&hellip;]<\/p>\n","protected":false},"author":2,"featured_media":2133,"comment_status":"closed","ping_status":"open","sticky":false,"template":"","format":"standard","meta":{"_et_pb_use_builder":"off","_et_pb_old_content":"","_et_gb_content_width":"","footnotes":""},"categories":[32,42],"tags":[],"class_list":["post-2132","post","type-post","status-publish","format-standard","has-post-thumbnail","hentry","category-novosti","category-vijesti"],"yoast_head":"<!-- This site is optimized with the Yoast SEO plugin v27.5 - https:\/\/yoast.com\/product\/yoast-seo-wordpress\/ -->\n<title>POVODOM ME\u0110UNARODNOG DANA MLADIH: OMOGU\u0106ITE DA SE \u010cUJE GLAS MLADIH U SINDIKATIMA - Samostalni sindikat \u0161umarstva, prerade drveta i papira Bosne i Hercegovine<\/title>\n<meta name=\"robots\" content=\"index, follow, max-snippet:-1, max-image-preview:large, max-video-preview:-1\" \/>\n<link rel=\"canonical\" href=\"https:\/\/ssspdp.ba\/?p=2132\" \/>\n<meta property=\"og:locale\" content=\"en_US\" \/>\n<meta property=\"og:type\" content=\"article\" \/>\n<meta property=\"og:title\" content=\"POVODOM ME\u0110UNARODNOG DANA MLADIH: OMOGU\u0106ITE DA SE \u010cUJE GLAS MLADIH U SINDIKATIMA - Samostalni sindikat \u0161umarstva, prerade drveta i papira Bosne i Hercegovine\" \/>\n<meta property=\"og:description\" content=\"Me\u0111unarodna federacija radnika u gra\u0111evinarstvu i drvnoj industriji (BWI) i Samostalni sindikat \u0161umarstva, prerade drveta i papira BiH povodom obilje\u017eavanja Dana Mladih 12. avgusta pozivaju svoje \u010dlanove, partnere i mlade radnike da pokrenu aktivnosti pod sloganom \u201cMladi u sindikatima se anga\u017euju i grade budu\u0107nost!&#8221;, da omogu\u0107e da se \u010duje glas mladih u sindikatima, intenziviraju prisutnost [&hellip;]\" \/>\n<meta property=\"og:url\" content=\"https:\/\/ssspdp.ba\/?p=2132\" \/>\n<meta property=\"og:site_name\" content=\"Samostalni sindikat \u0161umarstva, prerade drveta i papira Bosne i Hercegovine\" \/>\n<meta property=\"article:publisher\" content=\"https:\/\/www.facebook.com\/Samostalni-sindikat-%c5%a1umarstva-prerade-drveta-i-papira-BiH-1740799582820896\/?ref=page_internal\" \/>\n<meta property=\"article:published_time\" content=\"2022-08-12T16:29:43+00:00\" \/>\n<meta property=\"article:modified_time\" content=\"2022-08-14T09:04:54+00:00\" \/>\n<meta property=\"og:image\" content=\"https:\/\/ssspdp.ba\/wp-content\/uploads\/2022\/08\/IYD22_EN-scaled.jpg\" \/>\n\t<meta property=\"og:image:width\" content=\"1810\" \/>\n\t<meta property=\"og:image:height\" content=\"2560\" \/>\n\t<meta property=\"og:image:type\" content=\"image\/jpeg\" \/>\n<meta name=\"author\" content=\"Senudin Jahic\" \/>\n<meta name=\"twitter:card\" content=\"summary_large_image\" \/>\n<meta name=\"twitter:label1\" content=\"Written by\" \/>\n\t<meta name=\"twitter:data1\" content=\"Senudin Jahic\" \/>\n\t<meta name=\"twitter:label2\" content=\"Est. reading time\" \/>\n\t<meta name=\"twitter:data2\" content=\"2 minutes\" \/>\n<script type=\"application\/ld+json\" class=\"yoast-schema-graph\">{\"@context\":\"https:\\\/\\\/schema.org\",\"@graph\":[{\"@type\":\"Article\",\"@id\":\"https:\\\/\\\/ssspdp.ba\\\/?p=2132#article\",\"isPartOf\":{\"@id\":\"https:\\\/\\\/ssspdp.ba\\\/?p=2132\"},\"author\":{\"name\":\"Senudin Jahic\",\"@id\":\"https:\\\/\\\/ssspdp.ba\\\/#\\\/schema\\\/person\\\/ca59c1c3438388dc9efc2e2c1520dd58\"},\"headline\":\"POVODOM ME\u0110UNARODNOG DANA MLADIH: OMOGU\u0106ITE DA SE \u010cUJE GLAS MLADIH U SINDIKATIMA\",\"datePublished\":\"2022-08-12T16:29:43+00:00\",\"dateModified\":\"2022-08-14T09:04:54+00:00\",\"mainEntityOfPage\":{\"@id\":\"https:\\\/\\\/ssspdp.ba\\\/?p=2132\"},\"wordCount\":415,\"publisher\":{\"@id\":\"https:\\\/\\\/ssspdp.ba\\\/#organization\"},\"image\":{\"@id\":\"https:\\\/\\\/ssspdp.ba\\\/?p=2132#primaryimage\"},\"thumbnailUrl\":\"https:\\\/\\\/ssspdp.ba\\\/wp-content\\\/uploads\\\/2022\\\/08\\\/IYD22_EN-scaled.jpg\",\"articleSection\":[\"Novosti\",\"Vijesti\"],\"inLanguage\":\"en-US\"},{\"@type\":\"WebPage\",\"@id\":\"https:\\\/\\\/ssspdp.ba\\\/?p=2132\",\"url\":\"https:\\\/\\\/ssspdp.ba\\\/?p=2132\",\"name\":\"POVODOM ME\u0110UNARODNOG DANA MLADIH: OMOGU\u0106ITE DA SE \u010cUJE GLAS MLADIH U SINDIKATIMA - Samostalni sindikat \u0161umarstva, prerade drveta i papira Bosne i Hercegovine\",\"isPartOf\":{\"@id\":\"https:\\\/\\\/ssspdp.ba\\\/#website\"},\"primaryImageOfPage\":{\"@id\":\"https:\\\/\\\/ssspdp.ba\\\/?p=2132#primaryimage\"},\"image\":{\"@id\":\"https:\\\/\\\/ssspdp.ba\\\/?p=2132#primaryimage\"},\"thumbnailUrl\":\"https:\\\/\\\/ssspdp.ba\\\/wp-content\\\/uploads\\\/2022\\\/08\\\/IYD22_EN-scaled.jpg\",\"datePublished\":\"2022-08-12T16:29:43+00:00\",\"dateModified\":\"2022-08-14T09:04:54+00:00\",\"breadcrumb\":{\"@id\":\"https:\\\/\\\/ssspdp.ba\\\/?p=2132#breadcrumb\"},\"inLanguage\":\"en-US\",\"potentialAction\":[{\"@type\":\"ReadAction\",\"target\":[\"https:\\\/\\\/ssspdp.ba\\\/?p=2132\"]}]},{\"@type\":\"ImageObject\",\"inLanguage\":\"en-US\",\"@id\":\"https:\\\/\\\/ssspdp.ba\\\/?p=2132#primaryimage\",\"url\":\"https:\\\/\\\/ssspdp.ba\\\/wp-content\\\/uploads\\\/2022\\\/08\\\/IYD22_EN-scaled.jpg\",\"contentUrl\":\"https:\\\/\\\/ssspdp.ba\\\/wp-content\\\/uploads\\\/2022\\\/08\\\/IYD22_EN-scaled.jpg\",\"width\":1810,\"height\":2560},{\"@type\":\"BreadcrumbList\",\"@id\":\"https:\\\/\\\/ssspdp.ba\\\/?p=2132#breadcrumb\",\"itemListElement\":[{\"@type\":\"ListItem\",\"position\":1,\"name\":\"Home\",\"item\":\"https:\\\/\\\/ssspdp.ba\\\/\"},{\"@type\":\"ListItem\",\"position\":2,\"name\":\"POVODOM ME\u0110UNARODNOG DANA MLADIH: OMOGU\u0106ITE DA SE \u010cUJE GLAS MLADIH U SINDIKATIMA\"}]},{\"@type\":\"WebSite\",\"@id\":\"https:\\\/\\\/ssspdp.ba\\\/#website\",\"url\":\"https:\\\/\\\/ssspdp.ba\\\/\",\"name\":\"Samostalni sindikat \u0161umarstva, prerade drveta i papira Bosne i Hercegovine\",\"description\":\"\",\"publisher\":{\"@id\":\"https:\\\/\\\/ssspdp.ba\\\/#organization\"},\"potentialAction\":[{\"@type\":\"SearchAction\",\"target\":{\"@type\":\"EntryPoint\",\"urlTemplate\":\"https:\\\/\\\/ssspdp.ba\\\/?s={search_term_string}\"},\"query-input\":{\"@type\":\"PropertyValueSpecification\",\"valueRequired\":true,\"valueName\":\"search_term_string\"}}],\"inLanguage\":\"en-US\"},{\"@type\":\"Organization\",\"@id\":\"https:\\\/\\\/ssspdp.ba\\\/#organization\",\"name\":\"Samostalni sindikat \u0161umarstva, prerade drveta i papira Bosne i Hercegovine\",\"url\":\"https:\\\/\\\/ssspdp.ba\\\/\",\"logo\":{\"@type\":\"ImageObject\",\"inLanguage\":\"en-US\",\"@id\":\"https:\\\/\\\/ssspdp.ba\\\/#\\\/schema\\\/logo\\\/image\\\/\",\"url\":\"https:\\\/\\\/ssspdp.ba\\\/wp-content\\\/uploads\\\/2020\\\/10\\\/web-logo.png\",\"contentUrl\":\"https:\\\/\\\/ssspdp.ba\\\/wp-content\\\/uploads\\\/2020\\\/10\\\/web-logo.png\",\"width\":623,\"height\":100,\"caption\":\"Samostalni sindikat \u0161umarstva, prerade drveta i papira Bosne i Hercegovine\"},\"image\":{\"@id\":\"https:\\\/\\\/ssspdp.ba\\\/#\\\/schema\\\/logo\\\/image\\\/\"},\"sameAs\":[\"https:\\\/\\\/www.facebook.com\\\/Samostalni-sindikat-\u0161umarstva-prerade-drveta-i-papira-BiH-1740799582820896\\\/?ref=page_internal\"]},{\"@type\":\"Person\",\"@id\":\"https:\\\/\\\/ssspdp.ba\\\/#\\\/schema\\\/person\\\/ca59c1c3438388dc9efc2e2c1520dd58\",\"name\":\"Senudin Jahic\",\"image\":{\"@type\":\"ImageObject\",\"inLanguage\":\"en-US\",\"@id\":\"https:\\\/\\\/secure.gravatar.com\\\/avatar\\\/4c408c3d0a009ed2e77d9394b7d39ae86e939f4183d1b501926522e8b6ed0820?s=96&d=mm&r=g\",\"url\":\"https:\\\/\\\/secure.gravatar.com\\\/avatar\\\/4c408c3d0a009ed2e77d9394b7d39ae86e939f4183d1b501926522e8b6ed0820?s=96&d=mm&r=g\",\"contentUrl\":\"https:\\\/\\\/secure.gravatar.com\\\/avatar\\\/4c408c3d0a009ed2e77d9394b7d39ae86e939f4183d1b501926522e8b6ed0820?s=96&d=mm&r=g\",\"caption\":\"Senudin Jahic\"},\"sameAs\":[\"http:\\\/\\\/ssspdp.ba\"]}]}<\/script>\n<!-- \/ Yoast SEO plugin. -->","yoast_head_json":{"title":"POVODOM ME\u0110UNARODNOG DANA MLADIH: OMOGU\u0106ITE DA SE \u010cUJE GLAS MLADIH U SINDIKATIMA - Samostalni sindikat \u0161umarstva, prerade drveta i papira Bosne i Hercegovine","robots":{"index":"index","follow":"follow","max-snippet":"max-snippet:-1","max-image-preview":"max-image-preview:large","max-video-preview":"max-video-preview:-1"},"canonical":"https:\/\/ssspdp.ba\/?p=2132","og_locale":"en_US","og_type":"article","og_title":"POVODOM ME\u0110UNARODNOG DANA MLADIH: OMOGU\u0106ITE DA SE \u010cUJE GLAS MLADIH U SINDIKATIMA - Samostalni sindikat \u0161umarstva, prerade drveta i papira Bosne i Hercegovine","og_description":"Me\u0111unarodna federacija radnika u gra\u0111evinarstvu i drvnoj industriji (BWI) i Samostalni sindikat \u0161umarstva, prerade drveta i papira BiH povodom obilje\u017eavanja Dana Mladih 12. avgusta pozivaju svoje \u010dlanove, partnere i mlade radnike da pokrenu aktivnosti pod sloganom \u201cMladi u sindikatima se anga\u017euju i grade budu\u0107nost!&#8221;, da omogu\u0107e da se \u010duje glas mladih u sindikatima, intenziviraju prisutnost [&hellip;]","og_url":"https:\/\/ssspdp.ba\/?p=2132","og_site_name":"Samostalni sindikat \u0161umarstva, prerade drveta i papira Bosne i Hercegovine","article_publisher":"https:\/\/www.facebook.com\/Samostalni-sindikat-%c5%a1umarstva-prerade-drveta-i-papira-BiH-1740799582820896\/?ref=page_internal","article_published_time":"2022-08-12T16:29:43+00:00","article_modified_time":"2022-08-14T09:04:54+00:00","og_image":[{"width":1810,"height":2560,"url":"https:\/\/ssspdp.ba\/wp-content\/uploads\/2022\/08\/IYD22_EN-scaled.jpg","type":"image\/jpeg"}],"author":"Senudin Jahic","twitter_card":"summary_large_image","twitter_misc":{"Written by":"Senudin Jahic","Est. reading time":"2 minutes"},"schema":{"@context":"https:\/\/schema.org","@graph":[{"@type":"Article","@id":"https:\/\/ssspdp.ba\/?p=2132#article","isPartOf":{"@id":"https:\/\/ssspdp.ba\/?p=2132"},"author":{"name":"Senudin Jahic","@id":"https:\/\/ssspdp.ba\/#\/schema\/person\/ca59c1c3438388dc9efc2e2c1520dd58"},"headline":"POVODOM ME\u0110UNARODNOG DANA MLADIH: OMOGU\u0106ITE DA SE \u010cUJE GLAS MLADIH U SINDIKATIMA","datePublished":"2022-08-12T16:29:43+00:00","dateModified":"2022-08-14T09:04:54+00:00","mainEntityOfPage":{"@id":"https:\/\/ssspdp.ba\/?p=2132"},"wordCount":415,"publisher":{"@id":"https:\/\/ssspdp.ba\/#organization"},"image":{"@id":"https:\/\/ssspdp.ba\/?p=2132#primaryimage"},"thumbnailUrl":"https:\/\/ssspdp.ba\/wp-content\/uploads\/2022\/08\/IYD22_EN-scaled.jpg","articleSection":["Novosti","Vijesti"],"inLanguage":"en-US"},{"@type":"WebPage","@id":"https:\/\/ssspdp.ba\/?p=2132","url":"https:\/\/ssspdp.ba\/?p=2132","name":"POVODOM ME\u0110UNARODNOG DANA MLADIH: OMOGU\u0106ITE DA SE \u010cUJE GLAS MLADIH U SINDIKATIMA - Samostalni sindikat \u0161umarstva, prerade drveta i papira Bosne i Hercegovine","isPartOf":{"@id":"https:\/\/ssspdp.ba\/#website"},"primaryImageOfPage":{"@id":"https:\/\/ssspdp.ba\/?p=2132#primaryimage"},"image":{"@id":"https:\/\/ssspdp.ba\/?p=2132#primaryimage"},"thumbnailUrl":"https:\/\/ssspdp.ba\/wp-content\/uploads\/2022\/08\/IYD22_EN-scaled.jpg","datePublished":"2022-08-12T16:29:43+00:00","dateModified":"2022-08-14T09:04:54+00:00","breadcrumb":{"@id":"https:\/\/ssspdp.ba\/?p=2132#breadcrumb"},"inLanguage":"en-US","potentialAction":[{"@type":"ReadAction","target":["https:\/\/ssspdp.ba\/?p=2132"]}]},{"@type":"ImageObject","inLanguage":"en-US","@id":"https:\/\/ssspdp.ba\/?p=2132#primaryimage","url":"https:\/\/ssspdp.ba\/wp-content\/uploads\/2022\/08\/IYD22_EN-scaled.jpg","contentUrl":"https:\/\/ssspdp.ba\/wp-content\/uploads\/2022\/08\/IYD22_EN-scaled.jpg","width":1810,"height":2560},{"@type":"BreadcrumbList","@id":"https:\/\/ssspdp.ba\/?p=2132#breadcrumb","itemListElement":[{"@type":"ListItem","position":1,"name":"Home","item":"https:\/\/ssspdp.ba\/"},{"@type":"ListItem","position":2,"name":"POVODOM ME\u0110UNARODNOG DANA MLADIH: OMOGU\u0106ITE DA SE \u010cUJE GLAS MLADIH U SINDIKATIMA"}]},{"@type":"WebSite","@id":"https:\/\/ssspdp.ba\/#website","url":"https:\/\/ssspdp.ba\/","name":"Samostalni sindikat \u0161umarstva, prerade drveta i papira Bosne i Hercegovine","description":"","publisher":{"@id":"https:\/\/ssspdp.ba\/#organization"},"potentialAction":[{"@type":"SearchAction","target":{"@type":"EntryPoint","urlTemplate":"https:\/\/ssspdp.ba\/?s={search_term_string}"},"query-input":{"@type":"PropertyValueSpecification","valueRequired":true,"valueName":"search_term_string"}}],"inLanguage":"en-US"},{"@type":"Organization","@id":"https:\/\/ssspdp.ba\/#organization","name":"Samostalni sindikat \u0161umarstva, prerade drveta i papira Bosne i Hercegovine","url":"https:\/\/ssspdp.ba\/","logo":{"@type":"ImageObject","inLanguage":"en-US","@id":"https:\/\/ssspdp.ba\/#\/schema\/logo\/image\/","url":"https:\/\/ssspdp.ba\/wp-content\/uploads\/2020\/10\/web-logo.png","contentUrl":"https:\/\/ssspdp.ba\/wp-content\/uploads\/2020\/10\/web-logo.png","width":623,"height":100,"caption":"Samostalni sindikat \u0161umarstva, prerade drveta i papira Bosne i Hercegovine"},"image":{"@id":"https:\/\/ssspdp.ba\/#\/schema\/logo\/image\/"},"sameAs":["https:\/\/www.facebook.com\/Samostalni-sindikat-\u0161umarstva-prerade-drveta-i-papira-BiH-1740799582820896\/?ref=page_internal"]},{"@type":"Person","@id":"https:\/\/ssspdp.ba\/#\/schema\/person\/ca59c1c3438388dc9efc2e2c1520dd58","name":"Senudin Jahic","image":{"@type":"ImageObject","inLanguage":"en-US","@id":"https:\/\/secure.gravatar.com\/avatar\/4c408c3d0a009ed2e77d9394b7d39ae86e939f4183d1b501926522e8b6ed0820?s=96&d=mm&r=g","url":"https:\/\/secure.gravatar.com\/avatar\/4c408c3d0a009ed2e77d9394b7d39ae86e939f4183d1b501926522e8b6ed0820?s=96&d=mm&r=g","contentUrl":"https:\/\/secure.gravatar.com\/avatar\/4c408c3d0a009ed2e77d9394b7d39ae86e939f4183d1b501926522e8b6ed0820?s=96&d=mm&r=g","caption":"Senudin Jahic"},"sameAs":["http:\/\/ssspdp.ba"]}]}},"_links":{"self":[{"href":"https:\/\/ssspdp.ba\/index.php?rest_route=\/wp\/v2\/posts\/2132","targetHints":{"allow":["GET"]}}],"collection":[{"href":"https:\/\/ssspdp.ba\/index.php?rest_route=\/wp\/v2\/posts"}],"about":[{"href":"https:\/\/ssspdp.ba\/index.php?rest_route=\/wp\/v2\/types\/post"}],"author":[{"embeddable":true,"href":"https:\/\/ssspdp.ba\/index.php?rest_route=\/wp\/v2\/users\/2"}],"replies":[{"embeddable":true,"href":"https:\/\/ssspdp.ba\/index.php?rest_route=%2Fwp%2Fv2%2Fcomments&post=2132"}],"version-history":[{"count":3,"href":"https:\/\/ssspdp.ba\/index.php?rest_route=\/wp\/v2\/posts\/2132\/revisions"}],"predecessor-version":[{"id":2136,"href":"https:\/\/ssspdp.ba\/index.php?rest_route=\/wp\/v2\/posts\/2132\/revisions\/2136"}],"wp:featuredmedia":[{"embeddable":true,"href":"https:\/\/ssspdp.ba\/index.php?rest_route=\/wp\/v2\/media\/2133"}],"wp:attachment":[{"href":"https:\/\/ssspdp.ba\/index.php?rest_route=%2Fwp%2Fv2%2Fmedia&parent=2132"}],"wp:term":[{"taxonomy":"category","embeddable":true,"href":"https:\/\/ssspdp.ba\/index.php?rest_route=%2Fwp%2Fv2%2Fcategories&post=2132"},{"taxonomy":"post_tag","embeddable":true,"href":"https:\/\/ssspdp.ba\/index.php?rest_route=%2Fwp%2Fv2%2Ftags&post=2132"}],"curies":[{"name":"wp","href":"https:\/\/api.w.org\/{rel}","templated":true}]}}