{"id":2227,"date":"2022-12-02T16:56:05","date_gmt":"2022-12-02T15:56:05","guid":{"rendered":"https:\/\/ssspdp.ba\/?p=2227"},"modified":"2022-12-03T12:46:07","modified_gmt":"2022-12-03T11:46:07","slug":"sedmi-dan-medunarodne-kampanje-16-dana-aktivizma-protiv-rodno-zasnovanog-nasilja-zaustavimo-rodno-zasnovano-nasilje-u-svijetu-rada","status":"publish","type":"post","link":"https:\/\/ssspdp.ba\/?p=2227","title":{"rendered":"SEDMI DAN ME\u0110UNARODNE KAMPANJE \u201e16 DANA AKTIVIZMA PROTIV RODNO ZASNOVANOG NASILJA\u201c: \u201cZAUSTAVIMO RODNO ZASNOVANO NASILJE U SVIJETU RADA!\u201d"},"content":{"rendered":"\n<p>I ove godine se Samostalni sindikat \u0161umarstva prerade drveta i papira BiH pridru\u017euje kampanji \u201e16 dana aktivizma protiv rodno zasnovanog nasilja\u201c koja se u svijetu redovno obilje\u017eava od 25. novembra do 10. decembra. Borba protiv rodno zasnovanog nasilja u svijetu rada je jedan od fokusa sindikalnog djelovanja te na\u0161 sindikat tome posebno posve\u0107uje pa\u017enju u sklopu svojih aktivnosti. Ova problematika je bila i jedna od glavnih tema manifestacije &#8220;Sindikalna \u0161kola 2022&#8221; koju je na\u0161 sindikat odr\u017eao 4. i 5. novembra.<\/p>\n\n\n\n<p>U svijetu je 25. novembar progla\u0161en Me\u0111unarodnim danom borbe protiv nasilja nad \u017eenama i potrebno ga je obilje\u017eiti tako da se osude svi oblici rodno zasnovanog nasilja, od nasilja u porodici, silovanja, seksualnog uznemiravanja, do nasilja po\u010dinjenog od strane dr\u017eave, uklju\u010duju\u0107i i torturu i zlostavljanje \u017eena politi\u010dkih zatvorenica jer&nbsp; predstavljaju kr\u0161enje ljudskih prava.<\/p>\n\n\n\n<p>Kampanja \u201e16 dana aktivizma protiv rodno zasnovanog nasilja\u201c treba da dovede u fokus svog rada okvir ljudskih prava i koristi ga kako bi osigurala da dr\u017eavni i nedr\u017eavni akteri poka\u017eu odgovornost za nasilje nad \u017eenama.<\/p>\n\n\n\n<p>Pora\u017eavaju\u0107i su podaci da svaka peta odrasla \u017eena, tokom svog \u017eivota, bar jednom bude \u017ertva fizi\u010dkog nasilja, dok svaka deseta \u017eena&nbsp; bude \u017ertva seksualnog nasilja.<\/p>\n\n\n\n<p>Prije 60 godina usvojena je Univerzalna deklaracija o ljudskim pravima koja u \u010dlanu 1. nagla\u0161ava da se sva ljudska bi\u0107a ra\u0111aju slobodna i jednaka u dostojanstvu i pravima i od tada se 10. decembar obilje\u017eava kao Me\u0111unarodni dan ljudskih prava<\/p>\n\n\n\n<p>Dovode\u0107i u vezu ova dva datuma nagla\u0161ava se potreba uklanjanja svih oblika nasilja nad \u017eenama koje predstavlja pitanje za\u0161tite ljudskih prava i da akti nasilja nad \u017eenama nisu ni\u0161ta drugo do kr\u0161enje ljudskih prava. <strong>Tema ovogodi\u0161nje kampanje na svjetskom nivou je \u201cZaustavimo rodno zasnovano nasilje u svijetu rada!\u201d, kako bi se nastavilo sa targetiranjem institucija u kojima je zastupljeno rodno zasnovano nasilje i vr\u0161iti pritisak na njih putem uvo\u0111enja sistemskih promjena. <\/strong>U BiH \u017eene nemaju zvani\u010dne podatke o tome da li su manje ili isto pla\u0107ene od mu\u0161karaca za isti posao (zadnji podaci datiraju iz 2006. godine). U BiH su \u017eene suo\u010dene sa problemom nezaposlenosti. \u017dene u BiH nemaju pristupa povjerljivom i sigurnom sistemu podno\u0161enja \u017ealbi u vezi s diskriminacijom na osnovu spola ili seksualnim uznemiravanjem na radnom mjestu. BiH, tako\u0111e nije uspostavila sistem za\u0161tite prava \u017eena koje koriste porodiljsko odsustvo niti je unaprijedila za\u0161titu prava na naknade tokom porodiljskog odsustva. Op\u0161te mjere \u0161tednje ne uzimaju u obzir polo\u017eaj i prava \u017eena koje nose ekonomiju brige i direktno prebacuju teret pronatalitetnih politika na \u017eene.<\/p>\n\n\n\n<p>\u017divot bez nasilja i diskriminacije je pravo i obaveza svih nas! <\/p>\n\n\n\n<p>Izvor: arsbih.gov.ba i fondacijacure.org<\/p>\n<span class=\"et_bloom_bottom_trigger\"><\/span>","protected":false},"excerpt":{"rendered":"<p>I ove godine se Samostalni sindikat \u0161umarstva prerade drveta i papira BiH pridru\u017euje kampanji \u201e16 dana aktivizma protiv rodno zasnovanog nasilja\u201c koja se u svijetu redovno obilje\u017eava od 25. novembra do 10. decembra. Borba protiv rodno zasnovanog nasilja u svijetu rada je jedan od fokusa sindikalnog djelovanja te na\u0161 sindikat tome posebno posve\u0107uje pa\u017enju u [&hellip;]<\/p>\n","protected":false},"author":2,"featured_media":2236,"comment_status":"closed","ping_status":"open","sticky":false,"template":"","format":"standard","meta":{"_et_pb_use_builder":"off","_et_pb_old_content":"","_et_gb_content_width":"","footnotes":""},"categories":[32,42],"tags":[],"class_list":["post-2227","post","type-post","status-publish","format-standard","has-post-thumbnail","hentry","category-novosti","category-vijesti"],"yoast_head":"<!-- This site is optimized with the Yoast SEO plugin v27.5 - https:\/\/yoast.com\/product\/yoast-seo-wordpress\/ -->\n<title>SEDMI DAN ME\u0110UNARODNE KAMPANJE \u201e16 DANA AKTIVIZMA PROTIV RODNO ZASNOVANOG NASILJA\u201c: \u201cZAUSTAVIMO RODNO ZASNOVANO NASILJE U SVIJETU RADA!\u201d - Samostalni sindikat \u0161umarstva, prerade drveta i papira Bosne i Hercegovine<\/title>\n<meta name=\"robots\" content=\"index, follow, max-snippet:-1, max-image-preview:large, max-video-preview:-1\" \/>\n<link rel=\"canonical\" href=\"https:\/\/ssspdp.ba\/?p=2227\" \/>\n<meta property=\"og:locale\" content=\"en_US\" \/>\n<meta property=\"og:type\" content=\"article\" \/>\n<meta property=\"og:title\" content=\"SEDMI DAN ME\u0110UNARODNE KAMPANJE \u201e16 DANA AKTIVIZMA PROTIV RODNO ZASNOVANOG NASILJA\u201c: \u201cZAUSTAVIMO RODNO ZASNOVANO NASILJE U SVIJETU RADA!\u201d - Samostalni sindikat \u0161umarstva, prerade drveta i papira Bosne i Hercegovine\" \/>\n<meta property=\"og:description\" content=\"I ove godine se Samostalni sindikat \u0161umarstva prerade drveta i papira BiH pridru\u017euje kampanji \u201e16 dana aktivizma protiv rodno zasnovanog nasilja\u201c koja se u svijetu redovno obilje\u017eava od 25. novembra do 10. decembra. Borba protiv rodno zasnovanog nasilja u svijetu rada je jedan od fokusa sindikalnog djelovanja te na\u0161 sindikat tome posebno posve\u0107uje pa\u017enju u [&hellip;]\" \/>\n<meta property=\"og:url\" content=\"https:\/\/ssspdp.ba\/?p=2227\" \/>\n<meta property=\"og:site_name\" content=\"Samostalni sindikat \u0161umarstva, prerade drveta i papira Bosne i Hercegovine\" \/>\n<meta property=\"article:publisher\" content=\"https:\/\/www.facebook.com\/Samostalni-sindikat-%c5%a1umarstva-prerade-drveta-i-papira-BiH-1740799582820896\/?ref=page_internal\" \/>\n<meta property=\"article:published_time\" content=\"2022-12-02T15:56:05+00:00\" \/>\n<meta property=\"article:modified_time\" content=\"2022-12-03T11:46:07+00:00\" \/>\n<meta property=\"og:image\" content=\"https:\/\/ssspdp.ba\/wp-content\/uploads\/2022\/12\/16-dana-aktivizma-2022-1-scaled.jpg\" \/>\n\t<meta property=\"og:image:width\" content=\"2560\" \/>\n\t<meta property=\"og:image:height\" content=\"1447\" \/>\n\t<meta property=\"og:image:type\" content=\"image\/jpeg\" \/>\n<meta name=\"author\" content=\"Senudin Jahic\" \/>\n<meta name=\"twitter:card\" content=\"summary_large_image\" \/>\n<meta name=\"twitter:label1\" content=\"Written by\" \/>\n\t<meta name=\"twitter:data1\" content=\"Senudin Jahic\" \/>\n\t<meta name=\"twitter:label2\" content=\"Est. reading time\" \/>\n\t<meta name=\"twitter:data2\" content=\"2 minutes\" \/>\n<script type=\"application\/ld+json\" class=\"yoast-schema-graph\">{\"@context\":\"https:\\\/\\\/schema.org\",\"@graph\":[{\"@type\":\"Article\",\"@id\":\"https:\\\/\\\/ssspdp.ba\\\/?p=2227#article\",\"isPartOf\":{\"@id\":\"https:\\\/\\\/ssspdp.ba\\\/?p=2227\"},\"author\":{\"name\":\"Senudin Jahic\",\"@id\":\"https:\\\/\\\/ssspdp.ba\\\/#\\\/schema\\\/person\\\/ca59c1c3438388dc9efc2e2c1520dd58\"},\"headline\":\"SEDMI DAN ME\u0110UNARODNE KAMPANJE \u201e16 DANA AKTIVIZMA PROTIV RODNO ZASNOVANOG NASILJA\u201c: \u201cZAUSTAVIMO RODNO ZASNOVANO NASILJE U SVIJETU RADA!\u201d\",\"datePublished\":\"2022-12-02T15:56:05+00:00\",\"dateModified\":\"2022-12-03T11:46:07+00:00\",\"mainEntityOfPage\":{\"@id\":\"https:\\\/\\\/ssspdp.ba\\\/?p=2227\"},\"wordCount\":476,\"publisher\":{\"@id\":\"https:\\\/\\\/ssspdp.ba\\\/#organization\"},\"image\":{\"@id\":\"https:\\\/\\\/ssspdp.ba\\\/?p=2227#primaryimage\"},\"thumbnailUrl\":\"https:\\\/\\\/ssspdp.ba\\\/wp-content\\\/uploads\\\/2022\\\/12\\\/16-dana-aktivizma-2022-1-scaled.jpg\",\"articleSection\":[\"Novosti\",\"Vijesti\"],\"inLanguage\":\"en-US\"},{\"@type\":\"WebPage\",\"@id\":\"https:\\\/\\\/ssspdp.ba\\\/?p=2227\",\"url\":\"https:\\\/\\\/ssspdp.ba\\\/?p=2227\",\"name\":\"SEDMI DAN ME\u0110UNARODNE KAMPANJE \u201e16 DANA AKTIVIZMA PROTIV RODNO ZASNOVANOG NASILJA\u201c: \u201cZAUSTAVIMO RODNO ZASNOVANO NASILJE U SVIJETU RADA!\u201d - Samostalni sindikat \u0161umarstva, prerade drveta i papira Bosne i Hercegovine\",\"isPartOf\":{\"@id\":\"https:\\\/\\\/ssspdp.ba\\\/#website\"},\"primaryImageOfPage\":{\"@id\":\"https:\\\/\\\/ssspdp.ba\\\/?p=2227#primaryimage\"},\"image\":{\"@id\":\"https:\\\/\\\/ssspdp.ba\\\/?p=2227#primaryimage\"},\"thumbnailUrl\":\"https:\\\/\\\/ssspdp.ba\\\/wp-content\\\/uploads\\\/2022\\\/12\\\/16-dana-aktivizma-2022-1-scaled.jpg\",\"datePublished\":\"2022-12-02T15:56:05+00:00\",\"dateModified\":\"2022-12-03T11:46:07+00:00\",\"breadcrumb\":{\"@id\":\"https:\\\/\\\/ssspdp.ba\\\/?p=2227#breadcrumb\"},\"inLanguage\":\"en-US\",\"potentialAction\":[{\"@type\":\"ReadAction\",\"target\":[\"https:\\\/\\\/ssspdp.ba\\\/?p=2227\"]}]},{\"@type\":\"ImageObject\",\"inLanguage\":\"en-US\",\"@id\":\"https:\\\/\\\/ssspdp.ba\\\/?p=2227#primaryimage\",\"url\":\"https:\\\/\\\/ssspdp.ba\\\/wp-content\\\/uploads\\\/2022\\\/12\\\/16-dana-aktivizma-2022-1-scaled.jpg\",\"contentUrl\":\"https:\\\/\\\/ssspdp.ba\\\/wp-content\\\/uploads\\\/2022\\\/12\\\/16-dana-aktivizma-2022-1-scaled.jpg\",\"width\":2560,\"height\":1447},{\"@type\":\"BreadcrumbList\",\"@id\":\"https:\\\/\\\/ssspdp.ba\\\/?p=2227#breadcrumb\",\"itemListElement\":[{\"@type\":\"ListItem\",\"position\":1,\"name\":\"Home\",\"item\":\"https:\\\/\\\/ssspdp.ba\\\/\"},{\"@type\":\"ListItem\",\"position\":2,\"name\":\"SEDMI DAN ME\u0110UNARODNE KAMPANJE \u201e16 DANA AKTIVIZMA PROTIV RODNO ZASNOVANOG NASILJA\u201c: \u201cZAUSTAVIMO RODNO ZASNOVANO NASILJE U SVIJETU RADA!\u201d\"}]},{\"@type\":\"WebSite\",\"@id\":\"https:\\\/\\\/ssspdp.ba\\\/#website\",\"url\":\"https:\\\/\\\/ssspdp.ba\\\/\",\"name\":\"Samostalni sindikat \u0161umarstva, prerade drveta i papira Bosne i Hercegovine\",\"description\":\"\",\"publisher\":{\"@id\":\"https:\\\/\\\/ssspdp.ba\\\/#organization\"},\"potentialAction\":[{\"@type\":\"SearchAction\",\"target\":{\"@type\":\"EntryPoint\",\"urlTemplate\":\"https:\\\/\\\/ssspdp.ba\\\/?s={search_term_string}\"},\"query-input\":{\"@type\":\"PropertyValueSpecification\",\"valueRequired\":true,\"valueName\":\"search_term_string\"}}],\"inLanguage\":\"en-US\"},{\"@type\":\"Organization\",\"@id\":\"https:\\\/\\\/ssspdp.ba\\\/#organization\",\"name\":\"Samostalni sindikat \u0161umarstva, prerade drveta i papira Bosne i Hercegovine\",\"url\":\"https:\\\/\\\/ssspdp.ba\\\/\",\"logo\":{\"@type\":\"ImageObject\",\"inLanguage\":\"en-US\",\"@id\":\"https:\\\/\\\/ssspdp.ba\\\/#\\\/schema\\\/logo\\\/image\\\/\",\"url\":\"https:\\\/\\\/ssspdp.ba\\\/wp-content\\\/uploads\\\/2020\\\/10\\\/web-logo.png\",\"contentUrl\":\"https:\\\/\\\/ssspdp.ba\\\/wp-content\\\/uploads\\\/2020\\\/10\\\/web-logo.png\",\"width\":623,\"height\":100,\"caption\":\"Samostalni sindikat \u0161umarstva, prerade drveta i papira Bosne i Hercegovine\"},\"image\":{\"@id\":\"https:\\\/\\\/ssspdp.ba\\\/#\\\/schema\\\/logo\\\/image\\\/\"},\"sameAs\":[\"https:\\\/\\\/www.facebook.com\\\/Samostalni-sindikat-\u0161umarstva-prerade-drveta-i-papira-BiH-1740799582820896\\\/?ref=page_internal\"]},{\"@type\":\"Person\",\"@id\":\"https:\\\/\\\/ssspdp.ba\\\/#\\\/schema\\\/person\\\/ca59c1c3438388dc9efc2e2c1520dd58\",\"name\":\"Senudin Jahic\",\"image\":{\"@type\":\"ImageObject\",\"inLanguage\":\"en-US\",\"@id\":\"https:\\\/\\\/secure.gravatar.com\\\/avatar\\\/4c408c3d0a009ed2e77d9394b7d39ae86e939f4183d1b501926522e8b6ed0820?s=96&d=mm&r=g\",\"url\":\"https:\\\/\\\/secure.gravatar.com\\\/avatar\\\/4c408c3d0a009ed2e77d9394b7d39ae86e939f4183d1b501926522e8b6ed0820?s=96&d=mm&r=g\",\"contentUrl\":\"https:\\\/\\\/secure.gravatar.com\\\/avatar\\\/4c408c3d0a009ed2e77d9394b7d39ae86e939f4183d1b501926522e8b6ed0820?s=96&d=mm&r=g\",\"caption\":\"Senudin Jahic\"},\"sameAs\":[\"http:\\\/\\\/ssspdp.ba\"]}]}<\/script>\n<!-- \/ Yoast SEO plugin. -->","yoast_head_json":{"title":"SEDMI DAN ME\u0110UNARODNE KAMPANJE \u201e16 DANA AKTIVIZMA PROTIV RODNO ZASNOVANOG NASILJA\u201c: \u201cZAUSTAVIMO RODNO ZASNOVANO NASILJE U SVIJETU RADA!\u201d - Samostalni sindikat \u0161umarstva, prerade drveta i papira Bosne i Hercegovine","robots":{"index":"index","follow":"follow","max-snippet":"max-snippet:-1","max-image-preview":"max-image-preview:large","max-video-preview":"max-video-preview:-1"},"canonical":"https:\/\/ssspdp.ba\/?p=2227","og_locale":"en_US","og_type":"article","og_title":"SEDMI DAN ME\u0110UNARODNE KAMPANJE \u201e16 DANA AKTIVIZMA PROTIV RODNO ZASNOVANOG NASILJA\u201c: \u201cZAUSTAVIMO RODNO ZASNOVANO NASILJE U SVIJETU RADA!\u201d - Samostalni sindikat \u0161umarstva, prerade drveta i papira Bosne i Hercegovine","og_description":"I ove godine se Samostalni sindikat \u0161umarstva prerade drveta i papira BiH pridru\u017euje kampanji \u201e16 dana aktivizma protiv rodno zasnovanog nasilja\u201c koja se u svijetu redovno obilje\u017eava od 25. novembra do 10. decembra. Borba protiv rodno zasnovanog nasilja u svijetu rada je jedan od fokusa sindikalnog djelovanja te na\u0161 sindikat tome posebno posve\u0107uje pa\u017enju u [&hellip;]","og_url":"https:\/\/ssspdp.ba\/?p=2227","og_site_name":"Samostalni sindikat \u0161umarstva, prerade drveta i papira Bosne i Hercegovine","article_publisher":"https:\/\/www.facebook.com\/Samostalni-sindikat-%c5%a1umarstva-prerade-drveta-i-papira-BiH-1740799582820896\/?ref=page_internal","article_published_time":"2022-12-02T15:56:05+00:00","article_modified_time":"2022-12-03T11:46:07+00:00","og_image":[{"width":2560,"height":1447,"url":"https:\/\/ssspdp.ba\/wp-content\/uploads\/2022\/12\/16-dana-aktivizma-2022-1-scaled.jpg","type":"image\/jpeg"}],"author":"Senudin Jahic","twitter_card":"summary_large_image","twitter_misc":{"Written by":"Senudin Jahic","Est. reading time":"2 minutes"},"schema":{"@context":"https:\/\/schema.org","@graph":[{"@type":"Article","@id":"https:\/\/ssspdp.ba\/?p=2227#article","isPartOf":{"@id":"https:\/\/ssspdp.ba\/?p=2227"},"author":{"name":"Senudin Jahic","@id":"https:\/\/ssspdp.ba\/#\/schema\/person\/ca59c1c3438388dc9efc2e2c1520dd58"},"headline":"SEDMI DAN ME\u0110UNARODNE KAMPANJE \u201e16 DANA AKTIVIZMA PROTIV RODNO ZASNOVANOG NASILJA\u201c: \u201cZAUSTAVIMO RODNO ZASNOVANO NASILJE U SVIJETU RADA!\u201d","datePublished":"2022-12-02T15:56:05+00:00","dateModified":"2022-12-03T11:46:07+00:00","mainEntityOfPage":{"@id":"https:\/\/ssspdp.ba\/?p=2227"},"wordCount":476,"publisher":{"@id":"https:\/\/ssspdp.ba\/#organization"},"image":{"@id":"https:\/\/ssspdp.ba\/?p=2227#primaryimage"},"thumbnailUrl":"https:\/\/ssspdp.ba\/wp-content\/uploads\/2022\/12\/16-dana-aktivizma-2022-1-scaled.jpg","articleSection":["Novosti","Vijesti"],"inLanguage":"en-US"},{"@type":"WebPage","@id":"https:\/\/ssspdp.ba\/?p=2227","url":"https:\/\/ssspdp.ba\/?p=2227","name":"SEDMI DAN ME\u0110UNARODNE KAMPANJE \u201e16 DANA AKTIVIZMA PROTIV RODNO ZASNOVANOG NASILJA\u201c: \u201cZAUSTAVIMO RODNO ZASNOVANO NASILJE U SVIJETU RADA!\u201d - Samostalni sindikat \u0161umarstva, prerade drveta i papira Bosne i Hercegovine","isPartOf":{"@id":"https:\/\/ssspdp.ba\/#website"},"primaryImageOfPage":{"@id":"https:\/\/ssspdp.ba\/?p=2227#primaryimage"},"image":{"@id":"https:\/\/ssspdp.ba\/?p=2227#primaryimage"},"thumbnailUrl":"https:\/\/ssspdp.ba\/wp-content\/uploads\/2022\/12\/16-dana-aktivizma-2022-1-scaled.jpg","datePublished":"2022-12-02T15:56:05+00:00","dateModified":"2022-12-03T11:46:07+00:00","breadcrumb":{"@id":"https:\/\/ssspdp.ba\/?p=2227#breadcrumb"},"inLanguage":"en-US","potentialAction":[{"@type":"ReadAction","target":["https:\/\/ssspdp.ba\/?p=2227"]}]},{"@type":"ImageObject","inLanguage":"en-US","@id":"https:\/\/ssspdp.ba\/?p=2227#primaryimage","url":"https:\/\/ssspdp.ba\/wp-content\/uploads\/2022\/12\/16-dana-aktivizma-2022-1-scaled.jpg","contentUrl":"https:\/\/ssspdp.ba\/wp-content\/uploads\/2022\/12\/16-dana-aktivizma-2022-1-scaled.jpg","width":2560,"height":1447},{"@type":"BreadcrumbList","@id":"https:\/\/ssspdp.ba\/?p=2227#breadcrumb","itemListElement":[{"@type":"ListItem","position":1,"name":"Home","item":"https:\/\/ssspdp.ba\/"},{"@type":"ListItem","position":2,"name":"SEDMI DAN ME\u0110UNARODNE KAMPANJE \u201e16 DANA AKTIVIZMA PROTIV RODNO ZASNOVANOG NASILJA\u201c: \u201cZAUSTAVIMO RODNO ZASNOVANO NASILJE U SVIJETU RADA!\u201d"}]},{"@type":"WebSite","@id":"https:\/\/ssspdp.ba\/#website","url":"https:\/\/ssspdp.ba\/","name":"Samostalni sindikat \u0161umarstva, prerade drveta i papira Bosne i Hercegovine","description":"","publisher":{"@id":"https:\/\/ssspdp.ba\/#organization"},"potentialAction":[{"@type":"SearchAction","target":{"@type":"EntryPoint","urlTemplate":"https:\/\/ssspdp.ba\/?s={search_term_string}"},"query-input":{"@type":"PropertyValueSpecification","valueRequired":true,"valueName":"search_term_string"}}],"inLanguage":"en-US"},{"@type":"Organization","@id":"https:\/\/ssspdp.ba\/#organization","name":"Samostalni sindikat \u0161umarstva, prerade drveta i papira Bosne i Hercegovine","url":"https:\/\/ssspdp.ba\/","logo":{"@type":"ImageObject","inLanguage":"en-US","@id":"https:\/\/ssspdp.ba\/#\/schema\/logo\/image\/","url":"https:\/\/ssspdp.ba\/wp-content\/uploads\/2020\/10\/web-logo.png","contentUrl":"https:\/\/ssspdp.ba\/wp-content\/uploads\/2020\/10\/web-logo.png","width":623,"height":100,"caption":"Samostalni sindikat \u0161umarstva, prerade drveta i papira Bosne i Hercegovine"},"image":{"@id":"https:\/\/ssspdp.ba\/#\/schema\/logo\/image\/"},"sameAs":["https:\/\/www.facebook.com\/Samostalni-sindikat-\u0161umarstva-prerade-drveta-i-papira-BiH-1740799582820896\/?ref=page_internal"]},{"@type":"Person","@id":"https:\/\/ssspdp.ba\/#\/schema\/person\/ca59c1c3438388dc9efc2e2c1520dd58","name":"Senudin Jahic","image":{"@type":"ImageObject","inLanguage":"en-US","@id":"https:\/\/secure.gravatar.com\/avatar\/4c408c3d0a009ed2e77d9394b7d39ae86e939f4183d1b501926522e8b6ed0820?s=96&d=mm&r=g","url":"https:\/\/secure.gravatar.com\/avatar\/4c408c3d0a009ed2e77d9394b7d39ae86e939f4183d1b501926522e8b6ed0820?s=96&d=mm&r=g","contentUrl":"https:\/\/secure.gravatar.com\/avatar\/4c408c3d0a009ed2e77d9394b7d39ae86e939f4183d1b501926522e8b6ed0820?s=96&d=mm&r=g","caption":"Senudin Jahic"},"sameAs":["http:\/\/ssspdp.ba"]}]}},"_links":{"self":[{"href":"https:\/\/ssspdp.ba\/index.php?rest_route=\/wp\/v2\/posts\/2227","targetHints":{"allow":["GET"]}}],"collection":[{"href":"https:\/\/ssspdp.ba\/index.php?rest_route=\/wp\/v2\/posts"}],"about":[{"href":"https:\/\/ssspdp.ba\/index.php?rest_route=\/wp\/v2\/types\/post"}],"author":[{"embeddable":true,"href":"https:\/\/ssspdp.ba\/index.php?rest_route=\/wp\/v2\/users\/2"}],"replies":[{"embeddable":true,"href":"https:\/\/ssspdp.ba\/index.php?rest_route=%2Fwp%2Fv2%2Fcomments&post=2227"}],"version-history":[{"count":5,"href":"https:\/\/ssspdp.ba\/index.php?rest_route=\/wp\/v2\/posts\/2227\/revisions"}],"predecessor-version":[{"id":2234,"href":"https:\/\/ssspdp.ba\/index.php?rest_route=\/wp\/v2\/posts\/2227\/revisions\/2234"}],"wp:featuredmedia":[{"embeddable":true,"href":"https:\/\/ssspdp.ba\/index.php?rest_route=\/wp\/v2\/media\/2236"}],"wp:attachment":[{"href":"https:\/\/ssspdp.ba\/index.php?rest_route=%2Fwp%2Fv2%2Fmedia&parent=2227"}],"wp:term":[{"taxonomy":"category","embeddable":true,"href":"https:\/\/ssspdp.ba\/index.php?rest_route=%2Fwp%2Fv2%2Fcategories&post=2227"},{"taxonomy":"post_tag","embeddable":true,"href":"https:\/\/ssspdp.ba\/index.php?rest_route=%2Fwp%2Fv2%2Ftags&post=2227"}],"curies":[{"name":"wp","href":"https:\/\/api.w.org\/{rel}","templated":true}]}}