{"id":2238,"date":"2022-12-10T10:13:27","date_gmt":"2022-12-10T09:13:27","guid":{"rendered":"https:\/\/ssspdp.ba\/?p=2238"},"modified":"2022-12-10T10:13:28","modified_gmt":"2022-12-10T09:13:28","slug":"medunarodni-dan-ljudskih-prava-izaberimo-mir-odbranimo-demokratiju","status":"publish","type":"post","link":"https:\/\/ssspdp.ba\/?p=2238","title":{"rendered":"ME\u0110UNARODNI DAN LJUDSKIH PRAVA: IZABERIMO MIR, ODBRANIMO DEMOKRATIJU"},"content":{"rendered":"\n<p>Samostalni sindikat \u0161umarstva, prerade drveta i papira BiH se pridru\u017euje ostatku globalnog sindikalnog pokreta u obilje\u017eavanju 10. decembra, Me\u0111unarodnog dana ljudskih prava u atmosferi kontinuiranih napada na prava radnika \u0161irom svijeta, procesuiranja neistomi\u0161ljenika u diktatorskim re\u017eimima te uru\u0161avanja slobode u postoje\u0107im demokratijama koje je ve\u0107inom uzrokovano djelovanjem ekstremne desnice.<\/p>\n\n\n\n<p>Sindikati su na prvoj liniji u opasnoj i \u010desto smrtonosnoj borbi za ljudska prava i demokratiju. Borba za nezavisne sindikate i borba za demokratiju su jedna te ista borba. Sindikati su stub demokratije i bedem slobode, a sindikalne organizacije mogu biti jake i slobodne samo u demokratskom okru\u017eenju.<\/p>\n\n\n\n<p>SS\u0160PDP BiH stoji rame uz rame sa radnicima svijeta u njihovim nastojanjima da izaberu mir kao odr\u017eiv put za odbranu i ja\u010danje demokratije dok se ponovno posve\u0107ujemo demokratskim principima u cilju postizanja na\u0161ih ideala bolje budu\u0107nosti za sve radne ljude i ostvarivanja prava me\u0111u koje zasigurno spada pravo na dostojanstveni rad i dostojanstvenu pla\u0107u koja odgovara ulo\u017eenom trudu, druga materijalna i nematerijalna prava, dostojni uslovi na radu, za\u0161tita zdravlja radnika te njihova sigurnost i sigurnost njihovih porodica.<\/p>\n\n\n\n<p>Izra\u017eavamo na\u0161u podr\u0161ku sindikalcima u ratnim podru\u010djima koji brane svoje \u017eivote i \u017eivote svojih bli\u017enjih od napada agresora, brane\u0107i suverenitet svoje zemlje, ali i istovremeno se bore\u0107i protiv drakonskih restrikcija upu\u0107enih protiv rada sindikalnih organizacija koje su uvedene u ratnom okru\u017eenju.<\/p>\n\n\n\n<p>Stojimo uz na\u0161e kolege koji \u017eive u re\u017eimima koji nastoje da ukinu i i uti\u0161aju sindikate zatvaraju\u0107i njihove lidere, koji su u nekim diktaturama \u010dak i meta ciljanih egzekucija.<\/p>\n\n\n\n<p>Mnoge zemlje kr\u0161e osnovna prava svojih gra\u0111ana. Mnogi re\u017eimi koji tla\u010de svoje stanovni\u0161tvo, najte\u017eem tretmanu podvrgavaju \u017eene. Stojimo uz sve aktivistkinje i aktiviste u njihovoj borbi za prava \u017eena na slobodu odlu\u010divanja, djelovanja i izbora na\u010dina \u017eivota.&nbsp;<\/p>\n\n\n\n<p>Kao sindikalisti i radnici, izra\u017eavamo podr\u0161ku svima koji se bore za slobodu, demokratiju i pravdu te sa svima koji izabiru mir kako bi se suprotstavili nadiru\u0107oj plimi brutalnosti, straha i o\u010daja. Mir bez demokratije je jednostavno tiranija. A bez funkcioniraju\u0107ih demokratija, volja ve\u0107ine \u0107e biti podvrgnuta samovolji nekolicine bogatih i mo\u0107nih. Bez jednog i drugog, ljudska prava \u0107e i dalje biti ugro\u017eena. Samo u miru radnici mogu stvoriti uslove da osiguraju socijalni napredak i odr\u017eivu globalnu ekonomiju. A samo u demokratskom okru\u017eenju radnici mogu posti\u0107i socijalnu pravdu i slobodu za sve bez obzira na spol, stale\u017e, porijeklo ili vjeroispovijest i ostvariti dru\u0161tvo u kojem bismo mogli u potpunosti u\u017eivati svojim ljudskim pravima.<br><br>Izvor: bwint.org<\/p>\n<span class=\"et_bloom_bottom_trigger\"><\/span>","protected":false},"excerpt":{"rendered":"<p>Samostalni sindikat \u0161umarstva, prerade drveta i papira BiH se pridru\u017euje ostatku globalnog sindikalnog pokreta u obilje\u017eavanju 10. decembra, Me\u0111unarodnog dana ljudskih prava u atmosferi kontinuiranih napada na prava radnika \u0161irom svijeta, procesuiranja neistomi\u0161ljenika u diktatorskim re\u017eimima te uru\u0161avanja slobode u postoje\u0107im demokratijama koje je ve\u0107inom uzrokovano djelovanjem ekstremne desnice. Sindikati su na prvoj liniji u [&hellip;]<\/p>\n","protected":false},"author":2,"featured_media":2239,"comment_status":"closed","ping_status":"open","sticky":false,"template":"","format":"standard","meta":{"_et_pb_use_builder":"off","_et_pb_old_content":"","_et_gb_content_width":"","footnotes":""},"categories":[32,42],"tags":[],"class_list":["post-2238","post","type-post","status-publish","format-standard","has-post-thumbnail","hentry","category-novosti","category-vijesti"],"yoast_head":"<!-- This site is optimized with the Yoast SEO plugin v27.5 - https:\/\/yoast.com\/product\/yoast-seo-wordpress\/ -->\n<title>ME\u0110UNARODNI DAN LJUDSKIH PRAVA: IZABERIMO MIR, ODBRANIMO DEMOKRATIJU - Samostalni sindikat \u0161umarstva, prerade drveta i papira Bosne i Hercegovine<\/title>\n<meta name=\"robots\" content=\"index, follow, max-snippet:-1, max-image-preview:large, max-video-preview:-1\" \/>\n<link rel=\"canonical\" href=\"https:\/\/ssspdp.ba\/?p=2238\" \/>\n<meta property=\"og:locale\" content=\"en_US\" \/>\n<meta property=\"og:type\" content=\"article\" \/>\n<meta property=\"og:title\" content=\"ME\u0110UNARODNI DAN LJUDSKIH PRAVA: IZABERIMO MIR, ODBRANIMO DEMOKRATIJU - Samostalni sindikat \u0161umarstva, prerade drveta i papira Bosne i Hercegovine\" \/>\n<meta property=\"og:description\" content=\"Samostalni sindikat \u0161umarstva, prerade drveta i papira BiH se pridru\u017euje ostatku globalnog sindikalnog pokreta u obilje\u017eavanju 10. decembra, Me\u0111unarodnog dana ljudskih prava u atmosferi kontinuiranih napada na prava radnika \u0161irom svijeta, procesuiranja neistomi\u0161ljenika u diktatorskim re\u017eimima te uru\u0161avanja slobode u postoje\u0107im demokratijama koje je ve\u0107inom uzrokovano djelovanjem ekstremne desnice. Sindikati su na prvoj liniji u [&hellip;]\" \/>\n<meta property=\"og:url\" content=\"https:\/\/ssspdp.ba\/?p=2238\" \/>\n<meta property=\"og:site_name\" content=\"Samostalni sindikat \u0161umarstva, prerade drveta i papira Bosne i Hercegovine\" \/>\n<meta property=\"article:publisher\" content=\"https:\/\/www.facebook.com\/Samostalni-sindikat-%c5%a1umarstva-prerade-drveta-i-papira-BiH-1740799582820896\/?ref=page_internal\" \/>\n<meta property=\"article:published_time\" content=\"2022-12-10T09:13:27+00:00\" \/>\n<meta property=\"article:modified_time\" content=\"2022-12-10T09:13:28+00:00\" \/>\n<meta property=\"og:image\" content=\"https:\/\/ssspdp.ba\/wp-content\/uploads\/2022\/12\/dan-ljudskih-prava.png\" \/>\n\t<meta property=\"og:image:width\" content=\"3168\" \/>\n\t<meta property=\"og:image:height\" content=\"2373\" \/>\n\t<meta property=\"og:image:type\" content=\"image\/png\" \/>\n<meta name=\"author\" content=\"Senudin Jahic\" \/>\n<meta name=\"twitter:card\" content=\"summary_large_image\" \/>\n<meta name=\"twitter:label1\" content=\"Written by\" \/>\n\t<meta name=\"twitter:data1\" content=\"Senudin Jahic\" \/>\n\t<meta name=\"twitter:label2\" content=\"Est. reading time\" \/>\n\t<meta name=\"twitter:data2\" content=\"2 minutes\" \/>\n<script type=\"application\/ld+json\" class=\"yoast-schema-graph\">{\"@context\":\"https:\\\/\\\/schema.org\",\"@graph\":[{\"@type\":\"Article\",\"@id\":\"https:\\\/\\\/ssspdp.ba\\\/?p=2238#article\",\"isPartOf\":{\"@id\":\"https:\\\/\\\/ssspdp.ba\\\/?p=2238\"},\"author\":{\"name\":\"Senudin Jahic\",\"@id\":\"https:\\\/\\\/ssspdp.ba\\\/#\\\/schema\\\/person\\\/ca59c1c3438388dc9efc2e2c1520dd58\"},\"headline\":\"ME\u0110UNARODNI DAN LJUDSKIH PRAVA: IZABERIMO MIR, ODBRANIMO DEMOKRATIJU\",\"datePublished\":\"2022-12-10T09:13:27+00:00\",\"dateModified\":\"2022-12-10T09:13:28+00:00\",\"mainEntityOfPage\":{\"@id\":\"https:\\\/\\\/ssspdp.ba\\\/?p=2238\"},\"wordCount\":458,\"publisher\":{\"@id\":\"https:\\\/\\\/ssspdp.ba\\\/#organization\"},\"image\":{\"@id\":\"https:\\\/\\\/ssspdp.ba\\\/?p=2238#primaryimage\"},\"thumbnailUrl\":\"https:\\\/\\\/ssspdp.ba\\\/wp-content\\\/uploads\\\/2022\\\/12\\\/dan-ljudskih-prava.png\",\"articleSection\":[\"Novosti\",\"Vijesti\"],\"inLanguage\":\"en-US\"},{\"@type\":\"WebPage\",\"@id\":\"https:\\\/\\\/ssspdp.ba\\\/?p=2238\",\"url\":\"https:\\\/\\\/ssspdp.ba\\\/?p=2238\",\"name\":\"ME\u0110UNARODNI DAN LJUDSKIH PRAVA: IZABERIMO MIR, ODBRANIMO DEMOKRATIJU - Samostalni sindikat \u0161umarstva, prerade drveta i papira Bosne i Hercegovine\",\"isPartOf\":{\"@id\":\"https:\\\/\\\/ssspdp.ba\\\/#website\"},\"primaryImageOfPage\":{\"@id\":\"https:\\\/\\\/ssspdp.ba\\\/?p=2238#primaryimage\"},\"image\":{\"@id\":\"https:\\\/\\\/ssspdp.ba\\\/?p=2238#primaryimage\"},\"thumbnailUrl\":\"https:\\\/\\\/ssspdp.ba\\\/wp-content\\\/uploads\\\/2022\\\/12\\\/dan-ljudskih-prava.png\",\"datePublished\":\"2022-12-10T09:13:27+00:00\",\"dateModified\":\"2022-12-10T09:13:28+00:00\",\"breadcrumb\":{\"@id\":\"https:\\\/\\\/ssspdp.ba\\\/?p=2238#breadcrumb\"},\"inLanguage\":\"en-US\",\"potentialAction\":[{\"@type\":\"ReadAction\",\"target\":[\"https:\\\/\\\/ssspdp.ba\\\/?p=2238\"]}]},{\"@type\":\"ImageObject\",\"inLanguage\":\"en-US\",\"@id\":\"https:\\\/\\\/ssspdp.ba\\\/?p=2238#primaryimage\",\"url\":\"https:\\\/\\\/ssspdp.ba\\\/wp-content\\\/uploads\\\/2022\\\/12\\\/dan-ljudskih-prava.png\",\"contentUrl\":\"https:\\\/\\\/ssspdp.ba\\\/wp-content\\\/uploads\\\/2022\\\/12\\\/dan-ljudskih-prava.png\",\"width\":3168,\"height\":2373},{\"@type\":\"BreadcrumbList\",\"@id\":\"https:\\\/\\\/ssspdp.ba\\\/?p=2238#breadcrumb\",\"itemListElement\":[{\"@type\":\"ListItem\",\"position\":1,\"name\":\"Home\",\"item\":\"https:\\\/\\\/ssspdp.ba\\\/\"},{\"@type\":\"ListItem\",\"position\":2,\"name\":\"ME\u0110UNARODNI DAN LJUDSKIH PRAVA: IZABERIMO MIR, ODBRANIMO DEMOKRATIJU\"}]},{\"@type\":\"WebSite\",\"@id\":\"https:\\\/\\\/ssspdp.ba\\\/#website\",\"url\":\"https:\\\/\\\/ssspdp.ba\\\/\",\"name\":\"Samostalni sindikat \u0161umarstva, prerade drveta i papira Bosne i Hercegovine\",\"description\":\"\",\"publisher\":{\"@id\":\"https:\\\/\\\/ssspdp.ba\\\/#organization\"},\"potentialAction\":[{\"@type\":\"SearchAction\",\"target\":{\"@type\":\"EntryPoint\",\"urlTemplate\":\"https:\\\/\\\/ssspdp.ba\\\/?s={search_term_string}\"},\"query-input\":{\"@type\":\"PropertyValueSpecification\",\"valueRequired\":true,\"valueName\":\"search_term_string\"}}],\"inLanguage\":\"en-US\"},{\"@type\":\"Organization\",\"@id\":\"https:\\\/\\\/ssspdp.ba\\\/#organization\",\"name\":\"Samostalni sindikat \u0161umarstva, prerade drveta i papira Bosne i Hercegovine\",\"url\":\"https:\\\/\\\/ssspdp.ba\\\/\",\"logo\":{\"@type\":\"ImageObject\",\"inLanguage\":\"en-US\",\"@id\":\"https:\\\/\\\/ssspdp.ba\\\/#\\\/schema\\\/logo\\\/image\\\/\",\"url\":\"https:\\\/\\\/ssspdp.ba\\\/wp-content\\\/uploads\\\/2020\\\/10\\\/web-logo.png\",\"contentUrl\":\"https:\\\/\\\/ssspdp.ba\\\/wp-content\\\/uploads\\\/2020\\\/10\\\/web-logo.png\",\"width\":623,\"height\":100,\"caption\":\"Samostalni sindikat \u0161umarstva, prerade drveta i papira Bosne i Hercegovine\"},\"image\":{\"@id\":\"https:\\\/\\\/ssspdp.ba\\\/#\\\/schema\\\/logo\\\/image\\\/\"},\"sameAs\":[\"https:\\\/\\\/www.facebook.com\\\/Samostalni-sindikat-\u0161umarstva-prerade-drveta-i-papira-BiH-1740799582820896\\\/?ref=page_internal\"]},{\"@type\":\"Person\",\"@id\":\"https:\\\/\\\/ssspdp.ba\\\/#\\\/schema\\\/person\\\/ca59c1c3438388dc9efc2e2c1520dd58\",\"name\":\"Senudin Jahic\",\"image\":{\"@type\":\"ImageObject\",\"inLanguage\":\"en-US\",\"@id\":\"https:\\\/\\\/secure.gravatar.com\\\/avatar\\\/4c408c3d0a009ed2e77d9394b7d39ae86e939f4183d1b501926522e8b6ed0820?s=96&d=mm&r=g\",\"url\":\"https:\\\/\\\/secure.gravatar.com\\\/avatar\\\/4c408c3d0a009ed2e77d9394b7d39ae86e939f4183d1b501926522e8b6ed0820?s=96&d=mm&r=g\",\"contentUrl\":\"https:\\\/\\\/secure.gravatar.com\\\/avatar\\\/4c408c3d0a009ed2e77d9394b7d39ae86e939f4183d1b501926522e8b6ed0820?s=96&d=mm&r=g\",\"caption\":\"Senudin Jahic\"},\"sameAs\":[\"http:\\\/\\\/ssspdp.ba\"]}]}<\/script>\n<!-- \/ Yoast SEO plugin. -->","yoast_head_json":{"title":"ME\u0110UNARODNI DAN LJUDSKIH PRAVA: IZABERIMO MIR, ODBRANIMO DEMOKRATIJU - Samostalni sindikat \u0161umarstva, prerade drveta i papira Bosne i Hercegovine","robots":{"index":"index","follow":"follow","max-snippet":"max-snippet:-1","max-image-preview":"max-image-preview:large","max-video-preview":"max-video-preview:-1"},"canonical":"https:\/\/ssspdp.ba\/?p=2238","og_locale":"en_US","og_type":"article","og_title":"ME\u0110UNARODNI DAN LJUDSKIH PRAVA: IZABERIMO MIR, ODBRANIMO DEMOKRATIJU - Samostalni sindikat \u0161umarstva, prerade drveta i papira Bosne i Hercegovine","og_description":"Samostalni sindikat \u0161umarstva, prerade drveta i papira BiH se pridru\u017euje ostatku globalnog sindikalnog pokreta u obilje\u017eavanju 10. decembra, Me\u0111unarodnog dana ljudskih prava u atmosferi kontinuiranih napada na prava radnika \u0161irom svijeta, procesuiranja neistomi\u0161ljenika u diktatorskim re\u017eimima te uru\u0161avanja slobode u postoje\u0107im demokratijama koje je ve\u0107inom uzrokovano djelovanjem ekstremne desnice. Sindikati su na prvoj liniji u [&hellip;]","og_url":"https:\/\/ssspdp.ba\/?p=2238","og_site_name":"Samostalni sindikat \u0161umarstva, prerade drveta i papira Bosne i Hercegovine","article_publisher":"https:\/\/www.facebook.com\/Samostalni-sindikat-%c5%a1umarstva-prerade-drveta-i-papira-BiH-1740799582820896\/?ref=page_internal","article_published_time":"2022-12-10T09:13:27+00:00","article_modified_time":"2022-12-10T09:13:28+00:00","og_image":[{"width":3168,"height":2373,"url":"https:\/\/ssspdp.ba\/wp-content\/uploads\/2022\/12\/dan-ljudskih-prava.png","type":"image\/png"}],"author":"Senudin Jahic","twitter_card":"summary_large_image","twitter_misc":{"Written by":"Senudin Jahic","Est. reading time":"2 minutes"},"schema":{"@context":"https:\/\/schema.org","@graph":[{"@type":"Article","@id":"https:\/\/ssspdp.ba\/?p=2238#article","isPartOf":{"@id":"https:\/\/ssspdp.ba\/?p=2238"},"author":{"name":"Senudin Jahic","@id":"https:\/\/ssspdp.ba\/#\/schema\/person\/ca59c1c3438388dc9efc2e2c1520dd58"},"headline":"ME\u0110UNARODNI DAN LJUDSKIH PRAVA: IZABERIMO MIR, ODBRANIMO DEMOKRATIJU","datePublished":"2022-12-10T09:13:27+00:00","dateModified":"2022-12-10T09:13:28+00:00","mainEntityOfPage":{"@id":"https:\/\/ssspdp.ba\/?p=2238"},"wordCount":458,"publisher":{"@id":"https:\/\/ssspdp.ba\/#organization"},"image":{"@id":"https:\/\/ssspdp.ba\/?p=2238#primaryimage"},"thumbnailUrl":"https:\/\/ssspdp.ba\/wp-content\/uploads\/2022\/12\/dan-ljudskih-prava.png","articleSection":["Novosti","Vijesti"],"inLanguage":"en-US"},{"@type":"WebPage","@id":"https:\/\/ssspdp.ba\/?p=2238","url":"https:\/\/ssspdp.ba\/?p=2238","name":"ME\u0110UNARODNI DAN LJUDSKIH PRAVA: IZABERIMO MIR, ODBRANIMO DEMOKRATIJU - Samostalni sindikat \u0161umarstva, prerade drveta i papira Bosne i Hercegovine","isPartOf":{"@id":"https:\/\/ssspdp.ba\/#website"},"primaryImageOfPage":{"@id":"https:\/\/ssspdp.ba\/?p=2238#primaryimage"},"image":{"@id":"https:\/\/ssspdp.ba\/?p=2238#primaryimage"},"thumbnailUrl":"https:\/\/ssspdp.ba\/wp-content\/uploads\/2022\/12\/dan-ljudskih-prava.png","datePublished":"2022-12-10T09:13:27+00:00","dateModified":"2022-12-10T09:13:28+00:00","breadcrumb":{"@id":"https:\/\/ssspdp.ba\/?p=2238#breadcrumb"},"inLanguage":"en-US","potentialAction":[{"@type":"ReadAction","target":["https:\/\/ssspdp.ba\/?p=2238"]}]},{"@type":"ImageObject","inLanguage":"en-US","@id":"https:\/\/ssspdp.ba\/?p=2238#primaryimage","url":"https:\/\/ssspdp.ba\/wp-content\/uploads\/2022\/12\/dan-ljudskih-prava.png","contentUrl":"https:\/\/ssspdp.ba\/wp-content\/uploads\/2022\/12\/dan-ljudskih-prava.png","width":3168,"height":2373},{"@type":"BreadcrumbList","@id":"https:\/\/ssspdp.ba\/?p=2238#breadcrumb","itemListElement":[{"@type":"ListItem","position":1,"name":"Home","item":"https:\/\/ssspdp.ba\/"},{"@type":"ListItem","position":2,"name":"ME\u0110UNARODNI DAN LJUDSKIH PRAVA: IZABERIMO MIR, ODBRANIMO DEMOKRATIJU"}]},{"@type":"WebSite","@id":"https:\/\/ssspdp.ba\/#website","url":"https:\/\/ssspdp.ba\/","name":"Samostalni sindikat \u0161umarstva, prerade drveta i papira Bosne i Hercegovine","description":"","publisher":{"@id":"https:\/\/ssspdp.ba\/#organization"},"potentialAction":[{"@type":"SearchAction","target":{"@type":"EntryPoint","urlTemplate":"https:\/\/ssspdp.ba\/?s={search_term_string}"},"query-input":{"@type":"PropertyValueSpecification","valueRequired":true,"valueName":"search_term_string"}}],"inLanguage":"en-US"},{"@type":"Organization","@id":"https:\/\/ssspdp.ba\/#organization","name":"Samostalni sindikat \u0161umarstva, prerade drveta i papira Bosne i Hercegovine","url":"https:\/\/ssspdp.ba\/","logo":{"@type":"ImageObject","inLanguage":"en-US","@id":"https:\/\/ssspdp.ba\/#\/schema\/logo\/image\/","url":"https:\/\/ssspdp.ba\/wp-content\/uploads\/2020\/10\/web-logo.png","contentUrl":"https:\/\/ssspdp.ba\/wp-content\/uploads\/2020\/10\/web-logo.png","width":623,"height":100,"caption":"Samostalni sindikat \u0161umarstva, prerade drveta i papira Bosne i Hercegovine"},"image":{"@id":"https:\/\/ssspdp.ba\/#\/schema\/logo\/image\/"},"sameAs":["https:\/\/www.facebook.com\/Samostalni-sindikat-\u0161umarstva-prerade-drveta-i-papira-BiH-1740799582820896\/?ref=page_internal"]},{"@type":"Person","@id":"https:\/\/ssspdp.ba\/#\/schema\/person\/ca59c1c3438388dc9efc2e2c1520dd58","name":"Senudin Jahic","image":{"@type":"ImageObject","inLanguage":"en-US","@id":"https:\/\/secure.gravatar.com\/avatar\/4c408c3d0a009ed2e77d9394b7d39ae86e939f4183d1b501926522e8b6ed0820?s=96&d=mm&r=g","url":"https:\/\/secure.gravatar.com\/avatar\/4c408c3d0a009ed2e77d9394b7d39ae86e939f4183d1b501926522e8b6ed0820?s=96&d=mm&r=g","contentUrl":"https:\/\/secure.gravatar.com\/avatar\/4c408c3d0a009ed2e77d9394b7d39ae86e939f4183d1b501926522e8b6ed0820?s=96&d=mm&r=g","caption":"Senudin Jahic"},"sameAs":["http:\/\/ssspdp.ba"]}]}},"_links":{"self":[{"href":"https:\/\/ssspdp.ba\/index.php?rest_route=\/wp\/v2\/posts\/2238","targetHints":{"allow":["GET"]}}],"collection":[{"href":"https:\/\/ssspdp.ba\/index.php?rest_route=\/wp\/v2\/posts"}],"about":[{"href":"https:\/\/ssspdp.ba\/index.php?rest_route=\/wp\/v2\/types\/post"}],"author":[{"embeddable":true,"href":"https:\/\/ssspdp.ba\/index.php?rest_route=\/wp\/v2\/users\/2"}],"replies":[{"embeddable":true,"href":"https:\/\/ssspdp.ba\/index.php?rest_route=%2Fwp%2Fv2%2Fcomments&post=2238"}],"version-history":[{"count":1,"href":"https:\/\/ssspdp.ba\/index.php?rest_route=\/wp\/v2\/posts\/2238\/revisions"}],"predecessor-version":[{"id":2240,"href":"https:\/\/ssspdp.ba\/index.php?rest_route=\/wp\/v2\/posts\/2238\/revisions\/2240"}],"wp:featuredmedia":[{"embeddable":true,"href":"https:\/\/ssspdp.ba\/index.php?rest_route=\/wp\/v2\/media\/2239"}],"wp:attachment":[{"href":"https:\/\/ssspdp.ba\/index.php?rest_route=%2Fwp%2Fv2%2Fmedia&parent=2238"}],"wp:term":[{"taxonomy":"category","embeddable":true,"href":"https:\/\/ssspdp.ba\/index.php?rest_route=%2Fwp%2Fv2%2Fcategories&post=2238"},{"taxonomy":"post_tag","embeddable":true,"href":"https:\/\/ssspdp.ba\/index.php?rest_route=%2Fwp%2Fv2%2Ftags&post=2238"}],"curies":[{"name":"wp","href":"https:\/\/api.w.org\/{rel}","templated":true}]}}