{"id":2356,"date":"2023-03-21T20:41:00","date_gmt":"2023-03-21T19:41:00","guid":{"rendered":"https:\/\/ssspdp.ba\/?p=2356"},"modified":"2023-03-22T21:16:42","modified_gmt":"2023-03-22T20:16:42","slug":"povodom-21-marta-svjetskog-dana-suma-zdrave-sume-za-zdrave-ljude","status":"publish","type":"post","link":"https:\/\/ssspdp.ba\/?p=2356","title":{"rendered":"POVODOM 21. MARTA SVJETSKOG DANA \u0160UMA: ZDRAVE \u0160UME ZA ZDRAVE LJUDE"},"content":{"rendered":"\n<p>U sedmici u kojoj se obilje\u017eava Svjetski dan \u0161uma, Samostalni sindikat \u0161umarstva, prerade drveta i papira BiH posebno intenzivira pripreme za aktivnosti koje se na razli\u010dite na\u010dine provode cijele godine sa ciljem podizanja svijesti o va\u017enosti \u0161uma, ne samo kao privrednog resursa, ve\u0107 i kao izvora zdravlja i dara prirode kojeg moramo sa\u010duvati za budu\u0107e generacije.<\/p>\n\n\n\n<p>21. marta obilje\u017eava se Me\u0111unarodni dan \u0161uma kako bi se skrenula pa\u017enja na njihovu va\u017enost za opstanak \u017eivota i na\u010dine kako je mo\u017eemo za\u0161tititi. \u0160ume nam osiguravaju kiseonik, lijekove, hranu, vodu i jo\u0161 mnogo toga \u0161to nam je potrebno za egzistenciju. Osim \u0161to su stani\u0161ta brojnim biljnim i \u017eivotinjskim vrstama, tako\u0111er pru\u017eaju za\u0161titu slivova, sprje\u010davaju eroziju tla i ubla\u017eavaju klimatske promjene. Ipak, uprkos na\u0161oj ovisnosti o \u0161umama, i dalje dopu\u0161tamo njihovu devastaciju.<\/p>\n\n\n\n<p>Svake se godine naglasak pri obilje\u017eavanju Dana \u0161uma stavi na odre\u0111enu temu. Ovogodi\u0161nja je tema \u0160ume i zdravlje, odnosno Zdrave \u0161ume za zdrave ljude.<\/p>\n\n\n\n<p>\u0160ume su biolo\u0161ki najraznovrsniji i jedan od najslo\u017eenijih ekosistema na kopnu u kojima \u017eivi vi\u0161e od 80% kopnenih vrsta \u017eivotinja, biljaka i insekata. One pokrivaju 30% Zemljine povr\u0161ine i izvori su \u010distog zraka i vode te, naravno, klju\u010dne u borbi protiv klimatskih promjena. Istra\u017eivanje UN-a pokazuje kako \u0161ume mogu izvu\u0107i milijardu ljudi iz siroma\u0161tva i stvoriti dodatnih 80 miliona zelenih radnih mjesta. Prekomjerna i neplanska kao i ilegalna sje\u010da \u0161uma te odsustvo akcija po\u0161umljavanja nije samo rizik za biolo\u0161ku raznolikost \u2013 to je i klimatski rizik, koji predstavlja izravnu prijetnju ljudskim pravima lokalnih zajednica kojima \u0161ume predstavljaju izvor pre\u017eivljavanja. Po\u010detkom pro\u0161le godine, UN-ova agencija za klimatske promjene objavila je izvje\u0161taj u kojem otkriva smrtonosne posljedice klimatskih promjena za ljude u svim dijelovima svijeta u nadolaze\u0107im desetlje\u0107ima. \u201cPosljedice klimatskih promjena gore su nego ikad, nagla\u0161avaju\u0107i va\u017enost globalnog jedinstva\u201d, pi\u0161e u saop\u0161tenju UN-a.<\/p>\n\n\n\n<p>Prepoznaju\u0107i hitnost akcija, peti Globalni pregled bioraznolikosti nazna\u010dio je da je potrebna duboka transformacija kopnene i \u0161umske povezanosti kako bi se ispunilo obe\u0107anje Vizije o biolo\u0161koj raznolikosti za 2050. godinu.<\/p>\n\n\n\n<p>Globalni okvir biolo\u0161ke raznolikosti nakon 2020. godine, koji \u0107e biti usvojen u toku ove godine koji predstavlja novi ambiciozni plan za o\u010duvanje bioraznolikosti planete Zemlje, podupire potrebu da osigura odr\u017eivo upravljanje podru\u010djima koje pokrivaju \u0161ume kroz svoje ciljeve i viziju.<\/p>\n\n\n\n<p>Godine 2015. sve dr\u017eave \u010dlanice Ujedinjenih naroda usvojile su razvojnu politiku o odr\u017eivosti koja se usredoto\u010duje na 17 ciljeva odr\u017eivog razvoja (SDG). Tih 17 ciljeva predstavlja globalni plan za mir i prosperitet ljudi i planeta, a trebalo bi ih posti\u0107i do 2030. godine. Cilj 15 odnosi se na odr\u017eivo kori\u0161tenje kopnenih ekosistema, odr\u017eivo upravljanje \u0161umama i borbu protiv pretvaranja tla u kr\u0161 i pustinju usljed uni\u0161tenja vegetacije ljudskim faktorom.<\/p>\n\n\n\n<p>Postizanje globalnih ciljeva zahtjeva na\u0161u posve\u0107enost prema odr\u017eivom kori\u0161tenju \u0161uma i dobrobiti koje nam one pru\u017eaju. Neka ova sedmica u kojoj obilje\u017eavamo Svjetski dan \u0161uma, bude podsjetnik da moramo raditi i razvijati na\u0161 odnos prema \u0161umskim resursima o kojima ovise dobrobiti na\u0161eg opstanka na planeti Zemlji.<br><\/p>\n\n\n\n<p>Izvor za dijelove \u010dlanka: https:\/\/www.fmoit.gov.ba<\/p>\n<span class=\"et_bloom_bottom_trigger\"><\/span>","protected":false},"excerpt":{"rendered":"<p>U sedmici u kojoj se obilje\u017eava Svjetski dan \u0161uma, Samostalni sindikat \u0161umarstva, prerade drveta i papira BiH posebno intenzivira pripreme za aktivnosti koje se na razli\u010dite na\u010dine provode cijele godine sa ciljem podizanja svijesti o va\u017enosti \u0161uma, ne samo kao privrednog resursa, ve\u0107 i kao izvora zdravlja i dara prirode kojeg moramo sa\u010duvati za budu\u0107e [&hellip;]<\/p>\n","protected":false},"author":2,"featured_media":2357,"comment_status":"closed","ping_status":"open","sticky":false,"template":"","format":"standard","meta":{"_et_pb_use_builder":"off","_et_pb_old_content":"","_et_gb_content_width":"","footnotes":""},"categories":[32,42],"tags":[],"class_list":["post-2356","post","type-post","status-publish","format-standard","has-post-thumbnail","hentry","category-novosti","category-vijesti"],"yoast_head":"<!-- This site is optimized with the Yoast SEO plugin v27.5 - https:\/\/yoast.com\/product\/yoast-seo-wordpress\/ -->\n<title>POVODOM 21. MARTA SVJETSKOG DANA \u0160UMA: ZDRAVE \u0160UME ZA ZDRAVE LJUDE - Samostalni sindikat \u0161umarstva, prerade drveta i papira Bosne i Hercegovine<\/title>\n<meta name=\"robots\" content=\"index, follow, max-snippet:-1, max-image-preview:large, max-video-preview:-1\" \/>\n<link rel=\"canonical\" href=\"https:\/\/ssspdp.ba\/?p=2356\" \/>\n<meta property=\"og:locale\" content=\"en_US\" \/>\n<meta property=\"og:type\" content=\"article\" \/>\n<meta property=\"og:title\" content=\"POVODOM 21. MARTA SVJETSKOG DANA \u0160UMA: ZDRAVE \u0160UME ZA ZDRAVE LJUDE - Samostalni sindikat \u0161umarstva, prerade drveta i papira Bosne i Hercegovine\" \/>\n<meta property=\"og:description\" content=\"U sedmici u kojoj se obilje\u017eava Svjetski dan \u0161uma, Samostalni sindikat \u0161umarstva, prerade drveta i papira BiH posebno intenzivira pripreme za aktivnosti koje se na razli\u010dite na\u010dine provode cijele godine sa ciljem podizanja svijesti o va\u017enosti \u0161uma, ne samo kao privrednog resursa, ve\u0107 i kao izvora zdravlja i dara prirode kojeg moramo sa\u010duvati za budu\u0107e [&hellip;]\" \/>\n<meta property=\"og:url\" content=\"https:\/\/ssspdp.ba\/?p=2356\" \/>\n<meta property=\"og:site_name\" content=\"Samostalni sindikat \u0161umarstva, prerade drveta i papira Bosne i Hercegovine\" \/>\n<meta property=\"article:publisher\" content=\"https:\/\/www.facebook.com\/Samostalni-sindikat-%c5%a1umarstva-prerade-drveta-i-papira-BiH-1740799582820896\/?ref=page_internal\" \/>\n<meta property=\"article:published_time\" content=\"2023-03-21T19:41:00+00:00\" \/>\n<meta property=\"article:modified_time\" content=\"2023-03-22T20:16:42+00:00\" \/>\n<meta property=\"og:image\" content=\"https:\/\/ssspdp.ba\/wp-content\/uploads\/2023\/03\/Svjetski-dan-suma-2023-za-web.jpg\" \/>\n\t<meta property=\"og:image:width\" content=\"2488\" \/>\n\t<meta property=\"og:image:height\" content=\"1410\" \/>\n\t<meta property=\"og:image:type\" content=\"image\/jpeg\" \/>\n<meta name=\"author\" content=\"Senudin Jahic\" \/>\n<meta name=\"twitter:card\" content=\"summary_large_image\" \/>\n<meta name=\"twitter:label1\" content=\"Written by\" \/>\n\t<meta name=\"twitter:data1\" content=\"Senudin Jahic\" \/>\n\t<meta name=\"twitter:label2\" content=\"Est. reading time\" \/>\n\t<meta name=\"twitter:data2\" content=\"3 minutes\" \/>\n<script type=\"application\/ld+json\" class=\"yoast-schema-graph\">{\"@context\":\"https:\\\/\\\/schema.org\",\"@graph\":[{\"@type\":\"Article\",\"@id\":\"https:\\\/\\\/ssspdp.ba\\\/?p=2356#article\",\"isPartOf\":{\"@id\":\"https:\\\/\\\/ssspdp.ba\\\/?p=2356\"},\"author\":{\"name\":\"Senudin Jahic\",\"@id\":\"https:\\\/\\\/ssspdp.ba\\\/#\\\/schema\\\/person\\\/ca59c1c3438388dc9efc2e2c1520dd58\"},\"headline\":\"POVODOM 21. MARTA SVJETSKOG DANA \u0160UMA: ZDRAVE \u0160UME ZA ZDRAVE LJUDE\",\"datePublished\":\"2023-03-21T19:41:00+00:00\",\"dateModified\":\"2023-03-22T20:16:42+00:00\",\"mainEntityOfPage\":{\"@id\":\"https:\\\/\\\/ssspdp.ba\\\/?p=2356\"},\"wordCount\":555,\"publisher\":{\"@id\":\"https:\\\/\\\/ssspdp.ba\\\/#organization\"},\"image\":{\"@id\":\"https:\\\/\\\/ssspdp.ba\\\/?p=2356#primaryimage\"},\"thumbnailUrl\":\"https:\\\/\\\/ssspdp.ba\\\/wp-content\\\/uploads\\\/2023\\\/03\\\/Svjetski-dan-suma-2023-za-web.jpg\",\"articleSection\":[\"Novosti\",\"Vijesti\"],\"inLanguage\":\"en-US\"},{\"@type\":\"WebPage\",\"@id\":\"https:\\\/\\\/ssspdp.ba\\\/?p=2356\",\"url\":\"https:\\\/\\\/ssspdp.ba\\\/?p=2356\",\"name\":\"POVODOM 21. MARTA SVJETSKOG DANA \u0160UMA: ZDRAVE \u0160UME ZA ZDRAVE LJUDE - Samostalni sindikat \u0161umarstva, prerade drveta i papira Bosne i Hercegovine\",\"isPartOf\":{\"@id\":\"https:\\\/\\\/ssspdp.ba\\\/#website\"},\"primaryImageOfPage\":{\"@id\":\"https:\\\/\\\/ssspdp.ba\\\/?p=2356#primaryimage\"},\"image\":{\"@id\":\"https:\\\/\\\/ssspdp.ba\\\/?p=2356#primaryimage\"},\"thumbnailUrl\":\"https:\\\/\\\/ssspdp.ba\\\/wp-content\\\/uploads\\\/2023\\\/03\\\/Svjetski-dan-suma-2023-za-web.jpg\",\"datePublished\":\"2023-03-21T19:41:00+00:00\",\"dateModified\":\"2023-03-22T20:16:42+00:00\",\"breadcrumb\":{\"@id\":\"https:\\\/\\\/ssspdp.ba\\\/?p=2356#breadcrumb\"},\"inLanguage\":\"en-US\",\"potentialAction\":[{\"@type\":\"ReadAction\",\"target\":[\"https:\\\/\\\/ssspdp.ba\\\/?p=2356\"]}]},{\"@type\":\"ImageObject\",\"inLanguage\":\"en-US\",\"@id\":\"https:\\\/\\\/ssspdp.ba\\\/?p=2356#primaryimage\",\"url\":\"https:\\\/\\\/ssspdp.ba\\\/wp-content\\\/uploads\\\/2023\\\/03\\\/Svjetski-dan-suma-2023-za-web.jpg\",\"contentUrl\":\"https:\\\/\\\/ssspdp.ba\\\/wp-content\\\/uploads\\\/2023\\\/03\\\/Svjetski-dan-suma-2023-za-web.jpg\",\"width\":2488,\"height\":1410},{\"@type\":\"BreadcrumbList\",\"@id\":\"https:\\\/\\\/ssspdp.ba\\\/?p=2356#breadcrumb\",\"itemListElement\":[{\"@type\":\"ListItem\",\"position\":1,\"name\":\"Home\",\"item\":\"https:\\\/\\\/ssspdp.ba\\\/\"},{\"@type\":\"ListItem\",\"position\":2,\"name\":\"POVODOM 21. MARTA SVJETSKOG DANA \u0160UMA: ZDRAVE \u0160UME ZA ZDRAVE LJUDE\"}]},{\"@type\":\"WebSite\",\"@id\":\"https:\\\/\\\/ssspdp.ba\\\/#website\",\"url\":\"https:\\\/\\\/ssspdp.ba\\\/\",\"name\":\"Samostalni sindikat \u0161umarstva, prerade drveta i papira Bosne i Hercegovine\",\"description\":\"\",\"publisher\":{\"@id\":\"https:\\\/\\\/ssspdp.ba\\\/#organization\"},\"potentialAction\":[{\"@type\":\"SearchAction\",\"target\":{\"@type\":\"EntryPoint\",\"urlTemplate\":\"https:\\\/\\\/ssspdp.ba\\\/?s={search_term_string}\"},\"query-input\":{\"@type\":\"PropertyValueSpecification\",\"valueRequired\":true,\"valueName\":\"search_term_string\"}}],\"inLanguage\":\"en-US\"},{\"@type\":\"Organization\",\"@id\":\"https:\\\/\\\/ssspdp.ba\\\/#organization\",\"name\":\"Samostalni sindikat \u0161umarstva, prerade drveta i papira Bosne i Hercegovine\",\"url\":\"https:\\\/\\\/ssspdp.ba\\\/\",\"logo\":{\"@type\":\"ImageObject\",\"inLanguage\":\"en-US\",\"@id\":\"https:\\\/\\\/ssspdp.ba\\\/#\\\/schema\\\/logo\\\/image\\\/\",\"url\":\"https:\\\/\\\/ssspdp.ba\\\/wp-content\\\/uploads\\\/2020\\\/10\\\/web-logo.png\",\"contentUrl\":\"https:\\\/\\\/ssspdp.ba\\\/wp-content\\\/uploads\\\/2020\\\/10\\\/web-logo.png\",\"width\":623,\"height\":100,\"caption\":\"Samostalni sindikat \u0161umarstva, prerade drveta i papira Bosne i Hercegovine\"},\"image\":{\"@id\":\"https:\\\/\\\/ssspdp.ba\\\/#\\\/schema\\\/logo\\\/image\\\/\"},\"sameAs\":[\"https:\\\/\\\/www.facebook.com\\\/Samostalni-sindikat-\u0161umarstva-prerade-drveta-i-papira-BiH-1740799582820896\\\/?ref=page_internal\"]},{\"@type\":\"Person\",\"@id\":\"https:\\\/\\\/ssspdp.ba\\\/#\\\/schema\\\/person\\\/ca59c1c3438388dc9efc2e2c1520dd58\",\"name\":\"Senudin Jahic\",\"image\":{\"@type\":\"ImageObject\",\"inLanguage\":\"en-US\",\"@id\":\"https:\\\/\\\/secure.gravatar.com\\\/avatar\\\/4c408c3d0a009ed2e77d9394b7d39ae86e939f4183d1b501926522e8b6ed0820?s=96&d=mm&r=g\",\"url\":\"https:\\\/\\\/secure.gravatar.com\\\/avatar\\\/4c408c3d0a009ed2e77d9394b7d39ae86e939f4183d1b501926522e8b6ed0820?s=96&d=mm&r=g\",\"contentUrl\":\"https:\\\/\\\/secure.gravatar.com\\\/avatar\\\/4c408c3d0a009ed2e77d9394b7d39ae86e939f4183d1b501926522e8b6ed0820?s=96&d=mm&r=g\",\"caption\":\"Senudin Jahic\"},\"sameAs\":[\"http:\\\/\\\/ssspdp.ba\"]}]}<\/script>\n<!-- \/ Yoast SEO plugin. -->","yoast_head_json":{"title":"POVODOM 21. MARTA SVJETSKOG DANA \u0160UMA: ZDRAVE \u0160UME ZA ZDRAVE LJUDE - Samostalni sindikat \u0161umarstva, prerade drveta i papira Bosne i Hercegovine","robots":{"index":"index","follow":"follow","max-snippet":"max-snippet:-1","max-image-preview":"max-image-preview:large","max-video-preview":"max-video-preview:-1"},"canonical":"https:\/\/ssspdp.ba\/?p=2356","og_locale":"en_US","og_type":"article","og_title":"POVODOM 21. MARTA SVJETSKOG DANA \u0160UMA: ZDRAVE \u0160UME ZA ZDRAVE LJUDE - Samostalni sindikat \u0161umarstva, prerade drveta i papira Bosne i Hercegovine","og_description":"U sedmici u kojoj se obilje\u017eava Svjetski dan \u0161uma, Samostalni sindikat \u0161umarstva, prerade drveta i papira BiH posebno intenzivira pripreme za aktivnosti koje se na razli\u010dite na\u010dine provode cijele godine sa ciljem podizanja svijesti o va\u017enosti \u0161uma, ne samo kao privrednog resursa, ve\u0107 i kao izvora zdravlja i dara prirode kojeg moramo sa\u010duvati za budu\u0107e [&hellip;]","og_url":"https:\/\/ssspdp.ba\/?p=2356","og_site_name":"Samostalni sindikat \u0161umarstva, prerade drveta i papira Bosne i Hercegovine","article_publisher":"https:\/\/www.facebook.com\/Samostalni-sindikat-%c5%a1umarstva-prerade-drveta-i-papira-BiH-1740799582820896\/?ref=page_internal","article_published_time":"2023-03-21T19:41:00+00:00","article_modified_time":"2023-03-22T20:16:42+00:00","og_image":[{"width":2488,"height":1410,"url":"https:\/\/ssspdp.ba\/wp-content\/uploads\/2023\/03\/Svjetski-dan-suma-2023-za-web.jpg","type":"image\/jpeg"}],"author":"Senudin Jahic","twitter_card":"summary_large_image","twitter_misc":{"Written by":"Senudin Jahic","Est. reading time":"3 minutes"},"schema":{"@context":"https:\/\/schema.org","@graph":[{"@type":"Article","@id":"https:\/\/ssspdp.ba\/?p=2356#article","isPartOf":{"@id":"https:\/\/ssspdp.ba\/?p=2356"},"author":{"name":"Senudin Jahic","@id":"https:\/\/ssspdp.ba\/#\/schema\/person\/ca59c1c3438388dc9efc2e2c1520dd58"},"headline":"POVODOM 21. MARTA SVJETSKOG DANA \u0160UMA: ZDRAVE \u0160UME ZA ZDRAVE LJUDE","datePublished":"2023-03-21T19:41:00+00:00","dateModified":"2023-03-22T20:16:42+00:00","mainEntityOfPage":{"@id":"https:\/\/ssspdp.ba\/?p=2356"},"wordCount":555,"publisher":{"@id":"https:\/\/ssspdp.ba\/#organization"},"image":{"@id":"https:\/\/ssspdp.ba\/?p=2356#primaryimage"},"thumbnailUrl":"https:\/\/ssspdp.ba\/wp-content\/uploads\/2023\/03\/Svjetski-dan-suma-2023-za-web.jpg","articleSection":["Novosti","Vijesti"],"inLanguage":"en-US"},{"@type":"WebPage","@id":"https:\/\/ssspdp.ba\/?p=2356","url":"https:\/\/ssspdp.ba\/?p=2356","name":"POVODOM 21. MARTA SVJETSKOG DANA \u0160UMA: ZDRAVE \u0160UME ZA ZDRAVE LJUDE - Samostalni sindikat \u0161umarstva, prerade drveta i papira Bosne i Hercegovine","isPartOf":{"@id":"https:\/\/ssspdp.ba\/#website"},"primaryImageOfPage":{"@id":"https:\/\/ssspdp.ba\/?p=2356#primaryimage"},"image":{"@id":"https:\/\/ssspdp.ba\/?p=2356#primaryimage"},"thumbnailUrl":"https:\/\/ssspdp.ba\/wp-content\/uploads\/2023\/03\/Svjetski-dan-suma-2023-za-web.jpg","datePublished":"2023-03-21T19:41:00+00:00","dateModified":"2023-03-22T20:16:42+00:00","breadcrumb":{"@id":"https:\/\/ssspdp.ba\/?p=2356#breadcrumb"},"inLanguage":"en-US","potentialAction":[{"@type":"ReadAction","target":["https:\/\/ssspdp.ba\/?p=2356"]}]},{"@type":"ImageObject","inLanguage":"en-US","@id":"https:\/\/ssspdp.ba\/?p=2356#primaryimage","url":"https:\/\/ssspdp.ba\/wp-content\/uploads\/2023\/03\/Svjetski-dan-suma-2023-za-web.jpg","contentUrl":"https:\/\/ssspdp.ba\/wp-content\/uploads\/2023\/03\/Svjetski-dan-suma-2023-za-web.jpg","width":2488,"height":1410},{"@type":"BreadcrumbList","@id":"https:\/\/ssspdp.ba\/?p=2356#breadcrumb","itemListElement":[{"@type":"ListItem","position":1,"name":"Home","item":"https:\/\/ssspdp.ba\/"},{"@type":"ListItem","position":2,"name":"POVODOM 21. MARTA SVJETSKOG DANA \u0160UMA: ZDRAVE \u0160UME ZA ZDRAVE LJUDE"}]},{"@type":"WebSite","@id":"https:\/\/ssspdp.ba\/#website","url":"https:\/\/ssspdp.ba\/","name":"Samostalni sindikat \u0161umarstva, prerade drveta i papira Bosne i Hercegovine","description":"","publisher":{"@id":"https:\/\/ssspdp.ba\/#organization"},"potentialAction":[{"@type":"SearchAction","target":{"@type":"EntryPoint","urlTemplate":"https:\/\/ssspdp.ba\/?s={search_term_string}"},"query-input":{"@type":"PropertyValueSpecification","valueRequired":true,"valueName":"search_term_string"}}],"inLanguage":"en-US"},{"@type":"Organization","@id":"https:\/\/ssspdp.ba\/#organization","name":"Samostalni sindikat \u0161umarstva, prerade drveta i papira Bosne i Hercegovine","url":"https:\/\/ssspdp.ba\/","logo":{"@type":"ImageObject","inLanguage":"en-US","@id":"https:\/\/ssspdp.ba\/#\/schema\/logo\/image\/","url":"https:\/\/ssspdp.ba\/wp-content\/uploads\/2020\/10\/web-logo.png","contentUrl":"https:\/\/ssspdp.ba\/wp-content\/uploads\/2020\/10\/web-logo.png","width":623,"height":100,"caption":"Samostalni sindikat \u0161umarstva, prerade drveta i papira Bosne i Hercegovine"},"image":{"@id":"https:\/\/ssspdp.ba\/#\/schema\/logo\/image\/"},"sameAs":["https:\/\/www.facebook.com\/Samostalni-sindikat-\u0161umarstva-prerade-drveta-i-papira-BiH-1740799582820896\/?ref=page_internal"]},{"@type":"Person","@id":"https:\/\/ssspdp.ba\/#\/schema\/person\/ca59c1c3438388dc9efc2e2c1520dd58","name":"Senudin Jahic","image":{"@type":"ImageObject","inLanguage":"en-US","@id":"https:\/\/secure.gravatar.com\/avatar\/4c408c3d0a009ed2e77d9394b7d39ae86e939f4183d1b501926522e8b6ed0820?s=96&d=mm&r=g","url":"https:\/\/secure.gravatar.com\/avatar\/4c408c3d0a009ed2e77d9394b7d39ae86e939f4183d1b501926522e8b6ed0820?s=96&d=mm&r=g","contentUrl":"https:\/\/secure.gravatar.com\/avatar\/4c408c3d0a009ed2e77d9394b7d39ae86e939f4183d1b501926522e8b6ed0820?s=96&d=mm&r=g","caption":"Senudin Jahic"},"sameAs":["http:\/\/ssspdp.ba"]}]}},"_links":{"self":[{"href":"https:\/\/ssspdp.ba\/index.php?rest_route=\/wp\/v2\/posts\/2356","targetHints":{"allow":["GET"]}}],"collection":[{"href":"https:\/\/ssspdp.ba\/index.php?rest_route=\/wp\/v2\/posts"}],"about":[{"href":"https:\/\/ssspdp.ba\/index.php?rest_route=\/wp\/v2\/types\/post"}],"author":[{"embeddable":true,"href":"https:\/\/ssspdp.ba\/index.php?rest_route=\/wp\/v2\/users\/2"}],"replies":[{"embeddable":true,"href":"https:\/\/ssspdp.ba\/index.php?rest_route=%2Fwp%2Fv2%2Fcomments&post=2356"}],"version-history":[{"count":4,"href":"https:\/\/ssspdp.ba\/index.php?rest_route=\/wp\/v2\/posts\/2356\/revisions"}],"predecessor-version":[{"id":2361,"href":"https:\/\/ssspdp.ba\/index.php?rest_route=\/wp\/v2\/posts\/2356\/revisions\/2361"}],"wp:featuredmedia":[{"embeddable":true,"href":"https:\/\/ssspdp.ba\/index.php?rest_route=\/wp\/v2\/media\/2357"}],"wp:attachment":[{"href":"https:\/\/ssspdp.ba\/index.php?rest_route=%2Fwp%2Fv2%2Fmedia&parent=2356"}],"wp:term":[{"taxonomy":"category","embeddable":true,"href":"https:\/\/ssspdp.ba\/index.php?rest_route=%2Fwp%2Fv2%2Fcategories&post=2356"},{"taxonomy":"post_tag","embeddable":true,"href":"https:\/\/ssspdp.ba\/index.php?rest_route=%2Fwp%2Fv2%2Ftags&post=2356"}],"curies":[{"name":"wp","href":"https:\/\/api.w.org\/{rel}","templated":true}]}}