{"id":2391,"date":"2023-04-22T10:39:30","date_gmt":"2023-04-22T09:39:30","guid":{"rendered":"https:\/\/ssspdp.ba\/?p=2391"},"modified":"2023-04-23T10:06:24","modified_gmt":"2023-04-23T09:06:24","slug":"aktivnosti-u-bih-na-dan-planete-zemlje-fokus-na-posumljavanju","status":"publish","type":"post","link":"https:\/\/ssspdp.ba\/?p=2391","title":{"rendered":"AKTIVNOSTI U BIH NA DAN PLANETE ZEMLJE: FOKUS NA PO\u0160UMLJAVANJU"},"content":{"rendered":"\n<p>Dan planete Zemlje je godi\u0161nja proslava koja se odr\u017eava 22. aprila. Vi\u0161e od 193 zemlje organizuje doga\u0111aje za Dan planete Zemlje, a koordinira ih mre\u017ea Dana planeta Zemlje. Ciljevi doga\u0111anja uklju\u010duju senzibiliziranje svjetske populacije o pitanjima okoli\u0161a i demonstriranje podr\u0161ke za za\u0161titu okoli\u0161a sa posebnim naglaskom na borbu protiv klimatskih promjena koje ugro\u017eavaju \u010ditav svijet. Dan planete Zemlje se tradicionalno obilje\u017eava \u0161irom svijeta od 1970. godine.<\/p>\n\n\n\n<p>O\u010dekuje se da se hiljade ljudi okupe danas u Londonu kako bi odr\u017eali \u010detverodnevnu manifestaciju poznatu kao &#8220;Big One&#8221;, koju organizira aktivisti\u010dka grupa Extinction Rebellion. U Washingtonu je najavljen skup na kome bi predsjednik Joe Biden trebao pozvati na prestanak kori\u0161tenja fosilnih goriva. U subotu \u0107e volonteri tako\u0111er zapo\u010deti velike kampanje \u010di\u0161\u0107enja jezera Dal u indijskom Srinigaru i Cape Corala pogo\u0111enog uraganom na Floridi.<\/p>\n\n\n\n<p>U BiH u ovom periodu radnici \u0161umsko-privrednih dru\u0161tava kao i zainteresovani gra\u0111ani sklopu borbe za za\u0161titu okoli\u0161a sprovode aktivnosti po\u0161umljavanja koje se intenziviraju na Dan \u0161uma i prote\u017eu se sve do Dana planete zemlje kao i na ostatak proljetnog perioda. Primjerice, u Kantonu Sarajevo u toku je projekt sadnje vi\u0161e od 18.500 sadnica koje \u0107e biti sastavni dio Memorijalne \u0161ume, projekta koji \u0107e KJP Sarajevo-\u0161ume raditi u saradnji s Fondom memorijala Kantona Sarajevo.<\/p>\n\n\n\n<p>Ina\u010de, akcija masovnog po\u0161umljavanja u Kantonu Sarajevo pokrenuta je u prolje\u0107e 2021. godine, s ciljem da postane tradicionalna aktivnost koja \u0107e se ponavljati svakog prolje\u0107a i jeseni. Tokom prethodne dvije sezone po\u0161umljena je povr\u0161ina od 42 hektara \u0161umske goleti.<\/p>\n<span class=\"et_bloom_bottom_trigger\"><\/span>","protected":false},"excerpt":{"rendered":"<p>Dan planete Zemlje je godi\u0161nja proslava koja se odr\u017eava 22. aprila. Vi\u0161e od 193 zemlje organizuje doga\u0111aje za Dan planete Zemlje, a koordinira ih mre\u017ea Dana planeta Zemlje. Ciljevi doga\u0111anja uklju\u010duju senzibiliziranje svjetske populacije o pitanjima okoli\u0161a i demonstriranje podr\u0161ke za za\u0161titu okoli\u0161a sa posebnim naglaskom na borbu protiv klimatskih promjena koje ugro\u017eavaju \u010ditav svijet. [&hellip;]<\/p>\n","protected":false},"author":2,"featured_media":2392,"comment_status":"closed","ping_status":"open","sticky":false,"template":"","format":"standard","meta":{"_et_pb_use_builder":"off","_et_pb_old_content":"","_et_gb_content_width":"","footnotes":""},"categories":[32,42],"tags":[],"class_list":["post-2391","post","type-post","status-publish","format-standard","has-post-thumbnail","hentry","category-novosti","category-vijesti"],"yoast_head":"<!-- This site is optimized with the Yoast SEO plugin v27.5 - https:\/\/yoast.com\/product\/yoast-seo-wordpress\/ -->\n<title>AKTIVNOSTI U BIH NA DAN PLANETE ZEMLJE: FOKUS NA PO\u0160UMLJAVANJU - Samostalni sindikat \u0161umarstva, prerade drveta i papira Bosne i Hercegovine<\/title>\n<meta name=\"robots\" content=\"index, follow, max-snippet:-1, max-image-preview:large, max-video-preview:-1\" \/>\n<link rel=\"canonical\" href=\"https:\/\/ssspdp.ba\/?p=2391\" \/>\n<meta property=\"og:locale\" content=\"en_US\" \/>\n<meta property=\"og:type\" content=\"article\" \/>\n<meta property=\"og:title\" content=\"AKTIVNOSTI U BIH NA DAN PLANETE ZEMLJE: FOKUS NA PO\u0160UMLJAVANJU - Samostalni sindikat \u0161umarstva, prerade drveta i papira Bosne i Hercegovine\" \/>\n<meta property=\"og:description\" content=\"Dan planete Zemlje je godi\u0161nja proslava koja se odr\u017eava 22. aprila. Vi\u0161e od 193 zemlje organizuje doga\u0111aje za Dan planete Zemlje, a koordinira ih mre\u017ea Dana planeta Zemlje. Ciljevi doga\u0111anja uklju\u010duju senzibiliziranje svjetske populacije o pitanjima okoli\u0161a i demonstriranje podr\u0161ke za za\u0161titu okoli\u0161a sa posebnim naglaskom na borbu protiv klimatskih promjena koje ugro\u017eavaju \u010ditav svijet. [&hellip;]\" \/>\n<meta property=\"og:url\" content=\"https:\/\/ssspdp.ba\/?p=2391\" \/>\n<meta property=\"og:site_name\" content=\"Samostalni sindikat \u0161umarstva, prerade drveta i papira Bosne i Hercegovine\" \/>\n<meta property=\"article:publisher\" content=\"https:\/\/www.facebook.com\/Samostalni-sindikat-%c5%a1umarstva-prerade-drveta-i-papira-BiH-1740799582820896\/?ref=page_internal\" \/>\n<meta property=\"article:published_time\" content=\"2023-04-22T09:39:30+00:00\" \/>\n<meta property=\"article:modified_time\" content=\"2023-04-23T09:06:24+00:00\" \/>\n<meta property=\"og:image\" content=\"https:\/\/ssspdp.ba\/wp-content\/uploads\/2023\/04\/Dan-planete-zemlje-2023-scaled.jpg\" \/>\n\t<meta property=\"og:image:width\" content=\"1811\" \/>\n\t<meta property=\"og:image:height\" content=\"2560\" \/>\n\t<meta property=\"og:image:type\" content=\"image\/jpeg\" \/>\n<meta name=\"author\" content=\"Senudin Jahic\" \/>\n<meta name=\"twitter:card\" content=\"summary_large_image\" \/>\n<meta name=\"twitter:label1\" content=\"Written by\" \/>\n\t<meta name=\"twitter:data1\" content=\"Senudin Jahic\" \/>\n\t<meta name=\"twitter:label2\" content=\"Est. reading time\" \/>\n\t<meta name=\"twitter:data2\" content=\"2 minutes\" \/>\n<script type=\"application\/ld+json\" class=\"yoast-schema-graph\">{\"@context\":\"https:\\\/\\\/schema.org\",\"@graph\":[{\"@type\":\"Article\",\"@id\":\"https:\\\/\\\/ssspdp.ba\\\/?p=2391#article\",\"isPartOf\":{\"@id\":\"https:\\\/\\\/ssspdp.ba\\\/?p=2391\"},\"author\":{\"name\":\"Senudin Jahic\",\"@id\":\"https:\\\/\\\/ssspdp.ba\\\/#\\\/schema\\\/person\\\/ca59c1c3438388dc9efc2e2c1520dd58\"},\"headline\":\"AKTIVNOSTI U BIH NA DAN PLANETE ZEMLJE: FOKUS NA PO\u0160UMLJAVANJU\",\"datePublished\":\"2023-04-22T09:39:30+00:00\",\"dateModified\":\"2023-04-23T09:06:24+00:00\",\"mainEntityOfPage\":{\"@id\":\"https:\\\/\\\/ssspdp.ba\\\/?p=2391\"},\"wordCount\":282,\"publisher\":{\"@id\":\"https:\\\/\\\/ssspdp.ba\\\/#organization\"},\"image\":{\"@id\":\"https:\\\/\\\/ssspdp.ba\\\/?p=2391#primaryimage\"},\"thumbnailUrl\":\"https:\\\/\\\/ssspdp.ba\\\/wp-content\\\/uploads\\\/2023\\\/04\\\/Dan-planete-zemlje-2023-scaled.jpg\",\"articleSection\":[\"Novosti\",\"Vijesti\"],\"inLanguage\":\"en-US\"},{\"@type\":\"WebPage\",\"@id\":\"https:\\\/\\\/ssspdp.ba\\\/?p=2391\",\"url\":\"https:\\\/\\\/ssspdp.ba\\\/?p=2391\",\"name\":\"AKTIVNOSTI U BIH NA DAN PLANETE ZEMLJE: FOKUS NA PO\u0160UMLJAVANJU - Samostalni sindikat \u0161umarstva, prerade drveta i papira Bosne i Hercegovine\",\"isPartOf\":{\"@id\":\"https:\\\/\\\/ssspdp.ba\\\/#website\"},\"primaryImageOfPage\":{\"@id\":\"https:\\\/\\\/ssspdp.ba\\\/?p=2391#primaryimage\"},\"image\":{\"@id\":\"https:\\\/\\\/ssspdp.ba\\\/?p=2391#primaryimage\"},\"thumbnailUrl\":\"https:\\\/\\\/ssspdp.ba\\\/wp-content\\\/uploads\\\/2023\\\/04\\\/Dan-planete-zemlje-2023-scaled.jpg\",\"datePublished\":\"2023-04-22T09:39:30+00:00\",\"dateModified\":\"2023-04-23T09:06:24+00:00\",\"breadcrumb\":{\"@id\":\"https:\\\/\\\/ssspdp.ba\\\/?p=2391#breadcrumb\"},\"inLanguage\":\"en-US\",\"potentialAction\":[{\"@type\":\"ReadAction\",\"target\":[\"https:\\\/\\\/ssspdp.ba\\\/?p=2391\"]}]},{\"@type\":\"ImageObject\",\"inLanguage\":\"en-US\",\"@id\":\"https:\\\/\\\/ssspdp.ba\\\/?p=2391#primaryimage\",\"url\":\"https:\\\/\\\/ssspdp.ba\\\/wp-content\\\/uploads\\\/2023\\\/04\\\/Dan-planete-zemlje-2023-scaled.jpg\",\"contentUrl\":\"https:\\\/\\\/ssspdp.ba\\\/wp-content\\\/uploads\\\/2023\\\/04\\\/Dan-planete-zemlje-2023-scaled.jpg\",\"width\":1811,\"height\":2560},{\"@type\":\"BreadcrumbList\",\"@id\":\"https:\\\/\\\/ssspdp.ba\\\/?p=2391#breadcrumb\",\"itemListElement\":[{\"@type\":\"ListItem\",\"position\":1,\"name\":\"Home\",\"item\":\"https:\\\/\\\/ssspdp.ba\\\/\"},{\"@type\":\"ListItem\",\"position\":2,\"name\":\"AKTIVNOSTI U BIH NA DAN PLANETE ZEMLJE: FOKUS NA PO\u0160UMLJAVANJU\"}]},{\"@type\":\"WebSite\",\"@id\":\"https:\\\/\\\/ssspdp.ba\\\/#website\",\"url\":\"https:\\\/\\\/ssspdp.ba\\\/\",\"name\":\"Samostalni sindikat \u0161umarstva, prerade drveta i papira Bosne i Hercegovine\",\"description\":\"\",\"publisher\":{\"@id\":\"https:\\\/\\\/ssspdp.ba\\\/#organization\"},\"potentialAction\":[{\"@type\":\"SearchAction\",\"target\":{\"@type\":\"EntryPoint\",\"urlTemplate\":\"https:\\\/\\\/ssspdp.ba\\\/?s={search_term_string}\"},\"query-input\":{\"@type\":\"PropertyValueSpecification\",\"valueRequired\":true,\"valueName\":\"search_term_string\"}}],\"inLanguage\":\"en-US\"},{\"@type\":\"Organization\",\"@id\":\"https:\\\/\\\/ssspdp.ba\\\/#organization\",\"name\":\"Samostalni sindikat \u0161umarstva, prerade drveta i papira Bosne i Hercegovine\",\"url\":\"https:\\\/\\\/ssspdp.ba\\\/\",\"logo\":{\"@type\":\"ImageObject\",\"inLanguage\":\"en-US\",\"@id\":\"https:\\\/\\\/ssspdp.ba\\\/#\\\/schema\\\/logo\\\/image\\\/\",\"url\":\"https:\\\/\\\/ssspdp.ba\\\/wp-content\\\/uploads\\\/2020\\\/10\\\/web-logo.png\",\"contentUrl\":\"https:\\\/\\\/ssspdp.ba\\\/wp-content\\\/uploads\\\/2020\\\/10\\\/web-logo.png\",\"width\":623,\"height\":100,\"caption\":\"Samostalni sindikat \u0161umarstva, prerade drveta i papira Bosne i Hercegovine\"},\"image\":{\"@id\":\"https:\\\/\\\/ssspdp.ba\\\/#\\\/schema\\\/logo\\\/image\\\/\"},\"sameAs\":[\"https:\\\/\\\/www.facebook.com\\\/Samostalni-sindikat-\u0161umarstva-prerade-drveta-i-papira-BiH-1740799582820896\\\/?ref=page_internal\"]},{\"@type\":\"Person\",\"@id\":\"https:\\\/\\\/ssspdp.ba\\\/#\\\/schema\\\/person\\\/ca59c1c3438388dc9efc2e2c1520dd58\",\"name\":\"Senudin Jahic\",\"image\":{\"@type\":\"ImageObject\",\"inLanguage\":\"en-US\",\"@id\":\"https:\\\/\\\/secure.gravatar.com\\\/avatar\\\/4c408c3d0a009ed2e77d9394b7d39ae86e939f4183d1b501926522e8b6ed0820?s=96&d=mm&r=g\",\"url\":\"https:\\\/\\\/secure.gravatar.com\\\/avatar\\\/4c408c3d0a009ed2e77d9394b7d39ae86e939f4183d1b501926522e8b6ed0820?s=96&d=mm&r=g\",\"contentUrl\":\"https:\\\/\\\/secure.gravatar.com\\\/avatar\\\/4c408c3d0a009ed2e77d9394b7d39ae86e939f4183d1b501926522e8b6ed0820?s=96&d=mm&r=g\",\"caption\":\"Senudin Jahic\"},\"sameAs\":[\"http:\\\/\\\/ssspdp.ba\"]}]}<\/script>\n<!-- \/ Yoast SEO plugin. -->","yoast_head_json":{"title":"AKTIVNOSTI U BIH NA DAN PLANETE ZEMLJE: FOKUS NA PO\u0160UMLJAVANJU - Samostalni sindikat \u0161umarstva, prerade drveta i papira Bosne i Hercegovine","robots":{"index":"index","follow":"follow","max-snippet":"max-snippet:-1","max-image-preview":"max-image-preview:large","max-video-preview":"max-video-preview:-1"},"canonical":"https:\/\/ssspdp.ba\/?p=2391","og_locale":"en_US","og_type":"article","og_title":"AKTIVNOSTI U BIH NA DAN PLANETE ZEMLJE: FOKUS NA PO\u0160UMLJAVANJU - Samostalni sindikat \u0161umarstva, prerade drveta i papira Bosne i Hercegovine","og_description":"Dan planete Zemlje je godi\u0161nja proslava koja se odr\u017eava 22. aprila. Vi\u0161e od 193 zemlje organizuje doga\u0111aje za Dan planete Zemlje, a koordinira ih mre\u017ea Dana planeta Zemlje. Ciljevi doga\u0111anja uklju\u010duju senzibiliziranje svjetske populacije o pitanjima okoli\u0161a i demonstriranje podr\u0161ke za za\u0161titu okoli\u0161a sa posebnim naglaskom na borbu protiv klimatskih promjena koje ugro\u017eavaju \u010ditav svijet. [&hellip;]","og_url":"https:\/\/ssspdp.ba\/?p=2391","og_site_name":"Samostalni sindikat \u0161umarstva, prerade drveta i papira Bosne i Hercegovine","article_publisher":"https:\/\/www.facebook.com\/Samostalni-sindikat-%c5%a1umarstva-prerade-drveta-i-papira-BiH-1740799582820896\/?ref=page_internal","article_published_time":"2023-04-22T09:39:30+00:00","article_modified_time":"2023-04-23T09:06:24+00:00","og_image":[{"width":1811,"height":2560,"url":"https:\/\/ssspdp.ba\/wp-content\/uploads\/2023\/04\/Dan-planete-zemlje-2023-scaled.jpg","type":"image\/jpeg"}],"author":"Senudin Jahic","twitter_card":"summary_large_image","twitter_misc":{"Written by":"Senudin Jahic","Est. reading time":"2 minutes"},"schema":{"@context":"https:\/\/schema.org","@graph":[{"@type":"Article","@id":"https:\/\/ssspdp.ba\/?p=2391#article","isPartOf":{"@id":"https:\/\/ssspdp.ba\/?p=2391"},"author":{"name":"Senudin Jahic","@id":"https:\/\/ssspdp.ba\/#\/schema\/person\/ca59c1c3438388dc9efc2e2c1520dd58"},"headline":"AKTIVNOSTI U BIH NA DAN PLANETE ZEMLJE: FOKUS NA PO\u0160UMLJAVANJU","datePublished":"2023-04-22T09:39:30+00:00","dateModified":"2023-04-23T09:06:24+00:00","mainEntityOfPage":{"@id":"https:\/\/ssspdp.ba\/?p=2391"},"wordCount":282,"publisher":{"@id":"https:\/\/ssspdp.ba\/#organization"},"image":{"@id":"https:\/\/ssspdp.ba\/?p=2391#primaryimage"},"thumbnailUrl":"https:\/\/ssspdp.ba\/wp-content\/uploads\/2023\/04\/Dan-planete-zemlje-2023-scaled.jpg","articleSection":["Novosti","Vijesti"],"inLanguage":"en-US"},{"@type":"WebPage","@id":"https:\/\/ssspdp.ba\/?p=2391","url":"https:\/\/ssspdp.ba\/?p=2391","name":"AKTIVNOSTI U BIH NA DAN PLANETE ZEMLJE: FOKUS NA PO\u0160UMLJAVANJU - Samostalni sindikat \u0161umarstva, prerade drveta i papira Bosne i Hercegovine","isPartOf":{"@id":"https:\/\/ssspdp.ba\/#website"},"primaryImageOfPage":{"@id":"https:\/\/ssspdp.ba\/?p=2391#primaryimage"},"image":{"@id":"https:\/\/ssspdp.ba\/?p=2391#primaryimage"},"thumbnailUrl":"https:\/\/ssspdp.ba\/wp-content\/uploads\/2023\/04\/Dan-planete-zemlje-2023-scaled.jpg","datePublished":"2023-04-22T09:39:30+00:00","dateModified":"2023-04-23T09:06:24+00:00","breadcrumb":{"@id":"https:\/\/ssspdp.ba\/?p=2391#breadcrumb"},"inLanguage":"en-US","potentialAction":[{"@type":"ReadAction","target":["https:\/\/ssspdp.ba\/?p=2391"]}]},{"@type":"ImageObject","inLanguage":"en-US","@id":"https:\/\/ssspdp.ba\/?p=2391#primaryimage","url":"https:\/\/ssspdp.ba\/wp-content\/uploads\/2023\/04\/Dan-planete-zemlje-2023-scaled.jpg","contentUrl":"https:\/\/ssspdp.ba\/wp-content\/uploads\/2023\/04\/Dan-planete-zemlje-2023-scaled.jpg","width":1811,"height":2560},{"@type":"BreadcrumbList","@id":"https:\/\/ssspdp.ba\/?p=2391#breadcrumb","itemListElement":[{"@type":"ListItem","position":1,"name":"Home","item":"https:\/\/ssspdp.ba\/"},{"@type":"ListItem","position":2,"name":"AKTIVNOSTI U BIH NA DAN PLANETE ZEMLJE: FOKUS NA PO\u0160UMLJAVANJU"}]},{"@type":"WebSite","@id":"https:\/\/ssspdp.ba\/#website","url":"https:\/\/ssspdp.ba\/","name":"Samostalni sindikat \u0161umarstva, prerade drveta i papira Bosne i Hercegovine","description":"","publisher":{"@id":"https:\/\/ssspdp.ba\/#organization"},"potentialAction":[{"@type":"SearchAction","target":{"@type":"EntryPoint","urlTemplate":"https:\/\/ssspdp.ba\/?s={search_term_string}"},"query-input":{"@type":"PropertyValueSpecification","valueRequired":true,"valueName":"search_term_string"}}],"inLanguage":"en-US"},{"@type":"Organization","@id":"https:\/\/ssspdp.ba\/#organization","name":"Samostalni sindikat \u0161umarstva, prerade drveta i papira Bosne i Hercegovine","url":"https:\/\/ssspdp.ba\/","logo":{"@type":"ImageObject","inLanguage":"en-US","@id":"https:\/\/ssspdp.ba\/#\/schema\/logo\/image\/","url":"https:\/\/ssspdp.ba\/wp-content\/uploads\/2020\/10\/web-logo.png","contentUrl":"https:\/\/ssspdp.ba\/wp-content\/uploads\/2020\/10\/web-logo.png","width":623,"height":100,"caption":"Samostalni sindikat \u0161umarstva, prerade drveta i papira Bosne i Hercegovine"},"image":{"@id":"https:\/\/ssspdp.ba\/#\/schema\/logo\/image\/"},"sameAs":["https:\/\/www.facebook.com\/Samostalni-sindikat-\u0161umarstva-prerade-drveta-i-papira-BiH-1740799582820896\/?ref=page_internal"]},{"@type":"Person","@id":"https:\/\/ssspdp.ba\/#\/schema\/person\/ca59c1c3438388dc9efc2e2c1520dd58","name":"Senudin Jahic","image":{"@type":"ImageObject","inLanguage":"en-US","@id":"https:\/\/secure.gravatar.com\/avatar\/4c408c3d0a009ed2e77d9394b7d39ae86e939f4183d1b501926522e8b6ed0820?s=96&d=mm&r=g","url":"https:\/\/secure.gravatar.com\/avatar\/4c408c3d0a009ed2e77d9394b7d39ae86e939f4183d1b501926522e8b6ed0820?s=96&d=mm&r=g","contentUrl":"https:\/\/secure.gravatar.com\/avatar\/4c408c3d0a009ed2e77d9394b7d39ae86e939f4183d1b501926522e8b6ed0820?s=96&d=mm&r=g","caption":"Senudin Jahic"},"sameAs":["http:\/\/ssspdp.ba"]}]}},"_links":{"self":[{"href":"https:\/\/ssspdp.ba\/index.php?rest_route=\/wp\/v2\/posts\/2391","targetHints":{"allow":["GET"]}}],"collection":[{"href":"https:\/\/ssspdp.ba\/index.php?rest_route=\/wp\/v2\/posts"}],"about":[{"href":"https:\/\/ssspdp.ba\/index.php?rest_route=\/wp\/v2\/types\/post"}],"author":[{"embeddable":true,"href":"https:\/\/ssspdp.ba\/index.php?rest_route=\/wp\/v2\/users\/2"}],"replies":[{"embeddable":true,"href":"https:\/\/ssspdp.ba\/index.php?rest_route=%2Fwp%2Fv2%2Fcomments&post=2391"}],"version-history":[{"count":3,"href":"https:\/\/ssspdp.ba\/index.php?rest_route=\/wp\/v2\/posts\/2391\/revisions"}],"predecessor-version":[{"id":2396,"href":"https:\/\/ssspdp.ba\/index.php?rest_route=\/wp\/v2\/posts\/2391\/revisions\/2396"}],"wp:featuredmedia":[{"embeddable":true,"href":"https:\/\/ssspdp.ba\/index.php?rest_route=\/wp\/v2\/media\/2392"}],"wp:attachment":[{"href":"https:\/\/ssspdp.ba\/index.php?rest_route=%2Fwp%2Fv2%2Fmedia&parent=2391"}],"wp:term":[{"taxonomy":"category","embeddable":true,"href":"https:\/\/ssspdp.ba\/index.php?rest_route=%2Fwp%2Fv2%2Fcategories&post=2391"},{"taxonomy":"post_tag","embeddable":true,"href":"https:\/\/ssspdp.ba\/index.php?rest_route=%2Fwp%2Fv2%2Ftags&post=2391"}],"curies":[{"name":"wp","href":"https:\/\/api.w.org\/{rel}","templated":true}]}}