{"id":2399,"date":"2023-04-28T15:37:14","date_gmt":"2023-04-28T14:37:14","guid":{"rendered":"https:\/\/ssspdp.ba\/?p=2399"},"modified":"2023-04-28T15:37:52","modified_gmt":"2023-04-28T14:37:52","slug":"glavni-odbor-ssspdpbih-izdao-saopcenje-za-javnost-povodom-dana-zastite-na-radu-i-praznika-rada-nije-vrijeme-za-slavlje-vec-za-neprestanu-borbu-za-radnicka-prava","status":"publish","type":"post","link":"https:\/\/ssspdp.ba\/?p=2399","title":{"rendered":"GLAVNI ODBOR SS\u0160PDPBIH IZDAO SAOP\u0106ENJE ZA JAVNOST POVODOM DANA ZA\u0160TITE NA RADU I PRAZNIKA RADA: NIJE VRIJEME ZA SLAVLJE VE\u0106 ZA NEPRESTANU BORBU ZA RADNI\u010cKA PRAVA"},"content":{"rendered":"\n<p>SAOP\u0106ENJE ZA JAVNOST<\/p>\n\n\n\n<p>U povodu obilje\u017eavanja 28. aprila \u2013 Svjetskog dana za\u0161tite na radu i Me\u0111unarodnog praznika rada, Glavni odbor Samostalnog sindikata \u0161umarstva, prerade drveta i papira Bosne i Hercegovine je u \u010detvrtak, 27. aprila 2023. godine odr\u017eao sjednicu na kojoj je razmatrao aktuelno stanje, probleme i izazove sa kojima se suo\u010davaju radnici i radnice iz sektora \u0161umarstva, drvne industrije, proizvodnje namje\u0161taja i industrije papira. Analizirane su aktivnosti i akcije koje je Sindikat, na svim nivoima organizovanja vodio u prethodnom periodu kroz kampanje za suzbijanje i eliminaciju nesigurnog rada (prekarnog rada) i sive ekonomije, pove\u0107anje primanja radnika, obezbje\u0111enja boljeg i sigurnog radnog okru\u017eenja.<\/p>\n\n\n\n<p>Zaklju\u010deno je, da je Sindikat u prethodnom periodu obezbijedio potpunu pokrivenost \u010dlanstva u sektorima \u0161umarstva, prerade drveta i papira kolektivnim ugovorima. Kolektivnim ugovorima, granskim i pojedina\u010dnim, osigurana su dodatna prava radnika, naro\u010dito materijalna prava, a ugra\u0111en je mehanizam vanrednog uskla\u0111ivanja pla\u0107e shodno porastu tro\u0161kova \u017eivota. Vo\u0111ene su kampanje za eliminaciju \u201eprekarnog rada\u201c koji je karakteristi\u010dan i za javni i privatni sektor, a rezultat je pove\u0107an broj zaposlenih radnika po osnovu ugovora na neodre\u0111eno vrijeme. Zna\u010dajni rezultati ostvareni su na polju unapre\u0111enja za\u0161tite i sigurnosti na radu, kroz edukativne programe \u010dlanstva o pravima i obavezama po novom Zakonu o za\u0161titi na radu i prate\u0107im pravilnicima. Na bazi postignutih rezultata, opredijeljene su dalje aktivnosti i djelovanje Sindikata, prije svega rad sa radnicima i radnicama na terenu i edukaciji \u010dlanstva.<\/p>\n\n\n\n<p>Sa sjednice je poru\u010deno da \u017eivimo u zahtjevnim i izazovnim vremenima, svakodnevno suo\u010deni sa nizom problema, koji na\u017ealost ne ostavljaju prostora, da slavimo ve\u0107 samo obilje\u017eavamo va\u017ene datume, koji su nam podsjetnik za neprestanu borbu i djelovanje.<\/p>\n\n\n\n<p>Svjetski dan za\u0161tite na radu je dan kada se sje\u0107amo radnika koji su izgubili svoje \u017eivote na radu i u vezi sa radom. Poseban naglasak treba staviti na prevenciju bolesti i povreda na radu. Praznik rada trebali bi slaviti, ali na\u017ealost, \u017eivimo u okru\u017eenju i uvjetima u kojima je neophodna neprestana i svakodnevna borba za radni\u010dka prava i svaki korak, koji napravimo u za\u0161titi i ostvarivanju prava radnika zna\u010di pobjedu. Neprestana je borba za osiguranje prava na rad i pravi\u010dnu zaradu, koja omogu\u0107ava dostojan \u017eivot radnika i radnica, normalan razvoj pojedinca i njihovih porodica za \u017eivot dostojan \u010dovjeka i bolju egzistenciju. U tom pravcu, neophodno je dalje raditi na stvaranju povoljnijeg poslovnog ambijenta, rastere\u0107enju privrede, smanjenju stopa doprinosa i poreza, kako bi se osigurala zna\u010dajnija pove\u0107anja neto pla\u0107a. Radnici i radnice, koji nisu sindikalno organizovani i nisu za\u0161ti\u0107eni kolektivnim ugovorima imaju samo zagarantovano pravo na najni\u017eu pla\u0107u utvr\u0111enu u Federaciji BiH, a koja, na\u017ealost, ne mo\u017ee pokriti ni tre\u0107inu tro\u0161kova jedne \u010detvero\u010dlane porodice.<\/p>\n\n\n\n<p>Glavni odbor Sindikata osvrnuo se na probleme ve\u0107ine radnika realnog sektora te je konstatovano, da su naj\u010de\u0161\u0107a kr\u0161enja prava radnika nepo\u0161tivanje radnog vremena (prekovremni rad i rad na dane praznika), bez evidencije radnih sati i prava na dodatke na pla\u0107u za taj rad, rad na crno, isplate najni\u017ee pla\u0107e sa isplatom ostatka pla\u0107e u \u201ekoverti\u201d, neadekvatni uvjeti rada, nizak stepen za\u0161tite na radu, neadekvatna za\u0161titna oprema, mobing i diskriminacija, otkaz ugovora o radu bez pravnog osnova i dr. Zna\u010dajan problem \u010dini nesiguran rad, koji se ogleda u vi\u0161egodi\u0161njem radu radnika po osnovu ugovora o radu na odre\u0111eno vrijeme uz odre\u0111ene zakonske prekide, kako radnik ne bi ostvario kontinuitet rada. Ovakav rad uz niske pla\u0107e u ve\u0107ini djelatnosti realnog sektora razlog su sve ve\u0107eg broja oboljelih radnika i radnica, koji \u017eive i rade u stresnim i napornim uvjetima. Zbog toga, sve je vi\u0161e radnika sa smanjenom radnom sposobno\u0161u i utvr\u0111enim invaliditetom, \u0161to dalje predstavlja problem njihovog zbrinjavanja, odnosno prekvalifikacije i dokvalifikacije i daljeg upo\u0161ljavanja u nedostatku adekvatne socijalne podr\u0161ke.<\/p>\n\n\n\n<p>Glavni odbor Samostalnog sindikata \u0161umarstva, prerade drveta i papira Bosne i Hercegovine poru\u010duje, da je jedini na\u010din da promijenimo stanje i pobolj\u0161amo radni\u010dka prava da poka\u017eemo solidarnost i ozbiljan interes za promjene. Zna\u010daj i snaga Sindikata ogleda se u broju, snazi i odlu\u010dnosti njegovih \u010dlanova, da istraju u promjenama za bolje sutra.<\/p>\n\n\n\n<p>RADNICI I RADNICE NEKA OVI PRAZNICI BUDU PODSJETNIK, DA SE TREBAMO POKRENUTI I ADEKVATNO DJELOVATI.<br>SVAKI DAN TREBA BITI BORBA ZA BOLJA PRAVA!<\/p>\n<span class=\"et_bloom_bottom_trigger\"><\/span>","protected":false},"excerpt":{"rendered":"<p>SAOP\u0106ENJE ZA JAVNOST U povodu obilje\u017eavanja 28. aprila \u2013 Svjetskog dana za\u0161tite na radu i Me\u0111unarodnog praznika rada, Glavni odbor Samostalnog sindikata \u0161umarstva, prerade drveta i papira Bosne i Hercegovine je u \u010detvrtak, 27. aprila 2023. godine odr\u017eao sjednicu na kojoj je razmatrao aktuelno stanje, probleme i izazove sa kojima se suo\u010davaju radnici i radnice [&hellip;]<\/p>\n","protected":false},"author":2,"featured_media":2401,"comment_status":"closed","ping_status":"open","sticky":false,"template":"","format":"standard","meta":{"_et_pb_use_builder":"off","_et_pb_old_content":"","_et_gb_content_width":"","footnotes":""},"categories":[32,42],"tags":[],"class_list":["post-2399","post","type-post","status-publish","format-standard","has-post-thumbnail","hentry","category-novosti","category-vijesti"],"yoast_head":"<!-- This site is optimized with the Yoast SEO plugin v27.5 - https:\/\/yoast.com\/product\/yoast-seo-wordpress\/ -->\n<title>GLAVNI ODBOR SS\u0160PDPBIH IZDAO SAOP\u0106ENJE ZA JAVNOST POVODOM DANA ZA\u0160TITE NA RADU I PRAZNIKA RADA: NIJE VRIJEME ZA SLAVLJE VE\u0106 ZA NEPRESTANU BORBU ZA RADNI\u010cKA PRAVA - Samostalni sindikat \u0161umarstva, prerade drveta i papira Bosne i Hercegovine<\/title>\n<meta name=\"robots\" content=\"index, follow, max-snippet:-1, max-image-preview:large, max-video-preview:-1\" \/>\n<link rel=\"canonical\" href=\"https:\/\/ssspdp.ba\/?p=2399\" \/>\n<meta property=\"og:locale\" content=\"en_US\" \/>\n<meta property=\"og:type\" content=\"article\" \/>\n<meta property=\"og:title\" content=\"GLAVNI ODBOR SS\u0160PDPBIH IZDAO SAOP\u0106ENJE ZA JAVNOST POVODOM DANA ZA\u0160TITE NA RADU I PRAZNIKA RADA: NIJE VRIJEME ZA SLAVLJE VE\u0106 ZA NEPRESTANU BORBU ZA RADNI\u010cKA PRAVA - Samostalni sindikat \u0161umarstva, prerade drveta i papira Bosne i Hercegovine\" \/>\n<meta property=\"og:description\" content=\"SAOP\u0106ENJE ZA JAVNOST U povodu obilje\u017eavanja 28. aprila \u2013 Svjetskog dana za\u0161tite na radu i Me\u0111unarodnog praznika rada, Glavni odbor Samostalnog sindikata \u0161umarstva, prerade drveta i papira Bosne i Hercegovine je u \u010detvrtak, 27. aprila 2023. godine odr\u017eao sjednicu na kojoj je razmatrao aktuelno stanje, probleme i izazove sa kojima se suo\u010davaju radnici i radnice [&hellip;]\" \/>\n<meta property=\"og:url\" content=\"https:\/\/ssspdp.ba\/?p=2399\" \/>\n<meta property=\"og:site_name\" content=\"Samostalni sindikat \u0161umarstva, prerade drveta i papira Bosne i Hercegovine\" \/>\n<meta property=\"article:publisher\" content=\"https:\/\/www.facebook.com\/Samostalni-sindikat-%c5%a1umarstva-prerade-drveta-i-papira-BiH-1740799582820896\/?ref=page_internal\" \/>\n<meta property=\"article:published_time\" content=\"2023-04-28T14:37:14+00:00\" \/>\n<meta property=\"article:modified_time\" content=\"2023-04-28T14:37:52+00:00\" \/>\n<meta property=\"og:image\" content=\"https:\/\/ssspdp.ba\/wp-content\/uploads\/2023\/04\/praz-zas-na-radu-i-praz-rada-scaled.jpg\" \/>\n\t<meta property=\"og:image:width\" content=\"2560\" \/>\n\t<meta property=\"og:image:height\" content=\"980\" \/>\n\t<meta property=\"og:image:type\" content=\"image\/jpeg\" \/>\n<meta name=\"author\" content=\"Senudin Jahic\" \/>\n<meta name=\"twitter:card\" content=\"summary_large_image\" \/>\n<meta name=\"twitter:label1\" content=\"Written by\" \/>\n\t<meta name=\"twitter:data1\" content=\"Senudin Jahic\" \/>\n\t<meta name=\"twitter:label2\" content=\"Est. reading time\" \/>\n\t<meta name=\"twitter:data2\" content=\"3 minutes\" \/>\n<script type=\"application\/ld+json\" class=\"yoast-schema-graph\">{\"@context\":\"https:\\\/\\\/schema.org\",\"@graph\":[{\"@type\":\"Article\",\"@id\":\"https:\\\/\\\/ssspdp.ba\\\/?p=2399#article\",\"isPartOf\":{\"@id\":\"https:\\\/\\\/ssspdp.ba\\\/?p=2399\"},\"author\":{\"name\":\"Senudin Jahic\",\"@id\":\"https:\\\/\\\/ssspdp.ba\\\/#\\\/schema\\\/person\\\/ca59c1c3438388dc9efc2e2c1520dd58\"},\"headline\":\"GLAVNI ODBOR SS\u0160PDPBIH IZDAO SAOP\u0106ENJE ZA JAVNOST POVODOM DANA ZA\u0160TITE NA RADU I PRAZNIKA RADA: NIJE VRIJEME ZA SLAVLJE VE\u0106 ZA NEPRESTANU BORBU ZA RADNI\u010cKA PRAVA\",\"datePublished\":\"2023-04-28T14:37:14+00:00\",\"dateModified\":\"2023-04-28T14:37:52+00:00\",\"mainEntityOfPage\":{\"@id\":\"https:\\\/\\\/ssspdp.ba\\\/?p=2399\"},\"wordCount\":784,\"publisher\":{\"@id\":\"https:\\\/\\\/ssspdp.ba\\\/#organization\"},\"image\":{\"@id\":\"https:\\\/\\\/ssspdp.ba\\\/?p=2399#primaryimage\"},\"thumbnailUrl\":\"https:\\\/\\\/ssspdp.ba\\\/wp-content\\\/uploads\\\/2023\\\/04\\\/praz-zas-na-radu-i-praz-rada-scaled.jpg\",\"articleSection\":[\"Novosti\",\"Vijesti\"],\"inLanguage\":\"en-US\"},{\"@type\":\"WebPage\",\"@id\":\"https:\\\/\\\/ssspdp.ba\\\/?p=2399\",\"url\":\"https:\\\/\\\/ssspdp.ba\\\/?p=2399\",\"name\":\"GLAVNI ODBOR SS\u0160PDPBIH IZDAO SAOP\u0106ENJE ZA JAVNOST POVODOM DANA ZA\u0160TITE NA RADU I PRAZNIKA RADA: NIJE VRIJEME ZA SLAVLJE VE\u0106 ZA NEPRESTANU BORBU ZA RADNI\u010cKA PRAVA - Samostalni sindikat \u0161umarstva, prerade drveta i papira Bosne i Hercegovine\",\"isPartOf\":{\"@id\":\"https:\\\/\\\/ssspdp.ba\\\/#website\"},\"primaryImageOfPage\":{\"@id\":\"https:\\\/\\\/ssspdp.ba\\\/?p=2399#primaryimage\"},\"image\":{\"@id\":\"https:\\\/\\\/ssspdp.ba\\\/?p=2399#primaryimage\"},\"thumbnailUrl\":\"https:\\\/\\\/ssspdp.ba\\\/wp-content\\\/uploads\\\/2023\\\/04\\\/praz-zas-na-radu-i-praz-rada-scaled.jpg\",\"datePublished\":\"2023-04-28T14:37:14+00:00\",\"dateModified\":\"2023-04-28T14:37:52+00:00\",\"breadcrumb\":{\"@id\":\"https:\\\/\\\/ssspdp.ba\\\/?p=2399#breadcrumb\"},\"inLanguage\":\"en-US\",\"potentialAction\":[{\"@type\":\"ReadAction\",\"target\":[\"https:\\\/\\\/ssspdp.ba\\\/?p=2399\"]}]},{\"@type\":\"ImageObject\",\"inLanguage\":\"en-US\",\"@id\":\"https:\\\/\\\/ssspdp.ba\\\/?p=2399#primaryimage\",\"url\":\"https:\\\/\\\/ssspdp.ba\\\/wp-content\\\/uploads\\\/2023\\\/04\\\/praz-zas-na-radu-i-praz-rada-scaled.jpg\",\"contentUrl\":\"https:\\\/\\\/ssspdp.ba\\\/wp-content\\\/uploads\\\/2023\\\/04\\\/praz-zas-na-radu-i-praz-rada-scaled.jpg\",\"width\":2560,\"height\":980},{\"@type\":\"BreadcrumbList\",\"@id\":\"https:\\\/\\\/ssspdp.ba\\\/?p=2399#breadcrumb\",\"itemListElement\":[{\"@type\":\"ListItem\",\"position\":1,\"name\":\"Home\",\"item\":\"https:\\\/\\\/ssspdp.ba\\\/\"},{\"@type\":\"ListItem\",\"position\":2,\"name\":\"GLAVNI ODBOR SS\u0160PDPBIH IZDAO SAOP\u0106ENJE ZA JAVNOST POVODOM DANA ZA\u0160TITE NA RADU I PRAZNIKA RADA: NIJE VRIJEME ZA SLAVLJE VE\u0106 ZA NEPRESTANU BORBU ZA RADNI\u010cKA PRAVA\"}]},{\"@type\":\"WebSite\",\"@id\":\"https:\\\/\\\/ssspdp.ba\\\/#website\",\"url\":\"https:\\\/\\\/ssspdp.ba\\\/\",\"name\":\"Samostalni sindikat \u0161umarstva, prerade drveta i papira Bosne i Hercegovine\",\"description\":\"\",\"publisher\":{\"@id\":\"https:\\\/\\\/ssspdp.ba\\\/#organization\"},\"potentialAction\":[{\"@type\":\"SearchAction\",\"target\":{\"@type\":\"EntryPoint\",\"urlTemplate\":\"https:\\\/\\\/ssspdp.ba\\\/?s={search_term_string}\"},\"query-input\":{\"@type\":\"PropertyValueSpecification\",\"valueRequired\":true,\"valueName\":\"search_term_string\"}}],\"inLanguage\":\"en-US\"},{\"@type\":\"Organization\",\"@id\":\"https:\\\/\\\/ssspdp.ba\\\/#organization\",\"name\":\"Samostalni sindikat \u0161umarstva, prerade drveta i papira Bosne i Hercegovine\",\"url\":\"https:\\\/\\\/ssspdp.ba\\\/\",\"logo\":{\"@type\":\"ImageObject\",\"inLanguage\":\"en-US\",\"@id\":\"https:\\\/\\\/ssspdp.ba\\\/#\\\/schema\\\/logo\\\/image\\\/\",\"url\":\"https:\\\/\\\/ssspdp.ba\\\/wp-content\\\/uploads\\\/2020\\\/10\\\/web-logo.png\",\"contentUrl\":\"https:\\\/\\\/ssspdp.ba\\\/wp-content\\\/uploads\\\/2020\\\/10\\\/web-logo.png\",\"width\":623,\"height\":100,\"caption\":\"Samostalni sindikat \u0161umarstva, prerade drveta i papira Bosne i Hercegovine\"},\"image\":{\"@id\":\"https:\\\/\\\/ssspdp.ba\\\/#\\\/schema\\\/logo\\\/image\\\/\"},\"sameAs\":[\"https:\\\/\\\/www.facebook.com\\\/Samostalni-sindikat-\u0161umarstva-prerade-drveta-i-papira-BiH-1740799582820896\\\/?ref=page_internal\"]},{\"@type\":\"Person\",\"@id\":\"https:\\\/\\\/ssspdp.ba\\\/#\\\/schema\\\/person\\\/ca59c1c3438388dc9efc2e2c1520dd58\",\"name\":\"Senudin Jahic\",\"image\":{\"@type\":\"ImageObject\",\"inLanguage\":\"en-US\",\"@id\":\"https:\\\/\\\/secure.gravatar.com\\\/avatar\\\/4c408c3d0a009ed2e77d9394b7d39ae86e939f4183d1b501926522e8b6ed0820?s=96&d=mm&r=g\",\"url\":\"https:\\\/\\\/secure.gravatar.com\\\/avatar\\\/4c408c3d0a009ed2e77d9394b7d39ae86e939f4183d1b501926522e8b6ed0820?s=96&d=mm&r=g\",\"contentUrl\":\"https:\\\/\\\/secure.gravatar.com\\\/avatar\\\/4c408c3d0a009ed2e77d9394b7d39ae86e939f4183d1b501926522e8b6ed0820?s=96&d=mm&r=g\",\"caption\":\"Senudin Jahic\"},\"sameAs\":[\"http:\\\/\\\/ssspdp.ba\"]}]}<\/script>\n<!-- \/ Yoast SEO plugin. -->","yoast_head_json":{"title":"GLAVNI ODBOR SS\u0160PDPBIH IZDAO SAOP\u0106ENJE ZA JAVNOST POVODOM DANA ZA\u0160TITE NA RADU I PRAZNIKA RADA: NIJE VRIJEME ZA SLAVLJE VE\u0106 ZA NEPRESTANU BORBU ZA RADNI\u010cKA PRAVA - Samostalni sindikat \u0161umarstva, prerade drveta i papira Bosne i Hercegovine","robots":{"index":"index","follow":"follow","max-snippet":"max-snippet:-1","max-image-preview":"max-image-preview:large","max-video-preview":"max-video-preview:-1"},"canonical":"https:\/\/ssspdp.ba\/?p=2399","og_locale":"en_US","og_type":"article","og_title":"GLAVNI ODBOR SS\u0160PDPBIH IZDAO SAOP\u0106ENJE ZA JAVNOST POVODOM DANA ZA\u0160TITE NA RADU I PRAZNIKA RADA: NIJE VRIJEME ZA SLAVLJE VE\u0106 ZA NEPRESTANU BORBU ZA RADNI\u010cKA PRAVA - Samostalni sindikat \u0161umarstva, prerade drveta i papira Bosne i Hercegovine","og_description":"SAOP\u0106ENJE ZA JAVNOST U povodu obilje\u017eavanja 28. aprila \u2013 Svjetskog dana za\u0161tite na radu i Me\u0111unarodnog praznika rada, Glavni odbor Samostalnog sindikata \u0161umarstva, prerade drveta i papira Bosne i Hercegovine je u \u010detvrtak, 27. aprila 2023. godine odr\u017eao sjednicu na kojoj je razmatrao aktuelno stanje, probleme i izazove sa kojima se suo\u010davaju radnici i radnice [&hellip;]","og_url":"https:\/\/ssspdp.ba\/?p=2399","og_site_name":"Samostalni sindikat \u0161umarstva, prerade drveta i papira Bosne i Hercegovine","article_publisher":"https:\/\/www.facebook.com\/Samostalni-sindikat-%c5%a1umarstva-prerade-drveta-i-papira-BiH-1740799582820896\/?ref=page_internal","article_published_time":"2023-04-28T14:37:14+00:00","article_modified_time":"2023-04-28T14:37:52+00:00","og_image":[{"width":2560,"height":980,"url":"https:\/\/ssspdp.ba\/wp-content\/uploads\/2023\/04\/praz-zas-na-radu-i-praz-rada-scaled.jpg","type":"image\/jpeg"}],"author":"Senudin Jahic","twitter_card":"summary_large_image","twitter_misc":{"Written by":"Senudin Jahic","Est. reading time":"3 minutes"},"schema":{"@context":"https:\/\/schema.org","@graph":[{"@type":"Article","@id":"https:\/\/ssspdp.ba\/?p=2399#article","isPartOf":{"@id":"https:\/\/ssspdp.ba\/?p=2399"},"author":{"name":"Senudin Jahic","@id":"https:\/\/ssspdp.ba\/#\/schema\/person\/ca59c1c3438388dc9efc2e2c1520dd58"},"headline":"GLAVNI ODBOR SS\u0160PDPBIH IZDAO SAOP\u0106ENJE ZA JAVNOST POVODOM DANA ZA\u0160TITE NA RADU I PRAZNIKA RADA: NIJE VRIJEME ZA SLAVLJE VE\u0106 ZA NEPRESTANU BORBU ZA RADNI\u010cKA PRAVA","datePublished":"2023-04-28T14:37:14+00:00","dateModified":"2023-04-28T14:37:52+00:00","mainEntityOfPage":{"@id":"https:\/\/ssspdp.ba\/?p=2399"},"wordCount":784,"publisher":{"@id":"https:\/\/ssspdp.ba\/#organization"},"image":{"@id":"https:\/\/ssspdp.ba\/?p=2399#primaryimage"},"thumbnailUrl":"https:\/\/ssspdp.ba\/wp-content\/uploads\/2023\/04\/praz-zas-na-radu-i-praz-rada-scaled.jpg","articleSection":["Novosti","Vijesti"],"inLanguage":"en-US"},{"@type":"WebPage","@id":"https:\/\/ssspdp.ba\/?p=2399","url":"https:\/\/ssspdp.ba\/?p=2399","name":"GLAVNI ODBOR SS\u0160PDPBIH IZDAO SAOP\u0106ENJE ZA JAVNOST POVODOM DANA ZA\u0160TITE NA RADU I PRAZNIKA RADA: NIJE VRIJEME ZA SLAVLJE VE\u0106 ZA NEPRESTANU BORBU ZA RADNI\u010cKA PRAVA - Samostalni sindikat \u0161umarstva, prerade drveta i papira Bosne i Hercegovine","isPartOf":{"@id":"https:\/\/ssspdp.ba\/#website"},"primaryImageOfPage":{"@id":"https:\/\/ssspdp.ba\/?p=2399#primaryimage"},"image":{"@id":"https:\/\/ssspdp.ba\/?p=2399#primaryimage"},"thumbnailUrl":"https:\/\/ssspdp.ba\/wp-content\/uploads\/2023\/04\/praz-zas-na-radu-i-praz-rada-scaled.jpg","datePublished":"2023-04-28T14:37:14+00:00","dateModified":"2023-04-28T14:37:52+00:00","breadcrumb":{"@id":"https:\/\/ssspdp.ba\/?p=2399#breadcrumb"},"inLanguage":"en-US","potentialAction":[{"@type":"ReadAction","target":["https:\/\/ssspdp.ba\/?p=2399"]}]},{"@type":"ImageObject","inLanguage":"en-US","@id":"https:\/\/ssspdp.ba\/?p=2399#primaryimage","url":"https:\/\/ssspdp.ba\/wp-content\/uploads\/2023\/04\/praz-zas-na-radu-i-praz-rada-scaled.jpg","contentUrl":"https:\/\/ssspdp.ba\/wp-content\/uploads\/2023\/04\/praz-zas-na-radu-i-praz-rada-scaled.jpg","width":2560,"height":980},{"@type":"BreadcrumbList","@id":"https:\/\/ssspdp.ba\/?p=2399#breadcrumb","itemListElement":[{"@type":"ListItem","position":1,"name":"Home","item":"https:\/\/ssspdp.ba\/"},{"@type":"ListItem","position":2,"name":"GLAVNI ODBOR SS\u0160PDPBIH IZDAO SAOP\u0106ENJE ZA JAVNOST POVODOM DANA ZA\u0160TITE NA RADU I PRAZNIKA RADA: NIJE VRIJEME ZA SLAVLJE VE\u0106 ZA NEPRESTANU BORBU ZA RADNI\u010cKA PRAVA"}]},{"@type":"WebSite","@id":"https:\/\/ssspdp.ba\/#website","url":"https:\/\/ssspdp.ba\/","name":"Samostalni sindikat \u0161umarstva, prerade drveta i papira Bosne i Hercegovine","description":"","publisher":{"@id":"https:\/\/ssspdp.ba\/#organization"},"potentialAction":[{"@type":"SearchAction","target":{"@type":"EntryPoint","urlTemplate":"https:\/\/ssspdp.ba\/?s={search_term_string}"},"query-input":{"@type":"PropertyValueSpecification","valueRequired":true,"valueName":"search_term_string"}}],"inLanguage":"en-US"},{"@type":"Organization","@id":"https:\/\/ssspdp.ba\/#organization","name":"Samostalni sindikat \u0161umarstva, prerade drveta i papira Bosne i Hercegovine","url":"https:\/\/ssspdp.ba\/","logo":{"@type":"ImageObject","inLanguage":"en-US","@id":"https:\/\/ssspdp.ba\/#\/schema\/logo\/image\/","url":"https:\/\/ssspdp.ba\/wp-content\/uploads\/2020\/10\/web-logo.png","contentUrl":"https:\/\/ssspdp.ba\/wp-content\/uploads\/2020\/10\/web-logo.png","width":623,"height":100,"caption":"Samostalni sindikat \u0161umarstva, prerade drveta i papira Bosne i Hercegovine"},"image":{"@id":"https:\/\/ssspdp.ba\/#\/schema\/logo\/image\/"},"sameAs":["https:\/\/www.facebook.com\/Samostalni-sindikat-\u0161umarstva-prerade-drveta-i-papira-BiH-1740799582820896\/?ref=page_internal"]},{"@type":"Person","@id":"https:\/\/ssspdp.ba\/#\/schema\/person\/ca59c1c3438388dc9efc2e2c1520dd58","name":"Senudin Jahic","image":{"@type":"ImageObject","inLanguage":"en-US","@id":"https:\/\/secure.gravatar.com\/avatar\/4c408c3d0a009ed2e77d9394b7d39ae86e939f4183d1b501926522e8b6ed0820?s=96&d=mm&r=g","url":"https:\/\/secure.gravatar.com\/avatar\/4c408c3d0a009ed2e77d9394b7d39ae86e939f4183d1b501926522e8b6ed0820?s=96&d=mm&r=g","contentUrl":"https:\/\/secure.gravatar.com\/avatar\/4c408c3d0a009ed2e77d9394b7d39ae86e939f4183d1b501926522e8b6ed0820?s=96&d=mm&r=g","caption":"Senudin Jahic"},"sameAs":["http:\/\/ssspdp.ba"]}]}},"_links":{"self":[{"href":"https:\/\/ssspdp.ba\/index.php?rest_route=\/wp\/v2\/posts\/2399","targetHints":{"allow":["GET"]}}],"collection":[{"href":"https:\/\/ssspdp.ba\/index.php?rest_route=\/wp\/v2\/posts"}],"about":[{"href":"https:\/\/ssspdp.ba\/index.php?rest_route=\/wp\/v2\/types\/post"}],"author":[{"embeddable":true,"href":"https:\/\/ssspdp.ba\/index.php?rest_route=\/wp\/v2\/users\/2"}],"replies":[{"embeddable":true,"href":"https:\/\/ssspdp.ba\/index.php?rest_route=%2Fwp%2Fv2%2Fcomments&post=2399"}],"version-history":[{"count":1,"href":"https:\/\/ssspdp.ba\/index.php?rest_route=\/wp\/v2\/posts\/2399\/revisions"}],"predecessor-version":[{"id":2400,"href":"https:\/\/ssspdp.ba\/index.php?rest_route=\/wp\/v2\/posts\/2399\/revisions\/2400"}],"wp:featuredmedia":[{"embeddable":true,"href":"https:\/\/ssspdp.ba\/index.php?rest_route=\/wp\/v2\/media\/2401"}],"wp:attachment":[{"href":"https:\/\/ssspdp.ba\/index.php?rest_route=%2Fwp%2Fv2%2Fmedia&parent=2399"}],"wp:term":[{"taxonomy":"category","embeddable":true,"href":"https:\/\/ssspdp.ba\/index.php?rest_route=%2Fwp%2Fv2%2Fcategories&post=2399"},{"taxonomy":"post_tag","embeddable":true,"href":"https:\/\/ssspdp.ba\/index.php?rest_route=%2Fwp%2Fv2%2Ftags&post=2399"}],"curies":[{"name":"wp","href":"https:\/\/api.w.org\/{rel}","templated":true}]}}