{"id":2502,"date":"2023-09-19T14:23:02","date_gmt":"2023-09-19T13:23:02","guid":{"rendered":"https:\/\/ssspdp.ba\/?p=2502"},"modified":"2023-09-19T14:23:46","modified_gmt":"2023-09-19T13:23:46","slug":"pocela-evropska-regionalna-konferencija-bwi-u-sarajevu","status":"publish","type":"post","link":"https:\/\/ssspdp.ba\/?p=2502","title":{"rendered":"PO\u010cELA EVROPSKA REGIONALNA KONFERENCIJA BWI U SARAJEVU"},"content":{"rendered":"\n<p>Sarajevo, 19.9.2023. Ju\u010der je zapo\u010dela BWI Evropska regionalna konferencija o kineskim multinacionalnim kompanijama, investicijama i inicijativi \u201cPojas i put\u201d u Pan-Evropi koju organizuju globalna sindikalna organizacija Building and Wood Workers&#8217; International (Me\u0111unarodna konfederacija radnika u gra\u0111evinarstvu i drvnoj industriji (BWI)) iz \u017deneve u saradnji sa svojim \u010dlanicama u Bosni i Hercegovini \u2013 Samostalnim sindikatom \u0161umarstva, prerade drveta i papira Bosne i Hercegovine, Sindikatom gra\u0111evinarstva industrije gra\u0111evinskog materijala Bosne i Hercegovine i Sindikatom, Sindikatom \u0161umarstva, prerade drveta i papira RS.<\/p>\n\n\n\n<p>Konferencija se odr\u017eava u Hotelu \u201cHills\u201d Ilid\u017ea.<\/p>\n\n\n\n<p>Program BWI traje od 18-21. septembra 2023. godine u okviru kojeg je planirano odr\u017eavanje vi\u0161e sesija organa i tijela BWI. Centralno mjesto zauzima dvodnevna Evropska regionalna konferencija o kineskim multinacionalnim kompanijama, investicijama i inicijativi \u201cPojas i put\u201d u Pan-Evropi planirana za 19. i 20.9.2023. godine. <\/p>\n\n\n\n<p>U\u010de\u0161\u0107e na Konferenciji prijavilo je 167 u\u010desnika iz 32. zemlje i 54 \u010dlanice BWI-a.<\/p>\n\n\n\n<figure class=\"wp-block-gallery columns-3 is-cropped wp-block-gallery-1 is-layout-flex wp-block-gallery-is-layout-flex\"><ul class=\"blocks-gallery-grid\"><li class=\"blocks-gallery-item\"><figure><img loading=\"lazy\" decoding=\"async\" width=\"1024\" height=\"768\" src=\"https:\/\/ssspdp.ba\/wp-content\/uploads\/2023\/09\/viber_image_2023-09-19_12-12-07-462-1024x768.jpg\" alt=\"\" data-id=\"2506\" data-full-url=\"https:\/\/ssspdp.ba\/wp-content\/uploads\/2023\/09\/viber_image_2023-09-19_12-12-07-462.jpg\" data-link=\"https:\/\/ssspdp.ba\/?attachment_id=2506\" class=\"wp-image-2506\" srcset=\"https:\/\/ssspdp.ba\/wp-content\/uploads\/2023\/09\/viber_image_2023-09-19_12-12-07-462-980x735.jpg 980w, https:\/\/ssspdp.ba\/wp-content\/uploads\/2023\/09\/viber_image_2023-09-19_12-12-07-462-480x360.jpg 480w\" sizes=\"auto, (min-width: 0px) and (max-width: 480px) 480px, (min-width: 481px) and (max-width: 980px) 980px, (min-width: 981px) 1024px, 100vw\" \/><\/figure><\/li><li class=\"blocks-gallery-item\"><figure><img loading=\"lazy\" decoding=\"async\" width=\"1024\" height=\"467\" src=\"https:\/\/ssspdp.ba\/wp-content\/uploads\/2023\/09\/viber_image_2023-09-19_12-12-16-851-1024x467.jpg\" alt=\"\" data-id=\"2508\" data-full-url=\"https:\/\/ssspdp.ba\/wp-content\/uploads\/2023\/09\/viber_image_2023-09-19_12-12-16-851.jpg\" data-link=\"https:\/\/ssspdp.ba\/?attachment_id=2508\" class=\"wp-image-2508\" srcset=\"https:\/\/ssspdp.ba\/wp-content\/uploads\/2023\/09\/viber_image_2023-09-19_12-12-16-851-980x447.jpg 980w, https:\/\/ssspdp.ba\/wp-content\/uploads\/2023\/09\/viber_image_2023-09-19_12-12-16-851-480x219.jpg 480w\" sizes=\"auto, (min-width: 0px) and (max-width: 480px) 480px, (min-width: 481px) and (max-width: 980px) 980px, (min-width: 981px) 1024px, 100vw\" \/><\/figure><\/li><li class=\"blocks-gallery-item\"><figure><img loading=\"lazy\" decoding=\"async\" width=\"1024\" height=\"576\" src=\"https:\/\/ssspdp.ba\/wp-content\/uploads\/2023\/09\/viber_image_2023-09-19_12-12-18-779-1024x576.jpg\" alt=\"\" data-id=\"2509\" data-full-url=\"https:\/\/ssspdp.ba\/wp-content\/uploads\/2023\/09\/viber_image_2023-09-19_12-12-18-779.jpg\" data-link=\"https:\/\/ssspdp.ba\/?attachment_id=2509\" class=\"wp-image-2509\" srcset=\"https:\/\/ssspdp.ba\/wp-content\/uploads\/2023\/09\/viber_image_2023-09-19_12-12-18-779-980x551.jpg 980w, https:\/\/ssspdp.ba\/wp-content\/uploads\/2023\/09\/viber_image_2023-09-19_12-12-18-779-480x270.jpg 480w\" sizes=\"auto, (min-width: 0px) and (max-width: 480px) 480px, (min-width: 481px) and (max-width: 980px) 980px, (min-width: 981px) 1024px, 100vw\" \/><\/figure><\/li><\/ul><\/figure>\n<span class=\"et_bloom_bottom_trigger\"><\/span>","protected":false},"excerpt":{"rendered":"<p>Sarajevo, 19.9.2023. Ju\u010der je zapo\u010dela BWI Evropska regionalna konferencija o kineskim multinacionalnim kompanijama, investicijama i inicijativi \u201cPojas i put\u201d u Pan-Evropi koju organizuju globalna sindikalna organizacija Building and Wood Workers&#8217; International (Me\u0111unarodna konfederacija radnika u gra\u0111evinarstvu i drvnoj industriji (BWI)) iz \u017deneve u saradnji sa svojim \u010dlanicama u Bosni i Hercegovini \u2013 Samostalnim sindikatom \u0161umarstva, [&hellip;]<\/p>\n","protected":false},"author":2,"featured_media":2503,"comment_status":"closed","ping_status":"open","sticky":false,"template":"","format":"standard","meta":{"_et_pb_use_builder":"off","_et_pb_old_content":"","_et_gb_content_width":"","footnotes":""},"categories":[32,42],"tags":[],"class_list":["post-2502","post","type-post","status-publish","format-standard","has-post-thumbnail","hentry","category-novosti","category-vijesti"],"yoast_head":"<!-- This site is optimized with the Yoast SEO plugin v27.5 - https:\/\/yoast.com\/product\/yoast-seo-wordpress\/ -->\n<title>PO\u010cELA EVROPSKA REGIONALNA KONFERENCIJA BWI U SARAJEVU - Samostalni sindikat \u0161umarstva, prerade drveta i papira Bosne i Hercegovine<\/title>\n<meta name=\"robots\" content=\"index, follow, max-snippet:-1, max-image-preview:large, max-video-preview:-1\" \/>\n<link rel=\"canonical\" href=\"https:\/\/ssspdp.ba\/?p=2502\" \/>\n<meta property=\"og:locale\" content=\"en_US\" \/>\n<meta property=\"og:type\" content=\"article\" \/>\n<meta property=\"og:title\" content=\"PO\u010cELA EVROPSKA REGIONALNA KONFERENCIJA BWI U SARAJEVU - Samostalni sindikat \u0161umarstva, prerade drveta i papira Bosne i Hercegovine\" \/>\n<meta property=\"og:description\" content=\"Sarajevo, 19.9.2023. Ju\u010der je zapo\u010dela BWI Evropska regionalna konferencija o kineskim multinacionalnim kompanijama, investicijama i inicijativi \u201cPojas i put\u201d u Pan-Evropi koju organizuju globalna sindikalna organizacija Building and Wood Workers&#8217; International (Me\u0111unarodna konfederacija radnika u gra\u0111evinarstvu i drvnoj industriji (BWI)) iz \u017deneve u saradnji sa svojim \u010dlanicama u Bosni i Hercegovini \u2013 Samostalnim sindikatom \u0161umarstva, [&hellip;]\" \/>\n<meta property=\"og:url\" content=\"https:\/\/ssspdp.ba\/?p=2502\" \/>\n<meta property=\"og:site_name\" content=\"Samostalni sindikat \u0161umarstva, prerade drveta i papira Bosne i Hercegovine\" \/>\n<meta property=\"article:publisher\" content=\"https:\/\/www.facebook.com\/Samostalni-sindikat-%c5%a1umarstva-prerade-drveta-i-papira-BiH-1740799582820896\/?ref=page_internal\" \/>\n<meta property=\"article:published_time\" content=\"2023-09-19T13:23:02+00:00\" \/>\n<meta property=\"article:modified_time\" content=\"2023-09-19T13:23:46+00:00\" \/>\n<meta property=\"og:image\" content=\"https:\/\/ssspdp.ba\/wp-content\/uploads\/2023\/09\/viber_image_2023-09-19_12-12-14-823.jpg\" \/>\n\t<meta property=\"og:image:width\" content=\"1600\" \/>\n\t<meta property=\"og:image:height\" content=\"1018\" \/>\n\t<meta property=\"og:image:type\" content=\"image\/jpeg\" \/>\n<meta name=\"author\" content=\"Senudin Jahic\" \/>\n<meta name=\"twitter:card\" content=\"summary_large_image\" \/>\n<meta name=\"twitter:label1\" content=\"Written by\" \/>\n\t<meta name=\"twitter:data1\" content=\"Senudin Jahic\" \/>\n\t<meta name=\"twitter:label2\" content=\"Est. reading time\" \/>\n\t<meta name=\"twitter:data2\" content=\"2 minutes\" \/>\n<script type=\"application\/ld+json\" class=\"yoast-schema-graph\">{\"@context\":\"https:\\\/\\\/schema.org\",\"@graph\":[{\"@type\":\"Article\",\"@id\":\"https:\\\/\\\/ssspdp.ba\\\/?p=2502#article\",\"isPartOf\":{\"@id\":\"https:\\\/\\\/ssspdp.ba\\\/?p=2502\"},\"author\":{\"name\":\"Senudin Jahic\",\"@id\":\"https:\\\/\\\/ssspdp.ba\\\/#\\\/schema\\\/person\\\/ca59c1c3438388dc9efc2e2c1520dd58\"},\"headline\":\"PO\u010cELA EVROPSKA REGIONALNA KONFERENCIJA BWI U SARAJEVU\",\"datePublished\":\"2023-09-19T13:23:02+00:00\",\"dateModified\":\"2023-09-19T13:23:46+00:00\",\"mainEntityOfPage\":{\"@id\":\"https:\\\/\\\/ssspdp.ba\\\/?p=2502\"},\"wordCount\":158,\"publisher\":{\"@id\":\"https:\\\/\\\/ssspdp.ba\\\/#organization\"},\"image\":{\"@id\":\"https:\\\/\\\/ssspdp.ba\\\/?p=2502#primaryimage\"},\"thumbnailUrl\":\"https:\\\/\\\/ssspdp.ba\\\/wp-content\\\/uploads\\\/2023\\\/09\\\/viber_image_2023-09-19_12-12-14-823.jpg\",\"articleSection\":[\"Novosti\",\"Vijesti\"],\"inLanguage\":\"en-US\"},{\"@type\":\"WebPage\",\"@id\":\"https:\\\/\\\/ssspdp.ba\\\/?p=2502\",\"url\":\"https:\\\/\\\/ssspdp.ba\\\/?p=2502\",\"name\":\"PO\u010cELA EVROPSKA REGIONALNA KONFERENCIJA BWI U SARAJEVU - Samostalni sindikat \u0161umarstva, prerade drveta i papira Bosne i Hercegovine\",\"isPartOf\":{\"@id\":\"https:\\\/\\\/ssspdp.ba\\\/#website\"},\"primaryImageOfPage\":{\"@id\":\"https:\\\/\\\/ssspdp.ba\\\/?p=2502#primaryimage\"},\"image\":{\"@id\":\"https:\\\/\\\/ssspdp.ba\\\/?p=2502#primaryimage\"},\"thumbnailUrl\":\"https:\\\/\\\/ssspdp.ba\\\/wp-content\\\/uploads\\\/2023\\\/09\\\/viber_image_2023-09-19_12-12-14-823.jpg\",\"datePublished\":\"2023-09-19T13:23:02+00:00\",\"dateModified\":\"2023-09-19T13:23:46+00:00\",\"breadcrumb\":{\"@id\":\"https:\\\/\\\/ssspdp.ba\\\/?p=2502#breadcrumb\"},\"inLanguage\":\"en-US\",\"potentialAction\":[{\"@type\":\"ReadAction\",\"target\":[\"https:\\\/\\\/ssspdp.ba\\\/?p=2502\"]}]},{\"@type\":\"ImageObject\",\"inLanguage\":\"en-US\",\"@id\":\"https:\\\/\\\/ssspdp.ba\\\/?p=2502#primaryimage\",\"url\":\"https:\\\/\\\/ssspdp.ba\\\/wp-content\\\/uploads\\\/2023\\\/09\\\/viber_image_2023-09-19_12-12-14-823.jpg\",\"contentUrl\":\"https:\\\/\\\/ssspdp.ba\\\/wp-content\\\/uploads\\\/2023\\\/09\\\/viber_image_2023-09-19_12-12-14-823.jpg\",\"width\":1600,\"height\":1018},{\"@type\":\"BreadcrumbList\",\"@id\":\"https:\\\/\\\/ssspdp.ba\\\/?p=2502#breadcrumb\",\"itemListElement\":[{\"@type\":\"ListItem\",\"position\":1,\"name\":\"Home\",\"item\":\"https:\\\/\\\/ssspdp.ba\\\/\"},{\"@type\":\"ListItem\",\"position\":2,\"name\":\"PO\u010cELA EVROPSKA REGIONALNA KONFERENCIJA BWI U SARAJEVU\"}]},{\"@type\":\"WebSite\",\"@id\":\"https:\\\/\\\/ssspdp.ba\\\/#website\",\"url\":\"https:\\\/\\\/ssspdp.ba\\\/\",\"name\":\"Samostalni sindikat \u0161umarstva, prerade drveta i papira Bosne i Hercegovine\",\"description\":\"\",\"publisher\":{\"@id\":\"https:\\\/\\\/ssspdp.ba\\\/#organization\"},\"potentialAction\":[{\"@type\":\"SearchAction\",\"target\":{\"@type\":\"EntryPoint\",\"urlTemplate\":\"https:\\\/\\\/ssspdp.ba\\\/?s={search_term_string}\"},\"query-input\":{\"@type\":\"PropertyValueSpecification\",\"valueRequired\":true,\"valueName\":\"search_term_string\"}}],\"inLanguage\":\"en-US\"},{\"@type\":\"Organization\",\"@id\":\"https:\\\/\\\/ssspdp.ba\\\/#organization\",\"name\":\"Samostalni sindikat \u0161umarstva, prerade drveta i papira Bosne i Hercegovine\",\"url\":\"https:\\\/\\\/ssspdp.ba\\\/\",\"logo\":{\"@type\":\"ImageObject\",\"inLanguage\":\"en-US\",\"@id\":\"https:\\\/\\\/ssspdp.ba\\\/#\\\/schema\\\/logo\\\/image\\\/\",\"url\":\"https:\\\/\\\/ssspdp.ba\\\/wp-content\\\/uploads\\\/2020\\\/10\\\/web-logo.png\",\"contentUrl\":\"https:\\\/\\\/ssspdp.ba\\\/wp-content\\\/uploads\\\/2020\\\/10\\\/web-logo.png\",\"width\":623,\"height\":100,\"caption\":\"Samostalni sindikat \u0161umarstva, prerade drveta i papira Bosne i Hercegovine\"},\"image\":{\"@id\":\"https:\\\/\\\/ssspdp.ba\\\/#\\\/schema\\\/logo\\\/image\\\/\"},\"sameAs\":[\"https:\\\/\\\/www.facebook.com\\\/Samostalni-sindikat-\u0161umarstva-prerade-drveta-i-papira-BiH-1740799582820896\\\/?ref=page_internal\"]},{\"@type\":\"Person\",\"@id\":\"https:\\\/\\\/ssspdp.ba\\\/#\\\/schema\\\/person\\\/ca59c1c3438388dc9efc2e2c1520dd58\",\"name\":\"Senudin Jahic\",\"image\":{\"@type\":\"ImageObject\",\"inLanguage\":\"en-US\",\"@id\":\"https:\\\/\\\/secure.gravatar.com\\\/avatar\\\/4c408c3d0a009ed2e77d9394b7d39ae86e939f4183d1b501926522e8b6ed0820?s=96&d=mm&r=g\",\"url\":\"https:\\\/\\\/secure.gravatar.com\\\/avatar\\\/4c408c3d0a009ed2e77d9394b7d39ae86e939f4183d1b501926522e8b6ed0820?s=96&d=mm&r=g\",\"contentUrl\":\"https:\\\/\\\/secure.gravatar.com\\\/avatar\\\/4c408c3d0a009ed2e77d9394b7d39ae86e939f4183d1b501926522e8b6ed0820?s=96&d=mm&r=g\",\"caption\":\"Senudin Jahic\"},\"sameAs\":[\"http:\\\/\\\/ssspdp.ba\"]}]}<\/script>\n<!-- \/ Yoast SEO plugin. -->","yoast_head_json":{"title":"PO\u010cELA EVROPSKA REGIONALNA KONFERENCIJA BWI U SARAJEVU - Samostalni sindikat \u0161umarstva, prerade drveta i papira Bosne i Hercegovine","robots":{"index":"index","follow":"follow","max-snippet":"max-snippet:-1","max-image-preview":"max-image-preview:large","max-video-preview":"max-video-preview:-1"},"canonical":"https:\/\/ssspdp.ba\/?p=2502","og_locale":"en_US","og_type":"article","og_title":"PO\u010cELA EVROPSKA REGIONALNA KONFERENCIJA BWI U SARAJEVU - Samostalni sindikat \u0161umarstva, prerade drveta i papira Bosne i Hercegovine","og_description":"Sarajevo, 19.9.2023. Ju\u010der je zapo\u010dela BWI Evropska regionalna konferencija o kineskim multinacionalnim kompanijama, investicijama i inicijativi \u201cPojas i put\u201d u Pan-Evropi koju organizuju globalna sindikalna organizacija Building and Wood Workers&#8217; International (Me\u0111unarodna konfederacija radnika u gra\u0111evinarstvu i drvnoj industriji (BWI)) iz \u017deneve u saradnji sa svojim \u010dlanicama u Bosni i Hercegovini \u2013 Samostalnim sindikatom \u0161umarstva, [&hellip;]","og_url":"https:\/\/ssspdp.ba\/?p=2502","og_site_name":"Samostalni sindikat \u0161umarstva, prerade drveta i papira Bosne i Hercegovine","article_publisher":"https:\/\/www.facebook.com\/Samostalni-sindikat-%c5%a1umarstva-prerade-drveta-i-papira-BiH-1740799582820896\/?ref=page_internal","article_published_time":"2023-09-19T13:23:02+00:00","article_modified_time":"2023-09-19T13:23:46+00:00","og_image":[{"width":1600,"height":1018,"url":"https:\/\/ssspdp.ba\/wp-content\/uploads\/2023\/09\/viber_image_2023-09-19_12-12-14-823.jpg","type":"image\/jpeg"}],"author":"Senudin Jahic","twitter_card":"summary_large_image","twitter_misc":{"Written by":"Senudin Jahic","Est. reading time":"2 minutes"},"schema":{"@context":"https:\/\/schema.org","@graph":[{"@type":"Article","@id":"https:\/\/ssspdp.ba\/?p=2502#article","isPartOf":{"@id":"https:\/\/ssspdp.ba\/?p=2502"},"author":{"name":"Senudin Jahic","@id":"https:\/\/ssspdp.ba\/#\/schema\/person\/ca59c1c3438388dc9efc2e2c1520dd58"},"headline":"PO\u010cELA EVROPSKA REGIONALNA KONFERENCIJA BWI U SARAJEVU","datePublished":"2023-09-19T13:23:02+00:00","dateModified":"2023-09-19T13:23:46+00:00","mainEntityOfPage":{"@id":"https:\/\/ssspdp.ba\/?p=2502"},"wordCount":158,"publisher":{"@id":"https:\/\/ssspdp.ba\/#organization"},"image":{"@id":"https:\/\/ssspdp.ba\/?p=2502#primaryimage"},"thumbnailUrl":"https:\/\/ssspdp.ba\/wp-content\/uploads\/2023\/09\/viber_image_2023-09-19_12-12-14-823.jpg","articleSection":["Novosti","Vijesti"],"inLanguage":"en-US"},{"@type":"WebPage","@id":"https:\/\/ssspdp.ba\/?p=2502","url":"https:\/\/ssspdp.ba\/?p=2502","name":"PO\u010cELA EVROPSKA REGIONALNA KONFERENCIJA BWI U SARAJEVU - Samostalni sindikat \u0161umarstva, prerade drveta i papira Bosne i Hercegovine","isPartOf":{"@id":"https:\/\/ssspdp.ba\/#website"},"primaryImageOfPage":{"@id":"https:\/\/ssspdp.ba\/?p=2502#primaryimage"},"image":{"@id":"https:\/\/ssspdp.ba\/?p=2502#primaryimage"},"thumbnailUrl":"https:\/\/ssspdp.ba\/wp-content\/uploads\/2023\/09\/viber_image_2023-09-19_12-12-14-823.jpg","datePublished":"2023-09-19T13:23:02+00:00","dateModified":"2023-09-19T13:23:46+00:00","breadcrumb":{"@id":"https:\/\/ssspdp.ba\/?p=2502#breadcrumb"},"inLanguage":"en-US","potentialAction":[{"@type":"ReadAction","target":["https:\/\/ssspdp.ba\/?p=2502"]}]},{"@type":"ImageObject","inLanguage":"en-US","@id":"https:\/\/ssspdp.ba\/?p=2502#primaryimage","url":"https:\/\/ssspdp.ba\/wp-content\/uploads\/2023\/09\/viber_image_2023-09-19_12-12-14-823.jpg","contentUrl":"https:\/\/ssspdp.ba\/wp-content\/uploads\/2023\/09\/viber_image_2023-09-19_12-12-14-823.jpg","width":1600,"height":1018},{"@type":"BreadcrumbList","@id":"https:\/\/ssspdp.ba\/?p=2502#breadcrumb","itemListElement":[{"@type":"ListItem","position":1,"name":"Home","item":"https:\/\/ssspdp.ba\/"},{"@type":"ListItem","position":2,"name":"PO\u010cELA EVROPSKA REGIONALNA KONFERENCIJA BWI U SARAJEVU"}]},{"@type":"WebSite","@id":"https:\/\/ssspdp.ba\/#website","url":"https:\/\/ssspdp.ba\/","name":"Samostalni sindikat \u0161umarstva, prerade drveta i papira Bosne i Hercegovine","description":"","publisher":{"@id":"https:\/\/ssspdp.ba\/#organization"},"potentialAction":[{"@type":"SearchAction","target":{"@type":"EntryPoint","urlTemplate":"https:\/\/ssspdp.ba\/?s={search_term_string}"},"query-input":{"@type":"PropertyValueSpecification","valueRequired":true,"valueName":"search_term_string"}}],"inLanguage":"en-US"},{"@type":"Organization","@id":"https:\/\/ssspdp.ba\/#organization","name":"Samostalni sindikat \u0161umarstva, prerade drveta i papira Bosne i Hercegovine","url":"https:\/\/ssspdp.ba\/","logo":{"@type":"ImageObject","inLanguage":"en-US","@id":"https:\/\/ssspdp.ba\/#\/schema\/logo\/image\/","url":"https:\/\/ssspdp.ba\/wp-content\/uploads\/2020\/10\/web-logo.png","contentUrl":"https:\/\/ssspdp.ba\/wp-content\/uploads\/2020\/10\/web-logo.png","width":623,"height":100,"caption":"Samostalni sindikat \u0161umarstva, prerade drveta i papira Bosne i Hercegovine"},"image":{"@id":"https:\/\/ssspdp.ba\/#\/schema\/logo\/image\/"},"sameAs":["https:\/\/www.facebook.com\/Samostalni-sindikat-\u0161umarstva-prerade-drveta-i-papira-BiH-1740799582820896\/?ref=page_internal"]},{"@type":"Person","@id":"https:\/\/ssspdp.ba\/#\/schema\/person\/ca59c1c3438388dc9efc2e2c1520dd58","name":"Senudin Jahic","image":{"@type":"ImageObject","inLanguage":"en-US","@id":"https:\/\/secure.gravatar.com\/avatar\/4c408c3d0a009ed2e77d9394b7d39ae86e939f4183d1b501926522e8b6ed0820?s=96&d=mm&r=g","url":"https:\/\/secure.gravatar.com\/avatar\/4c408c3d0a009ed2e77d9394b7d39ae86e939f4183d1b501926522e8b6ed0820?s=96&d=mm&r=g","contentUrl":"https:\/\/secure.gravatar.com\/avatar\/4c408c3d0a009ed2e77d9394b7d39ae86e939f4183d1b501926522e8b6ed0820?s=96&d=mm&r=g","caption":"Senudin Jahic"},"sameAs":["http:\/\/ssspdp.ba"]}]}},"_links":{"self":[{"href":"https:\/\/ssspdp.ba\/index.php?rest_route=\/wp\/v2\/posts\/2502","targetHints":{"allow":["GET"]}}],"collection":[{"href":"https:\/\/ssspdp.ba\/index.php?rest_route=\/wp\/v2\/posts"}],"about":[{"href":"https:\/\/ssspdp.ba\/index.php?rest_route=\/wp\/v2\/types\/post"}],"author":[{"embeddable":true,"href":"https:\/\/ssspdp.ba\/index.php?rest_route=\/wp\/v2\/users\/2"}],"replies":[{"embeddable":true,"href":"https:\/\/ssspdp.ba\/index.php?rest_route=%2Fwp%2Fv2%2Fcomments&post=2502"}],"version-history":[{"count":2,"href":"https:\/\/ssspdp.ba\/index.php?rest_route=\/wp\/v2\/posts\/2502\/revisions"}],"predecessor-version":[{"id":2510,"href":"https:\/\/ssspdp.ba\/index.php?rest_route=\/wp\/v2\/posts\/2502\/revisions\/2510"}],"wp:featuredmedia":[{"embeddable":true,"href":"https:\/\/ssspdp.ba\/index.php?rest_route=\/wp\/v2\/media\/2503"}],"wp:attachment":[{"href":"https:\/\/ssspdp.ba\/index.php?rest_route=%2Fwp%2Fv2%2Fmedia&parent=2502"}],"wp:term":[{"taxonomy":"category","embeddable":true,"href":"https:\/\/ssspdp.ba\/index.php?rest_route=%2Fwp%2Fv2%2Fcategories&post=2502"},{"taxonomy":"post_tag","embeddable":true,"href":"https:\/\/ssspdp.ba\/index.php?rest_route=%2Fwp%2Fv2%2Ftags&post=2502"}],"curies":[{"name":"wp","href":"https:\/\/api.w.org\/{rel}","templated":true}]}}