{"id":2548,"date":"2023-10-06T19:37:22","date_gmt":"2023-10-06T18:37:22","guid":{"rendered":"https:\/\/ssspdp.ba\/?p=2548"},"modified":"2023-10-06T21:35:15","modified_gmt":"2023-10-06T20:35:15","slug":"u-povodu-obiljezavanja-svjetskog-dana-dostojanstvenog-rada-ssspdpbih-odrzava-sindikalnu-skolu-2023","status":"publish","type":"post","link":"https:\/\/ssspdp.ba\/?p=2548","title":{"rendered":"U POVODU OBILJE\u017dAVANJA SVJETSKOG DANA DOSTOJANSTVENOG RADA SS\u0160PDPBIH ODR\u017dAVA \u201eSINDIKALNU \u0160KOLU 2023\u201c"},"content":{"rendered":"\n<p>7. oktobar\/listopad je progla\u0161en Svjetskim danom dostojanstvenog rada i Me\u0111unarodna konfederacija sindikata (ITUC) ga obilje\u017eava od 2008. godine, a ove godine poru\u010duje \u201eVrijeme je za pove\u0107anje pla\u0107a\u201c, \u0161to predstavlja jedan od najva\u017enijih segmenata sindikalnih aktivnosti kako bi se smanjio ogroman pritisak na radnike i njihova doma\u0107instva zbog inflacije potaknute korporativnim profiterstvom.<\/p>\n\n\n\n<p>Samostalni sindikat \u0161umarstva, prerade drveta i papira Bosne i Hercegovine u povodu obilje\u017eavanja ovog dana organizuje dvodnevnu edukaciju \u010dlanstva pod nazivom &#8220;Sindikalna \u0161kola 2023&#8221; uz podr\u0161ku partnera SIEN i BWI. Ova manifestacija se odr\u017eava 6. i 7. oktobra 2023. godine na Ilid\u017ei. U\u010desnici su povjerenici sindikalnih podru\u017enica, \u010dlanovi organa i tijela, te predstavnici sekcija mladih i \u017eena SS\u0160PDP BIH.<\/p>\n\n\n\n<p>Edukacija je posve\u0107ena pove\u0107anju pla\u0107a radnika i radnica, za\u0161titi zdravlja, sigurnosti i dostojanstvu na radu, te ostvarivanju prava uposlenika\/osiguranika iz penzijskog i invalidskog osiguranja.<\/p>\n\n\n\n<p>Cilj dvodnevne edukacije je: <\/p>\n\n\n\n<p>\u00b7 upoznati se s osnovnim pojmovima za\u0161tite na radu,<br>\u00b7 obezbijediti sigurna radna mjesta koja ne ugro\u017eavaju fizi\u010dko i psihi\u010dko zdravlje radnika,<br>\u00b7 razumjeti ulogu i odgovornost radnika, poslodavca i sindikata na podru\u010dju za\u0161tite na radu,<br>\u00b7 nau\u010diti prepoznavati razli\u010dite vrste diskriminacije i mobinga,<br>\u00b7 upoznati se s mogu\u0107nostima za\u0161tite prava \u010dlanova izlo\u017eenih diskriminaciji i mobingu;<br>\u00b7 upoznati se sa pravima osiguranika utvr\u0111enim Zakonom o PIO\/MIO i posebnim propisima,<br>\u00b7 upoznati se sa prijedlogom novih zakonskih rje\u0161enja kojima se zagovara pove\u0107anje pla\u0107a radnika;<br>\u00b7 dogovoriti strategiju daljeg djelovanja u cilju pove\u0107anja pla\u0107a radnika i radnica u sektorima.<br><br>Kao i prethodnih godina, u\u010desnici \u0107e i ovaj put imati priliku razmijeniti iskustva, usvojiti nova znanja, unaprijediti metode za realizaciju aktivnosti, ali i ja\u010dati mre\u017eu i uvezivati se sa drugim kolegama u cilju \u0161to bolje implementacije zajedni\u010dkih ciljeva sindikalnog rada.<\/p>\n\n\n\n<figure class=\"wp-block-image size-large\"><img loading=\"lazy\" decoding=\"async\" width=\"1024\" height=\"576\" src=\"https:\/\/ssspdp.ba\/wp-content\/uploads\/2023\/10\/Sindikalna-skola-2023-2-1024x576.jpg\" alt=\"\" class=\"wp-image-2550\" srcset=\"https:\/\/ssspdp.ba\/wp-content\/uploads\/2023\/10\/Sindikalna-skola-2023-2-980x551.jpg 980w, https:\/\/ssspdp.ba\/wp-content\/uploads\/2023\/10\/Sindikalna-skola-2023-2-480x270.jpg 480w\" sizes=\"auto, (min-width: 0px) and (max-width: 480px) 480px, (min-width: 481px) and (max-width: 980px) 980px, (min-width: 981px) 1024px, 100vw\" \/><figcaption><em>Dvodnevna edukacija &#8220;Sindikalna \u0161kola 2023&#8221; se odr\u017eava 6. i 7. oktobra na Ilid\u017ei.<\/em><\/figcaption><\/figure>\n\n\n\n<figure class=\"wp-block-image size-large\"><img loading=\"lazy\" decoding=\"async\" width=\"1024\" height=\"576\" src=\"https:\/\/ssspdp.ba\/wp-content\/uploads\/2023\/10\/Sindikalna-skola-2023-3-1024x576.jpg\" alt=\"\" class=\"wp-image-2553\" srcset=\"https:\/\/ssspdp.ba\/wp-content\/uploads\/2023\/10\/Sindikalna-skola-2023-3-980x551.jpg 980w, https:\/\/ssspdp.ba\/wp-content\/uploads\/2023\/10\/Sindikalna-skola-2023-3-480x270.jpg 480w\" sizes=\"auto, (min-width: 0px) and (max-width: 480px) 480px, (min-width: 481px) and (max-width: 980px) 980px, (min-width: 981px) 1024px, 100vw\" \/><figcaption><em>U\u010desnici su povjerenici sindikalnih podru\u017enica, \u010dlanovi organa i tijela, te predstavnici sekcija mladih i \u017eena SS\u0160PDP BIH<\/em><\/figcaption><\/figure>\n\n\n\n<figure class=\"wp-block-image size-large\"><img loading=\"lazy\" decoding=\"async\" width=\"1024\" height=\"946\" src=\"https:\/\/ssspdp.ba\/wp-content\/uploads\/2023\/10\/Svjetski-dan-dostojanstvenog-rada-2023-1-1024x946.jpg\" alt=\"\" class=\"wp-image-2558\" srcset=\"https:\/\/ssspdp.ba\/wp-content\/uploads\/2023\/10\/Svjetski-dan-dostojanstvenog-rada-2023-1-980x905.jpg 980w, https:\/\/ssspdp.ba\/wp-content\/uploads\/2023\/10\/Svjetski-dan-dostojanstvenog-rada-2023-1-480x443.jpg 480w\" sizes=\"auto, (min-width: 0px) and (max-width: 480px) 480px, (min-width: 481px) and (max-width: 980px) 980px, (min-width: 981px) 1024px, 100vw\" \/><figcaption><em>Ovogodi\u0161nji Svjetski dan dostojanstvenog rada obilje\u017eava se pod sloganom &#8220;Vrijeme je za pove\u0107anje pla\u0107a&#8221;<\/em><\/figcaption><\/figure>\n<span class=\"et_bloom_bottom_trigger\"><\/span>","protected":false},"excerpt":{"rendered":"<p>7. oktobar\/listopad je progla\u0161en Svjetskim danom dostojanstvenog rada i Me\u0111unarodna konfederacija sindikata (ITUC) ga obilje\u017eava od 2008. godine, a ove godine poru\u010duje \u201eVrijeme je za pove\u0107anje pla\u0107a\u201c, \u0161to predstavlja jedan od najva\u017enijih segmenata sindikalnih aktivnosti kako bi se smanjio ogroman pritisak na radnike i njihova doma\u0107instva zbog inflacije potaknute korporativnim profiterstvom. Samostalni sindikat \u0161umarstva, prerade [&hellip;]<\/p>\n","protected":false},"author":2,"featured_media":2549,"comment_status":"closed","ping_status":"open","sticky":false,"template":"","format":"standard","meta":{"_et_pb_use_builder":"off","_et_pb_old_content":"","_et_gb_content_width":"","footnotes":""},"categories":[32,42],"tags":[],"class_list":["post-2548","post","type-post","status-publish","format-standard","has-post-thumbnail","hentry","category-novosti","category-vijesti"],"yoast_head":"<!-- This site is optimized with the Yoast SEO plugin v27.5 - https:\/\/yoast.com\/product\/yoast-seo-wordpress\/ -->\n<title>U POVODU OBILJE\u017dAVANJA SVJETSKOG DANA DOSTOJANSTVENOG RADA SS\u0160PDPBIH ODR\u017dAVA \u201eSINDIKALNU \u0160KOLU 2023\u201c - Samostalni sindikat \u0161umarstva, prerade drveta i papira Bosne i Hercegovine<\/title>\n<meta name=\"robots\" content=\"index, follow, max-snippet:-1, max-image-preview:large, max-video-preview:-1\" \/>\n<link rel=\"canonical\" href=\"https:\/\/ssspdp.ba\/?p=2548\" \/>\n<meta property=\"og:locale\" content=\"en_US\" \/>\n<meta property=\"og:type\" content=\"article\" \/>\n<meta property=\"og:title\" content=\"U POVODU OBILJE\u017dAVANJA SVJETSKOG DANA DOSTOJANSTVENOG RADA SS\u0160PDPBIH ODR\u017dAVA \u201eSINDIKALNU \u0160KOLU 2023\u201c - Samostalni sindikat \u0161umarstva, prerade drveta i papira Bosne i Hercegovine\" \/>\n<meta property=\"og:description\" content=\"7. oktobar\/listopad je progla\u0161en Svjetskim danom dostojanstvenog rada i Me\u0111unarodna konfederacija sindikata (ITUC) ga obilje\u017eava od 2008. godine, a ove godine poru\u010duje \u201eVrijeme je za pove\u0107anje pla\u0107a\u201c, \u0161to predstavlja jedan od najva\u017enijih segmenata sindikalnih aktivnosti kako bi se smanjio ogroman pritisak na radnike i njihova doma\u0107instva zbog inflacije potaknute korporativnim profiterstvom. Samostalni sindikat \u0161umarstva, prerade [&hellip;]\" \/>\n<meta property=\"og:url\" content=\"https:\/\/ssspdp.ba\/?p=2548\" \/>\n<meta property=\"og:site_name\" content=\"Samostalni sindikat \u0161umarstva, prerade drveta i papira Bosne i Hercegovine\" \/>\n<meta property=\"article:publisher\" content=\"https:\/\/www.facebook.com\/Samostalni-sindikat-%c5%a1umarstva-prerade-drveta-i-papira-BiH-1740799582820896\/?ref=page_internal\" \/>\n<meta property=\"article:published_time\" content=\"2023-10-06T18:37:22+00:00\" \/>\n<meta property=\"article:modified_time\" content=\"2023-10-06T20:35:15+00:00\" \/>\n<meta property=\"og:image\" content=\"https:\/\/ssspdp.ba\/wp-content\/uploads\/2023\/10\/Sindikalna-skola-2023-1.jpg\" \/>\n\t<meta property=\"og:image:width\" content=\"1600\" \/>\n\t<meta property=\"og:image:height\" content=\"900\" \/>\n\t<meta property=\"og:image:type\" content=\"image\/jpeg\" \/>\n<meta name=\"author\" content=\"Senudin Jahic\" \/>\n<meta name=\"twitter:card\" content=\"summary_large_image\" \/>\n<meta name=\"twitter:label1\" content=\"Written by\" \/>\n\t<meta name=\"twitter:data1\" content=\"Senudin Jahic\" \/>\n\t<meta name=\"twitter:label2\" content=\"Est. reading time\" \/>\n\t<meta name=\"twitter:data2\" content=\"2 minutes\" \/>\n<script type=\"application\/ld+json\" class=\"yoast-schema-graph\">{\"@context\":\"https:\\\/\\\/schema.org\",\"@graph\":[{\"@type\":\"Article\",\"@id\":\"https:\\\/\\\/ssspdp.ba\\\/?p=2548#article\",\"isPartOf\":{\"@id\":\"https:\\\/\\\/ssspdp.ba\\\/?p=2548\"},\"author\":{\"name\":\"Senudin Jahic\",\"@id\":\"https:\\\/\\\/ssspdp.ba\\\/#\\\/schema\\\/person\\\/ca59c1c3438388dc9efc2e2c1520dd58\"},\"headline\":\"U POVODU OBILJE\u017dAVANJA SVJETSKOG DANA DOSTOJANSTVENOG RADA SS\u0160PDPBIH ODR\u017dAVA \u201eSINDIKALNU \u0160KOLU 2023\u201c\",\"datePublished\":\"2023-10-06T18:37:22+00:00\",\"dateModified\":\"2023-10-06T20:35:15+00:00\",\"mainEntityOfPage\":{\"@id\":\"https:\\\/\\\/ssspdp.ba\\\/?p=2548\"},\"wordCount\":368,\"publisher\":{\"@id\":\"https:\\\/\\\/ssspdp.ba\\\/#organization\"},\"image\":{\"@id\":\"https:\\\/\\\/ssspdp.ba\\\/?p=2548#primaryimage\"},\"thumbnailUrl\":\"https:\\\/\\\/ssspdp.ba\\\/wp-content\\\/uploads\\\/2023\\\/10\\\/Sindikalna-skola-2023-1.jpg\",\"articleSection\":[\"Novosti\",\"Vijesti\"],\"inLanguage\":\"en-US\"},{\"@type\":\"WebPage\",\"@id\":\"https:\\\/\\\/ssspdp.ba\\\/?p=2548\",\"url\":\"https:\\\/\\\/ssspdp.ba\\\/?p=2548\",\"name\":\"U POVODU OBILJE\u017dAVANJA SVJETSKOG DANA DOSTOJANSTVENOG RADA SS\u0160PDPBIH ODR\u017dAVA \u201eSINDIKALNU \u0160KOLU 2023\u201c - Samostalni sindikat \u0161umarstva, prerade drveta i papira Bosne i Hercegovine\",\"isPartOf\":{\"@id\":\"https:\\\/\\\/ssspdp.ba\\\/#website\"},\"primaryImageOfPage\":{\"@id\":\"https:\\\/\\\/ssspdp.ba\\\/?p=2548#primaryimage\"},\"image\":{\"@id\":\"https:\\\/\\\/ssspdp.ba\\\/?p=2548#primaryimage\"},\"thumbnailUrl\":\"https:\\\/\\\/ssspdp.ba\\\/wp-content\\\/uploads\\\/2023\\\/10\\\/Sindikalna-skola-2023-1.jpg\",\"datePublished\":\"2023-10-06T18:37:22+00:00\",\"dateModified\":\"2023-10-06T20:35:15+00:00\",\"breadcrumb\":{\"@id\":\"https:\\\/\\\/ssspdp.ba\\\/?p=2548#breadcrumb\"},\"inLanguage\":\"en-US\",\"potentialAction\":[{\"@type\":\"ReadAction\",\"target\":[\"https:\\\/\\\/ssspdp.ba\\\/?p=2548\"]}]},{\"@type\":\"ImageObject\",\"inLanguage\":\"en-US\",\"@id\":\"https:\\\/\\\/ssspdp.ba\\\/?p=2548#primaryimage\",\"url\":\"https:\\\/\\\/ssspdp.ba\\\/wp-content\\\/uploads\\\/2023\\\/10\\\/Sindikalna-skola-2023-1.jpg\",\"contentUrl\":\"https:\\\/\\\/ssspdp.ba\\\/wp-content\\\/uploads\\\/2023\\\/10\\\/Sindikalna-skola-2023-1.jpg\",\"width\":1600,\"height\":900},{\"@type\":\"BreadcrumbList\",\"@id\":\"https:\\\/\\\/ssspdp.ba\\\/?p=2548#breadcrumb\",\"itemListElement\":[{\"@type\":\"ListItem\",\"position\":1,\"name\":\"Home\",\"item\":\"https:\\\/\\\/ssspdp.ba\\\/\"},{\"@type\":\"ListItem\",\"position\":2,\"name\":\"U POVODU OBILJE\u017dAVANJA SVJETSKOG DANA DOSTOJANSTVENOG RADA SS\u0160PDPBIH ODR\u017dAVA \u201eSINDIKALNU \u0160KOLU 2023\u201c\"}]},{\"@type\":\"WebSite\",\"@id\":\"https:\\\/\\\/ssspdp.ba\\\/#website\",\"url\":\"https:\\\/\\\/ssspdp.ba\\\/\",\"name\":\"Samostalni sindikat \u0161umarstva, prerade drveta i papira Bosne i Hercegovine\",\"description\":\"\",\"publisher\":{\"@id\":\"https:\\\/\\\/ssspdp.ba\\\/#organization\"},\"potentialAction\":[{\"@type\":\"SearchAction\",\"target\":{\"@type\":\"EntryPoint\",\"urlTemplate\":\"https:\\\/\\\/ssspdp.ba\\\/?s={search_term_string}\"},\"query-input\":{\"@type\":\"PropertyValueSpecification\",\"valueRequired\":true,\"valueName\":\"search_term_string\"}}],\"inLanguage\":\"en-US\"},{\"@type\":\"Organization\",\"@id\":\"https:\\\/\\\/ssspdp.ba\\\/#organization\",\"name\":\"Samostalni sindikat \u0161umarstva, prerade drveta i papira Bosne i Hercegovine\",\"url\":\"https:\\\/\\\/ssspdp.ba\\\/\",\"logo\":{\"@type\":\"ImageObject\",\"inLanguage\":\"en-US\",\"@id\":\"https:\\\/\\\/ssspdp.ba\\\/#\\\/schema\\\/logo\\\/image\\\/\",\"url\":\"https:\\\/\\\/ssspdp.ba\\\/wp-content\\\/uploads\\\/2020\\\/10\\\/web-logo.png\",\"contentUrl\":\"https:\\\/\\\/ssspdp.ba\\\/wp-content\\\/uploads\\\/2020\\\/10\\\/web-logo.png\",\"width\":623,\"height\":100,\"caption\":\"Samostalni sindikat \u0161umarstva, prerade drveta i papira Bosne i Hercegovine\"},\"image\":{\"@id\":\"https:\\\/\\\/ssspdp.ba\\\/#\\\/schema\\\/logo\\\/image\\\/\"},\"sameAs\":[\"https:\\\/\\\/www.facebook.com\\\/Samostalni-sindikat-\u0161umarstva-prerade-drveta-i-papira-BiH-1740799582820896\\\/?ref=page_internal\"]},{\"@type\":\"Person\",\"@id\":\"https:\\\/\\\/ssspdp.ba\\\/#\\\/schema\\\/person\\\/ca59c1c3438388dc9efc2e2c1520dd58\",\"name\":\"Senudin Jahic\",\"image\":{\"@type\":\"ImageObject\",\"inLanguage\":\"en-US\",\"@id\":\"https:\\\/\\\/secure.gravatar.com\\\/avatar\\\/4c408c3d0a009ed2e77d9394b7d39ae86e939f4183d1b501926522e8b6ed0820?s=96&d=mm&r=g\",\"url\":\"https:\\\/\\\/secure.gravatar.com\\\/avatar\\\/4c408c3d0a009ed2e77d9394b7d39ae86e939f4183d1b501926522e8b6ed0820?s=96&d=mm&r=g\",\"contentUrl\":\"https:\\\/\\\/secure.gravatar.com\\\/avatar\\\/4c408c3d0a009ed2e77d9394b7d39ae86e939f4183d1b501926522e8b6ed0820?s=96&d=mm&r=g\",\"caption\":\"Senudin Jahic\"},\"sameAs\":[\"http:\\\/\\\/ssspdp.ba\"]}]}<\/script>\n<!-- \/ Yoast SEO plugin. -->","yoast_head_json":{"title":"U POVODU OBILJE\u017dAVANJA SVJETSKOG DANA DOSTOJANSTVENOG RADA SS\u0160PDPBIH ODR\u017dAVA \u201eSINDIKALNU \u0160KOLU 2023\u201c - Samostalni sindikat \u0161umarstva, prerade drveta i papira Bosne i Hercegovine","robots":{"index":"index","follow":"follow","max-snippet":"max-snippet:-1","max-image-preview":"max-image-preview:large","max-video-preview":"max-video-preview:-1"},"canonical":"https:\/\/ssspdp.ba\/?p=2548","og_locale":"en_US","og_type":"article","og_title":"U POVODU OBILJE\u017dAVANJA SVJETSKOG DANA DOSTOJANSTVENOG RADA SS\u0160PDPBIH ODR\u017dAVA \u201eSINDIKALNU \u0160KOLU 2023\u201c - Samostalni sindikat \u0161umarstva, prerade drveta i papira Bosne i Hercegovine","og_description":"7. oktobar\/listopad je progla\u0161en Svjetskim danom dostojanstvenog rada i Me\u0111unarodna konfederacija sindikata (ITUC) ga obilje\u017eava od 2008. godine, a ove godine poru\u010duje \u201eVrijeme je za pove\u0107anje pla\u0107a\u201c, \u0161to predstavlja jedan od najva\u017enijih segmenata sindikalnih aktivnosti kako bi se smanjio ogroman pritisak na radnike i njihova doma\u0107instva zbog inflacije potaknute korporativnim profiterstvom. Samostalni sindikat \u0161umarstva, prerade [&hellip;]","og_url":"https:\/\/ssspdp.ba\/?p=2548","og_site_name":"Samostalni sindikat \u0161umarstva, prerade drveta i papira Bosne i Hercegovine","article_publisher":"https:\/\/www.facebook.com\/Samostalni-sindikat-%c5%a1umarstva-prerade-drveta-i-papira-BiH-1740799582820896\/?ref=page_internal","article_published_time":"2023-10-06T18:37:22+00:00","article_modified_time":"2023-10-06T20:35:15+00:00","og_image":[{"width":1600,"height":900,"url":"https:\/\/ssspdp.ba\/wp-content\/uploads\/2023\/10\/Sindikalna-skola-2023-1.jpg","type":"image\/jpeg"}],"author":"Senudin Jahic","twitter_card":"summary_large_image","twitter_misc":{"Written by":"Senudin Jahic","Est. reading time":"2 minutes"},"schema":{"@context":"https:\/\/schema.org","@graph":[{"@type":"Article","@id":"https:\/\/ssspdp.ba\/?p=2548#article","isPartOf":{"@id":"https:\/\/ssspdp.ba\/?p=2548"},"author":{"name":"Senudin Jahic","@id":"https:\/\/ssspdp.ba\/#\/schema\/person\/ca59c1c3438388dc9efc2e2c1520dd58"},"headline":"U POVODU OBILJE\u017dAVANJA SVJETSKOG DANA DOSTOJANSTVENOG RADA SS\u0160PDPBIH ODR\u017dAVA \u201eSINDIKALNU \u0160KOLU 2023\u201c","datePublished":"2023-10-06T18:37:22+00:00","dateModified":"2023-10-06T20:35:15+00:00","mainEntityOfPage":{"@id":"https:\/\/ssspdp.ba\/?p=2548"},"wordCount":368,"publisher":{"@id":"https:\/\/ssspdp.ba\/#organization"},"image":{"@id":"https:\/\/ssspdp.ba\/?p=2548#primaryimage"},"thumbnailUrl":"https:\/\/ssspdp.ba\/wp-content\/uploads\/2023\/10\/Sindikalna-skola-2023-1.jpg","articleSection":["Novosti","Vijesti"],"inLanguage":"en-US"},{"@type":"WebPage","@id":"https:\/\/ssspdp.ba\/?p=2548","url":"https:\/\/ssspdp.ba\/?p=2548","name":"U POVODU OBILJE\u017dAVANJA SVJETSKOG DANA DOSTOJANSTVENOG RADA SS\u0160PDPBIH ODR\u017dAVA \u201eSINDIKALNU \u0160KOLU 2023\u201c - Samostalni sindikat \u0161umarstva, prerade drveta i papira Bosne i Hercegovine","isPartOf":{"@id":"https:\/\/ssspdp.ba\/#website"},"primaryImageOfPage":{"@id":"https:\/\/ssspdp.ba\/?p=2548#primaryimage"},"image":{"@id":"https:\/\/ssspdp.ba\/?p=2548#primaryimage"},"thumbnailUrl":"https:\/\/ssspdp.ba\/wp-content\/uploads\/2023\/10\/Sindikalna-skola-2023-1.jpg","datePublished":"2023-10-06T18:37:22+00:00","dateModified":"2023-10-06T20:35:15+00:00","breadcrumb":{"@id":"https:\/\/ssspdp.ba\/?p=2548#breadcrumb"},"inLanguage":"en-US","potentialAction":[{"@type":"ReadAction","target":["https:\/\/ssspdp.ba\/?p=2548"]}]},{"@type":"ImageObject","inLanguage":"en-US","@id":"https:\/\/ssspdp.ba\/?p=2548#primaryimage","url":"https:\/\/ssspdp.ba\/wp-content\/uploads\/2023\/10\/Sindikalna-skola-2023-1.jpg","contentUrl":"https:\/\/ssspdp.ba\/wp-content\/uploads\/2023\/10\/Sindikalna-skola-2023-1.jpg","width":1600,"height":900},{"@type":"BreadcrumbList","@id":"https:\/\/ssspdp.ba\/?p=2548#breadcrumb","itemListElement":[{"@type":"ListItem","position":1,"name":"Home","item":"https:\/\/ssspdp.ba\/"},{"@type":"ListItem","position":2,"name":"U POVODU OBILJE\u017dAVANJA SVJETSKOG DANA DOSTOJANSTVENOG RADA SS\u0160PDPBIH ODR\u017dAVA \u201eSINDIKALNU \u0160KOLU 2023\u201c"}]},{"@type":"WebSite","@id":"https:\/\/ssspdp.ba\/#website","url":"https:\/\/ssspdp.ba\/","name":"Samostalni sindikat \u0161umarstva, prerade drveta i papira Bosne i Hercegovine","description":"","publisher":{"@id":"https:\/\/ssspdp.ba\/#organization"},"potentialAction":[{"@type":"SearchAction","target":{"@type":"EntryPoint","urlTemplate":"https:\/\/ssspdp.ba\/?s={search_term_string}"},"query-input":{"@type":"PropertyValueSpecification","valueRequired":true,"valueName":"search_term_string"}}],"inLanguage":"en-US"},{"@type":"Organization","@id":"https:\/\/ssspdp.ba\/#organization","name":"Samostalni sindikat \u0161umarstva, prerade drveta i papira Bosne i Hercegovine","url":"https:\/\/ssspdp.ba\/","logo":{"@type":"ImageObject","inLanguage":"en-US","@id":"https:\/\/ssspdp.ba\/#\/schema\/logo\/image\/","url":"https:\/\/ssspdp.ba\/wp-content\/uploads\/2020\/10\/web-logo.png","contentUrl":"https:\/\/ssspdp.ba\/wp-content\/uploads\/2020\/10\/web-logo.png","width":623,"height":100,"caption":"Samostalni sindikat \u0161umarstva, prerade drveta i papira Bosne i Hercegovine"},"image":{"@id":"https:\/\/ssspdp.ba\/#\/schema\/logo\/image\/"},"sameAs":["https:\/\/www.facebook.com\/Samostalni-sindikat-\u0161umarstva-prerade-drveta-i-papira-BiH-1740799582820896\/?ref=page_internal"]},{"@type":"Person","@id":"https:\/\/ssspdp.ba\/#\/schema\/person\/ca59c1c3438388dc9efc2e2c1520dd58","name":"Senudin Jahic","image":{"@type":"ImageObject","inLanguage":"en-US","@id":"https:\/\/secure.gravatar.com\/avatar\/4c408c3d0a009ed2e77d9394b7d39ae86e939f4183d1b501926522e8b6ed0820?s=96&d=mm&r=g","url":"https:\/\/secure.gravatar.com\/avatar\/4c408c3d0a009ed2e77d9394b7d39ae86e939f4183d1b501926522e8b6ed0820?s=96&d=mm&r=g","contentUrl":"https:\/\/secure.gravatar.com\/avatar\/4c408c3d0a009ed2e77d9394b7d39ae86e939f4183d1b501926522e8b6ed0820?s=96&d=mm&r=g","caption":"Senudin Jahic"},"sameAs":["http:\/\/ssspdp.ba"]}]}},"_links":{"self":[{"href":"https:\/\/ssspdp.ba\/index.php?rest_route=\/wp\/v2\/posts\/2548","targetHints":{"allow":["GET"]}}],"collection":[{"href":"https:\/\/ssspdp.ba\/index.php?rest_route=\/wp\/v2\/posts"}],"about":[{"href":"https:\/\/ssspdp.ba\/index.php?rest_route=\/wp\/v2\/types\/post"}],"author":[{"embeddable":true,"href":"https:\/\/ssspdp.ba\/index.php?rest_route=\/wp\/v2\/users\/2"}],"replies":[{"embeddable":true,"href":"https:\/\/ssspdp.ba\/index.php?rest_route=%2Fwp%2Fv2%2Fcomments&post=2548"}],"version-history":[{"count":2,"href":"https:\/\/ssspdp.ba\/index.php?rest_route=\/wp\/v2\/posts\/2548\/revisions"}],"predecessor-version":[{"id":2559,"href":"https:\/\/ssspdp.ba\/index.php?rest_route=\/wp\/v2\/posts\/2548\/revisions\/2559"}],"wp:featuredmedia":[{"embeddable":true,"href":"https:\/\/ssspdp.ba\/index.php?rest_route=\/wp\/v2\/media\/2549"}],"wp:attachment":[{"href":"https:\/\/ssspdp.ba\/index.php?rest_route=%2Fwp%2Fv2%2Fmedia&parent=2548"}],"wp:term":[{"taxonomy":"category","embeddable":true,"href":"https:\/\/ssspdp.ba\/index.php?rest_route=%2Fwp%2Fv2%2Fcategories&post=2548"},{"taxonomy":"post_tag","embeddable":true,"href":"https:\/\/ssspdp.ba\/index.php?rest_route=%2Fwp%2Fv2%2Ftags&post=2548"}],"curies":[{"name":"wp","href":"https:\/\/api.w.org\/{rel}","templated":true}]}}