{"id":2624,"date":"2023-11-30T16:31:00","date_gmt":"2023-11-30T15:31:00","guid":{"rendered":"https:\/\/ssspdp.ba\/?p=2624"},"modified":"2023-12-01T17:31:48","modified_gmt":"2023-12-01T16:31:48","slug":"16-dana-aktivizma-zagrijte-borbu-za-zenska-prava-a-ne-planetu-prekinite-rodno-zasnovano-nasilje","status":"publish","type":"post","link":"https:\/\/ssspdp.ba\/?p=2624","title":{"rendered":"16 DANA AKTIVIZMA: ZAGRIJTE BORBU ZA \u017dENSKA PRAVA, A NE PLANETU! PREKINITE RODNO ZASNOVANO NASILJE"},"content":{"rendered":"\n<p>\u017dENE \u0160IROM SVIJETA 25. NOVEMBRA OBILJE\u017dAVAJU ME\u0110UNARODNI DAN BORBE PROTIV NASILJA NAD \u017dENAMA \u010cIME ZAPO\u010cINJE 16-DNEVNA KAMPANJA AKTIVIZMA PROTIV RODNO ZASNOVANOG NASILJA<\/p>\n\n\n\n<p>U toku je 16-dnevna kampanja protiv rodno zasnovanog nasilja koja \u0107e trajati do 10. decembra. SS\u0160PDP BIH je, kako samostalno, tako i kao \u010dlanica BWI-ja, intenzivno uklju\u010den u aktivnosti u ovoj oblasti i ovu tematiku je intenzivno obra\u0111ivao u toku svoje ovogodi\u0161nje manifestacije \u201eSindikalna \u0161kola 2023\u201c u svrhu \u0161irenja svijesti o potrebi sistemske borbe protiv rodno zasnovanog nasilja, kako na radnom mjestu, tako i u porodici.<\/p>\n\n\n\n<p>Povodom ovogodi\u0161nje kampanje u sklopu \u201e16 dana aktivizma\u201c prenosimo saop\u0107enje na\u0161e krovne organizacije BWI:\u201e<\/p>\n\n\n\n<p>Kao i svake godine, \u010dlanice BWI pridru\u017eit \u0107e se kampanji 16 dana aktivizma i pozvati da se okon\u010daju svi oblici rodno zasnovanog nasilja u ku\u0107i i na radnom mjestu. Za mnoge \u017eene radnice u gra\u0111evinarstvu, drvnoj i \u0161umarskoj industriji, mnoga radna mjesta ostaju te\u0161ka i opasna s velikim brojem slu\u010dajeva rodno zasnovanog nasilja. One trpe uticaj stereotipne kulture kojom dominiraju mu\u0161karci i koja pogre\u0161no pretpostavlja da radnice \u201enisu sposobne\u201d da rade poslove u razli\u010ditim zanatima. \u0160tavi\u0161e, mnoga radna mesta se smatraju \u201eprljavim\u201c zbog opasnih materijala i drugih uslova u okolini. Op\u0161te je poznato da industrijske grane u kojima rade \u010dlanovi sindikata u sklopu BWI daju zna\u010dajan doprinos klimatskim promjenama jer emituju u prosjeku vi\u0161e od 40 posto godi\u0161njih emisija stakleni\u010dkih plinova (GHG).<\/p>\n\n\n\n<p>Klimatske promjene \u010dine rad u industrijskim granama koje se smatraju povezanim sa djelatno\u0161\u0107u BWI opasnijim, a u mnogim slu\u010dajevima i nepodno\u0161ljivim za zdravlje radnika. Ekstremni toplotni talasi, degradacija \u017eivotne sredine i druge katastrofe izazvane klimom nisu daleka apstrakcija, ve\u0107 nova normala za organizacije \u010dlanice BWI. Ekstremne temperature i vremenski doga\u0111aji ugro\u017eavaju fizi\u010dko i mentalno zdravlje radnika, intenziviraju opasnosti po zdravlje i sigurnost radnika na otvorenom, pa \u010dak dovode i do smrtnih slu\u010dajeva.<\/p>\n\n\n\n<p>Za radnice BWI-a, globalna klimatska kriza nikada nije rodno neutralna. Ekstremni vremenski doga\u0111aji povezani sa klimatskom krizom, koji se poja\u010davaju i uporno uti\u010du na proces rada i borbu za zadr\u017eavanje posla, izme\u0111u ostalog, pogor\u0161avaju i rodno zasnovano nasilje. Pojava ekstremnih vremenskih prilika produbljuje rodnu podjelu. To donosi socio-ekonomsku nestabilnost, raseljavanje, manjak sigurnosti i pove\u0107ane potrebe vezane za zdravstvenu za\u0161titu, a najve\u0107i teret nose radnice. Radnice su prve koje gube posao ili su potisnute u podru\u010dje neformalnog rada, rad kod ku\u0107e ili neuslovna radna mjesta u proizvodnji gra\u0111evinskih elemenata, \u0161to dodatno produbljuje diskriminaciju i izlo\u017eenost rodno zasnovanom nasilju.<\/p>\n\n\n\n<p>Rodno zasnovano nasilje je jedan od ekstremnih oblika diskriminacije i nejednakosti. Kako klimatske promjene pove\u0107avaju ranjivost \u017eena na sve oblike diskriminacije i nasilja, neophodno je u sve strategije za borbu protiv klimatske krize integrirati i borbu za eliminaciju rodno zasnovanog nasilja. Da bi se osigurala pravi\u010dnost u pravednoj tranziciji, treba da postoji puno, efektivno i smisleno u\u010de\u0161\u0107e i vo\u0111stvo radnica u industriji. Samo osiguravanjem u\u010de\u0161\u0107a i liderstva \u017eena mo\u017eemo im efektivno omogu\u0107iti da identifikuju izazove i rje\u0161enja za njihove izazove koji se me\u0111usobno ukr\u0161taju. \u010cine\u0107i to, mnoga radna mjesta koja su se nekada smatrala te\u0161kim, opasnim i prljavim kona\u010dno \u0107e postati kvalifikovana, sigurna i odr\u017eiva radna mjesta bez svih oblika rodno zasnovanog nasilja i zlostavljanja.<\/p>\n\n\n\n<p>Pod sloganom \u201eZagrijte borbu za \u017eenska prava, a ne planetu! Prekinite rodno zasnovano nasilje!\u201c, BWI navodi da je za\u0161tita i promocija bezbjednog i inkluzivnog radnog okru\u017eenja bez nasilja i diskriminacije nad \u017eenama klju\u010dna za postizanje rodne ravnopravnosti i efikasno ubla\u017eavanje i prilago\u0111avanje klimatskim promenama. U industrijskim granama u kojima je BWI aktivno prisutan i koje su pod velikim uticajem klimatskih promjena, imperativ je da jednakost i jednakost budu uklju\u010deni u programe i prakse u cilju promocije pravedne tranzicije koja koristi svim radnicima.\u201c<\/p>\n<span class=\"et_bloom_bottom_trigger\"><\/span>","protected":false},"excerpt":{"rendered":"<p>\u017dENE \u0160IROM SVIJETA 25. NOVEMBRA OBILJE\u017dAVAJU ME\u0110UNARODNI DAN BORBE PROTIV NASILJA NAD \u017dENAMA \u010cIME ZAPO\u010cINJE 16-DNEVNA KAMPANJA AKTIVIZMA PROTIV RODNO ZASNOVANOG NASILJA U toku je 16-dnevna kampanja protiv rodno zasnovanog nasilja koja \u0107e trajati do 10. decembra. SS\u0160PDP BIH je, kako samostalno, tako i kao \u010dlanica BWI-ja, intenzivno uklju\u010den u aktivnosti u ovoj oblasti i [&hellip;]<\/p>\n","protected":false},"author":2,"featured_media":2625,"comment_status":"closed","ping_status":"open","sticky":false,"template":"","format":"standard","meta":{"_et_pb_use_builder":"off","_et_pb_old_content":"","_et_gb_content_width":"","footnotes":""},"categories":[32,42],"tags":[],"class_list":["post-2624","post","type-post","status-publish","format-standard","has-post-thumbnail","hentry","category-novosti","category-vijesti"],"yoast_head":"<!-- This site is optimized with the Yoast SEO plugin v27.5 - https:\/\/yoast.com\/product\/yoast-seo-wordpress\/ -->\n<title>16 DANA AKTIVIZMA: ZAGRIJTE BORBU ZA \u017dENSKA PRAVA, A NE PLANETU! PREKINITE RODNO ZASNOVANO NASILJE - Samostalni sindikat \u0161umarstva, prerade drveta i papira Bosne i Hercegovine<\/title>\n<meta name=\"robots\" content=\"index, follow, max-snippet:-1, max-image-preview:large, max-video-preview:-1\" \/>\n<link rel=\"canonical\" href=\"https:\/\/ssspdp.ba\/?p=2624\" \/>\n<meta property=\"og:locale\" content=\"en_US\" \/>\n<meta property=\"og:type\" content=\"article\" \/>\n<meta property=\"og:title\" content=\"16 DANA AKTIVIZMA: ZAGRIJTE BORBU ZA \u017dENSKA PRAVA, A NE PLANETU! PREKINITE RODNO ZASNOVANO NASILJE - Samostalni sindikat \u0161umarstva, prerade drveta i papira Bosne i Hercegovine\" \/>\n<meta property=\"og:description\" content=\"\u017dENE \u0160IROM SVIJETA 25. NOVEMBRA OBILJE\u017dAVAJU ME\u0110UNARODNI DAN BORBE PROTIV NASILJA NAD \u017dENAMA \u010cIME ZAPO\u010cINJE 16-DNEVNA KAMPANJA AKTIVIZMA PROTIV RODNO ZASNOVANOG NASILJA U toku je 16-dnevna kampanja protiv rodno zasnovanog nasilja koja \u0107e trajati do 10. decembra. SS\u0160PDP BIH je, kako samostalno, tako i kao \u010dlanica BWI-ja, intenzivno uklju\u010den u aktivnosti u ovoj oblasti i [&hellip;]\" \/>\n<meta property=\"og:url\" content=\"https:\/\/ssspdp.ba\/?p=2624\" \/>\n<meta property=\"og:site_name\" content=\"Samostalni sindikat \u0161umarstva, prerade drveta i papira Bosne i Hercegovine\" \/>\n<meta property=\"article:publisher\" content=\"https:\/\/www.facebook.com\/Samostalni-sindikat-%c5%a1umarstva-prerade-drveta-i-papira-BiH-1740799582820896\/?ref=page_internal\" \/>\n<meta property=\"article:published_time\" content=\"2023-11-30T15:31:00+00:00\" \/>\n<meta property=\"article:modified_time\" content=\"2023-12-01T16:31:48+00:00\" \/>\n<meta property=\"og:image\" content=\"https:\/\/ssspdp.ba\/wp-content\/uploads\/2023\/12\/16-dana-aktivizma-2023.jpg\" \/>\n\t<meta property=\"og:image:width\" content=\"1448\" \/>\n\t<meta property=\"og:image:height\" content=\"2048\" \/>\n\t<meta property=\"og:image:type\" content=\"image\/jpeg\" \/>\n<meta name=\"author\" content=\"Senudin Jahic\" \/>\n<meta name=\"twitter:card\" content=\"summary_large_image\" \/>\n<meta name=\"twitter:label1\" content=\"Written by\" \/>\n\t<meta name=\"twitter:data1\" content=\"Senudin Jahic\" \/>\n\t<meta name=\"twitter:label2\" content=\"Est. reading time\" \/>\n\t<meta name=\"twitter:data2\" content=\"3 minutes\" \/>\n<script type=\"application\/ld+json\" class=\"yoast-schema-graph\">{\"@context\":\"https:\\\/\\\/schema.org\",\"@graph\":[{\"@type\":\"Article\",\"@id\":\"https:\\\/\\\/ssspdp.ba\\\/?p=2624#article\",\"isPartOf\":{\"@id\":\"https:\\\/\\\/ssspdp.ba\\\/?p=2624\"},\"author\":{\"name\":\"Senudin Jahic\",\"@id\":\"https:\\\/\\\/ssspdp.ba\\\/#\\\/schema\\\/person\\\/ca59c1c3438388dc9efc2e2c1520dd58\"},\"headline\":\"16 DANA AKTIVIZMA: ZAGRIJTE BORBU ZA \u017dENSKA PRAVA, A NE PLANETU! PREKINITE RODNO ZASNOVANO NASILJE\",\"datePublished\":\"2023-11-30T15:31:00+00:00\",\"dateModified\":\"2023-12-01T16:31:48+00:00\",\"mainEntityOfPage\":{\"@id\":\"https:\\\/\\\/ssspdp.ba\\\/?p=2624\"},\"wordCount\":665,\"publisher\":{\"@id\":\"https:\\\/\\\/ssspdp.ba\\\/#organization\"},\"image\":{\"@id\":\"https:\\\/\\\/ssspdp.ba\\\/?p=2624#primaryimage\"},\"thumbnailUrl\":\"https:\\\/\\\/ssspdp.ba\\\/wp-content\\\/uploads\\\/2023\\\/12\\\/16-dana-aktivizma-2023.jpg\",\"articleSection\":[\"Novosti\",\"Vijesti\"],\"inLanguage\":\"en-US\"},{\"@type\":\"WebPage\",\"@id\":\"https:\\\/\\\/ssspdp.ba\\\/?p=2624\",\"url\":\"https:\\\/\\\/ssspdp.ba\\\/?p=2624\",\"name\":\"16 DANA AKTIVIZMA: ZAGRIJTE BORBU ZA \u017dENSKA PRAVA, A NE PLANETU! PREKINITE RODNO ZASNOVANO NASILJE - Samostalni sindikat \u0161umarstva, prerade drveta i papira Bosne i Hercegovine\",\"isPartOf\":{\"@id\":\"https:\\\/\\\/ssspdp.ba\\\/#website\"},\"primaryImageOfPage\":{\"@id\":\"https:\\\/\\\/ssspdp.ba\\\/?p=2624#primaryimage\"},\"image\":{\"@id\":\"https:\\\/\\\/ssspdp.ba\\\/?p=2624#primaryimage\"},\"thumbnailUrl\":\"https:\\\/\\\/ssspdp.ba\\\/wp-content\\\/uploads\\\/2023\\\/12\\\/16-dana-aktivizma-2023.jpg\",\"datePublished\":\"2023-11-30T15:31:00+00:00\",\"dateModified\":\"2023-12-01T16:31:48+00:00\",\"breadcrumb\":{\"@id\":\"https:\\\/\\\/ssspdp.ba\\\/?p=2624#breadcrumb\"},\"inLanguage\":\"en-US\",\"potentialAction\":[{\"@type\":\"ReadAction\",\"target\":[\"https:\\\/\\\/ssspdp.ba\\\/?p=2624\"]}]},{\"@type\":\"ImageObject\",\"inLanguage\":\"en-US\",\"@id\":\"https:\\\/\\\/ssspdp.ba\\\/?p=2624#primaryimage\",\"url\":\"https:\\\/\\\/ssspdp.ba\\\/wp-content\\\/uploads\\\/2023\\\/12\\\/16-dana-aktivizma-2023.jpg\",\"contentUrl\":\"https:\\\/\\\/ssspdp.ba\\\/wp-content\\\/uploads\\\/2023\\\/12\\\/16-dana-aktivizma-2023.jpg\",\"width\":1448,\"height\":2048},{\"@type\":\"BreadcrumbList\",\"@id\":\"https:\\\/\\\/ssspdp.ba\\\/?p=2624#breadcrumb\",\"itemListElement\":[{\"@type\":\"ListItem\",\"position\":1,\"name\":\"Home\",\"item\":\"https:\\\/\\\/ssspdp.ba\\\/\"},{\"@type\":\"ListItem\",\"position\":2,\"name\":\"16 DANA AKTIVIZMA: ZAGRIJTE BORBU ZA \u017dENSKA PRAVA, A NE PLANETU! PREKINITE RODNO ZASNOVANO NASILJE\"}]},{\"@type\":\"WebSite\",\"@id\":\"https:\\\/\\\/ssspdp.ba\\\/#website\",\"url\":\"https:\\\/\\\/ssspdp.ba\\\/\",\"name\":\"Samostalni sindikat \u0161umarstva, prerade drveta i papira Bosne i Hercegovine\",\"description\":\"\",\"publisher\":{\"@id\":\"https:\\\/\\\/ssspdp.ba\\\/#organization\"},\"potentialAction\":[{\"@type\":\"SearchAction\",\"target\":{\"@type\":\"EntryPoint\",\"urlTemplate\":\"https:\\\/\\\/ssspdp.ba\\\/?s={search_term_string}\"},\"query-input\":{\"@type\":\"PropertyValueSpecification\",\"valueRequired\":true,\"valueName\":\"search_term_string\"}}],\"inLanguage\":\"en-US\"},{\"@type\":\"Organization\",\"@id\":\"https:\\\/\\\/ssspdp.ba\\\/#organization\",\"name\":\"Samostalni sindikat \u0161umarstva, prerade drveta i papira Bosne i Hercegovine\",\"url\":\"https:\\\/\\\/ssspdp.ba\\\/\",\"logo\":{\"@type\":\"ImageObject\",\"inLanguage\":\"en-US\",\"@id\":\"https:\\\/\\\/ssspdp.ba\\\/#\\\/schema\\\/logo\\\/image\\\/\",\"url\":\"https:\\\/\\\/ssspdp.ba\\\/wp-content\\\/uploads\\\/2020\\\/10\\\/web-logo.png\",\"contentUrl\":\"https:\\\/\\\/ssspdp.ba\\\/wp-content\\\/uploads\\\/2020\\\/10\\\/web-logo.png\",\"width\":623,\"height\":100,\"caption\":\"Samostalni sindikat \u0161umarstva, prerade drveta i papira Bosne i Hercegovine\"},\"image\":{\"@id\":\"https:\\\/\\\/ssspdp.ba\\\/#\\\/schema\\\/logo\\\/image\\\/\"},\"sameAs\":[\"https:\\\/\\\/www.facebook.com\\\/Samostalni-sindikat-\u0161umarstva-prerade-drveta-i-papira-BiH-1740799582820896\\\/?ref=page_internal\"]},{\"@type\":\"Person\",\"@id\":\"https:\\\/\\\/ssspdp.ba\\\/#\\\/schema\\\/person\\\/ca59c1c3438388dc9efc2e2c1520dd58\",\"name\":\"Senudin Jahic\",\"image\":{\"@type\":\"ImageObject\",\"inLanguage\":\"en-US\",\"@id\":\"https:\\\/\\\/secure.gravatar.com\\\/avatar\\\/4c408c3d0a009ed2e77d9394b7d39ae86e939f4183d1b501926522e8b6ed0820?s=96&d=mm&r=g\",\"url\":\"https:\\\/\\\/secure.gravatar.com\\\/avatar\\\/4c408c3d0a009ed2e77d9394b7d39ae86e939f4183d1b501926522e8b6ed0820?s=96&d=mm&r=g\",\"contentUrl\":\"https:\\\/\\\/secure.gravatar.com\\\/avatar\\\/4c408c3d0a009ed2e77d9394b7d39ae86e939f4183d1b501926522e8b6ed0820?s=96&d=mm&r=g\",\"caption\":\"Senudin Jahic\"},\"sameAs\":[\"http:\\\/\\\/ssspdp.ba\"]}]}<\/script>\n<!-- \/ Yoast SEO plugin. -->","yoast_head_json":{"title":"16 DANA AKTIVIZMA: ZAGRIJTE BORBU ZA \u017dENSKA PRAVA, A NE PLANETU! PREKINITE RODNO ZASNOVANO NASILJE - Samostalni sindikat \u0161umarstva, prerade drveta i papira Bosne i Hercegovine","robots":{"index":"index","follow":"follow","max-snippet":"max-snippet:-1","max-image-preview":"max-image-preview:large","max-video-preview":"max-video-preview:-1"},"canonical":"https:\/\/ssspdp.ba\/?p=2624","og_locale":"en_US","og_type":"article","og_title":"16 DANA AKTIVIZMA: ZAGRIJTE BORBU ZA \u017dENSKA PRAVA, A NE PLANETU! PREKINITE RODNO ZASNOVANO NASILJE - Samostalni sindikat \u0161umarstva, prerade drveta i papira Bosne i Hercegovine","og_description":"\u017dENE \u0160IROM SVIJETA 25. NOVEMBRA OBILJE\u017dAVAJU ME\u0110UNARODNI DAN BORBE PROTIV NASILJA NAD \u017dENAMA \u010cIME ZAPO\u010cINJE 16-DNEVNA KAMPANJA AKTIVIZMA PROTIV RODNO ZASNOVANOG NASILJA U toku je 16-dnevna kampanja protiv rodno zasnovanog nasilja koja \u0107e trajati do 10. decembra. SS\u0160PDP BIH je, kako samostalno, tako i kao \u010dlanica BWI-ja, intenzivno uklju\u010den u aktivnosti u ovoj oblasti i [&hellip;]","og_url":"https:\/\/ssspdp.ba\/?p=2624","og_site_name":"Samostalni sindikat \u0161umarstva, prerade drveta i papira Bosne i Hercegovine","article_publisher":"https:\/\/www.facebook.com\/Samostalni-sindikat-%c5%a1umarstva-prerade-drveta-i-papira-BiH-1740799582820896\/?ref=page_internal","article_published_time":"2023-11-30T15:31:00+00:00","article_modified_time":"2023-12-01T16:31:48+00:00","og_image":[{"width":1448,"height":2048,"url":"https:\/\/ssspdp.ba\/wp-content\/uploads\/2023\/12\/16-dana-aktivizma-2023.jpg","type":"image\/jpeg"}],"author":"Senudin Jahic","twitter_card":"summary_large_image","twitter_misc":{"Written by":"Senudin Jahic","Est. reading time":"3 minutes"},"schema":{"@context":"https:\/\/schema.org","@graph":[{"@type":"Article","@id":"https:\/\/ssspdp.ba\/?p=2624#article","isPartOf":{"@id":"https:\/\/ssspdp.ba\/?p=2624"},"author":{"name":"Senudin Jahic","@id":"https:\/\/ssspdp.ba\/#\/schema\/person\/ca59c1c3438388dc9efc2e2c1520dd58"},"headline":"16 DANA AKTIVIZMA: ZAGRIJTE BORBU ZA \u017dENSKA PRAVA, A NE PLANETU! PREKINITE RODNO ZASNOVANO NASILJE","datePublished":"2023-11-30T15:31:00+00:00","dateModified":"2023-12-01T16:31:48+00:00","mainEntityOfPage":{"@id":"https:\/\/ssspdp.ba\/?p=2624"},"wordCount":665,"publisher":{"@id":"https:\/\/ssspdp.ba\/#organization"},"image":{"@id":"https:\/\/ssspdp.ba\/?p=2624#primaryimage"},"thumbnailUrl":"https:\/\/ssspdp.ba\/wp-content\/uploads\/2023\/12\/16-dana-aktivizma-2023.jpg","articleSection":["Novosti","Vijesti"],"inLanguage":"en-US"},{"@type":"WebPage","@id":"https:\/\/ssspdp.ba\/?p=2624","url":"https:\/\/ssspdp.ba\/?p=2624","name":"16 DANA AKTIVIZMA: ZAGRIJTE BORBU ZA \u017dENSKA PRAVA, A NE PLANETU! PREKINITE RODNO ZASNOVANO NASILJE - Samostalni sindikat \u0161umarstva, prerade drveta i papira Bosne i Hercegovine","isPartOf":{"@id":"https:\/\/ssspdp.ba\/#website"},"primaryImageOfPage":{"@id":"https:\/\/ssspdp.ba\/?p=2624#primaryimage"},"image":{"@id":"https:\/\/ssspdp.ba\/?p=2624#primaryimage"},"thumbnailUrl":"https:\/\/ssspdp.ba\/wp-content\/uploads\/2023\/12\/16-dana-aktivizma-2023.jpg","datePublished":"2023-11-30T15:31:00+00:00","dateModified":"2023-12-01T16:31:48+00:00","breadcrumb":{"@id":"https:\/\/ssspdp.ba\/?p=2624#breadcrumb"},"inLanguage":"en-US","potentialAction":[{"@type":"ReadAction","target":["https:\/\/ssspdp.ba\/?p=2624"]}]},{"@type":"ImageObject","inLanguage":"en-US","@id":"https:\/\/ssspdp.ba\/?p=2624#primaryimage","url":"https:\/\/ssspdp.ba\/wp-content\/uploads\/2023\/12\/16-dana-aktivizma-2023.jpg","contentUrl":"https:\/\/ssspdp.ba\/wp-content\/uploads\/2023\/12\/16-dana-aktivizma-2023.jpg","width":1448,"height":2048},{"@type":"BreadcrumbList","@id":"https:\/\/ssspdp.ba\/?p=2624#breadcrumb","itemListElement":[{"@type":"ListItem","position":1,"name":"Home","item":"https:\/\/ssspdp.ba\/"},{"@type":"ListItem","position":2,"name":"16 DANA AKTIVIZMA: ZAGRIJTE BORBU ZA \u017dENSKA PRAVA, A NE PLANETU! PREKINITE RODNO ZASNOVANO NASILJE"}]},{"@type":"WebSite","@id":"https:\/\/ssspdp.ba\/#website","url":"https:\/\/ssspdp.ba\/","name":"Samostalni sindikat \u0161umarstva, prerade drveta i papira Bosne i Hercegovine","description":"","publisher":{"@id":"https:\/\/ssspdp.ba\/#organization"},"potentialAction":[{"@type":"SearchAction","target":{"@type":"EntryPoint","urlTemplate":"https:\/\/ssspdp.ba\/?s={search_term_string}"},"query-input":{"@type":"PropertyValueSpecification","valueRequired":true,"valueName":"search_term_string"}}],"inLanguage":"en-US"},{"@type":"Organization","@id":"https:\/\/ssspdp.ba\/#organization","name":"Samostalni sindikat \u0161umarstva, prerade drveta i papira Bosne i Hercegovine","url":"https:\/\/ssspdp.ba\/","logo":{"@type":"ImageObject","inLanguage":"en-US","@id":"https:\/\/ssspdp.ba\/#\/schema\/logo\/image\/","url":"https:\/\/ssspdp.ba\/wp-content\/uploads\/2020\/10\/web-logo.png","contentUrl":"https:\/\/ssspdp.ba\/wp-content\/uploads\/2020\/10\/web-logo.png","width":623,"height":100,"caption":"Samostalni sindikat \u0161umarstva, prerade drveta i papira Bosne i Hercegovine"},"image":{"@id":"https:\/\/ssspdp.ba\/#\/schema\/logo\/image\/"},"sameAs":["https:\/\/www.facebook.com\/Samostalni-sindikat-\u0161umarstva-prerade-drveta-i-papira-BiH-1740799582820896\/?ref=page_internal"]},{"@type":"Person","@id":"https:\/\/ssspdp.ba\/#\/schema\/person\/ca59c1c3438388dc9efc2e2c1520dd58","name":"Senudin Jahic","image":{"@type":"ImageObject","inLanguage":"en-US","@id":"https:\/\/secure.gravatar.com\/avatar\/4c408c3d0a009ed2e77d9394b7d39ae86e939f4183d1b501926522e8b6ed0820?s=96&d=mm&r=g","url":"https:\/\/secure.gravatar.com\/avatar\/4c408c3d0a009ed2e77d9394b7d39ae86e939f4183d1b501926522e8b6ed0820?s=96&d=mm&r=g","contentUrl":"https:\/\/secure.gravatar.com\/avatar\/4c408c3d0a009ed2e77d9394b7d39ae86e939f4183d1b501926522e8b6ed0820?s=96&d=mm&r=g","caption":"Senudin Jahic"},"sameAs":["http:\/\/ssspdp.ba"]}]}},"_links":{"self":[{"href":"https:\/\/ssspdp.ba\/index.php?rest_route=\/wp\/v2\/posts\/2624","targetHints":{"allow":["GET"]}}],"collection":[{"href":"https:\/\/ssspdp.ba\/index.php?rest_route=\/wp\/v2\/posts"}],"about":[{"href":"https:\/\/ssspdp.ba\/index.php?rest_route=\/wp\/v2\/types\/post"}],"author":[{"embeddable":true,"href":"https:\/\/ssspdp.ba\/index.php?rest_route=\/wp\/v2\/users\/2"}],"replies":[{"embeddable":true,"href":"https:\/\/ssspdp.ba\/index.php?rest_route=%2Fwp%2Fv2%2Fcomments&post=2624"}],"version-history":[{"count":1,"href":"https:\/\/ssspdp.ba\/index.php?rest_route=\/wp\/v2\/posts\/2624\/revisions"}],"predecessor-version":[{"id":2626,"href":"https:\/\/ssspdp.ba\/index.php?rest_route=\/wp\/v2\/posts\/2624\/revisions\/2626"}],"wp:featuredmedia":[{"embeddable":true,"href":"https:\/\/ssspdp.ba\/index.php?rest_route=\/wp\/v2\/media\/2625"}],"wp:attachment":[{"href":"https:\/\/ssspdp.ba\/index.php?rest_route=%2Fwp%2Fv2%2Fmedia&parent=2624"}],"wp:term":[{"taxonomy":"category","embeddable":true,"href":"https:\/\/ssspdp.ba\/index.php?rest_route=%2Fwp%2Fv2%2Fcategories&post=2624"},{"taxonomy":"post_tag","embeddable":true,"href":"https:\/\/ssspdp.ba\/index.php?rest_route=%2Fwp%2Fv2%2Ftags&post=2624"}],"curies":[{"name":"wp","href":"https:\/\/api.w.org\/{rel}","templated":true}]}}