{"id":2631,"date":"2023-12-09T14:22:25","date_gmt":"2023-12-09T13:22:25","guid":{"rendered":"https:\/\/ssspdp.ba\/?p=2631"},"modified":"2023-12-09T14:27:51","modified_gmt":"2023-12-09T13:27:51","slug":"poziv-na-akciju-dan-ljudskih-prava-recite-ne-krajnjoj-desnici-i-fasizmu-recite-da-ljudskim-pravima","status":"publish","type":"post","link":"https:\/\/ssspdp.ba\/?p=2631","title":{"rendered":"POZIV NA AKCIJU \u2013 DAN LJUDSKIH PRAVA. RECITE NE KRAJNJOJ DESNICI I FA\u0160IZMU! RECITE DA LJUDSKIM PRAVIMA!"},"content":{"rendered":"\n<p>Povodom sutra\u0161njeg Dana ljudskih prava objavljujemo sljede\u0107e saop\u0107enje:<\/p>\n\n\n\n<p>\u201eNa ovogodi\u0161nji Dan ljudskih prava obilje\u017eavamo 75. obljetnicu usvajanja Univerzalne deklaracije o ljudskim pravima koja postoji od 1948. godine. Uprkos svakodnevnim ozbiljnim kr\u0161enjima ljudskih prava, ova deklaracija razra\u0111uje principe koji predstavljaju temelj dostojanstvenog dru\u0161tva u sklopu na\u0161e globalne zajednice.<\/p>\n\n\n\n<p>Borba za ljudska prava zavisi od jedinstva, kolektivne snage i koordiniranog djelovanja. Kad god i gdje god su ova prava ugro\u017eena, sindikati su tu da ih brane. Ne postoji sna\u017enija transformativna sila u na\u0161im dru\u0161tvima od organizovanih radnika. Ravnote\u017eu mo\u0107i na radnom mjestu i u na\u0161im zajednicama mo\u017eemo promijeniti snagom kolektivne solidarnosti i djelovanja.<\/p>\n\n\n\n<p>Na globalnoj sceni se uzdi\u017eu na vlast ideje i prakse krajnje desnice, te nasilni, destruktivni i populisti\u010dki nacionalizam desni\u010darskih grupa kao i retorika koja podsti\u010de podjele. Gdje god se to dogodi, ograni\u010davaju se ljudska, radni\u010dka i sindikalna prava. Kad nisu u vlasti, krajnji desni\u010dari napadaju dru\u0161tvene elite, koriste\u0107i se bijesom i strahom koji se nagomilao u narodu, me\u0111utim, \u010dim budu izabrani, oni slu\u017ee interesima tih istih elita. Oni donose rat, smrt i razaranje. Nikada nisu bili i nikada ne\u0107e biti saveznici radni\u010dke klase. Oni napadaju jedinstvo radnika jer shvataju, da na\u0161i sindikati mogu pokrenuti promjene u dru\u0161tvu ako aktivno afirmi\u0161emo sljede\u0107e vrijednosti:<\/p>\n\n\n\n<p>\u2022 Odbrana ljudskih prava radnika;<br>\u2022 Ja\u010danje i razvoj sistema socijalne za\u0161tite i usluga;<br>\u2022 Uklju\u010divanje i po\u0161tovanje svih kako bi postigli dru\u0161tvo bez diskriminacije bez obzira na pol, rasu, etni\u010dku pripadnost, dr\u017eavljanstvo, zemlju porijekla, vjeru, radni status ili druge osobine \u010dovjeka;<br>\u2022 Podr\u0161ka demokratskim institucijama i aktivna pomo\u0107 da iste postanu bolje, ja\u010de i osjetljivije na probleme u dru\u0161tvu;<br>\u2022 Odbrana i promovisanje mira, ne samo na me\u0111udr\u017eavnom i unutarnjem planu, ve\u0107 i aktivno zalaganje za uva\u017eavanje i po\u0161tovanje svakog pojedinca unutar porodice, na radnim mjestima i u lokalnim zajednicama, sa ciljem da svi budu slobodni od nasilja i zastra\u0161ivanja;<br>\u2022 Uva\u017eavanje istine i borba protiv sila koji ugro\u017eavaju pravo na javnu raspravu.<br><br><strong>NA OVOGODI\u0160NJI 10. DECEMBAR, NA DAN LJUDSKIH PRAVA, MI SINDIKATI OKUPLJENI U ME\u0110UNARODNU ORGANIZACIJU RADNIKA U GRA\u0110EVINARSTVU I DRVNOJ INDUSTRIJI (BWI), STUPAMO \u0160IROM SVIJETA U AKCIJU KAKO BISMO BRANILI MIR, PRAVDU I DOSTOJANSTVO RADA.<\/strong><br><br>Na Dan ljudskih prava, nijedna akcija nije prevelika, niti premala. I diskusija na radnom mjestu, demonstracija, protestno pismo ili neka sasvim druga akcija &#8211; sve to mo\u017ee imati pozitivan uticaj. Na\u0161a mo\u0107 le\u017ei u u\u010destvovanju i dijalogu. To je kolektivna sila koju \u0107emo demonstrirati svijetu.<br><br>\u2022 Koristite resurse kao \u0161to su plakati za promociju kampanje. Na ovom linku <a href=\"https:\/\/l.facebook.com\/l.php?u=https%3A%2F%2Fdrive.google.com%2Fdrive%2Ffolders%2F1g3Sb12VRxaH3O16I-K1paq3bRWO6atPp%3Ffbclid%3DIwAR34TRiDPSJvUjDMw4EABp_fYWAL4AROTwX0MnihJAcbPkQ4EhnZbkPO64w&amp;h=AT2Rt6S3xeUI668-vsOPhBgl3s-McMPw_T-wPx6IRfdFHo4AQ8kFgx6oIgLgU7nUKnft9XHnYB1-JAth5fKk6VE30bDvijTNAR7zN9LzttdbY6nEhW_eN4LOScRS3_JcXw&amp;__tn__=-UK-R&amp;c[0]=AT34uOvKAM5LoCYP58gPhCj1H1964lsNq5Bu1VNA97-vswvwRKKqcG6X2BS2saC--0mZJsoKMW3GBX5uyL_WKVZc8YeLiCl33kx4chs2qpAhgiPvVRAKifq7P0WX-azeNflGtD1eVFdrxmZfSEKyB6YsyBYmMC8gD2eQjyGc9XUlOboqHBlulVxav-fviYJqLIt3QsfrvR2s\" rel=\"noreferrer noopener\" target=\"_blank\">https:\/\/drive.google.com\/&#8230;\/1g3Sb12VRxaH3O16I&#8230;<\/a> mo\u017eete preuzeti plakate za razli\u010dite akcije i fotografije na temu promocije solidarnosti.<br>\u2022 Podijelite informacije o na\u0161im aktivnostima putem dru\u0161tvenih mre\u017ea pomo\u0107u hashtagova kao \u0161to su: # BWIHumanRightsDay, @ BWIglobal (X\/Twitter) ili @BWIGlobalUnion (Facebook\/Instagram)<br>\u2022 Od\u0161tampajte plakate i postavite ih na radnim mjestima i drugim lokacijama koje posje\u0107uju sindikalisti i drugi radnici.<br><br>\ufffd_\\\u2022\ufffd\ufffd Kada?<br>Akcija traje od 10. do 15. decembra.<\/p>\n\n\n\n<p><img loading=\"lazy\" decoding=\"async\" height=\"16\" width=\"16\" alt=\"\ud83d\udde3\" src=\"https:\/\/static.xx.fbcdn.net\/images\/emoji.php\/v9\/t54\/1.5\/16\/1f5e3.png\"><img loading=\"lazy\" decoding=\"async\" height=\"16\" width=\"16\" alt=\"\ud83d\udde3\" src=\"https:\/\/static.xx.fbcdn.net\/images\/emoji.php\/v9\/t54\/1.5\/16\/1f5e3.png\"> Prenesite poruku svima!<br><br>\u2022 Pratite nas na Twitteru: &#8220;<a href=\"https:\/\/twitter.com\/BWIglobal?fbclid=IwAR2121UdNvYJynW7z3FZmAeX2Raovgfzi0QhsvLSIYsmJxl9bDHVFHKkaNs\" rel=\"noreferrer noopener\" target=\"_blank\">https:\/\/twitter.com\/BWIglobal<\/a>&#8220;, tvitujte, lajkujte, podijelite.<br>\u2022 Lajkujte na\u0161u Facebook-stranicu: <a href=\"https:\/\/www.facebook.com\/BWIGlobalUnion?__cft__[0]=AZVSlbDCRKzPm4SLPJAtrlpp9b8NoKIwzb0fa1a62NiJ8dMAqfglaaw0lw6MuXb3TEXaxisrVG9TG2ebTC9BffR5oKJDae8__3Q8apu2HtkzV23hLFBjPGjlNTbp_E3-qE7XJ2l04Py7a2ZXuYx6cu6veyoIq-sHok2Oix6m_t_3DIhUk4ftr73A2iCmMPAt_BE&amp;__tn__=-]K-R\">https:\/\/www.facebook.com\/BWIGlobalUnion<\/a><br><br>Za dodatne informacije i podr\u0161ku, obratite se na\u0161em regionalnom osoblju BWI i\/ili direktorici BWI-jevog sektora za Globalne kampanje Paoli Cammilli na adresu paola.cammilli@bwint.org.Recite ne krajnjoj desnici! Recite da ljudskim pravima!\u201c<\/p>\n\n\n\n<figure class=\"wp-block-gallery columns-3 is-cropped wp-block-gallery-1 is-layout-flex wp-block-gallery-is-layout-flex\"><ul class=\"blocks-gallery-grid\"><li class=\"blocks-gallery-item\"><figure><img loading=\"lazy\" decoding=\"async\" width=\"963\" height=\"819\" src=\"https:\/\/ssspdp.ba\/wp-content\/uploads\/2023\/12\/Outlook-Logo-comp-2.jpg\" alt=\"\" data-id=\"2633\" data-full-url=\"https:\/\/ssspdp.ba\/wp-content\/uploads\/2023\/12\/Outlook-Logo-comp-2.jpg\" data-link=\"https:\/\/ssspdp.ba\/?attachment_id=2633\" class=\"wp-image-2633\" srcset=\"https:\/\/ssspdp.ba\/wp-content\/uploads\/2023\/12\/Outlook-Logo-comp-2.jpg 963w, https:\/\/ssspdp.ba\/wp-content\/uploads\/2023\/12\/Outlook-Logo-comp-2-480x408.jpg 480w\" sizes=\"auto, (min-width: 0px) and (max-width: 480px) 480px, (min-width: 481px) 963px, 100vw\" \/><\/figure><\/li><li class=\"blocks-gallery-item\"><figure><img loading=\"lazy\" decoding=\"async\" width=\"724\" height=\"1024\" src=\"https:\/\/ssspdp.ba\/wp-content\/uploads\/2023\/12\/poster_ihrd_1-724x1024.jpg\" alt=\"\" data-id=\"2635\" data-full-url=\"https:\/\/ssspdp.ba\/wp-content\/uploads\/2023\/12\/poster_ihrd_1.jpg\" data-link=\"https:\/\/ssspdp.ba\/?attachment_id=2635\" class=\"wp-image-2635\"\/><\/figure><\/li><li class=\"blocks-gallery-item\"><figure><img loading=\"lazy\" decoding=\"async\" width=\"740\" height=\"1024\" src=\"https:\/\/ssspdp.ba\/wp-content\/uploads\/2023\/12\/poster_ihrd_2-740x1024.jpg\" alt=\"\" data-id=\"2636\" data-full-url=\"https:\/\/ssspdp.ba\/wp-content\/uploads\/2023\/12\/poster_ihrd_2.jpg\" data-link=\"https:\/\/ssspdp.ba\/?attachment_id=2636\" class=\"wp-image-2636\"\/><\/figure><\/li><li class=\"blocks-gallery-item\"><figure><img loading=\"lazy\" decoding=\"async\" width=\"724\" height=\"1024\" src=\"https:\/\/ssspdp.ba\/wp-content\/uploads\/2023\/12\/poster_ihrd_3-724x1024.jpg\" alt=\"\" data-id=\"2637\" data-full-url=\"https:\/\/ssspdp.ba\/wp-content\/uploads\/2023\/12\/poster_ihrd_3.jpg\" data-link=\"https:\/\/ssspdp.ba\/?attachment_id=2637\" class=\"wp-image-2637\"\/><\/figure><\/li><li class=\"blocks-gallery-item\"><figure><img loading=\"lazy\" decoding=\"async\" width=\"724\" height=\"1024\" src=\"https:\/\/ssspdp.ba\/wp-content\/uploads\/2023\/12\/poster_ihrd_4-724x1024.jpg\" alt=\"\" data-id=\"2638\" data-full-url=\"https:\/\/ssspdp.ba\/wp-content\/uploads\/2023\/12\/poster_ihrd_4.jpg\" data-link=\"https:\/\/ssspdp.ba\/?attachment_id=2638\" class=\"wp-image-2638\"\/><\/figure><\/li><li class=\"blocks-gallery-item\"><figure><img loading=\"lazy\" decoding=\"async\" width=\"724\" height=\"1024\" src=\"https:\/\/ssspdp.ba\/wp-content\/uploads\/2023\/12\/poster_ihrd_main1-1-724x1024.jpg\" alt=\"\" data-id=\"2639\" data-full-url=\"https:\/\/ssspdp.ba\/wp-content\/uploads\/2023\/12\/poster_ihrd_main1-1.jpg\" data-link=\"https:\/\/ssspdp.ba\/?attachment_id=2639\" class=\"wp-image-2639\"\/><\/figure><\/li><\/ul><\/figure>\n<span class=\"et_bloom_bottom_trigger\"><\/span>","protected":false},"excerpt":{"rendered":"<p>Povodom sutra\u0161njeg Dana ljudskih prava objavljujemo sljede\u0107e saop\u0107enje: \u201eNa ovogodi\u0161nji Dan ljudskih prava obilje\u017eavamo 75. obljetnicu usvajanja Univerzalne deklaracije o ljudskim pravima koja postoji od 1948. godine. Uprkos svakodnevnim ozbiljnim kr\u0161enjima ljudskih prava, ova deklaracija razra\u0111uje principe koji predstavljaju temelj dostojanstvenog dru\u0161tva u sklopu na\u0161e globalne zajednice. Borba za ljudska prava zavisi od jedinstva, kolektivne [&hellip;]<\/p>\n","protected":false},"author":2,"featured_media":2632,"comment_status":"closed","ping_status":"open","sticky":false,"template":"","format":"standard","meta":{"_et_pb_use_builder":"off","_et_pb_old_content":"","_et_gb_content_width":"","footnotes":""},"categories":[32,42],"tags":[],"class_list":["post-2631","post","type-post","status-publish","format-standard","has-post-thumbnail","hentry","category-novosti","category-vijesti"],"yoast_head":"<!-- This site is optimized with the Yoast SEO plugin v27.5 - https:\/\/yoast.com\/product\/yoast-seo-wordpress\/ -->\n<title>POZIV NA AKCIJU \u2013 DAN LJUDSKIH PRAVA. RECITE NE KRAJNJOJ DESNICI I FA\u0160IZMU! RECITE DA LJUDSKIM PRAVIMA! - Samostalni sindikat \u0161umarstva, prerade drveta i papira Bosne i Hercegovine<\/title>\n<meta name=\"robots\" content=\"index, follow, max-snippet:-1, max-image-preview:large, max-video-preview:-1\" \/>\n<link rel=\"canonical\" href=\"https:\/\/ssspdp.ba\/?p=2631\" \/>\n<meta property=\"og:locale\" content=\"en_US\" \/>\n<meta property=\"og:type\" content=\"article\" \/>\n<meta property=\"og:title\" content=\"POZIV NA AKCIJU \u2013 DAN LJUDSKIH PRAVA. RECITE NE KRAJNJOJ DESNICI I FA\u0160IZMU! RECITE DA LJUDSKIM PRAVIMA! - Samostalni sindikat \u0161umarstva, prerade drveta i papira Bosne i Hercegovine\" \/>\n<meta property=\"og:description\" content=\"Povodom sutra\u0161njeg Dana ljudskih prava objavljujemo sljede\u0107e saop\u0107enje: \u201eNa ovogodi\u0161nji Dan ljudskih prava obilje\u017eavamo 75. obljetnicu usvajanja Univerzalne deklaracije o ljudskim pravima koja postoji od 1948. godine. Uprkos svakodnevnim ozbiljnim kr\u0161enjima ljudskih prava, ova deklaracija razra\u0111uje principe koji predstavljaju temelj dostojanstvenog dru\u0161tva u sklopu na\u0161e globalne zajednice. Borba za ljudska prava zavisi od jedinstva, kolektivne [&hellip;]\" \/>\n<meta property=\"og:url\" content=\"https:\/\/ssspdp.ba\/?p=2631\" \/>\n<meta property=\"og:site_name\" content=\"Samostalni sindikat \u0161umarstva, prerade drveta i papira Bosne i Hercegovine\" \/>\n<meta property=\"article:publisher\" content=\"https:\/\/www.facebook.com\/Samostalni-sindikat-%c5%a1umarstva-prerade-drveta-i-papira-BiH-1740799582820896\/?ref=page_internal\" \/>\n<meta property=\"article:published_time\" content=\"2023-12-09T13:22:25+00:00\" \/>\n<meta property=\"article:modified_time\" content=\"2023-12-09T13:27:51+00:00\" \/>\n<meta property=\"og:image\" content=\"https:\/\/ssspdp.ba\/wp-content\/uploads\/2023\/12\/poster_ihrd_main1.jpg\" \/>\n\t<meta property=\"og:image:width\" content=\"1654\" \/>\n\t<meta property=\"og:image:height\" content=\"2339\" \/>\n\t<meta property=\"og:image:type\" content=\"image\/jpeg\" \/>\n<meta name=\"author\" content=\"Senudin Jahic\" \/>\n<meta name=\"twitter:card\" content=\"summary_large_image\" \/>\n<meta name=\"twitter:label1\" content=\"Written by\" \/>\n\t<meta name=\"twitter:data1\" content=\"Senudin Jahic\" \/>\n\t<meta name=\"twitter:label2\" content=\"Est. reading time\" \/>\n\t<meta name=\"twitter:data2\" content=\"4 minutes\" \/>\n<script type=\"application\/ld+json\" class=\"yoast-schema-graph\">{\"@context\":\"https:\\\/\\\/schema.org\",\"@graph\":[{\"@type\":\"Article\",\"@id\":\"https:\\\/\\\/ssspdp.ba\\\/?p=2631#article\",\"isPartOf\":{\"@id\":\"https:\\\/\\\/ssspdp.ba\\\/?p=2631\"},\"author\":{\"name\":\"Senudin Jahic\",\"@id\":\"https:\\\/\\\/ssspdp.ba\\\/#\\\/schema\\\/person\\\/ca59c1c3438388dc9efc2e2c1520dd58\"},\"headline\":\"POZIV NA AKCIJU \u2013 DAN LJUDSKIH PRAVA. RECITE NE KRAJNJOJ DESNICI I FA\u0160IZMU! RECITE DA LJUDSKIM PRAVIMA!\",\"datePublished\":\"2023-12-09T13:22:25+00:00\",\"dateModified\":\"2023-12-09T13:27:51+00:00\",\"mainEntityOfPage\":{\"@id\":\"https:\\\/\\\/ssspdp.ba\\\/?p=2631\"},\"wordCount\":607,\"publisher\":{\"@id\":\"https:\\\/\\\/ssspdp.ba\\\/#organization\"},\"image\":{\"@id\":\"https:\\\/\\\/ssspdp.ba\\\/?p=2631#primaryimage\"},\"thumbnailUrl\":\"https:\\\/\\\/ssspdp.ba\\\/wp-content\\\/uploads\\\/2023\\\/12\\\/poster_ihrd_main1.jpg\",\"articleSection\":[\"Novosti\",\"Vijesti\"],\"inLanguage\":\"en-US\"},{\"@type\":\"WebPage\",\"@id\":\"https:\\\/\\\/ssspdp.ba\\\/?p=2631\",\"url\":\"https:\\\/\\\/ssspdp.ba\\\/?p=2631\",\"name\":\"POZIV NA AKCIJU \u2013 DAN LJUDSKIH PRAVA. RECITE NE KRAJNJOJ DESNICI I FA\u0160IZMU! RECITE DA LJUDSKIM PRAVIMA! - Samostalni sindikat \u0161umarstva, prerade drveta i papira Bosne i Hercegovine\",\"isPartOf\":{\"@id\":\"https:\\\/\\\/ssspdp.ba\\\/#website\"},\"primaryImageOfPage\":{\"@id\":\"https:\\\/\\\/ssspdp.ba\\\/?p=2631#primaryimage\"},\"image\":{\"@id\":\"https:\\\/\\\/ssspdp.ba\\\/?p=2631#primaryimage\"},\"thumbnailUrl\":\"https:\\\/\\\/ssspdp.ba\\\/wp-content\\\/uploads\\\/2023\\\/12\\\/poster_ihrd_main1.jpg\",\"datePublished\":\"2023-12-09T13:22:25+00:00\",\"dateModified\":\"2023-12-09T13:27:51+00:00\",\"breadcrumb\":{\"@id\":\"https:\\\/\\\/ssspdp.ba\\\/?p=2631#breadcrumb\"},\"inLanguage\":\"en-US\",\"potentialAction\":[{\"@type\":\"ReadAction\",\"target\":[\"https:\\\/\\\/ssspdp.ba\\\/?p=2631\"]}]},{\"@type\":\"ImageObject\",\"inLanguage\":\"en-US\",\"@id\":\"https:\\\/\\\/ssspdp.ba\\\/?p=2631#primaryimage\",\"url\":\"https:\\\/\\\/ssspdp.ba\\\/wp-content\\\/uploads\\\/2023\\\/12\\\/poster_ihrd_main1.jpg\",\"contentUrl\":\"https:\\\/\\\/ssspdp.ba\\\/wp-content\\\/uploads\\\/2023\\\/12\\\/poster_ihrd_main1.jpg\",\"width\":1654,\"height\":2339},{\"@type\":\"BreadcrumbList\",\"@id\":\"https:\\\/\\\/ssspdp.ba\\\/?p=2631#breadcrumb\",\"itemListElement\":[{\"@type\":\"ListItem\",\"position\":1,\"name\":\"Home\",\"item\":\"https:\\\/\\\/ssspdp.ba\\\/\"},{\"@type\":\"ListItem\",\"position\":2,\"name\":\"POZIV NA AKCIJU \u2013 DAN LJUDSKIH PRAVA. RECITE NE KRAJNJOJ DESNICI I FA\u0160IZMU! RECITE DA LJUDSKIM PRAVIMA!\"}]},{\"@type\":\"WebSite\",\"@id\":\"https:\\\/\\\/ssspdp.ba\\\/#website\",\"url\":\"https:\\\/\\\/ssspdp.ba\\\/\",\"name\":\"Samostalni sindikat \u0161umarstva, prerade drveta i papira Bosne i Hercegovine\",\"description\":\"\",\"publisher\":{\"@id\":\"https:\\\/\\\/ssspdp.ba\\\/#organization\"},\"potentialAction\":[{\"@type\":\"SearchAction\",\"target\":{\"@type\":\"EntryPoint\",\"urlTemplate\":\"https:\\\/\\\/ssspdp.ba\\\/?s={search_term_string}\"},\"query-input\":{\"@type\":\"PropertyValueSpecification\",\"valueRequired\":true,\"valueName\":\"search_term_string\"}}],\"inLanguage\":\"en-US\"},{\"@type\":\"Organization\",\"@id\":\"https:\\\/\\\/ssspdp.ba\\\/#organization\",\"name\":\"Samostalni sindikat \u0161umarstva, prerade drveta i papira Bosne i Hercegovine\",\"url\":\"https:\\\/\\\/ssspdp.ba\\\/\",\"logo\":{\"@type\":\"ImageObject\",\"inLanguage\":\"en-US\",\"@id\":\"https:\\\/\\\/ssspdp.ba\\\/#\\\/schema\\\/logo\\\/image\\\/\",\"url\":\"https:\\\/\\\/ssspdp.ba\\\/wp-content\\\/uploads\\\/2020\\\/10\\\/web-logo.png\",\"contentUrl\":\"https:\\\/\\\/ssspdp.ba\\\/wp-content\\\/uploads\\\/2020\\\/10\\\/web-logo.png\",\"width\":623,\"height\":100,\"caption\":\"Samostalni sindikat \u0161umarstva, prerade drveta i papira Bosne i Hercegovine\"},\"image\":{\"@id\":\"https:\\\/\\\/ssspdp.ba\\\/#\\\/schema\\\/logo\\\/image\\\/\"},\"sameAs\":[\"https:\\\/\\\/www.facebook.com\\\/Samostalni-sindikat-\u0161umarstva-prerade-drveta-i-papira-BiH-1740799582820896\\\/?ref=page_internal\"]},{\"@type\":\"Person\",\"@id\":\"https:\\\/\\\/ssspdp.ba\\\/#\\\/schema\\\/person\\\/ca59c1c3438388dc9efc2e2c1520dd58\",\"name\":\"Senudin Jahic\",\"image\":{\"@type\":\"ImageObject\",\"inLanguage\":\"en-US\",\"@id\":\"https:\\\/\\\/secure.gravatar.com\\\/avatar\\\/4c408c3d0a009ed2e77d9394b7d39ae86e939f4183d1b501926522e8b6ed0820?s=96&d=mm&r=g\",\"url\":\"https:\\\/\\\/secure.gravatar.com\\\/avatar\\\/4c408c3d0a009ed2e77d9394b7d39ae86e939f4183d1b501926522e8b6ed0820?s=96&d=mm&r=g\",\"contentUrl\":\"https:\\\/\\\/secure.gravatar.com\\\/avatar\\\/4c408c3d0a009ed2e77d9394b7d39ae86e939f4183d1b501926522e8b6ed0820?s=96&d=mm&r=g\",\"caption\":\"Senudin Jahic\"},\"sameAs\":[\"http:\\\/\\\/ssspdp.ba\"]}]}<\/script>\n<!-- \/ Yoast SEO plugin. -->","yoast_head_json":{"title":"POZIV NA AKCIJU \u2013 DAN LJUDSKIH PRAVA. RECITE NE KRAJNJOJ DESNICI I FA\u0160IZMU! RECITE DA LJUDSKIM PRAVIMA! - Samostalni sindikat \u0161umarstva, prerade drveta i papira Bosne i Hercegovine","robots":{"index":"index","follow":"follow","max-snippet":"max-snippet:-1","max-image-preview":"max-image-preview:large","max-video-preview":"max-video-preview:-1"},"canonical":"https:\/\/ssspdp.ba\/?p=2631","og_locale":"en_US","og_type":"article","og_title":"POZIV NA AKCIJU \u2013 DAN LJUDSKIH PRAVA. RECITE NE KRAJNJOJ DESNICI I FA\u0160IZMU! RECITE DA LJUDSKIM PRAVIMA! - Samostalni sindikat \u0161umarstva, prerade drveta i papira Bosne i Hercegovine","og_description":"Povodom sutra\u0161njeg Dana ljudskih prava objavljujemo sljede\u0107e saop\u0107enje: \u201eNa ovogodi\u0161nji Dan ljudskih prava obilje\u017eavamo 75. obljetnicu usvajanja Univerzalne deklaracije o ljudskim pravima koja postoji od 1948. godine. Uprkos svakodnevnim ozbiljnim kr\u0161enjima ljudskih prava, ova deklaracija razra\u0111uje principe koji predstavljaju temelj dostojanstvenog dru\u0161tva u sklopu na\u0161e globalne zajednice. Borba za ljudska prava zavisi od jedinstva, kolektivne [&hellip;]","og_url":"https:\/\/ssspdp.ba\/?p=2631","og_site_name":"Samostalni sindikat \u0161umarstva, prerade drveta i papira Bosne i Hercegovine","article_publisher":"https:\/\/www.facebook.com\/Samostalni-sindikat-%c5%a1umarstva-prerade-drveta-i-papira-BiH-1740799582820896\/?ref=page_internal","article_published_time":"2023-12-09T13:22:25+00:00","article_modified_time":"2023-12-09T13:27:51+00:00","og_image":[{"width":1654,"height":2339,"url":"https:\/\/ssspdp.ba\/wp-content\/uploads\/2023\/12\/poster_ihrd_main1.jpg","type":"image\/jpeg"}],"author":"Senudin Jahic","twitter_card":"summary_large_image","twitter_misc":{"Written by":"Senudin Jahic","Est. reading time":"4 minutes"},"schema":{"@context":"https:\/\/schema.org","@graph":[{"@type":"Article","@id":"https:\/\/ssspdp.ba\/?p=2631#article","isPartOf":{"@id":"https:\/\/ssspdp.ba\/?p=2631"},"author":{"name":"Senudin Jahic","@id":"https:\/\/ssspdp.ba\/#\/schema\/person\/ca59c1c3438388dc9efc2e2c1520dd58"},"headline":"POZIV NA AKCIJU \u2013 DAN LJUDSKIH PRAVA. RECITE NE KRAJNJOJ DESNICI I FA\u0160IZMU! RECITE DA LJUDSKIM PRAVIMA!","datePublished":"2023-12-09T13:22:25+00:00","dateModified":"2023-12-09T13:27:51+00:00","mainEntityOfPage":{"@id":"https:\/\/ssspdp.ba\/?p=2631"},"wordCount":607,"publisher":{"@id":"https:\/\/ssspdp.ba\/#organization"},"image":{"@id":"https:\/\/ssspdp.ba\/?p=2631#primaryimage"},"thumbnailUrl":"https:\/\/ssspdp.ba\/wp-content\/uploads\/2023\/12\/poster_ihrd_main1.jpg","articleSection":["Novosti","Vijesti"],"inLanguage":"en-US"},{"@type":"WebPage","@id":"https:\/\/ssspdp.ba\/?p=2631","url":"https:\/\/ssspdp.ba\/?p=2631","name":"POZIV NA AKCIJU \u2013 DAN LJUDSKIH PRAVA. RECITE NE KRAJNJOJ DESNICI I FA\u0160IZMU! RECITE DA LJUDSKIM PRAVIMA! - Samostalni sindikat \u0161umarstva, prerade drveta i papira Bosne i Hercegovine","isPartOf":{"@id":"https:\/\/ssspdp.ba\/#website"},"primaryImageOfPage":{"@id":"https:\/\/ssspdp.ba\/?p=2631#primaryimage"},"image":{"@id":"https:\/\/ssspdp.ba\/?p=2631#primaryimage"},"thumbnailUrl":"https:\/\/ssspdp.ba\/wp-content\/uploads\/2023\/12\/poster_ihrd_main1.jpg","datePublished":"2023-12-09T13:22:25+00:00","dateModified":"2023-12-09T13:27:51+00:00","breadcrumb":{"@id":"https:\/\/ssspdp.ba\/?p=2631#breadcrumb"},"inLanguage":"en-US","potentialAction":[{"@type":"ReadAction","target":["https:\/\/ssspdp.ba\/?p=2631"]}]},{"@type":"ImageObject","inLanguage":"en-US","@id":"https:\/\/ssspdp.ba\/?p=2631#primaryimage","url":"https:\/\/ssspdp.ba\/wp-content\/uploads\/2023\/12\/poster_ihrd_main1.jpg","contentUrl":"https:\/\/ssspdp.ba\/wp-content\/uploads\/2023\/12\/poster_ihrd_main1.jpg","width":1654,"height":2339},{"@type":"BreadcrumbList","@id":"https:\/\/ssspdp.ba\/?p=2631#breadcrumb","itemListElement":[{"@type":"ListItem","position":1,"name":"Home","item":"https:\/\/ssspdp.ba\/"},{"@type":"ListItem","position":2,"name":"POZIV NA AKCIJU \u2013 DAN LJUDSKIH PRAVA. RECITE NE KRAJNJOJ DESNICI I FA\u0160IZMU! RECITE DA LJUDSKIM PRAVIMA!"}]},{"@type":"WebSite","@id":"https:\/\/ssspdp.ba\/#website","url":"https:\/\/ssspdp.ba\/","name":"Samostalni sindikat \u0161umarstva, prerade drveta i papira Bosne i Hercegovine","description":"","publisher":{"@id":"https:\/\/ssspdp.ba\/#organization"},"potentialAction":[{"@type":"SearchAction","target":{"@type":"EntryPoint","urlTemplate":"https:\/\/ssspdp.ba\/?s={search_term_string}"},"query-input":{"@type":"PropertyValueSpecification","valueRequired":true,"valueName":"search_term_string"}}],"inLanguage":"en-US"},{"@type":"Organization","@id":"https:\/\/ssspdp.ba\/#organization","name":"Samostalni sindikat \u0161umarstva, prerade drveta i papira Bosne i Hercegovine","url":"https:\/\/ssspdp.ba\/","logo":{"@type":"ImageObject","inLanguage":"en-US","@id":"https:\/\/ssspdp.ba\/#\/schema\/logo\/image\/","url":"https:\/\/ssspdp.ba\/wp-content\/uploads\/2020\/10\/web-logo.png","contentUrl":"https:\/\/ssspdp.ba\/wp-content\/uploads\/2020\/10\/web-logo.png","width":623,"height":100,"caption":"Samostalni sindikat \u0161umarstva, prerade drveta i papira Bosne i Hercegovine"},"image":{"@id":"https:\/\/ssspdp.ba\/#\/schema\/logo\/image\/"},"sameAs":["https:\/\/www.facebook.com\/Samostalni-sindikat-\u0161umarstva-prerade-drveta-i-papira-BiH-1740799582820896\/?ref=page_internal"]},{"@type":"Person","@id":"https:\/\/ssspdp.ba\/#\/schema\/person\/ca59c1c3438388dc9efc2e2c1520dd58","name":"Senudin Jahic","image":{"@type":"ImageObject","inLanguage":"en-US","@id":"https:\/\/secure.gravatar.com\/avatar\/4c408c3d0a009ed2e77d9394b7d39ae86e939f4183d1b501926522e8b6ed0820?s=96&d=mm&r=g","url":"https:\/\/secure.gravatar.com\/avatar\/4c408c3d0a009ed2e77d9394b7d39ae86e939f4183d1b501926522e8b6ed0820?s=96&d=mm&r=g","contentUrl":"https:\/\/secure.gravatar.com\/avatar\/4c408c3d0a009ed2e77d9394b7d39ae86e939f4183d1b501926522e8b6ed0820?s=96&d=mm&r=g","caption":"Senudin Jahic"},"sameAs":["http:\/\/ssspdp.ba"]}]}},"_links":{"self":[{"href":"https:\/\/ssspdp.ba\/index.php?rest_route=\/wp\/v2\/posts\/2631","targetHints":{"allow":["GET"]}}],"collection":[{"href":"https:\/\/ssspdp.ba\/index.php?rest_route=\/wp\/v2\/posts"}],"about":[{"href":"https:\/\/ssspdp.ba\/index.php?rest_route=\/wp\/v2\/types\/post"}],"author":[{"embeddable":true,"href":"https:\/\/ssspdp.ba\/index.php?rest_route=\/wp\/v2\/users\/2"}],"replies":[{"embeddable":true,"href":"https:\/\/ssspdp.ba\/index.php?rest_route=%2Fwp%2Fv2%2Fcomments&post=2631"}],"version-history":[{"count":2,"href":"https:\/\/ssspdp.ba\/index.php?rest_route=\/wp\/v2\/posts\/2631\/revisions"}],"predecessor-version":[{"id":2641,"href":"https:\/\/ssspdp.ba\/index.php?rest_route=\/wp\/v2\/posts\/2631\/revisions\/2641"}],"wp:featuredmedia":[{"embeddable":true,"href":"https:\/\/ssspdp.ba\/index.php?rest_route=\/wp\/v2\/media\/2632"}],"wp:attachment":[{"href":"https:\/\/ssspdp.ba\/index.php?rest_route=%2Fwp%2Fv2%2Fmedia&parent=2631"}],"wp:term":[{"taxonomy":"category","embeddable":true,"href":"https:\/\/ssspdp.ba\/index.php?rest_route=%2Fwp%2Fv2%2Fcategories&post=2631"},{"taxonomy":"post_tag","embeddable":true,"href":"https:\/\/ssspdp.ba\/index.php?rest_route=%2Fwp%2Fv2%2Ftags&post=2631"}],"curies":[{"name":"wp","href":"https:\/\/api.w.org\/{rel}","templated":true}]}}