{"id":2654,"date":"2023-12-25T15:42:00","date_gmt":"2023-12-25T14:42:00","guid":{"rendered":"https:\/\/ssspdp.ba\/?p=2654"},"modified":"2023-12-29T15:43:43","modified_gmt":"2023-12-29T14:43:43","slug":"odrzana-strucna-diskusija-stanje-u-sektoru-sumarstva-bih-nuzno-usvajanje-usaglasenog-i-pravednog-zakona-o-sumama-u-bih","status":"publish","type":"post","link":"https:\/\/ssspdp.ba\/?p=2654","title":{"rendered":"ODR\u017dANA STRU\u010cNA DISKUSIJA \u201eSTANJE U SEKTORU \u0160UMARSTVA BiH: NU\u017dNO USVAJANJE USAGLA\u0160ENOG I PRAVEDNOG ZAKONA O \u0160UMAMA U BIH"},"content":{"rendered":"\n<p>Kako prenosi portal radiosarajevo.ba, na \u0160umarskom fakultetu Univerziteta u Sarajevu u utorak, 12. decembra 2023. godine, uprili\u010dena je Stru\u010dna diskusija &#8220;Stanje u sektoru \u0161umarstva Bosne i Hercegovine: Izazovi i prepreke&#8221;.<\/p>\n\n\n\n<p>Ovaj doga\u0111aj, u organizaciji Fondacije Atelje za dru\u0161tvene promjene &#8211; ACT i uz podr\u0161ku ostalih \u010dlanica Saveza za \u0161ume Bosne i Hercegovine, okupio je 60-ak predstavnika akademske zajednice, resornih ministarstava, inspekcijskih organa, preduze\u0107a \u0161umarstva i aktivisti\u010dke zajednice.<\/p>\n\n\n\n<p>Bosna i Hercegovina spada u red naj\u0161umovitijih dr\u017eava u regionu i cijeloj Evropi, s obzirom na \u010dinjenicu da \u0161ume i \u0161umska zemlji\u0161ta obuhvataju vi\u0161e od 50 posto teritorije na\u0161e dr\u017eave. To nas obavezuje da se prema ovom uslovno obnovljivom resursu koji nam, pored privredne, nudi i niz op\u0161tekorisnih funkcija zna\u010dajnih za ljude, odnosimo s posebnom pa\u017enjom, vode\u0107i ra\u010duna o optimalnom zadovoljenju potreba sada\u0161njih i budu\u0107ih generacija.<\/p>\n\n\n\n<p>&#8220;Borba za spas bosanskohercegova\u010dkih rijeka pokazala je i pokazuje snagu i mo\u0107 ujedinjenih gra\u0111ana i gra\u0111anki. Zaista, bez voda i \u0161uma nema \u017eivota i, svjesni ove \u010dinjenice, ve\u0107 decenijama vodimo borbe za za\u0161titu na\u0161ih zajedni\u010dkih dobara. Na\u0161e \u0161ume su, ba\u0161 kao i rijeke, ozbiljno ugro\u017eene i zajedni\u010dki moramo kreirati rje\u0161enja koja \u0107e pomo\u0107i u njihovoj za\u0161titi, odnosno trasirati put prema odr\u017eivom gospodarenju ovim resursom na cijeloj teritoriji Bosne i Hercegovine. Prvi korak je \u0161to urgentnije usvajanje valjanog Zakona o \u0161umama u FBiH!&#8221;, istakla je Lejla Kusturica iz Fondacije Atelje za dru\u0161tvene promjene.<\/p>\n\n\n\n<p>Kroz sveobuhvatnu diskusiju prisutnih identifikovani su klju\u010dni problemi koji prate \u0161umarski sektor u entitetu Federacija Bosne i Hercegovine i cijeloj dr\u017eavi, od nepostojanja entitetskog zakonskog rje\u0161enja, izostanka zvani\u010dnog publikovanja provedene Druge inventure \u0161uma na velikim povr\u0161inama u Bosni i Hercegovini, pa do politi\u010dkih pritisaka kojima su izlo\u017eena preduze\u0107a \u0161umarstva te dati prijedlozi rje\u0161enja kako je dalje obrazlo\u017eeno. Prijedlozi \u0107e, u formi zaklju\u010daka s ove stru\u010dne diskusije, biti upu\u0107eni na adrese svih donosioca odluka u oblasti \u0161umarstva.<\/p>\n\n\n\n<p>Iako s druga\u010dijim pogledima po pitanju mnogih segmenata funkcionisanja \u0161umarskog sektora, me\u0111u prisutnim je definitivno postojao konsenzus po pitanju nu\u017enosti usvajanja Zakona o \u0161umama FBiH. Naime, u ovom entitetu temeljni propis za oblast \u0161umarstva ne postoji jo\u0161 od 2009. godine, \u0161to velikim dijelom onemogu\u0107ava unaprje\u0111enje i razvoj ovog zna\u010dajnog sektora doma\u0107e privrede. Istaknuto je i da Zakon mora dobiti zeleno svjetlo \u0161umarske nauke i struke, odnosno da mora biti moderan i uskla\u0111en s me\u0111unarodnim strategijama iz oblasti \u0161umarstva.<\/p>\n\n\n\n<p>Po pitanju prijedloga iz zakonodavnog okvira, razgovarano je i o potrebi da se sektor \u0161umarstva uredi i na dr\u017eavnom nivou, \u0161to bi dalo osnovne smjernice za gospodarenje \u0161umama koje bi onda bile &#8220;razra\u0111ene&#8221; kroz entitetske i kantonalne zakone. Nagla\u0161eno je da se u konkretnom slu\u010daju radi isklju\u010divo o stru\u010dnom i nau\u010dnom pitanju, a nikako politi\u010dkom.<\/p>\n\n\n\n<p>Prof. dr. Ahmet Lojo, dekan \u0160umarskog fakulteta Univerziteta u Sarajevu, koji je ujedno bio i uvodni\u010dar na ovoj stru\u010dnoj diskusiji, ukazao je i na nu\u017enost zvani\u010dne objave rezultata Druge inventure \u0161uma na velikim povr\u0161inama u Bosni i Hercegovini koja je zavr\u0161ena jo\u0161 2009. godine, ali rezultati nikada nisu izba\u010deni. Ovo je zna\u010dajno zato \u0161to jedino sveobuhvatna i pravovremena inventura \u0161uma rezultira prikupljanjem podataka koji slu\u017ee za pra\u0107enje stanja \u0161uma i \u0161umskih zemlji\u0161ta, odnosno izradu strategije razvoja \u0161umarstva.<\/p>\n\n\n\n<p>&#8220;Mi ne znamo kakvo je ta\u010dno stanje \u0161uma, jer to mo\u017eemo znati samo kada izvr\u0161imo premjer i utvrdimo stanje. To smo proveli izme\u0111u 2006. i 2009. godine, kada smo uradili inventuru \u0161uma na prostoru cijele Bosne i Hercegovine. Na\u017ealost, rezultati te inventure jo\u0161 uvijek nisu i pitanje je ho\u0107e li ikada biti objavljeni&#8221;, poru\u010dio je Lojo.<\/p>\n\n\n\n<p>Kao jedan od goru\u0107ih problema koji onemogu\u0107ava razvoj \u0161umarskih preduze\u0107a istaknut je nedopustiv pritisak politike na kadrovsku i politiku zapo\u0161ljavanja, gdje se ova javna preduze\u0107a nerijetko posmatraju kao socijalne ustanove.<\/p>\n\n\n\n<p>Iz Udru\u017eenja in\u017eenjera i tehni\u010dara \u0161umarstva FBiH, krovnog strukovnog udru\u017eenja za oblast \u0161umarstva u ovom entitetu, ukazali su i izostanak konkretnih aktivnosti vlasti u borbi protiv \u0161umskih po\u017eara. Napomenuto je da su odre\u0111ene strategije iz ove oblasti usvojene jo\u0161 prije 10-ak godina, ali izostaje implementacija istih.<\/p>\n\n\n\n<p>Upravo zbog \u010dinjenice da su institucije zakazale i na ovom planu danas kao posljedicu imamo situaciju da nismo ni\u0161ta spremniji za suo\u010davanje s razornim \u0161umskim po\u017earima koji su harali 2012. godine, kada su ostavili pusto\u0161 na desetinama hiljada hektara \u0161uma i \u0161umskih zemlji\u0161ta.<\/p>\n\n\n\n<p>&#8220;Moramo izraditi jasnu i preciznu nacionalnu strategiju kako bismo znali \u0161ta poduzeti u slu\u010daju elementarnih nepogoda, ekstremnih temperatura i klimatskih promjena koje su neminovnost. Na to nas obavezuju i razli\u010diti me\u0111unarodni dokumenti \u010diji smo potpisnici&#8221;, zaklju\u010dio je Azer Jamakovi\u0107, sekretar Udru\u017eenja in\u017eenjera i tehni\u010dara \u0161umarstva FBiH.<\/p>\n\n\n\n<p>Pozvali su sva pravna i fizi\u010dka lica da se pridru\u017ee Savezu za \u0161ume Bosne i Hercegovine i zajedni\u010dki djeluju pravcu sre\u0111ivanja u \u0161umarskom sektoru u na\u0161oj dr\u017eavi.<\/p>\n\n\n\n<p>Izvor: radiosarajevo.ba<\/p>\n<span class=\"et_bloom_bottom_trigger\"><\/span>","protected":false},"excerpt":{"rendered":"<p>Kako prenosi portal radiosarajevo.ba, na \u0160umarskom fakultetu Univerziteta u Sarajevu u utorak, 12. decembra 2023. godine, uprili\u010dena je Stru\u010dna diskusija &#8220;Stanje u sektoru \u0161umarstva Bosne i Hercegovine: Izazovi i prepreke&#8221;. Ovaj doga\u0111aj, u organizaciji Fondacije Atelje za dru\u0161tvene promjene &#8211; ACT i uz podr\u0161ku ostalih \u010dlanica Saveza za \u0161ume Bosne i Hercegovine, okupio je 60-ak [&hellip;]<\/p>\n","protected":false},"author":2,"featured_media":2655,"comment_status":"closed","ping_status":"open","sticky":false,"template":"","format":"standard","meta":{"_et_pb_use_builder":"off","_et_pb_old_content":"","_et_gb_content_width":"","footnotes":""},"categories":[32,42],"tags":[],"class_list":["post-2654","post","type-post","status-publish","format-standard","has-post-thumbnail","hentry","category-novosti","category-vijesti"],"yoast_head":"<!-- This site is optimized with the Yoast SEO plugin v27.5 - https:\/\/yoast.com\/product\/yoast-seo-wordpress\/ -->\n<title>ODR\u017dANA STRU\u010cNA DISKUSIJA \u201eSTANJE U SEKTORU \u0160UMARSTVA BiH: NU\u017dNO USVAJANJE USAGLA\u0160ENOG I PRAVEDNOG ZAKONA O \u0160UMAMA U BIH - Samostalni sindikat \u0161umarstva, prerade drveta i papira Bosne i Hercegovine<\/title>\n<meta name=\"robots\" content=\"index, follow, max-snippet:-1, max-image-preview:large, max-video-preview:-1\" \/>\n<link rel=\"canonical\" href=\"https:\/\/ssspdp.ba\/?p=2654\" \/>\n<meta property=\"og:locale\" content=\"en_US\" \/>\n<meta property=\"og:type\" content=\"article\" \/>\n<meta property=\"og:title\" content=\"ODR\u017dANA STRU\u010cNA DISKUSIJA \u201eSTANJE U SEKTORU \u0160UMARSTVA BiH: NU\u017dNO USVAJANJE USAGLA\u0160ENOG I PRAVEDNOG ZAKONA O \u0160UMAMA U BIH - Samostalni sindikat \u0161umarstva, prerade drveta i papira Bosne i Hercegovine\" \/>\n<meta property=\"og:description\" content=\"Kako prenosi portal radiosarajevo.ba, na \u0160umarskom fakultetu Univerziteta u Sarajevu u utorak, 12. decembra 2023. godine, uprili\u010dena je Stru\u010dna diskusija &#8220;Stanje u sektoru \u0161umarstva Bosne i Hercegovine: Izazovi i prepreke&#8221;. Ovaj doga\u0111aj, u organizaciji Fondacije Atelje za dru\u0161tvene promjene &#8211; ACT i uz podr\u0161ku ostalih \u010dlanica Saveza za \u0161ume Bosne i Hercegovine, okupio je 60-ak [&hellip;]\" \/>\n<meta property=\"og:url\" content=\"https:\/\/ssspdp.ba\/?p=2654\" \/>\n<meta property=\"og:site_name\" content=\"Samostalni sindikat \u0161umarstva, prerade drveta i papira Bosne i Hercegovine\" \/>\n<meta property=\"article:publisher\" content=\"https:\/\/www.facebook.com\/Samostalni-sindikat-%c5%a1umarstva-prerade-drveta-i-papira-BiH-1740799582820896\/?ref=page_internal\" \/>\n<meta property=\"article:published_time\" content=\"2023-12-25T14:42:00+00:00\" \/>\n<meta property=\"article:modified_time\" content=\"2023-12-29T14:43:43+00:00\" \/>\n<meta property=\"og:image\" content=\"https:\/\/ssspdp.ba\/wp-content\/uploads\/2023\/12\/Strucna-diskusija-Stanje-u-sektoru-sumarstva-BiH-12.12.23.jpg\" \/>\n\t<meta property=\"og:image:width\" content=\"1180\" \/>\n\t<meta property=\"og:image:height\" content=\"664\" \/>\n\t<meta property=\"og:image:type\" content=\"image\/jpeg\" \/>\n<meta name=\"author\" content=\"Senudin Jahic\" \/>\n<meta name=\"twitter:card\" content=\"summary_large_image\" \/>\n<meta name=\"twitter:label1\" content=\"Written by\" \/>\n\t<meta name=\"twitter:data1\" content=\"Senudin Jahic\" \/>\n\t<meta name=\"twitter:label2\" content=\"Est. reading time\" \/>\n\t<meta name=\"twitter:data2\" content=\"4 minutes\" \/>\n<script type=\"application\/ld+json\" class=\"yoast-schema-graph\">{\"@context\":\"https:\\\/\\\/schema.org\",\"@graph\":[{\"@type\":\"Article\",\"@id\":\"https:\\\/\\\/ssspdp.ba\\\/?p=2654#article\",\"isPartOf\":{\"@id\":\"https:\\\/\\\/ssspdp.ba\\\/?p=2654\"},\"author\":{\"name\":\"Senudin Jahic\",\"@id\":\"https:\\\/\\\/ssspdp.ba\\\/#\\\/schema\\\/person\\\/ca59c1c3438388dc9efc2e2c1520dd58\"},\"headline\":\"ODR\u017dANA STRU\u010cNA DISKUSIJA \u201eSTANJE U SEKTORU \u0160UMARSTVA BiH: NU\u017dNO USVAJANJE USAGLA\u0160ENOG I PRAVEDNOG ZAKONA O \u0160UMAMA U BIH\",\"datePublished\":\"2023-12-25T14:42:00+00:00\",\"dateModified\":\"2023-12-29T14:43:43+00:00\",\"mainEntityOfPage\":{\"@id\":\"https:\\\/\\\/ssspdp.ba\\\/?p=2654\"},\"wordCount\":887,\"publisher\":{\"@id\":\"https:\\\/\\\/ssspdp.ba\\\/#organization\"},\"image\":{\"@id\":\"https:\\\/\\\/ssspdp.ba\\\/?p=2654#primaryimage\"},\"thumbnailUrl\":\"https:\\\/\\\/ssspdp.ba\\\/wp-content\\\/uploads\\\/2023\\\/12\\\/Strucna-diskusija-Stanje-u-sektoru-sumarstva-BiH-12.12.23.jpg\",\"articleSection\":[\"Novosti\",\"Vijesti\"],\"inLanguage\":\"en-US\"},{\"@type\":\"WebPage\",\"@id\":\"https:\\\/\\\/ssspdp.ba\\\/?p=2654\",\"url\":\"https:\\\/\\\/ssspdp.ba\\\/?p=2654\",\"name\":\"ODR\u017dANA STRU\u010cNA DISKUSIJA \u201eSTANJE U SEKTORU \u0160UMARSTVA BiH: NU\u017dNO USVAJANJE USAGLA\u0160ENOG I PRAVEDNOG ZAKONA O \u0160UMAMA U BIH - Samostalni sindikat \u0161umarstva, prerade drveta i papira Bosne i Hercegovine\",\"isPartOf\":{\"@id\":\"https:\\\/\\\/ssspdp.ba\\\/#website\"},\"primaryImageOfPage\":{\"@id\":\"https:\\\/\\\/ssspdp.ba\\\/?p=2654#primaryimage\"},\"image\":{\"@id\":\"https:\\\/\\\/ssspdp.ba\\\/?p=2654#primaryimage\"},\"thumbnailUrl\":\"https:\\\/\\\/ssspdp.ba\\\/wp-content\\\/uploads\\\/2023\\\/12\\\/Strucna-diskusija-Stanje-u-sektoru-sumarstva-BiH-12.12.23.jpg\",\"datePublished\":\"2023-12-25T14:42:00+00:00\",\"dateModified\":\"2023-12-29T14:43:43+00:00\",\"breadcrumb\":{\"@id\":\"https:\\\/\\\/ssspdp.ba\\\/?p=2654#breadcrumb\"},\"inLanguage\":\"en-US\",\"potentialAction\":[{\"@type\":\"ReadAction\",\"target\":[\"https:\\\/\\\/ssspdp.ba\\\/?p=2654\"]}]},{\"@type\":\"ImageObject\",\"inLanguage\":\"en-US\",\"@id\":\"https:\\\/\\\/ssspdp.ba\\\/?p=2654#primaryimage\",\"url\":\"https:\\\/\\\/ssspdp.ba\\\/wp-content\\\/uploads\\\/2023\\\/12\\\/Strucna-diskusija-Stanje-u-sektoru-sumarstva-BiH-12.12.23.jpg\",\"contentUrl\":\"https:\\\/\\\/ssspdp.ba\\\/wp-content\\\/uploads\\\/2023\\\/12\\\/Strucna-diskusija-Stanje-u-sektoru-sumarstva-BiH-12.12.23.jpg\",\"width\":1180,\"height\":664},{\"@type\":\"BreadcrumbList\",\"@id\":\"https:\\\/\\\/ssspdp.ba\\\/?p=2654#breadcrumb\",\"itemListElement\":[{\"@type\":\"ListItem\",\"position\":1,\"name\":\"Home\",\"item\":\"https:\\\/\\\/ssspdp.ba\\\/\"},{\"@type\":\"ListItem\",\"position\":2,\"name\":\"ODR\u017dANA STRU\u010cNA DISKUSIJA \u201eSTANJE U SEKTORU \u0160UMARSTVA BiH: NU\u017dNO USVAJANJE USAGLA\u0160ENOG I PRAVEDNOG ZAKONA O \u0160UMAMA U BIH\"}]},{\"@type\":\"WebSite\",\"@id\":\"https:\\\/\\\/ssspdp.ba\\\/#website\",\"url\":\"https:\\\/\\\/ssspdp.ba\\\/\",\"name\":\"Samostalni sindikat \u0161umarstva, prerade drveta i papira Bosne i Hercegovine\",\"description\":\"\",\"publisher\":{\"@id\":\"https:\\\/\\\/ssspdp.ba\\\/#organization\"},\"potentialAction\":[{\"@type\":\"SearchAction\",\"target\":{\"@type\":\"EntryPoint\",\"urlTemplate\":\"https:\\\/\\\/ssspdp.ba\\\/?s={search_term_string}\"},\"query-input\":{\"@type\":\"PropertyValueSpecification\",\"valueRequired\":true,\"valueName\":\"search_term_string\"}}],\"inLanguage\":\"en-US\"},{\"@type\":\"Organization\",\"@id\":\"https:\\\/\\\/ssspdp.ba\\\/#organization\",\"name\":\"Samostalni sindikat \u0161umarstva, prerade drveta i papira Bosne i Hercegovine\",\"url\":\"https:\\\/\\\/ssspdp.ba\\\/\",\"logo\":{\"@type\":\"ImageObject\",\"inLanguage\":\"en-US\",\"@id\":\"https:\\\/\\\/ssspdp.ba\\\/#\\\/schema\\\/logo\\\/image\\\/\",\"url\":\"https:\\\/\\\/ssspdp.ba\\\/wp-content\\\/uploads\\\/2020\\\/10\\\/web-logo.png\",\"contentUrl\":\"https:\\\/\\\/ssspdp.ba\\\/wp-content\\\/uploads\\\/2020\\\/10\\\/web-logo.png\",\"width\":623,\"height\":100,\"caption\":\"Samostalni sindikat \u0161umarstva, prerade drveta i papira Bosne i Hercegovine\"},\"image\":{\"@id\":\"https:\\\/\\\/ssspdp.ba\\\/#\\\/schema\\\/logo\\\/image\\\/\"},\"sameAs\":[\"https:\\\/\\\/www.facebook.com\\\/Samostalni-sindikat-\u0161umarstva-prerade-drveta-i-papira-BiH-1740799582820896\\\/?ref=page_internal\"]},{\"@type\":\"Person\",\"@id\":\"https:\\\/\\\/ssspdp.ba\\\/#\\\/schema\\\/person\\\/ca59c1c3438388dc9efc2e2c1520dd58\",\"name\":\"Senudin Jahic\",\"image\":{\"@type\":\"ImageObject\",\"inLanguage\":\"en-US\",\"@id\":\"https:\\\/\\\/secure.gravatar.com\\\/avatar\\\/4c408c3d0a009ed2e77d9394b7d39ae86e939f4183d1b501926522e8b6ed0820?s=96&d=mm&r=g\",\"url\":\"https:\\\/\\\/secure.gravatar.com\\\/avatar\\\/4c408c3d0a009ed2e77d9394b7d39ae86e939f4183d1b501926522e8b6ed0820?s=96&d=mm&r=g\",\"contentUrl\":\"https:\\\/\\\/secure.gravatar.com\\\/avatar\\\/4c408c3d0a009ed2e77d9394b7d39ae86e939f4183d1b501926522e8b6ed0820?s=96&d=mm&r=g\",\"caption\":\"Senudin Jahic\"},\"sameAs\":[\"http:\\\/\\\/ssspdp.ba\"]}]}<\/script>\n<!-- \/ Yoast SEO plugin. -->","yoast_head_json":{"title":"ODR\u017dANA STRU\u010cNA DISKUSIJA \u201eSTANJE U SEKTORU \u0160UMARSTVA BiH: NU\u017dNO USVAJANJE USAGLA\u0160ENOG I PRAVEDNOG ZAKONA O \u0160UMAMA U BIH - Samostalni sindikat \u0161umarstva, prerade drveta i papira Bosne i Hercegovine","robots":{"index":"index","follow":"follow","max-snippet":"max-snippet:-1","max-image-preview":"max-image-preview:large","max-video-preview":"max-video-preview:-1"},"canonical":"https:\/\/ssspdp.ba\/?p=2654","og_locale":"en_US","og_type":"article","og_title":"ODR\u017dANA STRU\u010cNA DISKUSIJA \u201eSTANJE U SEKTORU \u0160UMARSTVA BiH: NU\u017dNO USVAJANJE USAGLA\u0160ENOG I PRAVEDNOG ZAKONA O \u0160UMAMA U BIH - Samostalni sindikat \u0161umarstva, prerade drveta i papira Bosne i Hercegovine","og_description":"Kako prenosi portal radiosarajevo.ba, na \u0160umarskom fakultetu Univerziteta u Sarajevu u utorak, 12. decembra 2023. godine, uprili\u010dena je Stru\u010dna diskusija &#8220;Stanje u sektoru \u0161umarstva Bosne i Hercegovine: Izazovi i prepreke&#8221;. Ovaj doga\u0111aj, u organizaciji Fondacije Atelje za dru\u0161tvene promjene &#8211; ACT i uz podr\u0161ku ostalih \u010dlanica Saveza za \u0161ume Bosne i Hercegovine, okupio je 60-ak [&hellip;]","og_url":"https:\/\/ssspdp.ba\/?p=2654","og_site_name":"Samostalni sindikat \u0161umarstva, prerade drveta i papira Bosne i Hercegovine","article_publisher":"https:\/\/www.facebook.com\/Samostalni-sindikat-%c5%a1umarstva-prerade-drveta-i-papira-BiH-1740799582820896\/?ref=page_internal","article_published_time":"2023-12-25T14:42:00+00:00","article_modified_time":"2023-12-29T14:43:43+00:00","og_image":[{"width":1180,"height":664,"url":"https:\/\/ssspdp.ba\/wp-content\/uploads\/2023\/12\/Strucna-diskusija-Stanje-u-sektoru-sumarstva-BiH-12.12.23.jpg","type":"image\/jpeg"}],"author":"Senudin Jahic","twitter_card":"summary_large_image","twitter_misc":{"Written by":"Senudin Jahic","Est. reading time":"4 minutes"},"schema":{"@context":"https:\/\/schema.org","@graph":[{"@type":"Article","@id":"https:\/\/ssspdp.ba\/?p=2654#article","isPartOf":{"@id":"https:\/\/ssspdp.ba\/?p=2654"},"author":{"name":"Senudin Jahic","@id":"https:\/\/ssspdp.ba\/#\/schema\/person\/ca59c1c3438388dc9efc2e2c1520dd58"},"headline":"ODR\u017dANA STRU\u010cNA DISKUSIJA \u201eSTANJE U SEKTORU \u0160UMARSTVA BiH: NU\u017dNO USVAJANJE USAGLA\u0160ENOG I PRAVEDNOG ZAKONA O \u0160UMAMA U BIH","datePublished":"2023-12-25T14:42:00+00:00","dateModified":"2023-12-29T14:43:43+00:00","mainEntityOfPage":{"@id":"https:\/\/ssspdp.ba\/?p=2654"},"wordCount":887,"publisher":{"@id":"https:\/\/ssspdp.ba\/#organization"},"image":{"@id":"https:\/\/ssspdp.ba\/?p=2654#primaryimage"},"thumbnailUrl":"https:\/\/ssspdp.ba\/wp-content\/uploads\/2023\/12\/Strucna-diskusija-Stanje-u-sektoru-sumarstva-BiH-12.12.23.jpg","articleSection":["Novosti","Vijesti"],"inLanguage":"en-US"},{"@type":"WebPage","@id":"https:\/\/ssspdp.ba\/?p=2654","url":"https:\/\/ssspdp.ba\/?p=2654","name":"ODR\u017dANA STRU\u010cNA DISKUSIJA \u201eSTANJE U SEKTORU \u0160UMARSTVA BiH: NU\u017dNO USVAJANJE USAGLA\u0160ENOG I PRAVEDNOG ZAKONA O \u0160UMAMA U BIH - Samostalni sindikat \u0161umarstva, prerade drveta i papira Bosne i Hercegovine","isPartOf":{"@id":"https:\/\/ssspdp.ba\/#website"},"primaryImageOfPage":{"@id":"https:\/\/ssspdp.ba\/?p=2654#primaryimage"},"image":{"@id":"https:\/\/ssspdp.ba\/?p=2654#primaryimage"},"thumbnailUrl":"https:\/\/ssspdp.ba\/wp-content\/uploads\/2023\/12\/Strucna-diskusija-Stanje-u-sektoru-sumarstva-BiH-12.12.23.jpg","datePublished":"2023-12-25T14:42:00+00:00","dateModified":"2023-12-29T14:43:43+00:00","breadcrumb":{"@id":"https:\/\/ssspdp.ba\/?p=2654#breadcrumb"},"inLanguage":"en-US","potentialAction":[{"@type":"ReadAction","target":["https:\/\/ssspdp.ba\/?p=2654"]}]},{"@type":"ImageObject","inLanguage":"en-US","@id":"https:\/\/ssspdp.ba\/?p=2654#primaryimage","url":"https:\/\/ssspdp.ba\/wp-content\/uploads\/2023\/12\/Strucna-diskusija-Stanje-u-sektoru-sumarstva-BiH-12.12.23.jpg","contentUrl":"https:\/\/ssspdp.ba\/wp-content\/uploads\/2023\/12\/Strucna-diskusija-Stanje-u-sektoru-sumarstva-BiH-12.12.23.jpg","width":1180,"height":664},{"@type":"BreadcrumbList","@id":"https:\/\/ssspdp.ba\/?p=2654#breadcrumb","itemListElement":[{"@type":"ListItem","position":1,"name":"Home","item":"https:\/\/ssspdp.ba\/"},{"@type":"ListItem","position":2,"name":"ODR\u017dANA STRU\u010cNA DISKUSIJA \u201eSTANJE U SEKTORU \u0160UMARSTVA BiH: NU\u017dNO USVAJANJE USAGLA\u0160ENOG I PRAVEDNOG ZAKONA O \u0160UMAMA U BIH"}]},{"@type":"WebSite","@id":"https:\/\/ssspdp.ba\/#website","url":"https:\/\/ssspdp.ba\/","name":"Samostalni sindikat \u0161umarstva, prerade drveta i papira Bosne i Hercegovine","description":"","publisher":{"@id":"https:\/\/ssspdp.ba\/#organization"},"potentialAction":[{"@type":"SearchAction","target":{"@type":"EntryPoint","urlTemplate":"https:\/\/ssspdp.ba\/?s={search_term_string}"},"query-input":{"@type":"PropertyValueSpecification","valueRequired":true,"valueName":"search_term_string"}}],"inLanguage":"en-US"},{"@type":"Organization","@id":"https:\/\/ssspdp.ba\/#organization","name":"Samostalni sindikat \u0161umarstva, prerade drveta i papira Bosne i Hercegovine","url":"https:\/\/ssspdp.ba\/","logo":{"@type":"ImageObject","inLanguage":"en-US","@id":"https:\/\/ssspdp.ba\/#\/schema\/logo\/image\/","url":"https:\/\/ssspdp.ba\/wp-content\/uploads\/2020\/10\/web-logo.png","contentUrl":"https:\/\/ssspdp.ba\/wp-content\/uploads\/2020\/10\/web-logo.png","width":623,"height":100,"caption":"Samostalni sindikat \u0161umarstva, prerade drveta i papira Bosne i Hercegovine"},"image":{"@id":"https:\/\/ssspdp.ba\/#\/schema\/logo\/image\/"},"sameAs":["https:\/\/www.facebook.com\/Samostalni-sindikat-\u0161umarstva-prerade-drveta-i-papira-BiH-1740799582820896\/?ref=page_internal"]},{"@type":"Person","@id":"https:\/\/ssspdp.ba\/#\/schema\/person\/ca59c1c3438388dc9efc2e2c1520dd58","name":"Senudin Jahic","image":{"@type":"ImageObject","inLanguage":"en-US","@id":"https:\/\/secure.gravatar.com\/avatar\/4c408c3d0a009ed2e77d9394b7d39ae86e939f4183d1b501926522e8b6ed0820?s=96&d=mm&r=g","url":"https:\/\/secure.gravatar.com\/avatar\/4c408c3d0a009ed2e77d9394b7d39ae86e939f4183d1b501926522e8b6ed0820?s=96&d=mm&r=g","contentUrl":"https:\/\/secure.gravatar.com\/avatar\/4c408c3d0a009ed2e77d9394b7d39ae86e939f4183d1b501926522e8b6ed0820?s=96&d=mm&r=g","caption":"Senudin Jahic"},"sameAs":["http:\/\/ssspdp.ba"]}]}},"_links":{"self":[{"href":"https:\/\/ssspdp.ba\/index.php?rest_route=\/wp\/v2\/posts\/2654","targetHints":{"allow":["GET"]}}],"collection":[{"href":"https:\/\/ssspdp.ba\/index.php?rest_route=\/wp\/v2\/posts"}],"about":[{"href":"https:\/\/ssspdp.ba\/index.php?rest_route=\/wp\/v2\/types\/post"}],"author":[{"embeddable":true,"href":"https:\/\/ssspdp.ba\/index.php?rest_route=\/wp\/v2\/users\/2"}],"replies":[{"embeddable":true,"href":"https:\/\/ssspdp.ba\/index.php?rest_route=%2Fwp%2Fv2%2Fcomments&post=2654"}],"version-history":[{"count":1,"href":"https:\/\/ssspdp.ba\/index.php?rest_route=\/wp\/v2\/posts\/2654\/revisions"}],"predecessor-version":[{"id":2656,"href":"https:\/\/ssspdp.ba\/index.php?rest_route=\/wp\/v2\/posts\/2654\/revisions\/2656"}],"wp:featuredmedia":[{"embeddable":true,"href":"https:\/\/ssspdp.ba\/index.php?rest_route=\/wp\/v2\/media\/2655"}],"wp:attachment":[{"href":"https:\/\/ssspdp.ba\/index.php?rest_route=%2Fwp%2Fv2%2Fmedia&parent=2654"}],"wp:term":[{"taxonomy":"category","embeddable":true,"href":"https:\/\/ssspdp.ba\/index.php?rest_route=%2Fwp%2Fv2%2Fcategories&post=2654"},{"taxonomy":"post_tag","embeddable":true,"href":"https:\/\/ssspdp.ba\/index.php?rest_route=%2Fwp%2Fv2%2Ftags&post=2654"}],"curies":[{"name":"wp","href":"https:\/\/api.w.org\/{rel}","templated":true}]}}