{"id":2661,"date":"2024-01-05T10:27:00","date_gmt":"2024-01-05T09:27:00","guid":{"rendered":"https:\/\/ssspdp.ba\/?p=2661"},"modified":"2024-10-04T12:46:27","modified_gmt":"2024-10-04T11:46:27","slug":"ostra-reakcija-ssspdpbih-na-odluku-vlade-fbih-o-najnizoj-placi-odluka-je-zamajavanje-radnika-nije-tacno-da-je-bilo-konsultacija-s-ekonomsko-socijalnim-vijecem-to-nije-nikakvo-unapredenje-prava-radn","status":"publish","type":"post","link":"https:\/\/ssspdp.ba\/?p=2661","title":{"rendered":"O\u0160TRA REAKCIJA SS\u0160PDPBIH NA ODLUKU VLADE FBIH O NAJNI\u017dOJ PLA\u0106I: ODLUKA JE ZAMAJAVANJE RADNIKA. NIJE TA\u010cNO DA JE BILO KONSULTACIJA S EKONOMSKO-SOCIJALNIM VIJE\u0106EM. TO NIJE NIKAKVO UNAPRE\u0110ENJE PRAVA RADNIKA, TO JE KR\u0160ENJE ZAKONA"},"content":{"rendered":"\n<p>U svojoj Informaciji od 4. januara 2024. god. Samostalni sindikat \u0161umarstva, prerade drveta i papira BiH saop\u0161tava sljede\u0107e:<\/p>\n\n\n\n<p>INFORMACIJA<\/p>\n\n\n\n<p>(Sindikati iz medija saznali da je Vlada FBiH donijela Odluku o iznosu najni\u017ee pla\u0107e za 2024. godinu)<\/p>\n\n\n\n<p>Dana 04.01.2024. godine u medijima je objavljena informacija da je Vlada Federacije BiH, na svojoj sjednici 29.12.2023. godine donijela Odluku o iznosu najni\u017ee pla\u0107e za 2024. godinu te da je Odluka objavljena u \u201eSlu\u017ebenim novinama FBIH&#8221;, br. 101\/23 od 29.12.2023. godine.<\/p>\n\n\n\n<p>Uvidom u \u201eSlu\u017ebene novine FBIH&#8221; zaista se mo\u017ee konstatovati da je Odluka objavljena na dan 29.12. pro\u0161le godine, a iz iste zaklju\u010diti, da je Vlada Federacije istu donijela na dan objave, na svojoj 46. hitnoj sjednici&#8221;. Imaju\u0107i u vidu dosada\u0161nju praksu, najbr\u017ea objava propisa u slu\u017ebenom glasilu bila je narednog dana, od dana dono\u0161enja.<\/p>\n\n\n\n<p><strong>Prema Odluci, najni\u017ea pla\u0107a u Federaciji BIH za 2024. godinu iznosi svega 619,00 KM.<\/strong><\/p>\n\n\n\n<p>Na\u010din i okolnosti dono\u0161enja predmetne Odluke upitni su i misterija. Sve do danas, na zvani\u010dnoj web-stranici Vlade FBIH nema objave vezano za dono\u0161enje predmetne Odluke. Praksa je da se na stranici Vlade Federacije BIH redovno, isti dan po odr\u017eanoj sjednici, objavi informacija sa redovne ili hitne sjednice. Na dan 04.01.2024. godine na web-stranici Vlade Federacije BIH posljednje su objavljene informacije sa 44. hitne i 45. hitne sjednice Vlade FBIH koje su odr\u017eane 28 12.2023. te informacija sa 24. redovne sjednice Vlade FBIH koja je odr\u017eana na dan 29.12.2023. godine, <a href=\"https:\/\/fbihvlada.gov.ba\/bs\/24-sjednica-vlade-fbih-16052\" target=\"_blank\" rel=\"noreferrer noopener\">https:\/\/fbihvlada.gov.ba\/bs\/24-sjednica-vlade-fbih-16052<\/a>. Dakle, jo\u0161 uvijek nema informacije o odr\u017eanoj \u201e46. hitnoj sjednici&#8221; Vlade Federacije BIH iako se na istoj raspravljalo o izuzetno zna\u010dajnoj temi, najni\u017eoj pla\u0107i radnika u Federaciji BIH u 2024. god.<\/p>\n\n\n\n<p><strong>U samoj Odluci utvr\u0111eno je da se ista donosi \u201enakon konsultacija sa Ekonomsko-socijalnim vije\u0107em\u201c \u0161to je sigurno daleko od istine. <\/strong>Reprezentativni sindikati sa svojim legalnim i legitimnim predstavnicima upoznati su o dono\u0161enju odluke isklju\u010divo iz medija. Interesantno je da ni sam predsjednik ESV-a nije bio upu\u0107en u dono\u0161enje Odluke, odnosno \u201ekonsultaciju&#8221;, kako je to Vlada FBIH Odlukom utvrdila. Od konstituisanja nove Vlade u Federaciji BiH nije odr\u017eana niti jedna sjednica ESV-a.<\/p>\n\n\n\n<p>Predsjednik Ekonomsko-socijalnog vije\u0107a Edhem Biber i predstavnik delegacije sindikata u ESV-u Mevludin Bekti\u0107 osporili su krivi navod u Odluci, <a href=\"https:\/\/l.facebook.com\/l.php?u=https%3A%2F%2Fwww.faktor.ba%2Fvijest%2Fbiber-i-bektic-notorna-je-laz-da-se-vlada-fbih-konsultovala-sa-esv-om-o-najnizoj-placi-a-zakon-izricito-kaze-da-mora%2F220932%3Ffbclid%3DIwAR0eI0qIqOC182qLxRECk2uu-kBR0M646XL-fXBT3wjAs4_SpIaS0mCyFNs&amp;h=AT2tug34B3eHorxmVzLuci9VZ0wPXoXWx4U-1yiaA6NQ4cjvjrn4Vs_HvMvSPtWqQl44OO7C40M4JrUbO4OcJNCgkCPr1YvyEqN4dUpzqgi0MGJpBBpWMJ9eI_RrBsq-MQ&amp;__tn__=-UK-R&amp;c[0]=AT3GF0twUR37e6fdS6R9DDkqaR9c4Ax4cjMnp_xMbyEYgDU8lRk8Y8di499H8K_RWGcB4U_o28lgL_1uN0tbPZc9371RVCc719mfsf54ty6f18dREy3ZIy31gQ_K6mhvAat80EL6GT1tKu3iXleFDuqqnHAAtyb6xvKe5PgozixfggAMJ6daEADNPx7XZC1ClN7SSedKDJtI\" target=\"_blank\" rel=\"noreferrer noopener\">https:\/\/www.faktor.ba\/&#8230;\/biber-i-bektic-notorna&#8230;\/220932<\/a>.<\/p>\n\n\n\n<p>Na kraju, name\u0107e se zaklju\u010dak da se Vladi Federacije BIH jako \u017eurilo, pa je odlu\u010dila posljednji radni dan u 2023. godini, pod velom tajne, \u201chitno&#8221; donijeti Odluku o iznosu najni\u017ee pla\u0107e u Federaciji BiH u 2024. godini kako bi ispunila obe\u0107anja za 2023. i tim potezom \u201eunaprijedila\u201c prava radnika u Federaciji BiH, pove\u0107anjem najni\u017ee pla\u0107e za svega 23 KM. Utvr\u0111eni iznos najni\u017ee pla\u0107e u Federaciji BiH manji je od prosje\u010dne pla\u0107e u Republici Srpskoj za teku\u0107u godinu za skoro 300 KM.<\/p>\n\n\n\n<p>Postavlja se pitanje \u0161ta radnici u Federaciji BIH mogu o\u010dekivati i kako da sindikati za\u0161tite prava svojih \u010dlanova, kada organ izvr\u0161ne vlasti flagrantno kr\u0161i Zakon o radu te u Odluci daje neta\u010dne navode.<\/p>\n\n\n\n<p><strong>Nakon praznih obe\u0107anja da \u0107e pla\u0107a radnika u FBiH od 01.01.2024. godine biti uve\u0107ana i iznositi najmanje 1.000 KM, ishitrenog dono\u0161enja Uredbe o pomo\u0107i koju mo\u017ee isplatiti poslodavac, a koja je, kako je sada potpuno jasno, donesena isklju\u010divo u korist zaposlenih u institucijama u Federaciji BIH (koji pla\u0107u primaju iz bud\u017eeta), Vlada Federacije BiH ide korak dalje i pla\u0107u radnika koji pune bud\u017eete u Federaciji BiH pove\u0107ava, vjerovali ili ne, za svega 23 KM.<\/strong><\/p>\n\n\n\n<p>Pora\u017eavaju\u0107e je, da se nakon objavljene vijesti o najni\u017eoj pla\u0107i za 2024. godinu pojedini \u201epredsjednici\u201c sindikata u medijima hvale kako su bili upu\u0107eni u namjeru Vlade Federacije BiH o dono\u0161enju odluke o najni\u017eoj pla\u0107i za 2024. godinu te istu podr\u017eavaju, a do ju\u010der su upravo ti isti zagovarali dono\u0161enje Zakona o najni\u017eoj pla\u0107i od 1.000 KM.<\/p>\n\n\n\n<p><strong>Ako sagledamo sve okolnosti i izjave, sada sa sigurno\u0161\u0107u mo\u017eemo konstatovati, da su pompezne izjave i \u201ezalaganja&#8221; prozvanih \u201esindikalaca&#8221; i predstavnika vlasti u Federaciji BiH u 2023. godini bila samo prazna obe\u0107anja, bez konkretnog osnova i namjere te zamajavanje radnika da \u0107e njihove pla\u0107e od 01.01.2024. godine biti pove\u0107ane i iznositi najmanje 1.000 KM.<\/strong><\/p>\n\n\n\n<p>Nesporno se name\u0107e zaklju\u010dak da su im namjere bile sasvim druga\u010dije i prividno unapre\u0111enje prava radnika u Federaciji BiH, koje su namjeravali realizirati kroz usvajanje propisa o najni\u017eem primanju radnika do 1.000 KM, a koje sadr\u017ei pla\u0107u od oko 600 KM, topli obrok u visini 1% prosje\u010dne pla\u0107e, ispla\u0107ene u Federaciji BiH prema posljednjim objavljenim podacima Federalnog zavoda za statistiku i naknadu za prevoz.<\/p>\n\n\n\n<p>Propis nije donesen, pa nije ni bilo potrebno jer radnici u Federaciji BiH ostvaruju navedeno primanje! Toliko o borbi i dobroj namjeri da se unaprijede prava radnika u Federaciji BiH od 01.01.2024. godine.<\/p>\n\n\n\n<p>PREDSJEDNIK <\/p>\n\n\n\n<p>Lejla \u0106ati\u0107\u201c<\/p>\n\n\n\n<figure class=\"wp-block-image size-large\"><img loading=\"lazy\" decoding=\"async\" width=\"733\" height=\"1024\" src=\"https:\/\/ssspdp.ba\/wp-content\/uploads\/2024\/01\/Informacija-5.1.24-1-733x1024.jpg\" alt=\"\" class=\"wp-image-2662\"\/><\/figure>\n\n\n\n<figure class=\"wp-block-image size-large\"><img loading=\"lazy\" decoding=\"async\" width=\"735\" height=\"1024\" src=\"https:\/\/ssspdp.ba\/wp-content\/uploads\/2024\/01\/Informacija-5.1.24-2-735x1024.jpg\" alt=\"\" class=\"wp-image-2663\"\/><\/figure>\n<span class=\"et_bloom_bottom_trigger\"><\/span>","protected":false},"excerpt":{"rendered":"<p>U svojoj Informaciji od 4. januara 2024. god. Samostalni sindikat \u0161umarstva, prerade drveta i papira BiH saop\u0161tava sljede\u0107e: INFORMACIJA (Sindikati iz medija saznali da je Vlada FBiH donijela Odluku o iznosu najni\u017ee pla\u0107e za 2024. godinu) Dana 04.01.2024. godine u medijima je objavljena informacija da je Vlada Federacije BiH, na svojoj sjednici 29.12.2023. godine donijela [&hellip;]<\/p>\n","protected":false},"author":2,"featured_media":2666,"comment_status":"closed","ping_status":"open","sticky":false,"template":"","format":"standard","meta":{"_et_pb_use_builder":"off","_et_pb_old_content":"","_et_gb_content_width":"","footnotes":""},"categories":[32],"tags":[],"class_list":["post-2661","post","type-post","status-publish","format-standard","has-post-thumbnail","hentry","category-novosti"],"yoast_head":"<!-- This site is optimized with the Yoast SEO plugin v27.5 - https:\/\/yoast.com\/product\/yoast-seo-wordpress\/ -->\n<title>O\u0160TRA REAKCIJA SS\u0160PDPBIH NA ODLUKU VLADE FBIH O NAJNI\u017dOJ PLA\u0106I: ODLUKA JE ZAMAJAVANJE RADNIKA. NIJE TA\u010cNO DA JE BILO KONSULTACIJA S EKONOMSKO-SOCIJALNIM VIJE\u0106EM. TO NIJE NIKAKVO UNAPRE\u0110ENJE PRAVA RADNIKA, TO JE KR\u0160ENJE ZAKONA - Samostalni sindikat \u0161umarstva, prerade drveta i papira Bosne i Hercegovine<\/title>\n<meta name=\"robots\" content=\"index, follow, max-snippet:-1, max-image-preview:large, max-video-preview:-1\" \/>\n<link rel=\"canonical\" href=\"https:\/\/ssspdp.ba\/?p=2661\" \/>\n<meta property=\"og:locale\" content=\"en_US\" \/>\n<meta property=\"og:type\" content=\"article\" \/>\n<meta property=\"og:title\" content=\"O\u0160TRA REAKCIJA SS\u0160PDPBIH NA ODLUKU VLADE FBIH O NAJNI\u017dOJ PLA\u0106I: ODLUKA JE ZAMAJAVANJE RADNIKA. NIJE TA\u010cNO DA JE BILO KONSULTACIJA S EKONOMSKO-SOCIJALNIM VIJE\u0106EM. TO NIJE NIKAKVO UNAPRE\u0110ENJE PRAVA RADNIKA, TO JE KR\u0160ENJE ZAKONA - Samostalni sindikat \u0161umarstva, prerade drveta i papira Bosne i Hercegovine\" \/>\n<meta property=\"og:description\" content=\"U svojoj Informaciji od 4. januara 2024. god. Samostalni sindikat \u0161umarstva, prerade drveta i papira BiH saop\u0161tava sljede\u0107e: INFORMACIJA (Sindikati iz medija saznali da je Vlada FBiH donijela Odluku o iznosu najni\u017ee pla\u0107e za 2024. godinu) Dana 04.01.2024. godine u medijima je objavljena informacija da je Vlada Federacije BiH, na svojoj sjednici 29.12.2023. godine donijela [&hellip;]\" \/>\n<meta property=\"og:url\" content=\"https:\/\/ssspdp.ba\/?p=2661\" \/>\n<meta property=\"og:site_name\" content=\"Samostalni sindikat \u0161umarstva, prerade drveta i papira Bosne i Hercegovine\" \/>\n<meta property=\"article:publisher\" content=\"https:\/\/www.facebook.com\/Samostalni-sindikat-%c5%a1umarstva-prerade-drveta-i-papira-BiH-1740799582820896\/?ref=page_internal\" \/>\n<meta property=\"article:published_time\" content=\"2024-01-05T09:27:00+00:00\" \/>\n<meta property=\"article:modified_time\" content=\"2024-10-04T11:46:27+00:00\" \/>\n<meta property=\"og:image\" content=\"https:\/\/ssspdp.ba\/wp-content\/uploads\/2024\/01\/vlada-fbih-gl.-odbor-ssspdpbih-scaled.jpg\" \/>\n\t<meta property=\"og:image:width\" content=\"2560\" \/>\n\t<meta property=\"og:image:height\" content=\"1346\" \/>\n\t<meta property=\"og:image:type\" content=\"image\/jpeg\" \/>\n<meta name=\"author\" content=\"Senudin Jahic\" \/>\n<meta name=\"twitter:card\" content=\"summary_large_image\" \/>\n<meta name=\"twitter:label1\" content=\"Written by\" \/>\n\t<meta name=\"twitter:data1\" content=\"Senudin Jahic\" \/>\n\t<meta name=\"twitter:label2\" content=\"Est. reading time\" \/>\n\t<meta name=\"twitter:data2\" content=\"4 minutes\" \/>\n<script type=\"application\/ld+json\" class=\"yoast-schema-graph\">{\"@context\":\"https:\\\/\\\/schema.org\",\"@graph\":[{\"@type\":\"Article\",\"@id\":\"https:\\\/\\\/ssspdp.ba\\\/?p=2661#article\",\"isPartOf\":{\"@id\":\"https:\\\/\\\/ssspdp.ba\\\/?p=2661\"},\"author\":{\"name\":\"Senudin Jahic\",\"@id\":\"https:\\\/\\\/ssspdp.ba\\\/#\\\/schema\\\/person\\\/ca59c1c3438388dc9efc2e2c1520dd58\"},\"headline\":\"O\u0160TRA REAKCIJA SS\u0160PDPBIH NA ODLUKU VLADE FBIH O NAJNI\u017dOJ PLA\u0106I: ODLUKA JE ZAMAJAVANJE RADNIKA. NIJE TA\u010cNO DA JE BILO KONSULTACIJA S EKONOMSKO-SOCIJALNIM VIJE\u0106EM. TO NIJE NIKAKVO UNAPRE\u0110ENJE PRAVA RADNIKA, TO JE KR\u0160ENJE ZAKONA\",\"datePublished\":\"2024-01-05T09:27:00+00:00\",\"dateModified\":\"2024-10-04T11:46:27+00:00\",\"mainEntityOfPage\":{\"@id\":\"https:\\\/\\\/ssspdp.ba\\\/?p=2661\"},\"wordCount\":863,\"publisher\":{\"@id\":\"https:\\\/\\\/ssspdp.ba\\\/#organization\"},\"image\":{\"@id\":\"https:\\\/\\\/ssspdp.ba\\\/?p=2661#primaryimage\"},\"thumbnailUrl\":\"https:\\\/\\\/ssspdp.ba\\\/wp-content\\\/uploads\\\/2024\\\/01\\\/vlada-fbih-gl.-odbor-ssspdpbih-scaled.jpg\",\"articleSection\":[\"Novosti\"],\"inLanguage\":\"en-US\"},{\"@type\":\"WebPage\",\"@id\":\"https:\\\/\\\/ssspdp.ba\\\/?p=2661\",\"url\":\"https:\\\/\\\/ssspdp.ba\\\/?p=2661\",\"name\":\"O\u0160TRA REAKCIJA SS\u0160PDPBIH NA ODLUKU VLADE FBIH O NAJNI\u017dOJ PLA\u0106I: ODLUKA JE ZAMAJAVANJE RADNIKA. NIJE TA\u010cNO DA JE BILO KONSULTACIJA S EKONOMSKO-SOCIJALNIM VIJE\u0106EM. TO NIJE NIKAKVO UNAPRE\u0110ENJE PRAVA RADNIKA, TO JE KR\u0160ENJE ZAKONA - Samostalni sindikat \u0161umarstva, prerade drveta i papira Bosne i Hercegovine\",\"isPartOf\":{\"@id\":\"https:\\\/\\\/ssspdp.ba\\\/#website\"},\"primaryImageOfPage\":{\"@id\":\"https:\\\/\\\/ssspdp.ba\\\/?p=2661#primaryimage\"},\"image\":{\"@id\":\"https:\\\/\\\/ssspdp.ba\\\/?p=2661#primaryimage\"},\"thumbnailUrl\":\"https:\\\/\\\/ssspdp.ba\\\/wp-content\\\/uploads\\\/2024\\\/01\\\/vlada-fbih-gl.-odbor-ssspdpbih-scaled.jpg\",\"datePublished\":\"2024-01-05T09:27:00+00:00\",\"dateModified\":\"2024-10-04T11:46:27+00:00\",\"breadcrumb\":{\"@id\":\"https:\\\/\\\/ssspdp.ba\\\/?p=2661#breadcrumb\"},\"inLanguage\":\"en-US\",\"potentialAction\":[{\"@type\":\"ReadAction\",\"target\":[\"https:\\\/\\\/ssspdp.ba\\\/?p=2661\"]}]},{\"@type\":\"ImageObject\",\"inLanguage\":\"en-US\",\"@id\":\"https:\\\/\\\/ssspdp.ba\\\/?p=2661#primaryimage\",\"url\":\"https:\\\/\\\/ssspdp.ba\\\/wp-content\\\/uploads\\\/2024\\\/01\\\/vlada-fbih-gl.-odbor-ssspdpbih-scaled.jpg\",\"contentUrl\":\"https:\\\/\\\/ssspdp.ba\\\/wp-content\\\/uploads\\\/2024\\\/01\\\/vlada-fbih-gl.-odbor-ssspdpbih-scaled.jpg\",\"width\":2560,\"height\":1346},{\"@type\":\"BreadcrumbList\",\"@id\":\"https:\\\/\\\/ssspdp.ba\\\/?p=2661#breadcrumb\",\"itemListElement\":[{\"@type\":\"ListItem\",\"position\":1,\"name\":\"Home\",\"item\":\"https:\\\/\\\/ssspdp.ba\\\/\"},{\"@type\":\"ListItem\",\"position\":2,\"name\":\"O\u0160TRA REAKCIJA SS\u0160PDPBIH NA ODLUKU VLADE FBIH O NAJNI\u017dOJ PLA\u0106I: ODLUKA JE ZAMAJAVANJE RADNIKA. NIJE TA\u010cNO DA JE BILO KONSULTACIJA S EKONOMSKO-SOCIJALNIM VIJE\u0106EM. TO NIJE NIKAKVO UNAPRE\u0110ENJE PRAVA RADNIKA, TO JE KR\u0160ENJE ZAKONA\"}]},{\"@type\":\"WebSite\",\"@id\":\"https:\\\/\\\/ssspdp.ba\\\/#website\",\"url\":\"https:\\\/\\\/ssspdp.ba\\\/\",\"name\":\"Samostalni sindikat \u0161umarstva, prerade drveta i papira Bosne i Hercegovine\",\"description\":\"\",\"publisher\":{\"@id\":\"https:\\\/\\\/ssspdp.ba\\\/#organization\"},\"potentialAction\":[{\"@type\":\"SearchAction\",\"target\":{\"@type\":\"EntryPoint\",\"urlTemplate\":\"https:\\\/\\\/ssspdp.ba\\\/?s={search_term_string}\"},\"query-input\":{\"@type\":\"PropertyValueSpecification\",\"valueRequired\":true,\"valueName\":\"search_term_string\"}}],\"inLanguage\":\"en-US\"},{\"@type\":\"Organization\",\"@id\":\"https:\\\/\\\/ssspdp.ba\\\/#organization\",\"name\":\"Samostalni sindikat \u0161umarstva, prerade drveta i papira Bosne i Hercegovine\",\"url\":\"https:\\\/\\\/ssspdp.ba\\\/\",\"logo\":{\"@type\":\"ImageObject\",\"inLanguage\":\"en-US\",\"@id\":\"https:\\\/\\\/ssspdp.ba\\\/#\\\/schema\\\/logo\\\/image\\\/\",\"url\":\"https:\\\/\\\/ssspdp.ba\\\/wp-content\\\/uploads\\\/2020\\\/10\\\/web-logo.png\",\"contentUrl\":\"https:\\\/\\\/ssspdp.ba\\\/wp-content\\\/uploads\\\/2020\\\/10\\\/web-logo.png\",\"width\":623,\"height\":100,\"caption\":\"Samostalni sindikat \u0161umarstva, prerade drveta i papira Bosne i Hercegovine\"},\"image\":{\"@id\":\"https:\\\/\\\/ssspdp.ba\\\/#\\\/schema\\\/logo\\\/image\\\/\"},\"sameAs\":[\"https:\\\/\\\/www.facebook.com\\\/Samostalni-sindikat-\u0161umarstva-prerade-drveta-i-papira-BiH-1740799582820896\\\/?ref=page_internal\"]},{\"@type\":\"Person\",\"@id\":\"https:\\\/\\\/ssspdp.ba\\\/#\\\/schema\\\/person\\\/ca59c1c3438388dc9efc2e2c1520dd58\",\"name\":\"Senudin Jahic\",\"image\":{\"@type\":\"ImageObject\",\"inLanguage\":\"en-US\",\"@id\":\"https:\\\/\\\/secure.gravatar.com\\\/avatar\\\/4c408c3d0a009ed2e77d9394b7d39ae86e939f4183d1b501926522e8b6ed0820?s=96&d=mm&r=g\",\"url\":\"https:\\\/\\\/secure.gravatar.com\\\/avatar\\\/4c408c3d0a009ed2e77d9394b7d39ae86e939f4183d1b501926522e8b6ed0820?s=96&d=mm&r=g\",\"contentUrl\":\"https:\\\/\\\/secure.gravatar.com\\\/avatar\\\/4c408c3d0a009ed2e77d9394b7d39ae86e939f4183d1b501926522e8b6ed0820?s=96&d=mm&r=g\",\"caption\":\"Senudin Jahic\"},\"sameAs\":[\"http:\\\/\\\/ssspdp.ba\"]}]}<\/script>\n<!-- \/ Yoast SEO plugin. -->","yoast_head_json":{"title":"O\u0160TRA REAKCIJA SS\u0160PDPBIH NA ODLUKU VLADE FBIH O NAJNI\u017dOJ PLA\u0106I: ODLUKA JE ZAMAJAVANJE RADNIKA. NIJE TA\u010cNO DA JE BILO KONSULTACIJA S EKONOMSKO-SOCIJALNIM VIJE\u0106EM. TO NIJE NIKAKVO UNAPRE\u0110ENJE PRAVA RADNIKA, TO JE KR\u0160ENJE ZAKONA - Samostalni sindikat \u0161umarstva, prerade drveta i papira Bosne i Hercegovine","robots":{"index":"index","follow":"follow","max-snippet":"max-snippet:-1","max-image-preview":"max-image-preview:large","max-video-preview":"max-video-preview:-1"},"canonical":"https:\/\/ssspdp.ba\/?p=2661","og_locale":"en_US","og_type":"article","og_title":"O\u0160TRA REAKCIJA SS\u0160PDPBIH NA ODLUKU VLADE FBIH O NAJNI\u017dOJ PLA\u0106I: ODLUKA JE ZAMAJAVANJE RADNIKA. NIJE TA\u010cNO DA JE BILO KONSULTACIJA S EKONOMSKO-SOCIJALNIM VIJE\u0106EM. TO NIJE NIKAKVO UNAPRE\u0110ENJE PRAVA RADNIKA, TO JE KR\u0160ENJE ZAKONA - Samostalni sindikat \u0161umarstva, prerade drveta i papira Bosne i Hercegovine","og_description":"U svojoj Informaciji od 4. januara 2024. god. Samostalni sindikat \u0161umarstva, prerade drveta i papira BiH saop\u0161tava sljede\u0107e: INFORMACIJA (Sindikati iz medija saznali da je Vlada FBiH donijela Odluku o iznosu najni\u017ee pla\u0107e za 2024. godinu) Dana 04.01.2024. godine u medijima je objavljena informacija da je Vlada Federacije BiH, na svojoj sjednici 29.12.2023. godine donijela [&hellip;]","og_url":"https:\/\/ssspdp.ba\/?p=2661","og_site_name":"Samostalni sindikat \u0161umarstva, prerade drveta i papira Bosne i Hercegovine","article_publisher":"https:\/\/www.facebook.com\/Samostalni-sindikat-%c5%a1umarstva-prerade-drveta-i-papira-BiH-1740799582820896\/?ref=page_internal","article_published_time":"2024-01-05T09:27:00+00:00","article_modified_time":"2024-10-04T11:46:27+00:00","og_image":[{"width":2560,"height":1346,"url":"https:\/\/ssspdp.ba\/wp-content\/uploads\/2024\/01\/vlada-fbih-gl.-odbor-ssspdpbih-scaled.jpg","type":"image\/jpeg"}],"author":"Senudin Jahic","twitter_card":"summary_large_image","twitter_misc":{"Written by":"Senudin Jahic","Est. reading time":"4 minutes"},"schema":{"@context":"https:\/\/schema.org","@graph":[{"@type":"Article","@id":"https:\/\/ssspdp.ba\/?p=2661#article","isPartOf":{"@id":"https:\/\/ssspdp.ba\/?p=2661"},"author":{"name":"Senudin Jahic","@id":"https:\/\/ssspdp.ba\/#\/schema\/person\/ca59c1c3438388dc9efc2e2c1520dd58"},"headline":"O\u0160TRA REAKCIJA SS\u0160PDPBIH NA ODLUKU VLADE FBIH O NAJNI\u017dOJ PLA\u0106I: ODLUKA JE ZAMAJAVANJE RADNIKA. NIJE TA\u010cNO DA JE BILO KONSULTACIJA S EKONOMSKO-SOCIJALNIM VIJE\u0106EM. TO NIJE NIKAKVO UNAPRE\u0110ENJE PRAVA RADNIKA, TO JE KR\u0160ENJE ZAKONA","datePublished":"2024-01-05T09:27:00+00:00","dateModified":"2024-10-04T11:46:27+00:00","mainEntityOfPage":{"@id":"https:\/\/ssspdp.ba\/?p=2661"},"wordCount":863,"publisher":{"@id":"https:\/\/ssspdp.ba\/#organization"},"image":{"@id":"https:\/\/ssspdp.ba\/?p=2661#primaryimage"},"thumbnailUrl":"https:\/\/ssspdp.ba\/wp-content\/uploads\/2024\/01\/vlada-fbih-gl.-odbor-ssspdpbih-scaled.jpg","articleSection":["Novosti"],"inLanguage":"en-US"},{"@type":"WebPage","@id":"https:\/\/ssspdp.ba\/?p=2661","url":"https:\/\/ssspdp.ba\/?p=2661","name":"O\u0160TRA REAKCIJA SS\u0160PDPBIH NA ODLUKU VLADE FBIH O NAJNI\u017dOJ PLA\u0106I: ODLUKA JE ZAMAJAVANJE RADNIKA. NIJE TA\u010cNO DA JE BILO KONSULTACIJA S EKONOMSKO-SOCIJALNIM VIJE\u0106EM. TO NIJE NIKAKVO UNAPRE\u0110ENJE PRAVA RADNIKA, TO JE KR\u0160ENJE ZAKONA - Samostalni sindikat \u0161umarstva, prerade drveta i papira Bosne i Hercegovine","isPartOf":{"@id":"https:\/\/ssspdp.ba\/#website"},"primaryImageOfPage":{"@id":"https:\/\/ssspdp.ba\/?p=2661#primaryimage"},"image":{"@id":"https:\/\/ssspdp.ba\/?p=2661#primaryimage"},"thumbnailUrl":"https:\/\/ssspdp.ba\/wp-content\/uploads\/2024\/01\/vlada-fbih-gl.-odbor-ssspdpbih-scaled.jpg","datePublished":"2024-01-05T09:27:00+00:00","dateModified":"2024-10-04T11:46:27+00:00","breadcrumb":{"@id":"https:\/\/ssspdp.ba\/?p=2661#breadcrumb"},"inLanguage":"en-US","potentialAction":[{"@type":"ReadAction","target":["https:\/\/ssspdp.ba\/?p=2661"]}]},{"@type":"ImageObject","inLanguage":"en-US","@id":"https:\/\/ssspdp.ba\/?p=2661#primaryimage","url":"https:\/\/ssspdp.ba\/wp-content\/uploads\/2024\/01\/vlada-fbih-gl.-odbor-ssspdpbih-scaled.jpg","contentUrl":"https:\/\/ssspdp.ba\/wp-content\/uploads\/2024\/01\/vlada-fbih-gl.-odbor-ssspdpbih-scaled.jpg","width":2560,"height":1346},{"@type":"BreadcrumbList","@id":"https:\/\/ssspdp.ba\/?p=2661#breadcrumb","itemListElement":[{"@type":"ListItem","position":1,"name":"Home","item":"https:\/\/ssspdp.ba\/"},{"@type":"ListItem","position":2,"name":"O\u0160TRA REAKCIJA SS\u0160PDPBIH NA ODLUKU VLADE FBIH O NAJNI\u017dOJ PLA\u0106I: ODLUKA JE ZAMAJAVANJE RADNIKA. NIJE TA\u010cNO DA JE BILO KONSULTACIJA S EKONOMSKO-SOCIJALNIM VIJE\u0106EM. TO NIJE NIKAKVO UNAPRE\u0110ENJE PRAVA RADNIKA, TO JE KR\u0160ENJE ZAKONA"}]},{"@type":"WebSite","@id":"https:\/\/ssspdp.ba\/#website","url":"https:\/\/ssspdp.ba\/","name":"Samostalni sindikat \u0161umarstva, prerade drveta i papira Bosne i Hercegovine","description":"","publisher":{"@id":"https:\/\/ssspdp.ba\/#organization"},"potentialAction":[{"@type":"SearchAction","target":{"@type":"EntryPoint","urlTemplate":"https:\/\/ssspdp.ba\/?s={search_term_string}"},"query-input":{"@type":"PropertyValueSpecification","valueRequired":true,"valueName":"search_term_string"}}],"inLanguage":"en-US"},{"@type":"Organization","@id":"https:\/\/ssspdp.ba\/#organization","name":"Samostalni sindikat \u0161umarstva, prerade drveta i papira Bosne i Hercegovine","url":"https:\/\/ssspdp.ba\/","logo":{"@type":"ImageObject","inLanguage":"en-US","@id":"https:\/\/ssspdp.ba\/#\/schema\/logo\/image\/","url":"https:\/\/ssspdp.ba\/wp-content\/uploads\/2020\/10\/web-logo.png","contentUrl":"https:\/\/ssspdp.ba\/wp-content\/uploads\/2020\/10\/web-logo.png","width":623,"height":100,"caption":"Samostalni sindikat \u0161umarstva, prerade drveta i papira Bosne i Hercegovine"},"image":{"@id":"https:\/\/ssspdp.ba\/#\/schema\/logo\/image\/"},"sameAs":["https:\/\/www.facebook.com\/Samostalni-sindikat-\u0161umarstva-prerade-drveta-i-papira-BiH-1740799582820896\/?ref=page_internal"]},{"@type":"Person","@id":"https:\/\/ssspdp.ba\/#\/schema\/person\/ca59c1c3438388dc9efc2e2c1520dd58","name":"Senudin Jahic","image":{"@type":"ImageObject","inLanguage":"en-US","@id":"https:\/\/secure.gravatar.com\/avatar\/4c408c3d0a009ed2e77d9394b7d39ae86e939f4183d1b501926522e8b6ed0820?s=96&d=mm&r=g","url":"https:\/\/secure.gravatar.com\/avatar\/4c408c3d0a009ed2e77d9394b7d39ae86e939f4183d1b501926522e8b6ed0820?s=96&d=mm&r=g","contentUrl":"https:\/\/secure.gravatar.com\/avatar\/4c408c3d0a009ed2e77d9394b7d39ae86e939f4183d1b501926522e8b6ed0820?s=96&d=mm&r=g","caption":"Senudin Jahic"},"sameAs":["http:\/\/ssspdp.ba"]}]}},"_links":{"self":[{"href":"https:\/\/ssspdp.ba\/index.php?rest_route=\/wp\/v2\/posts\/2661","targetHints":{"allow":["GET"]}}],"collection":[{"href":"https:\/\/ssspdp.ba\/index.php?rest_route=\/wp\/v2\/posts"}],"about":[{"href":"https:\/\/ssspdp.ba\/index.php?rest_route=\/wp\/v2\/types\/post"}],"author":[{"embeddable":true,"href":"https:\/\/ssspdp.ba\/index.php?rest_route=\/wp\/v2\/users\/2"}],"replies":[{"embeddable":true,"href":"https:\/\/ssspdp.ba\/index.php?rest_route=%2Fwp%2Fv2%2Fcomments&post=2661"}],"version-history":[{"count":2,"href":"https:\/\/ssspdp.ba\/index.php?rest_route=\/wp\/v2\/posts\/2661\/revisions"}],"predecessor-version":[{"id":2668,"href":"https:\/\/ssspdp.ba\/index.php?rest_route=\/wp\/v2\/posts\/2661\/revisions\/2668"}],"wp:featuredmedia":[{"embeddable":true,"href":"https:\/\/ssspdp.ba\/index.php?rest_route=\/wp\/v2\/media\/2666"}],"wp:attachment":[{"href":"https:\/\/ssspdp.ba\/index.php?rest_route=%2Fwp%2Fv2%2Fmedia&parent=2661"}],"wp:term":[{"taxonomy":"category","embeddable":true,"href":"https:\/\/ssspdp.ba\/index.php?rest_route=%2Fwp%2Fv2%2Fcategories&post=2661"},{"taxonomy":"post_tag","embeddable":true,"href":"https:\/\/ssspdp.ba\/index.php?rest_route=%2Fwp%2Fv2%2Ftags&post=2661"}],"curies":[{"name":"wp","href":"https:\/\/api.w.org\/{rel}","templated":true}]}}