{"id":2711,"date":"2024-02-20T16:18:00","date_gmt":"2024-02-20T15:18:00","guid":{"rendered":"https:\/\/ssspdp.ba\/?p=2711"},"modified":"2024-10-04T12:45:47","modified_gmt":"2024-10-04T11:45:47","slug":"danas-se-obiljezava-svjetski-dan-socijalne-pravde","status":"publish","type":"post","link":"https:\/\/ssspdp.ba\/?p=2711","title":{"rendered":"DANAS SE OBILJE\u017dAVA SVJETSKI DAN SOCIJALNE PRAVDE"},"content":{"rendered":"\n<p>Danas se obilje\u017eava Svjetski dan socijalne pravde, dan koji je Generalna skup\u0161tina Ujedinjenih nacija ustanovila 2007. godine prepoznaju\u0107i potrebu za rje\u0161avanje pitanja kao \u0161to je siroma\u0161tvo, isklju\u010denost i nezaposlenost.<\/p>\n\n\n\n<p>Dru\u0161tveni razvoj i socijalna pravda, preduslovi su za ostvarivanje mira i sigurnosti unutar jednog dru\u0161tva. Globalizacija, povezanost tr\u017ei\u0161ta i uklanjanje prepreka u kretanju investicija mogu podsta\u0107i razvoj privrede i tehnologije i doprinijeti pobolj\u0161anju \u017eivotnog standarda ljudi \u0161irom svijeta.<\/p>\n\n\n\n<p>Na Op\u0161toj skup\u0161tini Ujedinjenih nacija u novembru 2007. godine, sve \u010dlanice UN-a su jednoglasno podr\u017eale rezoluciju kojom se utvr\u0111uje da \u0107e se Svjetski dan socijalne pravde slaviti svake godine 20. februara.<\/p>\n\n\n\n<p>Time je, me\u0111u ostalim, Op\u0161ta skup\u0161tina pozvala dr\u017eave \u010dlanice da se u obilje\u017eavanju ovoga dana na dr\u017eavnom nivou posvete aktivnostima kojima \u0107e senzibilizirati javnost za va\u017enost promocije socijalne pravde, uklanjanja problema siroma\u0161tva, isklju\u010denosti i nezaposlenosti, te ukazati na potrebu osiguranja jednakih mogu\u0107nosti za sve.<\/p>\n\n\n\n<p>Sve vi\u0161e dobija na zna\u010daju koncept prema kojem bi promocija socijalne pravde trebao biti osnovni cilj koji vodi sve politike na nacionalnom i me\u0111unarodnom nivou. Ova ideja dobija podr\u0161ku me\u0111u zagovornicima, koji tvrde da dru\u0161tva i ekonomije funkcioniraju kohezivnije kada se socijalna pravda stavlja na prvo mjesto, prenosi UN.<\/p>\n\n\n\n<p>Me\u0111utim, kao \u0161to UN isti\u010de na svojim slu\u017ebenim stranicama, zagovornici isti\u010du postojanje trajnih ozbiljnih nepravdi, nesigurnosti na tr\u017ei\u0161tu rada i visoke nejednakosti koje su pogor\u0161ale globalne krize. Prijedlozi za napredovanje socijalne pravde uklju\u010duju pobolj\u0161anje inkluzivnog i djelotvornog upravljanja radom, obezbje\u0111ivanje mogu\u0107nosti zapo\u0161ljavanja i cjelo\u017eivotnog u\u010denja, reformu institucija za pravednije rezultate na tr\u017ei\u0161tu rada i pro\u0161irenje socijalne za\u0161tite kroz cijeli \u017eivot ljudi. Socijalna pravda je temeljna vrijednost svakog dru\u0161tva. SS\u0160PDPBiH je kao sindikalna organizacija posve\u0107en ovom idealu i svojim svakodnevnim aktivnostima nastoji dati svoj doprinos postizanju na\u0161eg zajedni\u010dkog cilja, a to je dru\u0161tvo u kojem svi gra\u0111ani imaju jednaka prava i jednake mogu\u0107nosti za ravnopravno u\u010de\u0161\u0107e u svim sferama \u017eivota.<\/p>\n<span class=\"et_bloom_bottom_trigger\"><\/span>","protected":false},"excerpt":{"rendered":"<p>Danas se obilje\u017eava Svjetski dan socijalne pravde, dan koji je Generalna skup\u0161tina Ujedinjenih nacija ustanovila 2007. godine prepoznaju\u0107i potrebu za rje\u0161avanje pitanja kao \u0161to je siroma\u0161tvo, isklju\u010denost i nezaposlenost. Dru\u0161tveni razvoj i socijalna pravda, preduslovi su za ostvarivanje mira i sigurnosti unutar jednog dru\u0161tva. Globalizacija, povezanost tr\u017ei\u0161ta i uklanjanje prepreka u kretanju investicija mogu podsta\u0107i [&hellip;]<\/p>\n","protected":false},"author":2,"featured_media":2712,"comment_status":"closed","ping_status":"open","sticky":false,"template":"","format":"standard","meta":{"_et_pb_use_builder":"off","_et_pb_old_content":"","_et_gb_content_width":"","footnotes":""},"categories":[32],"tags":[],"class_list":["post-2711","post","type-post","status-publish","format-standard","has-post-thumbnail","hentry","category-novosti"],"yoast_head":"<!-- This site is optimized with the Yoast SEO plugin v27.5 - https:\/\/yoast.com\/product\/yoast-seo-wordpress\/ -->\n<title>DANAS SE OBILJE\u017dAVA SVJETSKI DAN SOCIJALNE PRAVDE - Samostalni sindikat \u0161umarstva, prerade drveta i papira Bosne i Hercegovine<\/title>\n<meta name=\"robots\" content=\"index, follow, max-snippet:-1, max-image-preview:large, max-video-preview:-1\" \/>\n<link rel=\"canonical\" href=\"https:\/\/ssspdp.ba\/?p=2711\" \/>\n<meta property=\"og:locale\" content=\"en_US\" \/>\n<meta property=\"og:type\" content=\"article\" \/>\n<meta property=\"og:title\" content=\"DANAS SE OBILJE\u017dAVA SVJETSKI DAN SOCIJALNE PRAVDE - Samostalni sindikat \u0161umarstva, prerade drveta i papira Bosne i Hercegovine\" \/>\n<meta property=\"og:description\" content=\"Danas se obilje\u017eava Svjetski dan socijalne pravde, dan koji je Generalna skup\u0161tina Ujedinjenih nacija ustanovila 2007. godine prepoznaju\u0107i potrebu za rje\u0161avanje pitanja kao \u0161to je siroma\u0161tvo, isklju\u010denost i nezaposlenost. Dru\u0161tveni razvoj i socijalna pravda, preduslovi su za ostvarivanje mira i sigurnosti unutar jednog dru\u0161tva. Globalizacija, povezanost tr\u017ei\u0161ta i uklanjanje prepreka u kretanju investicija mogu podsta\u0107i [&hellip;]\" \/>\n<meta property=\"og:url\" content=\"https:\/\/ssspdp.ba\/?p=2711\" \/>\n<meta property=\"og:site_name\" content=\"Samostalni sindikat \u0161umarstva, prerade drveta i papira Bosne i Hercegovine\" \/>\n<meta property=\"article:publisher\" content=\"https:\/\/www.facebook.com\/Samostalni-sindikat-%c5%a1umarstva-prerade-drveta-i-papira-BiH-1740799582820896\/?ref=page_internal\" \/>\n<meta property=\"article:published_time\" content=\"2024-02-20T15:18:00+00:00\" \/>\n<meta property=\"article:modified_time\" content=\"2024-10-04T11:45:47+00:00\" \/>\n<meta property=\"og:image\" content=\"https:\/\/ssspdp.ba\/wp-content\/uploads\/2024\/02\/Dan-socijalne-pravde-2024-scaled.jpg\" \/>\n\t<meta property=\"og:image:width\" content=\"2560\" \/>\n\t<meta property=\"og:image:height\" content=\"1920\" \/>\n\t<meta property=\"og:image:type\" content=\"image\/jpeg\" \/>\n<meta name=\"author\" content=\"Senudin Jahic\" \/>\n<meta name=\"twitter:card\" content=\"summary_large_image\" \/>\n<meta name=\"twitter:label1\" content=\"Written by\" \/>\n\t<meta name=\"twitter:data1\" content=\"Senudin Jahic\" \/>\n\t<meta name=\"twitter:label2\" content=\"Est. reading time\" \/>\n\t<meta name=\"twitter:data2\" content=\"2 minutes\" \/>\n<script type=\"application\/ld+json\" class=\"yoast-schema-graph\">{\"@context\":\"https:\\\/\\\/schema.org\",\"@graph\":[{\"@type\":\"Article\",\"@id\":\"https:\\\/\\\/ssspdp.ba\\\/?p=2711#article\",\"isPartOf\":{\"@id\":\"https:\\\/\\\/ssspdp.ba\\\/?p=2711\"},\"author\":{\"name\":\"Senudin Jahic\",\"@id\":\"https:\\\/\\\/ssspdp.ba\\\/#\\\/schema\\\/person\\\/ca59c1c3438388dc9efc2e2c1520dd58\"},\"headline\":\"DANAS SE OBILJE\u017dAVA SVJETSKI DAN SOCIJALNE PRAVDE\",\"datePublished\":\"2024-02-20T15:18:00+00:00\",\"dateModified\":\"2024-10-04T11:45:47+00:00\",\"mainEntityOfPage\":{\"@id\":\"https:\\\/\\\/ssspdp.ba\\\/?p=2711\"},\"wordCount\":365,\"publisher\":{\"@id\":\"https:\\\/\\\/ssspdp.ba\\\/#organization\"},\"image\":{\"@id\":\"https:\\\/\\\/ssspdp.ba\\\/?p=2711#primaryimage\"},\"thumbnailUrl\":\"https:\\\/\\\/ssspdp.ba\\\/wp-content\\\/uploads\\\/2024\\\/02\\\/Dan-socijalne-pravde-2024-scaled.jpg\",\"articleSection\":[\"Novosti\"],\"inLanguage\":\"en-US\"},{\"@type\":\"WebPage\",\"@id\":\"https:\\\/\\\/ssspdp.ba\\\/?p=2711\",\"url\":\"https:\\\/\\\/ssspdp.ba\\\/?p=2711\",\"name\":\"DANAS SE OBILJE\u017dAVA SVJETSKI DAN SOCIJALNE PRAVDE - Samostalni sindikat \u0161umarstva, prerade drveta i papira Bosne i Hercegovine\",\"isPartOf\":{\"@id\":\"https:\\\/\\\/ssspdp.ba\\\/#website\"},\"primaryImageOfPage\":{\"@id\":\"https:\\\/\\\/ssspdp.ba\\\/?p=2711#primaryimage\"},\"image\":{\"@id\":\"https:\\\/\\\/ssspdp.ba\\\/?p=2711#primaryimage\"},\"thumbnailUrl\":\"https:\\\/\\\/ssspdp.ba\\\/wp-content\\\/uploads\\\/2024\\\/02\\\/Dan-socijalne-pravde-2024-scaled.jpg\",\"datePublished\":\"2024-02-20T15:18:00+00:00\",\"dateModified\":\"2024-10-04T11:45:47+00:00\",\"breadcrumb\":{\"@id\":\"https:\\\/\\\/ssspdp.ba\\\/?p=2711#breadcrumb\"},\"inLanguage\":\"en-US\",\"potentialAction\":[{\"@type\":\"ReadAction\",\"target\":[\"https:\\\/\\\/ssspdp.ba\\\/?p=2711\"]}]},{\"@type\":\"ImageObject\",\"inLanguage\":\"en-US\",\"@id\":\"https:\\\/\\\/ssspdp.ba\\\/?p=2711#primaryimage\",\"url\":\"https:\\\/\\\/ssspdp.ba\\\/wp-content\\\/uploads\\\/2024\\\/02\\\/Dan-socijalne-pravde-2024-scaled.jpg\",\"contentUrl\":\"https:\\\/\\\/ssspdp.ba\\\/wp-content\\\/uploads\\\/2024\\\/02\\\/Dan-socijalne-pravde-2024-scaled.jpg\",\"width\":2560,\"height\":1920},{\"@type\":\"BreadcrumbList\",\"@id\":\"https:\\\/\\\/ssspdp.ba\\\/?p=2711#breadcrumb\",\"itemListElement\":[{\"@type\":\"ListItem\",\"position\":1,\"name\":\"Home\",\"item\":\"https:\\\/\\\/ssspdp.ba\\\/\"},{\"@type\":\"ListItem\",\"position\":2,\"name\":\"DANAS SE OBILJE\u017dAVA SVJETSKI DAN SOCIJALNE PRAVDE\"}]},{\"@type\":\"WebSite\",\"@id\":\"https:\\\/\\\/ssspdp.ba\\\/#website\",\"url\":\"https:\\\/\\\/ssspdp.ba\\\/\",\"name\":\"Samostalni sindikat \u0161umarstva, prerade drveta i papira Bosne i Hercegovine\",\"description\":\"\",\"publisher\":{\"@id\":\"https:\\\/\\\/ssspdp.ba\\\/#organization\"},\"potentialAction\":[{\"@type\":\"SearchAction\",\"target\":{\"@type\":\"EntryPoint\",\"urlTemplate\":\"https:\\\/\\\/ssspdp.ba\\\/?s={search_term_string}\"},\"query-input\":{\"@type\":\"PropertyValueSpecification\",\"valueRequired\":true,\"valueName\":\"search_term_string\"}}],\"inLanguage\":\"en-US\"},{\"@type\":\"Organization\",\"@id\":\"https:\\\/\\\/ssspdp.ba\\\/#organization\",\"name\":\"Samostalni sindikat \u0161umarstva, prerade drveta i papira Bosne i Hercegovine\",\"url\":\"https:\\\/\\\/ssspdp.ba\\\/\",\"logo\":{\"@type\":\"ImageObject\",\"inLanguage\":\"en-US\",\"@id\":\"https:\\\/\\\/ssspdp.ba\\\/#\\\/schema\\\/logo\\\/image\\\/\",\"url\":\"https:\\\/\\\/ssspdp.ba\\\/wp-content\\\/uploads\\\/2020\\\/10\\\/web-logo.png\",\"contentUrl\":\"https:\\\/\\\/ssspdp.ba\\\/wp-content\\\/uploads\\\/2020\\\/10\\\/web-logo.png\",\"width\":623,\"height\":100,\"caption\":\"Samostalni sindikat \u0161umarstva, prerade drveta i papira Bosne i Hercegovine\"},\"image\":{\"@id\":\"https:\\\/\\\/ssspdp.ba\\\/#\\\/schema\\\/logo\\\/image\\\/\"},\"sameAs\":[\"https:\\\/\\\/www.facebook.com\\\/Samostalni-sindikat-\u0161umarstva-prerade-drveta-i-papira-BiH-1740799582820896\\\/?ref=page_internal\"]},{\"@type\":\"Person\",\"@id\":\"https:\\\/\\\/ssspdp.ba\\\/#\\\/schema\\\/person\\\/ca59c1c3438388dc9efc2e2c1520dd58\",\"name\":\"Senudin Jahic\",\"image\":{\"@type\":\"ImageObject\",\"inLanguage\":\"en-US\",\"@id\":\"https:\\\/\\\/secure.gravatar.com\\\/avatar\\\/4c408c3d0a009ed2e77d9394b7d39ae86e939f4183d1b501926522e8b6ed0820?s=96&d=mm&r=g\",\"url\":\"https:\\\/\\\/secure.gravatar.com\\\/avatar\\\/4c408c3d0a009ed2e77d9394b7d39ae86e939f4183d1b501926522e8b6ed0820?s=96&d=mm&r=g\",\"contentUrl\":\"https:\\\/\\\/secure.gravatar.com\\\/avatar\\\/4c408c3d0a009ed2e77d9394b7d39ae86e939f4183d1b501926522e8b6ed0820?s=96&d=mm&r=g\",\"caption\":\"Senudin Jahic\"},\"sameAs\":[\"http:\\\/\\\/ssspdp.ba\"]}]}<\/script>\n<!-- \/ Yoast SEO plugin. -->","yoast_head_json":{"title":"DANAS SE OBILJE\u017dAVA SVJETSKI DAN SOCIJALNE PRAVDE - Samostalni sindikat \u0161umarstva, prerade drveta i papira Bosne i Hercegovine","robots":{"index":"index","follow":"follow","max-snippet":"max-snippet:-1","max-image-preview":"max-image-preview:large","max-video-preview":"max-video-preview:-1"},"canonical":"https:\/\/ssspdp.ba\/?p=2711","og_locale":"en_US","og_type":"article","og_title":"DANAS SE OBILJE\u017dAVA SVJETSKI DAN SOCIJALNE PRAVDE - Samostalni sindikat \u0161umarstva, prerade drveta i papira Bosne i Hercegovine","og_description":"Danas se obilje\u017eava Svjetski dan socijalne pravde, dan koji je Generalna skup\u0161tina Ujedinjenih nacija ustanovila 2007. godine prepoznaju\u0107i potrebu za rje\u0161avanje pitanja kao \u0161to je siroma\u0161tvo, isklju\u010denost i nezaposlenost. Dru\u0161tveni razvoj i socijalna pravda, preduslovi su za ostvarivanje mira i sigurnosti unutar jednog dru\u0161tva. Globalizacija, povezanost tr\u017ei\u0161ta i uklanjanje prepreka u kretanju investicija mogu podsta\u0107i [&hellip;]","og_url":"https:\/\/ssspdp.ba\/?p=2711","og_site_name":"Samostalni sindikat \u0161umarstva, prerade drveta i papira Bosne i Hercegovine","article_publisher":"https:\/\/www.facebook.com\/Samostalni-sindikat-%c5%a1umarstva-prerade-drveta-i-papira-BiH-1740799582820896\/?ref=page_internal","article_published_time":"2024-02-20T15:18:00+00:00","article_modified_time":"2024-10-04T11:45:47+00:00","og_image":[{"width":2560,"height":1920,"url":"https:\/\/ssspdp.ba\/wp-content\/uploads\/2024\/02\/Dan-socijalne-pravde-2024-scaled.jpg","type":"image\/jpeg"}],"author":"Senudin Jahic","twitter_card":"summary_large_image","twitter_misc":{"Written by":"Senudin Jahic","Est. reading time":"2 minutes"},"schema":{"@context":"https:\/\/schema.org","@graph":[{"@type":"Article","@id":"https:\/\/ssspdp.ba\/?p=2711#article","isPartOf":{"@id":"https:\/\/ssspdp.ba\/?p=2711"},"author":{"name":"Senudin Jahic","@id":"https:\/\/ssspdp.ba\/#\/schema\/person\/ca59c1c3438388dc9efc2e2c1520dd58"},"headline":"DANAS SE OBILJE\u017dAVA SVJETSKI DAN SOCIJALNE PRAVDE","datePublished":"2024-02-20T15:18:00+00:00","dateModified":"2024-10-04T11:45:47+00:00","mainEntityOfPage":{"@id":"https:\/\/ssspdp.ba\/?p=2711"},"wordCount":365,"publisher":{"@id":"https:\/\/ssspdp.ba\/#organization"},"image":{"@id":"https:\/\/ssspdp.ba\/?p=2711#primaryimage"},"thumbnailUrl":"https:\/\/ssspdp.ba\/wp-content\/uploads\/2024\/02\/Dan-socijalne-pravde-2024-scaled.jpg","articleSection":["Novosti"],"inLanguage":"en-US"},{"@type":"WebPage","@id":"https:\/\/ssspdp.ba\/?p=2711","url":"https:\/\/ssspdp.ba\/?p=2711","name":"DANAS SE OBILJE\u017dAVA SVJETSKI DAN SOCIJALNE PRAVDE - Samostalni sindikat \u0161umarstva, prerade drveta i papira Bosne i Hercegovine","isPartOf":{"@id":"https:\/\/ssspdp.ba\/#website"},"primaryImageOfPage":{"@id":"https:\/\/ssspdp.ba\/?p=2711#primaryimage"},"image":{"@id":"https:\/\/ssspdp.ba\/?p=2711#primaryimage"},"thumbnailUrl":"https:\/\/ssspdp.ba\/wp-content\/uploads\/2024\/02\/Dan-socijalne-pravde-2024-scaled.jpg","datePublished":"2024-02-20T15:18:00+00:00","dateModified":"2024-10-04T11:45:47+00:00","breadcrumb":{"@id":"https:\/\/ssspdp.ba\/?p=2711#breadcrumb"},"inLanguage":"en-US","potentialAction":[{"@type":"ReadAction","target":["https:\/\/ssspdp.ba\/?p=2711"]}]},{"@type":"ImageObject","inLanguage":"en-US","@id":"https:\/\/ssspdp.ba\/?p=2711#primaryimage","url":"https:\/\/ssspdp.ba\/wp-content\/uploads\/2024\/02\/Dan-socijalne-pravde-2024-scaled.jpg","contentUrl":"https:\/\/ssspdp.ba\/wp-content\/uploads\/2024\/02\/Dan-socijalne-pravde-2024-scaled.jpg","width":2560,"height":1920},{"@type":"BreadcrumbList","@id":"https:\/\/ssspdp.ba\/?p=2711#breadcrumb","itemListElement":[{"@type":"ListItem","position":1,"name":"Home","item":"https:\/\/ssspdp.ba\/"},{"@type":"ListItem","position":2,"name":"DANAS SE OBILJE\u017dAVA SVJETSKI DAN SOCIJALNE PRAVDE"}]},{"@type":"WebSite","@id":"https:\/\/ssspdp.ba\/#website","url":"https:\/\/ssspdp.ba\/","name":"Samostalni sindikat \u0161umarstva, prerade drveta i papira Bosne i Hercegovine","description":"","publisher":{"@id":"https:\/\/ssspdp.ba\/#organization"},"potentialAction":[{"@type":"SearchAction","target":{"@type":"EntryPoint","urlTemplate":"https:\/\/ssspdp.ba\/?s={search_term_string}"},"query-input":{"@type":"PropertyValueSpecification","valueRequired":true,"valueName":"search_term_string"}}],"inLanguage":"en-US"},{"@type":"Organization","@id":"https:\/\/ssspdp.ba\/#organization","name":"Samostalni sindikat \u0161umarstva, prerade drveta i papira Bosne i Hercegovine","url":"https:\/\/ssspdp.ba\/","logo":{"@type":"ImageObject","inLanguage":"en-US","@id":"https:\/\/ssspdp.ba\/#\/schema\/logo\/image\/","url":"https:\/\/ssspdp.ba\/wp-content\/uploads\/2020\/10\/web-logo.png","contentUrl":"https:\/\/ssspdp.ba\/wp-content\/uploads\/2020\/10\/web-logo.png","width":623,"height":100,"caption":"Samostalni sindikat \u0161umarstva, prerade drveta i papira Bosne i Hercegovine"},"image":{"@id":"https:\/\/ssspdp.ba\/#\/schema\/logo\/image\/"},"sameAs":["https:\/\/www.facebook.com\/Samostalni-sindikat-\u0161umarstva-prerade-drveta-i-papira-BiH-1740799582820896\/?ref=page_internal"]},{"@type":"Person","@id":"https:\/\/ssspdp.ba\/#\/schema\/person\/ca59c1c3438388dc9efc2e2c1520dd58","name":"Senudin Jahic","image":{"@type":"ImageObject","inLanguage":"en-US","@id":"https:\/\/secure.gravatar.com\/avatar\/4c408c3d0a009ed2e77d9394b7d39ae86e939f4183d1b501926522e8b6ed0820?s=96&d=mm&r=g","url":"https:\/\/secure.gravatar.com\/avatar\/4c408c3d0a009ed2e77d9394b7d39ae86e939f4183d1b501926522e8b6ed0820?s=96&d=mm&r=g","contentUrl":"https:\/\/secure.gravatar.com\/avatar\/4c408c3d0a009ed2e77d9394b7d39ae86e939f4183d1b501926522e8b6ed0820?s=96&d=mm&r=g","caption":"Senudin Jahic"},"sameAs":["http:\/\/ssspdp.ba"]}]}},"_links":{"self":[{"href":"https:\/\/ssspdp.ba\/index.php?rest_route=\/wp\/v2\/posts\/2711","targetHints":{"allow":["GET"]}}],"collection":[{"href":"https:\/\/ssspdp.ba\/index.php?rest_route=\/wp\/v2\/posts"}],"about":[{"href":"https:\/\/ssspdp.ba\/index.php?rest_route=\/wp\/v2\/types\/post"}],"author":[{"embeddable":true,"href":"https:\/\/ssspdp.ba\/index.php?rest_route=\/wp\/v2\/users\/2"}],"replies":[{"embeddable":true,"href":"https:\/\/ssspdp.ba\/index.php?rest_route=%2Fwp%2Fv2%2Fcomments&post=2711"}],"version-history":[{"count":1,"href":"https:\/\/ssspdp.ba\/index.php?rest_route=\/wp\/v2\/posts\/2711\/revisions"}],"predecessor-version":[{"id":2713,"href":"https:\/\/ssspdp.ba\/index.php?rest_route=\/wp\/v2\/posts\/2711\/revisions\/2713"}],"wp:featuredmedia":[{"embeddable":true,"href":"https:\/\/ssspdp.ba\/index.php?rest_route=\/wp\/v2\/media\/2712"}],"wp:attachment":[{"href":"https:\/\/ssspdp.ba\/index.php?rest_route=%2Fwp%2Fv2%2Fmedia&parent=2711"}],"wp:term":[{"taxonomy":"category","embeddable":true,"href":"https:\/\/ssspdp.ba\/index.php?rest_route=%2Fwp%2Fv2%2Fcategories&post=2711"},{"taxonomy":"post_tag","embeddable":true,"href":"https:\/\/ssspdp.ba\/index.php?rest_route=%2Fwp%2Fv2%2Ftags&post=2711"}],"curies":[{"name":"wp","href":"https:\/\/api.w.org\/{rel}","templated":true}]}}