{"id":2719,"date":"2024-03-08T11:47:32","date_gmt":"2024-03-08T10:47:32","guid":{"rendered":"https:\/\/ssspdp.ba\/?p=2719"},"modified":"2024-10-04T12:45:35","modified_gmt":"2024-10-04T11:45:35","slug":"medunarodni-dan-zena-poziv-na-akciju","status":"publish","type":"post","link":"https:\/\/ssspdp.ba\/?p=2719","title":{"rendered":"POVODOM 8. MARTA, ME\u0110UNARODNOG DANA \u017dENA: POZIV NA AKCIJU"},"content":{"rendered":"\n<p>Poziv na akciju: Me\u0111unarodni dan \u017eena 2024.<\/p>\n\n\n\n<p>Samostalni sindikat \u0161umarstva, prerade drveta i papira BiH i Me\u0111unarodna konfederacija radnika u gra\u0111evinskoj i drvnoj industriji (BWI) obilje\u017eit \u0107e Me\u0111unarodni dan \u017eena temom \u201eNema odstupanja: \u017dene se bore za demokratiju\u201c<\/p>\n\n\n\n<p>PRIDRU\u017dITE NAM SE<\/p>\n\n\n\n<p>Po\u010dev\u0161i od 1. marta 2024. godine, BWI sa svojim \u010dlanicama odr\u017eava sedmodnevnu kampanju za promociju va\u017enih uloga zaposlenih \u017eena u borbi za demokratiju na radnim mjestima, u sindikatima, lokalnim zajednicama i dru\u0161tvu u cjelini. Borba za demokratiju na radnim mjestima i \u0161ire, je od najve\u0107e va\u017enosti za radnice u gra\u0111evinarstvu, proizvodnji gra\u0111evinskih materijala, drvnoj i \u0161umarskoj industriji. Samo kroz demokratiju i aktivno u\u010de\u0161\u0107e u dru\u0161tvenim procesima mo\u017eemo razbiti barijere koje ometaju ostvarivanje ljudskih i radni\u010dkih prava te postizanje jednakosti.<\/p>\n\n\n\n<p>Demokratije \u0161irom svijeta su nepotpune bez rodne ravnopravnosti i prava \u017eena. Dok slavimo \u017eenske borbe i dostignu\u0107a na Me\u0111unarodni dan \u017eena, ODAJMO PO\u010cAST SVIM HRABRIM I ODLU\u010cNIM RADNICAMA KOJE SU NA PRVOJ LINIJI BORBE ZA RODNU I SOCIJALNU PRAVDU I DEMOKRATIJU. Na ovaj Me\u0111unarodni dan \u017eena, ali i na svaki drugi dan, zajedno stanimo na prvu liniju borbe za rodnu i socijalnu pravdu i demokratiju! DR\u017dIMO LINIJU BORBE!<\/p>\n\n\n\n<p>Poduzmite akciju!<\/p>\n\n\n\n<p>Pozivamo \u010dlanice sindikata da poduzmu sljede\u0107e:<\/p>\n\n\n\n<p>Organizacija sastanaka sa sindikalistima o rodnim pitanjima i ulogama \u017eena u borbi za demokratiju.<br>Online i offline kampanja za poticanje \u010dlanova sindikata da budu kreativni u izra\u017eavanju solidarnosti i podr\u0161ke na\u0161oj kampanji povodom Dana \u017eena ove godine.<\/p>\n\n\n\n<p>Sa\u010dinjavanje saop\u0161tenja od strane sindikalnih organizacija upu\u0107enih predstavnicima vlasti, kreatorima politika i medijskim akterima u kojima se nagla\u0161ava da su \u017eene klju\u010dne u borbi za demokratiju.<\/p>\n\n\n\n<p>Poka\u017eite solidarnost!<\/p>\n\n\n\n<p>Kako bismo pokazali solidarnost na me\u0111unarodnom nivou, pozivamo \u010dlanice BWI-ja da:<\/p>\n\n\n\n<p>Potaknu \u017eenske \u010dlanice sindikata da sa\u010dine fotografije kako se me\u0111usobno dr\u017ee ruku pod ruku (i time simboli\u010dno staju i \u201edr\u017ee liniju borbe\u201c za rodnu i socijalnu pravdu i demokratiju) te da koriste interaktivni poster BWI-a za objavljivanje fotografija na dru\u0161tvenim mre\u017eama, koriste\u0107i hashtagove # WomenHoldTheLine i #WomenWorkers4Democracy.<\/p>\n\n\n\n<p>Pozovite \u010dlanove sindikata da se pridru\u017ee BWI-jevom \u201eKaravanu govora o rodnoj ravnopravnosti\u201c na Facebooku i Instagramu.<\/p>\n\n\n\n<p>Pozovite radnice da podijele svoje pri\u010de o svakodnevnom otporu na TikToku na bilo kojem jeziku, koriste\u0107i hashtagove #WomenHoldTheLine i #WorkingWomen4Democracy.<\/p>\n\n\n\n<figure class=\"wp-block-image size-large\"><img loading=\"lazy\" decoding=\"async\" width=\"768\" height=\"1024\" src=\"https:\/\/ssspdp.ba\/wp-content\/uploads\/2024\/03\/1709820333794-768x1024.jpg\" alt=\"\" class=\"wp-image-2726\"\/><\/figure>\n\n\n\n<figure class=\"wp-block-image size-full\"><img loading=\"lazy\" decoding=\"async\" width=\"595\" height=\"841\" src=\"https:\/\/ssspdp.ba\/wp-content\/uploads\/2024\/03\/FB_IMG_1709894620957.jpg\" alt=\"\" class=\"wp-image-2721\" srcset=\"https:\/\/ssspdp.ba\/wp-content\/uploads\/2024\/03\/FB_IMG_1709894620957.jpg 595w, https:\/\/ssspdp.ba\/wp-content\/uploads\/2024\/03\/FB_IMG_1709894620957-480x678.jpg 480w\" sizes=\"auto, (min-width: 0px) and (max-width: 480px) 480px, (min-width: 481px) 595px, 100vw\" \/><\/figure>\n<span class=\"et_bloom_bottom_trigger\"><\/span>","protected":false},"excerpt":{"rendered":"<p>Poziv na akciju: Me\u0111unarodni dan \u017eena 2024. Samostalni sindikat \u0161umarstva, prerade drveta i papira BiH i Me\u0111unarodna konfederacija radnika u gra\u0111evinskoj i drvnoj industriji (BWI) obilje\u017eit \u0107e Me\u0111unarodni dan \u017eena temom \u201eNema odstupanja: \u017dene se bore za demokratiju\u201c PRIDRU\u017dITE NAM SE Po\u010dev\u0161i od 1. marta 2024. godine, BWI sa svojim \u010dlanicama odr\u017eava sedmodnevnu kampanju za [&hellip;]<\/p>\n","protected":false},"author":2,"featured_media":2720,"comment_status":"closed","ping_status":"open","sticky":false,"template":"","format":"standard","meta":{"_et_pb_use_builder":"off","_et_pb_old_content":"","_et_gb_content_width":"","footnotes":""},"categories":[32],"tags":[],"class_list":["post-2719","post","type-post","status-publish","format-standard","has-post-thumbnail","hentry","category-novosti"],"yoast_head":"<!-- This site is optimized with the Yoast SEO plugin v27.5 - https:\/\/yoast.com\/product\/yoast-seo-wordpress\/ -->\n<title>POVODOM 8. MARTA, ME\u0110UNARODNOG DANA \u017dENA: POZIV NA AKCIJU - Samostalni sindikat \u0161umarstva, prerade drveta i papira Bosne i Hercegovine<\/title>\n<meta name=\"robots\" content=\"index, follow, max-snippet:-1, max-image-preview:large, max-video-preview:-1\" \/>\n<link rel=\"canonical\" href=\"https:\/\/ssspdp.ba\/?p=2719\" \/>\n<meta property=\"og:locale\" content=\"en_US\" \/>\n<meta property=\"og:type\" content=\"article\" \/>\n<meta property=\"og:title\" content=\"POVODOM 8. MARTA, ME\u0110UNARODNOG DANA \u017dENA: POZIV NA AKCIJU - Samostalni sindikat \u0161umarstva, prerade drveta i papira Bosne i Hercegovine\" \/>\n<meta property=\"og:description\" content=\"Poziv na akciju: Me\u0111unarodni dan \u017eena 2024. Samostalni sindikat \u0161umarstva, prerade drveta i papira BiH i Me\u0111unarodna konfederacija radnika u gra\u0111evinskoj i drvnoj industriji (BWI) obilje\u017eit \u0107e Me\u0111unarodni dan \u017eena temom \u201eNema odstupanja: \u017dene se bore za demokratiju\u201c PRIDRU\u017dITE NAM SE Po\u010dev\u0161i od 1. marta 2024. godine, BWI sa svojim \u010dlanicama odr\u017eava sedmodnevnu kampanju za [&hellip;]\" \/>\n<meta property=\"og:url\" content=\"https:\/\/ssspdp.ba\/?p=2719\" \/>\n<meta property=\"og:site_name\" content=\"Samostalni sindikat \u0161umarstva, prerade drveta i papira Bosne i Hercegovine\" \/>\n<meta property=\"article:publisher\" content=\"https:\/\/www.facebook.com\/Samostalni-sindikat-%c5%a1umarstva-prerade-drveta-i-papira-BiH-1740799582820896\/?ref=page_internal\" \/>\n<meta property=\"article:published_time\" content=\"2024-03-08T10:47:32+00:00\" \/>\n<meta property=\"article:modified_time\" content=\"2024-10-04T11:45:35+00:00\" \/>\n<meta property=\"og:image\" content=\"https:\/\/ssspdp.ba\/wp-content\/uploads\/2024\/03\/FB_IMG_1709894608951.jpg\" \/>\n\t<meta property=\"og:image:width\" content=\"1080\" \/>\n\t<meta property=\"og:image:height\" content=\"1528\" \/>\n\t<meta property=\"og:image:type\" content=\"image\/jpeg\" \/>\n<meta name=\"author\" content=\"Senudin Jahic\" \/>\n<meta name=\"twitter:card\" content=\"summary_large_image\" \/>\n<meta name=\"twitter:label1\" content=\"Written by\" \/>\n\t<meta name=\"twitter:data1\" content=\"Senudin Jahic\" \/>\n\t<meta name=\"twitter:label2\" content=\"Est. reading time\" \/>\n\t<meta name=\"twitter:data2\" content=\"2 minutes\" \/>\n<script type=\"application\/ld+json\" class=\"yoast-schema-graph\">{\"@context\":\"https:\\\/\\\/schema.org\",\"@graph\":[{\"@type\":\"Article\",\"@id\":\"https:\\\/\\\/ssspdp.ba\\\/?p=2719#article\",\"isPartOf\":{\"@id\":\"https:\\\/\\\/ssspdp.ba\\\/?p=2719\"},\"author\":{\"name\":\"Senudin Jahic\",\"@id\":\"https:\\\/\\\/ssspdp.ba\\\/#\\\/schema\\\/person\\\/ca59c1c3438388dc9efc2e2c1520dd58\"},\"headline\":\"POVODOM 8. MARTA, ME\u0110UNARODNOG DANA \u017dENA: POZIV NA AKCIJU\",\"datePublished\":\"2024-03-08T10:47:32+00:00\",\"dateModified\":\"2024-10-04T11:45:35+00:00\",\"mainEntityOfPage\":{\"@id\":\"https:\\\/\\\/ssspdp.ba\\\/?p=2719\"},\"wordCount\":410,\"publisher\":{\"@id\":\"https:\\\/\\\/ssspdp.ba\\\/#organization\"},\"image\":{\"@id\":\"https:\\\/\\\/ssspdp.ba\\\/?p=2719#primaryimage\"},\"thumbnailUrl\":\"https:\\\/\\\/ssspdp.ba\\\/wp-content\\\/uploads\\\/2024\\\/03\\\/FB_IMG_1709894608951.jpg\",\"articleSection\":[\"Novosti\"],\"inLanguage\":\"en-US\"},{\"@type\":\"WebPage\",\"@id\":\"https:\\\/\\\/ssspdp.ba\\\/?p=2719\",\"url\":\"https:\\\/\\\/ssspdp.ba\\\/?p=2719\",\"name\":\"POVODOM 8. MARTA, ME\u0110UNARODNOG DANA \u017dENA: POZIV NA AKCIJU - Samostalni sindikat \u0161umarstva, prerade drveta i papira Bosne i Hercegovine\",\"isPartOf\":{\"@id\":\"https:\\\/\\\/ssspdp.ba\\\/#website\"},\"primaryImageOfPage\":{\"@id\":\"https:\\\/\\\/ssspdp.ba\\\/?p=2719#primaryimage\"},\"image\":{\"@id\":\"https:\\\/\\\/ssspdp.ba\\\/?p=2719#primaryimage\"},\"thumbnailUrl\":\"https:\\\/\\\/ssspdp.ba\\\/wp-content\\\/uploads\\\/2024\\\/03\\\/FB_IMG_1709894608951.jpg\",\"datePublished\":\"2024-03-08T10:47:32+00:00\",\"dateModified\":\"2024-10-04T11:45:35+00:00\",\"breadcrumb\":{\"@id\":\"https:\\\/\\\/ssspdp.ba\\\/?p=2719#breadcrumb\"},\"inLanguage\":\"en-US\",\"potentialAction\":[{\"@type\":\"ReadAction\",\"target\":[\"https:\\\/\\\/ssspdp.ba\\\/?p=2719\"]}]},{\"@type\":\"ImageObject\",\"inLanguage\":\"en-US\",\"@id\":\"https:\\\/\\\/ssspdp.ba\\\/?p=2719#primaryimage\",\"url\":\"https:\\\/\\\/ssspdp.ba\\\/wp-content\\\/uploads\\\/2024\\\/03\\\/FB_IMG_1709894608951.jpg\",\"contentUrl\":\"https:\\\/\\\/ssspdp.ba\\\/wp-content\\\/uploads\\\/2024\\\/03\\\/FB_IMG_1709894608951.jpg\",\"width\":1080,\"height\":1528},{\"@type\":\"BreadcrumbList\",\"@id\":\"https:\\\/\\\/ssspdp.ba\\\/?p=2719#breadcrumb\",\"itemListElement\":[{\"@type\":\"ListItem\",\"position\":1,\"name\":\"Home\",\"item\":\"https:\\\/\\\/ssspdp.ba\\\/\"},{\"@type\":\"ListItem\",\"position\":2,\"name\":\"POVODOM 8. MARTA, ME\u0110UNARODNOG DANA \u017dENA: POZIV NA AKCIJU\"}]},{\"@type\":\"WebSite\",\"@id\":\"https:\\\/\\\/ssspdp.ba\\\/#website\",\"url\":\"https:\\\/\\\/ssspdp.ba\\\/\",\"name\":\"Samostalni sindikat \u0161umarstva, prerade drveta i papira Bosne i Hercegovine\",\"description\":\"\",\"publisher\":{\"@id\":\"https:\\\/\\\/ssspdp.ba\\\/#organization\"},\"potentialAction\":[{\"@type\":\"SearchAction\",\"target\":{\"@type\":\"EntryPoint\",\"urlTemplate\":\"https:\\\/\\\/ssspdp.ba\\\/?s={search_term_string}\"},\"query-input\":{\"@type\":\"PropertyValueSpecification\",\"valueRequired\":true,\"valueName\":\"search_term_string\"}}],\"inLanguage\":\"en-US\"},{\"@type\":\"Organization\",\"@id\":\"https:\\\/\\\/ssspdp.ba\\\/#organization\",\"name\":\"Samostalni sindikat \u0161umarstva, prerade drveta i papira Bosne i Hercegovine\",\"url\":\"https:\\\/\\\/ssspdp.ba\\\/\",\"logo\":{\"@type\":\"ImageObject\",\"inLanguage\":\"en-US\",\"@id\":\"https:\\\/\\\/ssspdp.ba\\\/#\\\/schema\\\/logo\\\/image\\\/\",\"url\":\"https:\\\/\\\/ssspdp.ba\\\/wp-content\\\/uploads\\\/2020\\\/10\\\/web-logo.png\",\"contentUrl\":\"https:\\\/\\\/ssspdp.ba\\\/wp-content\\\/uploads\\\/2020\\\/10\\\/web-logo.png\",\"width\":623,\"height\":100,\"caption\":\"Samostalni sindikat \u0161umarstva, prerade drveta i papira Bosne i Hercegovine\"},\"image\":{\"@id\":\"https:\\\/\\\/ssspdp.ba\\\/#\\\/schema\\\/logo\\\/image\\\/\"},\"sameAs\":[\"https:\\\/\\\/www.facebook.com\\\/Samostalni-sindikat-\u0161umarstva-prerade-drveta-i-papira-BiH-1740799582820896\\\/?ref=page_internal\"]},{\"@type\":\"Person\",\"@id\":\"https:\\\/\\\/ssspdp.ba\\\/#\\\/schema\\\/person\\\/ca59c1c3438388dc9efc2e2c1520dd58\",\"name\":\"Senudin Jahic\",\"image\":{\"@type\":\"ImageObject\",\"inLanguage\":\"en-US\",\"@id\":\"https:\\\/\\\/secure.gravatar.com\\\/avatar\\\/4c408c3d0a009ed2e77d9394b7d39ae86e939f4183d1b501926522e8b6ed0820?s=96&d=mm&r=g\",\"url\":\"https:\\\/\\\/secure.gravatar.com\\\/avatar\\\/4c408c3d0a009ed2e77d9394b7d39ae86e939f4183d1b501926522e8b6ed0820?s=96&d=mm&r=g\",\"contentUrl\":\"https:\\\/\\\/secure.gravatar.com\\\/avatar\\\/4c408c3d0a009ed2e77d9394b7d39ae86e939f4183d1b501926522e8b6ed0820?s=96&d=mm&r=g\",\"caption\":\"Senudin Jahic\"},\"sameAs\":[\"http:\\\/\\\/ssspdp.ba\"]}]}<\/script>\n<!-- \/ Yoast SEO plugin. -->","yoast_head_json":{"title":"POVODOM 8. MARTA, ME\u0110UNARODNOG DANA \u017dENA: POZIV NA AKCIJU - Samostalni sindikat \u0161umarstva, prerade drveta i papira Bosne i Hercegovine","robots":{"index":"index","follow":"follow","max-snippet":"max-snippet:-1","max-image-preview":"max-image-preview:large","max-video-preview":"max-video-preview:-1"},"canonical":"https:\/\/ssspdp.ba\/?p=2719","og_locale":"en_US","og_type":"article","og_title":"POVODOM 8. MARTA, ME\u0110UNARODNOG DANA \u017dENA: POZIV NA AKCIJU - Samostalni sindikat \u0161umarstva, prerade drveta i papira Bosne i Hercegovine","og_description":"Poziv na akciju: Me\u0111unarodni dan \u017eena 2024. Samostalni sindikat \u0161umarstva, prerade drveta i papira BiH i Me\u0111unarodna konfederacija radnika u gra\u0111evinskoj i drvnoj industriji (BWI) obilje\u017eit \u0107e Me\u0111unarodni dan \u017eena temom \u201eNema odstupanja: \u017dene se bore za demokratiju\u201c PRIDRU\u017dITE NAM SE Po\u010dev\u0161i od 1. marta 2024. godine, BWI sa svojim \u010dlanicama odr\u017eava sedmodnevnu kampanju za [&hellip;]","og_url":"https:\/\/ssspdp.ba\/?p=2719","og_site_name":"Samostalni sindikat \u0161umarstva, prerade drveta i papira Bosne i Hercegovine","article_publisher":"https:\/\/www.facebook.com\/Samostalni-sindikat-%c5%a1umarstva-prerade-drveta-i-papira-BiH-1740799582820896\/?ref=page_internal","article_published_time":"2024-03-08T10:47:32+00:00","article_modified_time":"2024-10-04T11:45:35+00:00","og_image":[{"width":1080,"height":1528,"url":"https:\/\/ssspdp.ba\/wp-content\/uploads\/2024\/03\/FB_IMG_1709894608951.jpg","type":"image\/jpeg"}],"author":"Senudin Jahic","twitter_card":"summary_large_image","twitter_misc":{"Written by":"Senudin Jahic","Est. reading time":"2 minutes"},"schema":{"@context":"https:\/\/schema.org","@graph":[{"@type":"Article","@id":"https:\/\/ssspdp.ba\/?p=2719#article","isPartOf":{"@id":"https:\/\/ssspdp.ba\/?p=2719"},"author":{"name":"Senudin Jahic","@id":"https:\/\/ssspdp.ba\/#\/schema\/person\/ca59c1c3438388dc9efc2e2c1520dd58"},"headline":"POVODOM 8. MARTA, ME\u0110UNARODNOG DANA \u017dENA: POZIV NA AKCIJU","datePublished":"2024-03-08T10:47:32+00:00","dateModified":"2024-10-04T11:45:35+00:00","mainEntityOfPage":{"@id":"https:\/\/ssspdp.ba\/?p=2719"},"wordCount":410,"publisher":{"@id":"https:\/\/ssspdp.ba\/#organization"},"image":{"@id":"https:\/\/ssspdp.ba\/?p=2719#primaryimage"},"thumbnailUrl":"https:\/\/ssspdp.ba\/wp-content\/uploads\/2024\/03\/FB_IMG_1709894608951.jpg","articleSection":["Novosti"],"inLanguage":"en-US"},{"@type":"WebPage","@id":"https:\/\/ssspdp.ba\/?p=2719","url":"https:\/\/ssspdp.ba\/?p=2719","name":"POVODOM 8. MARTA, ME\u0110UNARODNOG DANA \u017dENA: POZIV NA AKCIJU - Samostalni sindikat \u0161umarstva, prerade drveta i papira Bosne i Hercegovine","isPartOf":{"@id":"https:\/\/ssspdp.ba\/#website"},"primaryImageOfPage":{"@id":"https:\/\/ssspdp.ba\/?p=2719#primaryimage"},"image":{"@id":"https:\/\/ssspdp.ba\/?p=2719#primaryimage"},"thumbnailUrl":"https:\/\/ssspdp.ba\/wp-content\/uploads\/2024\/03\/FB_IMG_1709894608951.jpg","datePublished":"2024-03-08T10:47:32+00:00","dateModified":"2024-10-04T11:45:35+00:00","breadcrumb":{"@id":"https:\/\/ssspdp.ba\/?p=2719#breadcrumb"},"inLanguage":"en-US","potentialAction":[{"@type":"ReadAction","target":["https:\/\/ssspdp.ba\/?p=2719"]}]},{"@type":"ImageObject","inLanguage":"en-US","@id":"https:\/\/ssspdp.ba\/?p=2719#primaryimage","url":"https:\/\/ssspdp.ba\/wp-content\/uploads\/2024\/03\/FB_IMG_1709894608951.jpg","contentUrl":"https:\/\/ssspdp.ba\/wp-content\/uploads\/2024\/03\/FB_IMG_1709894608951.jpg","width":1080,"height":1528},{"@type":"BreadcrumbList","@id":"https:\/\/ssspdp.ba\/?p=2719#breadcrumb","itemListElement":[{"@type":"ListItem","position":1,"name":"Home","item":"https:\/\/ssspdp.ba\/"},{"@type":"ListItem","position":2,"name":"POVODOM 8. MARTA, ME\u0110UNARODNOG DANA \u017dENA: POZIV NA AKCIJU"}]},{"@type":"WebSite","@id":"https:\/\/ssspdp.ba\/#website","url":"https:\/\/ssspdp.ba\/","name":"Samostalni sindikat \u0161umarstva, prerade drveta i papira Bosne i Hercegovine","description":"","publisher":{"@id":"https:\/\/ssspdp.ba\/#organization"},"potentialAction":[{"@type":"SearchAction","target":{"@type":"EntryPoint","urlTemplate":"https:\/\/ssspdp.ba\/?s={search_term_string}"},"query-input":{"@type":"PropertyValueSpecification","valueRequired":true,"valueName":"search_term_string"}}],"inLanguage":"en-US"},{"@type":"Organization","@id":"https:\/\/ssspdp.ba\/#organization","name":"Samostalni sindikat \u0161umarstva, prerade drveta i papira Bosne i Hercegovine","url":"https:\/\/ssspdp.ba\/","logo":{"@type":"ImageObject","inLanguage":"en-US","@id":"https:\/\/ssspdp.ba\/#\/schema\/logo\/image\/","url":"https:\/\/ssspdp.ba\/wp-content\/uploads\/2020\/10\/web-logo.png","contentUrl":"https:\/\/ssspdp.ba\/wp-content\/uploads\/2020\/10\/web-logo.png","width":623,"height":100,"caption":"Samostalni sindikat \u0161umarstva, prerade drveta i papira Bosne i Hercegovine"},"image":{"@id":"https:\/\/ssspdp.ba\/#\/schema\/logo\/image\/"},"sameAs":["https:\/\/www.facebook.com\/Samostalni-sindikat-\u0161umarstva-prerade-drveta-i-papira-BiH-1740799582820896\/?ref=page_internal"]},{"@type":"Person","@id":"https:\/\/ssspdp.ba\/#\/schema\/person\/ca59c1c3438388dc9efc2e2c1520dd58","name":"Senudin Jahic","image":{"@type":"ImageObject","inLanguage":"en-US","@id":"https:\/\/secure.gravatar.com\/avatar\/4c408c3d0a009ed2e77d9394b7d39ae86e939f4183d1b501926522e8b6ed0820?s=96&d=mm&r=g","url":"https:\/\/secure.gravatar.com\/avatar\/4c408c3d0a009ed2e77d9394b7d39ae86e939f4183d1b501926522e8b6ed0820?s=96&d=mm&r=g","contentUrl":"https:\/\/secure.gravatar.com\/avatar\/4c408c3d0a009ed2e77d9394b7d39ae86e939f4183d1b501926522e8b6ed0820?s=96&d=mm&r=g","caption":"Senudin Jahic"},"sameAs":["http:\/\/ssspdp.ba"]}]}},"_links":{"self":[{"href":"https:\/\/ssspdp.ba\/index.php?rest_route=\/wp\/v2\/posts\/2719","targetHints":{"allow":["GET"]}}],"collection":[{"href":"https:\/\/ssspdp.ba\/index.php?rest_route=\/wp\/v2\/posts"}],"about":[{"href":"https:\/\/ssspdp.ba\/index.php?rest_route=\/wp\/v2\/types\/post"}],"author":[{"embeddable":true,"href":"https:\/\/ssspdp.ba\/index.php?rest_route=\/wp\/v2\/users\/2"}],"replies":[{"embeddable":true,"href":"https:\/\/ssspdp.ba\/index.php?rest_route=%2Fwp%2Fv2%2Fcomments&post=2719"}],"version-history":[{"count":3,"href":"https:\/\/ssspdp.ba\/index.php?rest_route=\/wp\/v2\/posts\/2719\/revisions"}],"predecessor-version":[{"id":2728,"href":"https:\/\/ssspdp.ba\/index.php?rest_route=\/wp\/v2\/posts\/2719\/revisions\/2728"}],"wp:featuredmedia":[{"embeddable":true,"href":"https:\/\/ssspdp.ba\/index.php?rest_route=\/wp\/v2\/media\/2720"}],"wp:attachment":[{"href":"https:\/\/ssspdp.ba\/index.php?rest_route=%2Fwp%2Fv2%2Fmedia&parent=2719"}],"wp:term":[{"taxonomy":"category","embeddable":true,"href":"https:\/\/ssspdp.ba\/index.php?rest_route=%2Fwp%2Fv2%2Fcategories&post=2719"},{"taxonomy":"post_tag","embeddable":true,"href":"https:\/\/ssspdp.ba\/index.php?rest_route=%2Fwp%2Fv2%2Ftags&post=2719"}],"curies":[{"name":"wp","href":"https:\/\/api.w.org\/{rel}","templated":true}]}}