{"id":2753,"date":"2024-03-21T14:35:49","date_gmt":"2024-03-21T13:35:49","guid":{"rendered":"https:\/\/ssspdp.ba\/?p=2753"},"modified":"2024-10-04T12:44:56","modified_gmt":"2024-10-04T11:44:56","slug":"obiljezavanje-21-marta-svjetskog-dana-suma-ssspdpbih-ucesnik-konferencije-na-kupresu","status":"publish","type":"post","link":"https:\/\/ssspdp.ba\/?p=2753","title":{"rendered":"OBILJE\u017dAVANJE 21. MARTA, SVJETSKOG DANA \u0160UMA: SS\u0160PDPBIH U\u010cESNIK KONFERENCIJE NA KUPRESU"},"content":{"rendered":"\n<p>U povodu obilje\u017eavanja 21. marta, Svjetskog dana \u0161uma, u Bosni i Hercegovini, u organizaciji Hrvatskog drvnog klastera i \u0160GD &#8220;Hercegbosanske \u0161ume&#8221; d.o.o. Kupres, na Kupresu se odr\u017eava Konferencija \u201cKUPRES \u2013 Modernizacija \u0161umarstva u BIH\u201d.<\/p>\n\n\n\n<p>Cilj skupa je afirmativan pristup sektorskoj tematici, kao i objektivno i a\u017eurno informisanje sudionika i gostiju koji se ve\u0107 tradicionalno na Kupres odazivaju u velikom broju. Jedan od programskih prioriteta odnosi se na mogu\u0107nosti finansiranja sektora \u0161umarstva i drvne industrije iz fondova EU, kao i uskla\u0111ivanje politika EU i Bosne i Hercegovine u podru\u010dju \u0161umarstva, te primjena novih tehnologija (AI), odnosno modernizacija svih djelatnosti u lancu \u0161umarstvo-prerada drva.<\/p>\n\n\n\n<p>S obzirom na vrlo intenzivne promjene koje se doga\u0111aju na svjetskom tr\u017ei\u0161tu, glavna tema ovogodi\u0161njeg skupa je \u201eGlobalni uticaj na cijene i tr\u017ei\u0161te\u201c. SS\u0160PDP BiH se predstavio putem izlo\u017ebe &#8220;Rad radnika u sektoru \u0161umarstva, prerade drveta i papira kroz vrijeme&#8221;, ali i kroz u\u010de\u0161\u0107e na\u0161ih predstavnicika na panelima tokom programa konferencije.<\/p>\n\n\n\n<figure class=\"wp-block-gallery columns-3 is-cropped wp-block-gallery-1 is-layout-flex wp-block-gallery-is-layout-flex\"><ul class=\"blocks-gallery-grid\"><li class=\"blocks-gallery-item\"><figure><img loading=\"lazy\" decoding=\"async\" width=\"1024\" height=\"768\" src=\"https:\/\/ssspdp.ba\/wp-content\/uploads\/2024\/03\/viber_image_2024-03-21_13-29-11-333-1024x768.jpg\" alt=\"\" data-id=\"2756\" data-full-url=\"https:\/\/ssspdp.ba\/wp-content\/uploads\/2024\/03\/viber_image_2024-03-21_13-29-11-333.jpg\" data-link=\"https:\/\/ssspdp.ba\/?attachment_id=2756\" class=\"wp-image-2756\" srcset=\"https:\/\/ssspdp.ba\/wp-content\/uploads\/2024\/03\/viber_image_2024-03-21_13-29-11-333-980x735.jpg 980w, https:\/\/ssspdp.ba\/wp-content\/uploads\/2024\/03\/viber_image_2024-03-21_13-29-11-333-480x360.jpg 480w\" sizes=\"auto, (min-width: 0px) and (max-width: 480px) 480px, (min-width: 481px) and (max-width: 980px) 980px, (min-width: 981px) 1024px, 100vw\" \/><\/figure><\/li><li class=\"blocks-gallery-item\"><figure><img loading=\"lazy\" decoding=\"async\" width=\"1024\" height=\"461\" src=\"https:\/\/ssspdp.ba\/wp-content\/uploads\/2024\/03\/viber_image_2024-03-21_13-30-35-046-1024x461.jpg\" alt=\"\" data-id=\"2762\" data-full-url=\"https:\/\/ssspdp.ba\/wp-content\/uploads\/2024\/03\/viber_image_2024-03-21_13-30-35-046.jpg\" data-link=\"https:\/\/ssspdp.ba\/?attachment_id=2762\" class=\"wp-image-2762\" srcset=\"https:\/\/ssspdp.ba\/wp-content\/uploads\/2024\/03\/viber_image_2024-03-21_13-30-35-046-980x441.jpg 980w, https:\/\/ssspdp.ba\/wp-content\/uploads\/2024\/03\/viber_image_2024-03-21_13-30-35-046-480x216.jpg 480w\" sizes=\"auto, (min-width: 0px) and (max-width: 480px) 480px, (min-width: 481px) and (max-width: 980px) 980px, (min-width: 981px) 1024px, 100vw\" \/><\/figure><\/li><li class=\"blocks-gallery-item\"><figure><img loading=\"lazy\" decoding=\"async\" width=\"1024\" height=\"768\" src=\"https:\/\/ssspdp.ba\/wp-content\/uploads\/2024\/03\/viber_image_2024-03-21_13-29-48-733-1024x768.jpg\" alt=\"\" data-id=\"2759\" data-full-url=\"https:\/\/ssspdp.ba\/wp-content\/uploads\/2024\/03\/viber_image_2024-03-21_13-29-48-733.jpg\" data-link=\"https:\/\/ssspdp.ba\/?attachment_id=2759\" class=\"wp-image-2759\" srcset=\"https:\/\/ssspdp.ba\/wp-content\/uploads\/2024\/03\/viber_image_2024-03-21_13-29-48-733-980x735.jpg 980w, https:\/\/ssspdp.ba\/wp-content\/uploads\/2024\/03\/viber_image_2024-03-21_13-29-48-733-480x360.jpg 480w\" sizes=\"auto, (min-width: 0px) and (max-width: 480px) 480px, (min-width: 481px) and (max-width: 980px) 980px, (min-width: 981px) 1024px, 100vw\" \/><\/figure><\/li><li class=\"blocks-gallery-item\"><figure><img loading=\"lazy\" decoding=\"async\" width=\"768\" height=\"1024\" src=\"https:\/\/ssspdp.ba\/wp-content\/uploads\/2024\/03\/viber_image_2024-03-21_13-29-30-737-768x1024.jpg\" alt=\"\" data-id=\"2757\" data-full-url=\"https:\/\/ssspdp.ba\/wp-content\/uploads\/2024\/03\/viber_image_2024-03-21_13-29-30-737.jpg\" data-link=\"https:\/\/ssspdp.ba\/?attachment_id=2757\" class=\"wp-image-2757\"\/><\/figure><\/li><li class=\"blocks-gallery-item\"><figure><img loading=\"lazy\" decoding=\"async\" width=\"1024\" height=\"768\" src=\"https:\/\/ssspdp.ba\/wp-content\/uploads\/2024\/03\/viber_image_2024-03-21_13-29-48-686-1024x768.jpg\" alt=\"\" data-id=\"2758\" data-full-url=\"https:\/\/ssspdp.ba\/wp-content\/uploads\/2024\/03\/viber_image_2024-03-21_13-29-48-686.jpg\" data-link=\"https:\/\/ssspdp.ba\/?attachment_id=2758\" class=\"wp-image-2758\" srcset=\"https:\/\/ssspdp.ba\/wp-content\/uploads\/2024\/03\/viber_image_2024-03-21_13-29-48-686-980x735.jpg 980w, https:\/\/ssspdp.ba\/wp-content\/uploads\/2024\/03\/viber_image_2024-03-21_13-29-48-686-480x360.jpg 480w\" sizes=\"auto, (min-width: 0px) and (max-width: 480px) 480px, (min-width: 481px) and (max-width: 980px) 980px, (min-width: 981px) 1024px, 100vw\" \/><\/figure><\/li><li class=\"blocks-gallery-item\"><figure><img loading=\"lazy\" decoding=\"async\" width=\"1024\" height=\"768\" src=\"https:\/\/ssspdp.ba\/wp-content\/uploads\/2024\/03\/viber_image_2024-03-21_13-28-36-747-1024x768.jpg\" alt=\"\" data-id=\"2755\" data-full-url=\"https:\/\/ssspdp.ba\/wp-content\/uploads\/2024\/03\/viber_image_2024-03-21_13-28-36-747.jpg\" data-link=\"https:\/\/ssspdp.ba\/?attachment_id=2755\" class=\"wp-image-2755\" srcset=\"https:\/\/ssspdp.ba\/wp-content\/uploads\/2024\/03\/viber_image_2024-03-21_13-28-36-747-980x735.jpg 980w, https:\/\/ssspdp.ba\/wp-content\/uploads\/2024\/03\/viber_image_2024-03-21_13-28-36-747-480x360.jpg 480w\" sizes=\"auto, (min-width: 0px) and (max-width: 480px) 480px, (min-width: 481px) and (max-width: 980px) 980px, (min-width: 981px) 1024px, 100vw\" \/><\/figure><\/li><li class=\"blocks-gallery-item\"><figure><img loading=\"lazy\" decoding=\"async\" width=\"1024\" height=\"461\" src=\"https:\/\/ssspdp.ba\/wp-content\/uploads\/2024\/03\/viber_image_2024-03-21_13-29-50-855-1024x461.jpg\" alt=\"\" data-id=\"2760\" data-full-url=\"https:\/\/ssspdp.ba\/wp-content\/uploads\/2024\/03\/viber_image_2024-03-21_13-29-50-855.jpg\" data-link=\"https:\/\/ssspdp.ba\/?attachment_id=2760\" class=\"wp-image-2760\" srcset=\"https:\/\/ssspdp.ba\/wp-content\/uploads\/2024\/03\/viber_image_2024-03-21_13-29-50-855-980x441.jpg 980w, https:\/\/ssspdp.ba\/wp-content\/uploads\/2024\/03\/viber_image_2024-03-21_13-29-50-855-480x216.jpg 480w\" sizes=\"auto, (min-width: 0px) and (max-width: 480px) 480px, (min-width: 481px) and (max-width: 980px) 980px, (min-width: 981px) 1024px, 100vw\" \/><\/figure><\/li><li class=\"blocks-gallery-item\"><figure><img loading=\"lazy\" decoding=\"async\" width=\"1024\" height=\"461\" src=\"https:\/\/ssspdp.ba\/wp-content\/uploads\/2024\/03\/viber_image_2024-03-21_13-30-10-392-1024x461.jpg\" alt=\"\" data-id=\"2761\" data-full-url=\"https:\/\/ssspdp.ba\/wp-content\/uploads\/2024\/03\/viber_image_2024-03-21_13-30-10-392.jpg\" data-link=\"https:\/\/ssspdp.ba\/?attachment_id=2761\" class=\"wp-image-2761\" srcset=\"https:\/\/ssspdp.ba\/wp-content\/uploads\/2024\/03\/viber_image_2024-03-21_13-30-10-392-980x441.jpg 980w, https:\/\/ssspdp.ba\/wp-content\/uploads\/2024\/03\/viber_image_2024-03-21_13-30-10-392-480x216.jpg 480w\" sizes=\"auto, (min-width: 0px) and (max-width: 480px) 480px, (min-width: 481px) and (max-width: 980px) 980px, (min-width: 981px) 1024px, 100vw\" \/><\/figure><\/li><\/ul><\/figure>\n<span class=\"et_bloom_bottom_trigger\"><\/span>","protected":false},"excerpt":{"rendered":"<p>U povodu obilje\u017eavanja 21. marta, Svjetskog dana \u0161uma, u Bosni i Hercegovini, u organizaciji Hrvatskog drvnog klastera i \u0160GD &#8220;Hercegbosanske \u0161ume&#8221; d.o.o. Kupres, na Kupresu se odr\u017eava Konferencija \u201cKUPRES \u2013 Modernizacija \u0161umarstva u BIH\u201d. Cilj skupa je afirmativan pristup sektorskoj tematici, kao i objektivno i a\u017eurno informisanje sudionika i gostiju koji se ve\u0107 tradicionalno na [&hellip;]<\/p>\n","protected":false},"author":2,"featured_media":2754,"comment_status":"closed","ping_status":"open","sticky":false,"template":"","format":"standard","meta":{"_et_pb_use_builder":"off","_et_pb_old_content":"","_et_gb_content_width":"","footnotes":""},"categories":[32],"tags":[],"class_list":["post-2753","post","type-post","status-publish","format-standard","has-post-thumbnail","hentry","category-novosti"],"yoast_head":"<!-- This site is optimized with the Yoast SEO plugin v27.5 - https:\/\/yoast.com\/product\/yoast-seo-wordpress\/ -->\n<title>OBILJE\u017dAVANJE 21. MARTA, SVJETSKOG DANA \u0160UMA: SS\u0160PDPBIH U\u010cESNIK KONFERENCIJE NA KUPRESU - Samostalni sindikat \u0161umarstva, prerade drveta i papira Bosne i Hercegovine<\/title>\n<meta name=\"robots\" content=\"index, follow, max-snippet:-1, max-image-preview:large, max-video-preview:-1\" \/>\n<link rel=\"canonical\" href=\"https:\/\/ssspdp.ba\/?p=2753\" \/>\n<meta property=\"og:locale\" content=\"en_US\" \/>\n<meta property=\"og:type\" content=\"article\" \/>\n<meta property=\"og:title\" content=\"OBILJE\u017dAVANJE 21. MARTA, SVJETSKOG DANA \u0160UMA: SS\u0160PDPBIH U\u010cESNIK KONFERENCIJE NA KUPRESU - Samostalni sindikat \u0161umarstva, prerade drveta i papira Bosne i Hercegovine\" \/>\n<meta property=\"og:description\" content=\"U povodu obilje\u017eavanja 21. marta, Svjetskog dana \u0161uma, u Bosni i Hercegovini, u organizaciji Hrvatskog drvnog klastera i \u0160GD &#8220;Hercegbosanske \u0161ume&#8221; d.o.o. Kupres, na Kupresu se odr\u017eava Konferencija \u201cKUPRES \u2013 Modernizacija \u0161umarstva u BIH\u201d. Cilj skupa je afirmativan pristup sektorskoj tematici, kao i objektivno i a\u017eurno informisanje sudionika i gostiju koji se ve\u0107 tradicionalno na [&hellip;]\" \/>\n<meta property=\"og:url\" content=\"https:\/\/ssspdp.ba\/?p=2753\" \/>\n<meta property=\"og:site_name\" content=\"Samostalni sindikat \u0161umarstva, prerade drveta i papira Bosne i Hercegovine\" \/>\n<meta property=\"article:publisher\" content=\"https:\/\/www.facebook.com\/Samostalni-sindikat-%c5%a1umarstva-prerade-drveta-i-papira-BiH-1740799582820896\/?ref=page_internal\" \/>\n<meta property=\"article:published_time\" content=\"2024-03-21T13:35:49+00:00\" \/>\n<meta property=\"article:modified_time\" content=\"2024-10-04T11:44:56+00:00\" \/>\n<meta property=\"og:image\" content=\"https:\/\/ssspdp.ba\/wp-content\/uploads\/2024\/03\/Svjetski-dan-suma-2024-scaled.jpg\" \/>\n\t<meta property=\"og:image:width\" content=\"2560\" \/>\n\t<meta property=\"og:image:height\" content=\"908\" \/>\n\t<meta property=\"og:image:type\" content=\"image\/jpeg\" \/>\n<meta name=\"author\" content=\"Senudin Jahic\" \/>\n<meta name=\"twitter:card\" content=\"summary_large_image\" \/>\n<meta name=\"twitter:label1\" content=\"Written by\" \/>\n\t<meta name=\"twitter:data1\" content=\"Senudin Jahic\" \/>\n\t<meta name=\"twitter:label2\" content=\"Est. reading time\" \/>\n\t<meta name=\"twitter:data2\" content=\"3 minutes\" \/>\n<script type=\"application\/ld+json\" class=\"yoast-schema-graph\">{\"@context\":\"https:\\\/\\\/schema.org\",\"@graph\":[{\"@type\":\"Article\",\"@id\":\"https:\\\/\\\/ssspdp.ba\\\/?p=2753#article\",\"isPartOf\":{\"@id\":\"https:\\\/\\\/ssspdp.ba\\\/?p=2753\"},\"author\":{\"name\":\"Senudin Jahic\",\"@id\":\"https:\\\/\\\/ssspdp.ba\\\/#\\\/schema\\\/person\\\/ca59c1c3438388dc9efc2e2c1520dd58\"},\"headline\":\"OBILJE\u017dAVANJE 21. MARTA, SVJETSKOG DANA \u0160UMA: SS\u0160PDPBIH U\u010cESNIK KONFERENCIJE NA KUPRESU\",\"datePublished\":\"2024-03-21T13:35:49+00:00\",\"dateModified\":\"2024-10-04T11:44:56+00:00\",\"mainEntityOfPage\":{\"@id\":\"https:\\\/\\\/ssspdp.ba\\\/?p=2753\"},\"wordCount\":183,\"publisher\":{\"@id\":\"https:\\\/\\\/ssspdp.ba\\\/#organization\"},\"image\":{\"@id\":\"https:\\\/\\\/ssspdp.ba\\\/?p=2753#primaryimage\"},\"thumbnailUrl\":\"https:\\\/\\\/ssspdp.ba\\\/wp-content\\\/uploads\\\/2024\\\/03\\\/Svjetski-dan-suma-2024-scaled.jpg\",\"articleSection\":[\"Novosti\"],\"inLanguage\":\"en-US\"},{\"@type\":\"WebPage\",\"@id\":\"https:\\\/\\\/ssspdp.ba\\\/?p=2753\",\"url\":\"https:\\\/\\\/ssspdp.ba\\\/?p=2753\",\"name\":\"OBILJE\u017dAVANJE 21. MARTA, SVJETSKOG DANA \u0160UMA: SS\u0160PDPBIH U\u010cESNIK KONFERENCIJE NA KUPRESU - Samostalni sindikat \u0161umarstva, prerade drveta i papira Bosne i Hercegovine\",\"isPartOf\":{\"@id\":\"https:\\\/\\\/ssspdp.ba\\\/#website\"},\"primaryImageOfPage\":{\"@id\":\"https:\\\/\\\/ssspdp.ba\\\/?p=2753#primaryimage\"},\"image\":{\"@id\":\"https:\\\/\\\/ssspdp.ba\\\/?p=2753#primaryimage\"},\"thumbnailUrl\":\"https:\\\/\\\/ssspdp.ba\\\/wp-content\\\/uploads\\\/2024\\\/03\\\/Svjetski-dan-suma-2024-scaled.jpg\",\"datePublished\":\"2024-03-21T13:35:49+00:00\",\"dateModified\":\"2024-10-04T11:44:56+00:00\",\"breadcrumb\":{\"@id\":\"https:\\\/\\\/ssspdp.ba\\\/?p=2753#breadcrumb\"},\"inLanguage\":\"en-US\",\"potentialAction\":[{\"@type\":\"ReadAction\",\"target\":[\"https:\\\/\\\/ssspdp.ba\\\/?p=2753\"]}]},{\"@type\":\"ImageObject\",\"inLanguage\":\"en-US\",\"@id\":\"https:\\\/\\\/ssspdp.ba\\\/?p=2753#primaryimage\",\"url\":\"https:\\\/\\\/ssspdp.ba\\\/wp-content\\\/uploads\\\/2024\\\/03\\\/Svjetski-dan-suma-2024-scaled.jpg\",\"contentUrl\":\"https:\\\/\\\/ssspdp.ba\\\/wp-content\\\/uploads\\\/2024\\\/03\\\/Svjetski-dan-suma-2024-scaled.jpg\",\"width\":2560,\"height\":908},{\"@type\":\"BreadcrumbList\",\"@id\":\"https:\\\/\\\/ssspdp.ba\\\/?p=2753#breadcrumb\",\"itemListElement\":[{\"@type\":\"ListItem\",\"position\":1,\"name\":\"Home\",\"item\":\"https:\\\/\\\/ssspdp.ba\\\/\"},{\"@type\":\"ListItem\",\"position\":2,\"name\":\"OBILJE\u017dAVANJE 21. MARTA, SVJETSKOG DANA \u0160UMA: SS\u0160PDPBIH U\u010cESNIK KONFERENCIJE NA KUPRESU\"}]},{\"@type\":\"WebSite\",\"@id\":\"https:\\\/\\\/ssspdp.ba\\\/#website\",\"url\":\"https:\\\/\\\/ssspdp.ba\\\/\",\"name\":\"Samostalni sindikat \u0161umarstva, prerade drveta i papira Bosne i Hercegovine\",\"description\":\"\",\"publisher\":{\"@id\":\"https:\\\/\\\/ssspdp.ba\\\/#organization\"},\"potentialAction\":[{\"@type\":\"SearchAction\",\"target\":{\"@type\":\"EntryPoint\",\"urlTemplate\":\"https:\\\/\\\/ssspdp.ba\\\/?s={search_term_string}\"},\"query-input\":{\"@type\":\"PropertyValueSpecification\",\"valueRequired\":true,\"valueName\":\"search_term_string\"}}],\"inLanguage\":\"en-US\"},{\"@type\":\"Organization\",\"@id\":\"https:\\\/\\\/ssspdp.ba\\\/#organization\",\"name\":\"Samostalni sindikat \u0161umarstva, prerade drveta i papira Bosne i Hercegovine\",\"url\":\"https:\\\/\\\/ssspdp.ba\\\/\",\"logo\":{\"@type\":\"ImageObject\",\"inLanguage\":\"en-US\",\"@id\":\"https:\\\/\\\/ssspdp.ba\\\/#\\\/schema\\\/logo\\\/image\\\/\",\"url\":\"https:\\\/\\\/ssspdp.ba\\\/wp-content\\\/uploads\\\/2020\\\/10\\\/web-logo.png\",\"contentUrl\":\"https:\\\/\\\/ssspdp.ba\\\/wp-content\\\/uploads\\\/2020\\\/10\\\/web-logo.png\",\"width\":623,\"height\":100,\"caption\":\"Samostalni sindikat \u0161umarstva, prerade drveta i papira Bosne i Hercegovine\"},\"image\":{\"@id\":\"https:\\\/\\\/ssspdp.ba\\\/#\\\/schema\\\/logo\\\/image\\\/\"},\"sameAs\":[\"https:\\\/\\\/www.facebook.com\\\/Samostalni-sindikat-\u0161umarstva-prerade-drveta-i-papira-BiH-1740799582820896\\\/?ref=page_internal\"]},{\"@type\":\"Person\",\"@id\":\"https:\\\/\\\/ssspdp.ba\\\/#\\\/schema\\\/person\\\/ca59c1c3438388dc9efc2e2c1520dd58\",\"name\":\"Senudin Jahic\",\"image\":{\"@type\":\"ImageObject\",\"inLanguage\":\"en-US\",\"@id\":\"https:\\\/\\\/secure.gravatar.com\\\/avatar\\\/4c408c3d0a009ed2e77d9394b7d39ae86e939f4183d1b501926522e8b6ed0820?s=96&d=mm&r=g\",\"url\":\"https:\\\/\\\/secure.gravatar.com\\\/avatar\\\/4c408c3d0a009ed2e77d9394b7d39ae86e939f4183d1b501926522e8b6ed0820?s=96&d=mm&r=g\",\"contentUrl\":\"https:\\\/\\\/secure.gravatar.com\\\/avatar\\\/4c408c3d0a009ed2e77d9394b7d39ae86e939f4183d1b501926522e8b6ed0820?s=96&d=mm&r=g\",\"caption\":\"Senudin Jahic\"},\"sameAs\":[\"http:\\\/\\\/ssspdp.ba\"]}]}<\/script>\n<!-- \/ Yoast SEO plugin. -->","yoast_head_json":{"title":"OBILJE\u017dAVANJE 21. MARTA, SVJETSKOG DANA \u0160UMA: SS\u0160PDPBIH U\u010cESNIK KONFERENCIJE NA KUPRESU - Samostalni sindikat \u0161umarstva, prerade drveta i papira Bosne i Hercegovine","robots":{"index":"index","follow":"follow","max-snippet":"max-snippet:-1","max-image-preview":"max-image-preview:large","max-video-preview":"max-video-preview:-1"},"canonical":"https:\/\/ssspdp.ba\/?p=2753","og_locale":"en_US","og_type":"article","og_title":"OBILJE\u017dAVANJE 21. MARTA, SVJETSKOG DANA \u0160UMA: SS\u0160PDPBIH U\u010cESNIK KONFERENCIJE NA KUPRESU - Samostalni sindikat \u0161umarstva, prerade drveta i papira Bosne i Hercegovine","og_description":"U povodu obilje\u017eavanja 21. marta, Svjetskog dana \u0161uma, u Bosni i Hercegovini, u organizaciji Hrvatskog drvnog klastera i \u0160GD &#8220;Hercegbosanske \u0161ume&#8221; d.o.o. Kupres, na Kupresu se odr\u017eava Konferencija \u201cKUPRES \u2013 Modernizacija \u0161umarstva u BIH\u201d. Cilj skupa je afirmativan pristup sektorskoj tematici, kao i objektivno i a\u017eurno informisanje sudionika i gostiju koji se ve\u0107 tradicionalno na [&hellip;]","og_url":"https:\/\/ssspdp.ba\/?p=2753","og_site_name":"Samostalni sindikat \u0161umarstva, prerade drveta i papira Bosne i Hercegovine","article_publisher":"https:\/\/www.facebook.com\/Samostalni-sindikat-%c5%a1umarstva-prerade-drveta-i-papira-BiH-1740799582820896\/?ref=page_internal","article_published_time":"2024-03-21T13:35:49+00:00","article_modified_time":"2024-10-04T11:44:56+00:00","og_image":[{"width":2560,"height":908,"url":"https:\/\/ssspdp.ba\/wp-content\/uploads\/2024\/03\/Svjetski-dan-suma-2024-scaled.jpg","type":"image\/jpeg"}],"author":"Senudin Jahic","twitter_card":"summary_large_image","twitter_misc":{"Written by":"Senudin Jahic","Est. reading time":"3 minutes"},"schema":{"@context":"https:\/\/schema.org","@graph":[{"@type":"Article","@id":"https:\/\/ssspdp.ba\/?p=2753#article","isPartOf":{"@id":"https:\/\/ssspdp.ba\/?p=2753"},"author":{"name":"Senudin Jahic","@id":"https:\/\/ssspdp.ba\/#\/schema\/person\/ca59c1c3438388dc9efc2e2c1520dd58"},"headline":"OBILJE\u017dAVANJE 21. MARTA, SVJETSKOG DANA \u0160UMA: SS\u0160PDPBIH U\u010cESNIK KONFERENCIJE NA KUPRESU","datePublished":"2024-03-21T13:35:49+00:00","dateModified":"2024-10-04T11:44:56+00:00","mainEntityOfPage":{"@id":"https:\/\/ssspdp.ba\/?p=2753"},"wordCount":183,"publisher":{"@id":"https:\/\/ssspdp.ba\/#organization"},"image":{"@id":"https:\/\/ssspdp.ba\/?p=2753#primaryimage"},"thumbnailUrl":"https:\/\/ssspdp.ba\/wp-content\/uploads\/2024\/03\/Svjetski-dan-suma-2024-scaled.jpg","articleSection":["Novosti"],"inLanguage":"en-US"},{"@type":"WebPage","@id":"https:\/\/ssspdp.ba\/?p=2753","url":"https:\/\/ssspdp.ba\/?p=2753","name":"OBILJE\u017dAVANJE 21. MARTA, SVJETSKOG DANA \u0160UMA: SS\u0160PDPBIH U\u010cESNIK KONFERENCIJE NA KUPRESU - Samostalni sindikat \u0161umarstva, prerade drveta i papira Bosne i Hercegovine","isPartOf":{"@id":"https:\/\/ssspdp.ba\/#website"},"primaryImageOfPage":{"@id":"https:\/\/ssspdp.ba\/?p=2753#primaryimage"},"image":{"@id":"https:\/\/ssspdp.ba\/?p=2753#primaryimage"},"thumbnailUrl":"https:\/\/ssspdp.ba\/wp-content\/uploads\/2024\/03\/Svjetski-dan-suma-2024-scaled.jpg","datePublished":"2024-03-21T13:35:49+00:00","dateModified":"2024-10-04T11:44:56+00:00","breadcrumb":{"@id":"https:\/\/ssspdp.ba\/?p=2753#breadcrumb"},"inLanguage":"en-US","potentialAction":[{"@type":"ReadAction","target":["https:\/\/ssspdp.ba\/?p=2753"]}]},{"@type":"ImageObject","inLanguage":"en-US","@id":"https:\/\/ssspdp.ba\/?p=2753#primaryimage","url":"https:\/\/ssspdp.ba\/wp-content\/uploads\/2024\/03\/Svjetski-dan-suma-2024-scaled.jpg","contentUrl":"https:\/\/ssspdp.ba\/wp-content\/uploads\/2024\/03\/Svjetski-dan-suma-2024-scaled.jpg","width":2560,"height":908},{"@type":"BreadcrumbList","@id":"https:\/\/ssspdp.ba\/?p=2753#breadcrumb","itemListElement":[{"@type":"ListItem","position":1,"name":"Home","item":"https:\/\/ssspdp.ba\/"},{"@type":"ListItem","position":2,"name":"OBILJE\u017dAVANJE 21. MARTA, SVJETSKOG DANA \u0160UMA: SS\u0160PDPBIH U\u010cESNIK KONFERENCIJE NA KUPRESU"}]},{"@type":"WebSite","@id":"https:\/\/ssspdp.ba\/#website","url":"https:\/\/ssspdp.ba\/","name":"Samostalni sindikat \u0161umarstva, prerade drveta i papira Bosne i Hercegovine","description":"","publisher":{"@id":"https:\/\/ssspdp.ba\/#organization"},"potentialAction":[{"@type":"SearchAction","target":{"@type":"EntryPoint","urlTemplate":"https:\/\/ssspdp.ba\/?s={search_term_string}"},"query-input":{"@type":"PropertyValueSpecification","valueRequired":true,"valueName":"search_term_string"}}],"inLanguage":"en-US"},{"@type":"Organization","@id":"https:\/\/ssspdp.ba\/#organization","name":"Samostalni sindikat \u0161umarstva, prerade drveta i papira Bosne i Hercegovine","url":"https:\/\/ssspdp.ba\/","logo":{"@type":"ImageObject","inLanguage":"en-US","@id":"https:\/\/ssspdp.ba\/#\/schema\/logo\/image\/","url":"https:\/\/ssspdp.ba\/wp-content\/uploads\/2020\/10\/web-logo.png","contentUrl":"https:\/\/ssspdp.ba\/wp-content\/uploads\/2020\/10\/web-logo.png","width":623,"height":100,"caption":"Samostalni sindikat \u0161umarstva, prerade drveta i papira Bosne i Hercegovine"},"image":{"@id":"https:\/\/ssspdp.ba\/#\/schema\/logo\/image\/"},"sameAs":["https:\/\/www.facebook.com\/Samostalni-sindikat-\u0161umarstva-prerade-drveta-i-papira-BiH-1740799582820896\/?ref=page_internal"]},{"@type":"Person","@id":"https:\/\/ssspdp.ba\/#\/schema\/person\/ca59c1c3438388dc9efc2e2c1520dd58","name":"Senudin Jahic","image":{"@type":"ImageObject","inLanguage":"en-US","@id":"https:\/\/secure.gravatar.com\/avatar\/4c408c3d0a009ed2e77d9394b7d39ae86e939f4183d1b501926522e8b6ed0820?s=96&d=mm&r=g","url":"https:\/\/secure.gravatar.com\/avatar\/4c408c3d0a009ed2e77d9394b7d39ae86e939f4183d1b501926522e8b6ed0820?s=96&d=mm&r=g","contentUrl":"https:\/\/secure.gravatar.com\/avatar\/4c408c3d0a009ed2e77d9394b7d39ae86e939f4183d1b501926522e8b6ed0820?s=96&d=mm&r=g","caption":"Senudin Jahic"},"sameAs":["http:\/\/ssspdp.ba"]}]}},"_links":{"self":[{"href":"https:\/\/ssspdp.ba\/index.php?rest_route=\/wp\/v2\/posts\/2753","targetHints":{"allow":["GET"]}}],"collection":[{"href":"https:\/\/ssspdp.ba\/index.php?rest_route=\/wp\/v2\/posts"}],"about":[{"href":"https:\/\/ssspdp.ba\/index.php?rest_route=\/wp\/v2\/types\/post"}],"author":[{"embeddable":true,"href":"https:\/\/ssspdp.ba\/index.php?rest_route=\/wp\/v2\/users\/2"}],"replies":[{"embeddable":true,"href":"https:\/\/ssspdp.ba\/index.php?rest_route=%2Fwp%2Fv2%2Fcomments&post=2753"}],"version-history":[{"count":1,"href":"https:\/\/ssspdp.ba\/index.php?rest_route=\/wp\/v2\/posts\/2753\/revisions"}],"predecessor-version":[{"id":2763,"href":"https:\/\/ssspdp.ba\/index.php?rest_route=\/wp\/v2\/posts\/2753\/revisions\/2763"}],"wp:featuredmedia":[{"embeddable":true,"href":"https:\/\/ssspdp.ba\/index.php?rest_route=\/wp\/v2\/media\/2754"}],"wp:attachment":[{"href":"https:\/\/ssspdp.ba\/index.php?rest_route=%2Fwp%2Fv2%2Fmedia&parent=2753"}],"wp:term":[{"taxonomy":"category","embeddable":true,"href":"https:\/\/ssspdp.ba\/index.php?rest_route=%2Fwp%2Fv2%2Fcategories&post=2753"},{"taxonomy":"post_tag","embeddable":true,"href":"https:\/\/ssspdp.ba\/index.php?rest_route=%2Fwp%2Fv2%2Ftags&post=2753"}],"curies":[{"name":"wp","href":"https:\/\/api.w.org\/{rel}","templated":true}]}}