{"id":2928,"date":"2024-08-12T15:43:00","date_gmt":"2024-08-12T14:43:00","guid":{"rendered":"https:\/\/ssspdp.ba\/?p=2928"},"modified":"2024-10-04T12:33:10","modified_gmt":"2024-10-04T11:33:10","slug":"12-august-medunarodni-dan-mladih","status":"publish","type":"post","link":"https:\/\/ssspdp.ba\/?p=2928","title":{"rendered":"12. AUGUST &#8211; ME\u00d0UNARODNI DAN MLADIH"},"content":{"rendered":"\n<p>Me\u0111unarodni dan mladih obilje\u017eava se 12. augusta, s ciljem da se skrene pa\u017enja na pitanja i probleme mladih.<\/p>\n\n\n\n<p>Ideja za Me\u0111unarodni dan mladih do\u0161la je 1991. godine od strane mladih ljudi okupljenih u Be\u010du na prvom zasjedanju Svjetskog foruma mladih Ujedinjenih nacija. Forum je izdao preporuku da se proglasi Me\u0111unarodni dan mladih radi prikupljanja sredstava u svrhu podr\u0161ke Fondu za mlade Ujedinjenih nacija u saradnji s organizacijama mladih.<\/p>\n\n\n\n<p>Godine 1998. na prvoj sjednici Svjetske konferencije ministara zadu\u017eenih za mlade, pod pokroviteljstvom Vlade Portugala u saradnji s Ujedinjenim nacijama, usvojena je rezolucija kojom se 12. august progla\u0161ava Me\u0111unarodnim danom mladih.<\/p>\n\n\n\n<p>Ta je preporuka naknadno potvr\u0111ena na sjednici Op\u0107e skup\u0161tine, u rezoluciji \u201cPolitike i programi koji uklju\u010duju mlade\u201d (17. decembra 1999.).<\/p>\n\n\n\n<p>Samostalni sindikat \u0161umarstva, prerade drveta i papira BiH organizuje mnogobrojne programe za mlade, poput godi\u0161nje manifestacije Sindikalna \u0161kola, te sadr\u017eaje kroz redovne i vanredne aktivnosti Sekcije mladih SS\u0160PDPBiH<\/p>\n\n\n\n<p>Slogan ovogodi\u0161njeg Me\u0111unarodnog dana mladih je &#8220;Podignimo ruke za planetu&#8221;.<\/p>\n\n\n\n<p>Foto:&nbsp;<a href=\"http:\/\/bwint.org\/?fbclid=IwZXh0bgNhZW0CMTAAAR34TfbyKFLIq5f8oNjyBAmlaf_7JLJpFEHjSMtnEI7Yq-RbOkcY7YNS200_aem_a1xAjBQfygTUUAYN34TNGA\" rel=\"noreferrer noopener\" target=\"_blank\">bwint.org<\/a><\/p>\n<span class=\"et_bloom_bottom_trigger\"><\/span>","protected":false},"excerpt":{"rendered":"<p>Me\u0111unarodni dan mladih obilje\u017eava se 12. augusta, s ciljem da se skrene pa\u017enja na pitanja i probleme mladih. Ideja za Me\u0111unarodni dan mladih do\u0161la je 1991. godine od strane mladih ljudi okupljenih u Be\u010du na prvom zasjedanju Svjetskog foruma mladih Ujedinjenih nacija. Forum je izdao preporuku da se proglasi Me\u0111unarodni dan mladih radi prikupljanja sredstava [&hellip;]<\/p>\n","protected":false},"author":2,"featured_media":2929,"comment_status":"closed","ping_status":"open","sticky":false,"template":"","format":"standard","meta":{"_et_pb_use_builder":"","_et_pb_old_content":"","_et_gb_content_width":"","footnotes":""},"categories":[32],"tags":[],"class_list":["post-2928","post","type-post","status-publish","format-standard","has-post-thumbnail","hentry","category-novosti"],"yoast_head":"<!-- This site is optimized with the Yoast SEO plugin v27.5 - https:\/\/yoast.com\/product\/yoast-seo-wordpress\/ -->\n<title>12. AUGUST - ME\u00d0UNARODNI DAN MLADIH - Samostalni sindikat \u0161umarstva, prerade drveta i papira Bosne i Hercegovine<\/title>\n<meta name=\"robots\" content=\"index, follow, max-snippet:-1, max-image-preview:large, max-video-preview:-1\" \/>\n<link rel=\"canonical\" href=\"https:\/\/ssspdp.ba\/?p=2928\" \/>\n<meta property=\"og:locale\" content=\"en_US\" \/>\n<meta property=\"og:type\" content=\"article\" \/>\n<meta property=\"og:title\" content=\"12. AUGUST - ME\u00d0UNARODNI DAN MLADIH - Samostalni sindikat \u0161umarstva, prerade drveta i papira Bosne i Hercegovine\" \/>\n<meta property=\"og:description\" content=\"Me\u0111unarodni dan mladih obilje\u017eava se 12. augusta, s ciljem da se skrene pa\u017enja na pitanja i probleme mladih. Ideja za Me\u0111unarodni dan mladih do\u0161la je 1991. godine od strane mladih ljudi okupljenih u Be\u010du na prvom zasjedanju Svjetskog foruma mladih Ujedinjenih nacija. Forum je izdao preporuku da se proglasi Me\u0111unarodni dan mladih radi prikupljanja sredstava [&hellip;]\" \/>\n<meta property=\"og:url\" content=\"https:\/\/ssspdp.ba\/?p=2928\" \/>\n<meta property=\"og:site_name\" content=\"Samostalni sindikat \u0161umarstva, prerade drveta i papira Bosne i Hercegovine\" \/>\n<meta property=\"article:publisher\" content=\"https:\/\/www.facebook.com\/Samostalni-sindikat-%c5%a1umarstva-prerade-drveta-i-papira-BiH-1740799582820896\/?ref=page_internal\" \/>\n<meta property=\"article:published_time\" content=\"2024-08-12T14:43:00+00:00\" \/>\n<meta property=\"article:modified_time\" content=\"2024-10-04T11:33:10+00:00\" \/>\n<meta property=\"og:image\" content=\"https:\/\/ssspdp.ba\/wp-content\/uploads\/2024\/09\/12.-avgust-medunarodni-dan-mladih.jpg\" \/>\n\t<meta property=\"og:image:width\" content=\"1448\" \/>\n\t<meta property=\"og:image:height\" content=\"2048\" \/>\n\t<meta property=\"og:image:type\" content=\"image\/jpeg\" \/>\n<meta name=\"author\" content=\"Senudin Jahic\" \/>\n<meta name=\"twitter:card\" content=\"summary_large_image\" \/>\n<meta name=\"twitter:label1\" content=\"Written by\" \/>\n\t<meta name=\"twitter:data1\" content=\"Senudin Jahic\" \/>\n\t<meta name=\"twitter:label2\" content=\"Est. reading time\" \/>\n\t<meta name=\"twitter:data2\" content=\"1 minute\" \/>\n<script type=\"application\/ld+json\" class=\"yoast-schema-graph\">{\"@context\":\"https:\\\/\\\/schema.org\",\"@graph\":[{\"@type\":\"Article\",\"@id\":\"https:\\\/\\\/ssspdp.ba\\\/?p=2928#article\",\"isPartOf\":{\"@id\":\"https:\\\/\\\/ssspdp.ba\\\/?p=2928\"},\"author\":{\"name\":\"Senudin Jahic\",\"@id\":\"https:\\\/\\\/ssspdp.ba\\\/#\\\/schema\\\/person\\\/ca59c1c3438388dc9efc2e2c1520dd58\"},\"headline\":\"12. AUGUST &#8211; ME\u00d0UNARODNI DAN MLADIH\",\"datePublished\":\"2024-08-12T14:43:00+00:00\",\"dateModified\":\"2024-10-04T11:33:10+00:00\",\"mainEntityOfPage\":{\"@id\":\"https:\\\/\\\/ssspdp.ba\\\/?p=2928\"},\"wordCount\":181,\"publisher\":{\"@id\":\"https:\\\/\\\/ssspdp.ba\\\/#organization\"},\"image\":{\"@id\":\"https:\\\/\\\/ssspdp.ba\\\/?p=2928#primaryimage\"},\"thumbnailUrl\":\"https:\\\/\\\/ssspdp.ba\\\/wp-content\\\/uploads\\\/2024\\\/09\\\/12.-avgust-medunarodni-dan-mladih.jpg\",\"articleSection\":[\"Novosti\"],\"inLanguage\":\"en-US\"},{\"@type\":\"WebPage\",\"@id\":\"https:\\\/\\\/ssspdp.ba\\\/?p=2928\",\"url\":\"https:\\\/\\\/ssspdp.ba\\\/?p=2928\",\"name\":\"12. AUGUST - ME\u00d0UNARODNI DAN MLADIH - Samostalni sindikat \u0161umarstva, prerade drveta i papira Bosne i Hercegovine\",\"isPartOf\":{\"@id\":\"https:\\\/\\\/ssspdp.ba\\\/#website\"},\"primaryImageOfPage\":{\"@id\":\"https:\\\/\\\/ssspdp.ba\\\/?p=2928#primaryimage\"},\"image\":{\"@id\":\"https:\\\/\\\/ssspdp.ba\\\/?p=2928#primaryimage\"},\"thumbnailUrl\":\"https:\\\/\\\/ssspdp.ba\\\/wp-content\\\/uploads\\\/2024\\\/09\\\/12.-avgust-medunarodni-dan-mladih.jpg\",\"datePublished\":\"2024-08-12T14:43:00+00:00\",\"dateModified\":\"2024-10-04T11:33:10+00:00\",\"breadcrumb\":{\"@id\":\"https:\\\/\\\/ssspdp.ba\\\/?p=2928#breadcrumb\"},\"inLanguage\":\"en-US\",\"potentialAction\":[{\"@type\":\"ReadAction\",\"target\":[\"https:\\\/\\\/ssspdp.ba\\\/?p=2928\"]}]},{\"@type\":\"ImageObject\",\"inLanguage\":\"en-US\",\"@id\":\"https:\\\/\\\/ssspdp.ba\\\/?p=2928#primaryimage\",\"url\":\"https:\\\/\\\/ssspdp.ba\\\/wp-content\\\/uploads\\\/2024\\\/09\\\/12.-avgust-medunarodni-dan-mladih.jpg\",\"contentUrl\":\"https:\\\/\\\/ssspdp.ba\\\/wp-content\\\/uploads\\\/2024\\\/09\\\/12.-avgust-medunarodni-dan-mladih.jpg\",\"width\":1448,\"height\":2048},{\"@type\":\"BreadcrumbList\",\"@id\":\"https:\\\/\\\/ssspdp.ba\\\/?p=2928#breadcrumb\",\"itemListElement\":[{\"@type\":\"ListItem\",\"position\":1,\"name\":\"Home\",\"item\":\"https:\\\/\\\/ssspdp.ba\\\/\"},{\"@type\":\"ListItem\",\"position\":2,\"name\":\"12. AUGUST &#8211; ME\u00d0UNARODNI DAN MLADIH\"}]},{\"@type\":\"WebSite\",\"@id\":\"https:\\\/\\\/ssspdp.ba\\\/#website\",\"url\":\"https:\\\/\\\/ssspdp.ba\\\/\",\"name\":\"Samostalni sindikat \u0161umarstva, prerade drveta i papira Bosne i Hercegovine\",\"description\":\"\",\"publisher\":{\"@id\":\"https:\\\/\\\/ssspdp.ba\\\/#organization\"},\"potentialAction\":[{\"@type\":\"SearchAction\",\"target\":{\"@type\":\"EntryPoint\",\"urlTemplate\":\"https:\\\/\\\/ssspdp.ba\\\/?s={search_term_string}\"},\"query-input\":{\"@type\":\"PropertyValueSpecification\",\"valueRequired\":true,\"valueName\":\"search_term_string\"}}],\"inLanguage\":\"en-US\"},{\"@type\":\"Organization\",\"@id\":\"https:\\\/\\\/ssspdp.ba\\\/#organization\",\"name\":\"Samostalni sindikat \u0161umarstva, prerade drveta i papira Bosne i Hercegovine\",\"url\":\"https:\\\/\\\/ssspdp.ba\\\/\",\"logo\":{\"@type\":\"ImageObject\",\"inLanguage\":\"en-US\",\"@id\":\"https:\\\/\\\/ssspdp.ba\\\/#\\\/schema\\\/logo\\\/image\\\/\",\"url\":\"https:\\\/\\\/ssspdp.ba\\\/wp-content\\\/uploads\\\/2020\\\/10\\\/web-logo.png\",\"contentUrl\":\"https:\\\/\\\/ssspdp.ba\\\/wp-content\\\/uploads\\\/2020\\\/10\\\/web-logo.png\",\"width\":623,\"height\":100,\"caption\":\"Samostalni sindikat \u0161umarstva, prerade drveta i papira Bosne i Hercegovine\"},\"image\":{\"@id\":\"https:\\\/\\\/ssspdp.ba\\\/#\\\/schema\\\/logo\\\/image\\\/\"},\"sameAs\":[\"https:\\\/\\\/www.facebook.com\\\/Samostalni-sindikat-\u0161umarstva-prerade-drveta-i-papira-BiH-1740799582820896\\\/?ref=page_internal\"]},{\"@type\":\"Person\",\"@id\":\"https:\\\/\\\/ssspdp.ba\\\/#\\\/schema\\\/person\\\/ca59c1c3438388dc9efc2e2c1520dd58\",\"name\":\"Senudin Jahic\",\"image\":{\"@type\":\"ImageObject\",\"inLanguage\":\"en-US\",\"@id\":\"https:\\\/\\\/secure.gravatar.com\\\/avatar\\\/4c408c3d0a009ed2e77d9394b7d39ae86e939f4183d1b501926522e8b6ed0820?s=96&d=mm&r=g\",\"url\":\"https:\\\/\\\/secure.gravatar.com\\\/avatar\\\/4c408c3d0a009ed2e77d9394b7d39ae86e939f4183d1b501926522e8b6ed0820?s=96&d=mm&r=g\",\"contentUrl\":\"https:\\\/\\\/secure.gravatar.com\\\/avatar\\\/4c408c3d0a009ed2e77d9394b7d39ae86e939f4183d1b501926522e8b6ed0820?s=96&d=mm&r=g\",\"caption\":\"Senudin Jahic\"},\"sameAs\":[\"http:\\\/\\\/ssspdp.ba\"]}]}<\/script>\n<!-- \/ Yoast SEO plugin. -->","yoast_head_json":{"title":"12. AUGUST - ME\u00d0UNARODNI DAN MLADIH - Samostalni sindikat \u0161umarstva, prerade drveta i papira Bosne i Hercegovine","robots":{"index":"index","follow":"follow","max-snippet":"max-snippet:-1","max-image-preview":"max-image-preview:large","max-video-preview":"max-video-preview:-1"},"canonical":"https:\/\/ssspdp.ba\/?p=2928","og_locale":"en_US","og_type":"article","og_title":"12. AUGUST - ME\u00d0UNARODNI DAN MLADIH - Samostalni sindikat \u0161umarstva, prerade drveta i papira Bosne i Hercegovine","og_description":"Me\u0111unarodni dan mladih obilje\u017eava se 12. augusta, s ciljem da se skrene pa\u017enja na pitanja i probleme mladih. Ideja za Me\u0111unarodni dan mladih do\u0161la je 1991. godine od strane mladih ljudi okupljenih u Be\u010du na prvom zasjedanju Svjetskog foruma mladih Ujedinjenih nacija. Forum je izdao preporuku da se proglasi Me\u0111unarodni dan mladih radi prikupljanja sredstava [&hellip;]","og_url":"https:\/\/ssspdp.ba\/?p=2928","og_site_name":"Samostalni sindikat \u0161umarstva, prerade drveta i papira Bosne i Hercegovine","article_publisher":"https:\/\/www.facebook.com\/Samostalni-sindikat-%c5%a1umarstva-prerade-drveta-i-papira-BiH-1740799582820896\/?ref=page_internal","article_published_time":"2024-08-12T14:43:00+00:00","article_modified_time":"2024-10-04T11:33:10+00:00","og_image":[{"width":1448,"height":2048,"url":"https:\/\/ssspdp.ba\/wp-content\/uploads\/2024\/09\/12.-avgust-medunarodni-dan-mladih.jpg","type":"image\/jpeg"}],"author":"Senudin Jahic","twitter_card":"summary_large_image","twitter_misc":{"Written by":"Senudin Jahic","Est. reading time":"1 minute"},"schema":{"@context":"https:\/\/schema.org","@graph":[{"@type":"Article","@id":"https:\/\/ssspdp.ba\/?p=2928#article","isPartOf":{"@id":"https:\/\/ssspdp.ba\/?p=2928"},"author":{"name":"Senudin Jahic","@id":"https:\/\/ssspdp.ba\/#\/schema\/person\/ca59c1c3438388dc9efc2e2c1520dd58"},"headline":"12. AUGUST &#8211; ME\u00d0UNARODNI DAN MLADIH","datePublished":"2024-08-12T14:43:00+00:00","dateModified":"2024-10-04T11:33:10+00:00","mainEntityOfPage":{"@id":"https:\/\/ssspdp.ba\/?p=2928"},"wordCount":181,"publisher":{"@id":"https:\/\/ssspdp.ba\/#organization"},"image":{"@id":"https:\/\/ssspdp.ba\/?p=2928#primaryimage"},"thumbnailUrl":"https:\/\/ssspdp.ba\/wp-content\/uploads\/2024\/09\/12.-avgust-medunarodni-dan-mladih.jpg","articleSection":["Novosti"],"inLanguage":"en-US"},{"@type":"WebPage","@id":"https:\/\/ssspdp.ba\/?p=2928","url":"https:\/\/ssspdp.ba\/?p=2928","name":"12. AUGUST - ME\u00d0UNARODNI DAN MLADIH - Samostalni sindikat \u0161umarstva, prerade drveta i papira Bosne i Hercegovine","isPartOf":{"@id":"https:\/\/ssspdp.ba\/#website"},"primaryImageOfPage":{"@id":"https:\/\/ssspdp.ba\/?p=2928#primaryimage"},"image":{"@id":"https:\/\/ssspdp.ba\/?p=2928#primaryimage"},"thumbnailUrl":"https:\/\/ssspdp.ba\/wp-content\/uploads\/2024\/09\/12.-avgust-medunarodni-dan-mladih.jpg","datePublished":"2024-08-12T14:43:00+00:00","dateModified":"2024-10-04T11:33:10+00:00","breadcrumb":{"@id":"https:\/\/ssspdp.ba\/?p=2928#breadcrumb"},"inLanguage":"en-US","potentialAction":[{"@type":"ReadAction","target":["https:\/\/ssspdp.ba\/?p=2928"]}]},{"@type":"ImageObject","inLanguage":"en-US","@id":"https:\/\/ssspdp.ba\/?p=2928#primaryimage","url":"https:\/\/ssspdp.ba\/wp-content\/uploads\/2024\/09\/12.-avgust-medunarodni-dan-mladih.jpg","contentUrl":"https:\/\/ssspdp.ba\/wp-content\/uploads\/2024\/09\/12.-avgust-medunarodni-dan-mladih.jpg","width":1448,"height":2048},{"@type":"BreadcrumbList","@id":"https:\/\/ssspdp.ba\/?p=2928#breadcrumb","itemListElement":[{"@type":"ListItem","position":1,"name":"Home","item":"https:\/\/ssspdp.ba\/"},{"@type":"ListItem","position":2,"name":"12. AUGUST &#8211; ME\u00d0UNARODNI DAN MLADIH"}]},{"@type":"WebSite","@id":"https:\/\/ssspdp.ba\/#website","url":"https:\/\/ssspdp.ba\/","name":"Samostalni sindikat \u0161umarstva, prerade drveta i papira Bosne i Hercegovine","description":"","publisher":{"@id":"https:\/\/ssspdp.ba\/#organization"},"potentialAction":[{"@type":"SearchAction","target":{"@type":"EntryPoint","urlTemplate":"https:\/\/ssspdp.ba\/?s={search_term_string}"},"query-input":{"@type":"PropertyValueSpecification","valueRequired":true,"valueName":"search_term_string"}}],"inLanguage":"en-US"},{"@type":"Organization","@id":"https:\/\/ssspdp.ba\/#organization","name":"Samostalni sindikat \u0161umarstva, prerade drveta i papira Bosne i Hercegovine","url":"https:\/\/ssspdp.ba\/","logo":{"@type":"ImageObject","inLanguage":"en-US","@id":"https:\/\/ssspdp.ba\/#\/schema\/logo\/image\/","url":"https:\/\/ssspdp.ba\/wp-content\/uploads\/2020\/10\/web-logo.png","contentUrl":"https:\/\/ssspdp.ba\/wp-content\/uploads\/2020\/10\/web-logo.png","width":623,"height":100,"caption":"Samostalni sindikat \u0161umarstva, prerade drveta i papira Bosne i Hercegovine"},"image":{"@id":"https:\/\/ssspdp.ba\/#\/schema\/logo\/image\/"},"sameAs":["https:\/\/www.facebook.com\/Samostalni-sindikat-\u0161umarstva-prerade-drveta-i-papira-BiH-1740799582820896\/?ref=page_internal"]},{"@type":"Person","@id":"https:\/\/ssspdp.ba\/#\/schema\/person\/ca59c1c3438388dc9efc2e2c1520dd58","name":"Senudin Jahic","image":{"@type":"ImageObject","inLanguage":"en-US","@id":"https:\/\/secure.gravatar.com\/avatar\/4c408c3d0a009ed2e77d9394b7d39ae86e939f4183d1b501926522e8b6ed0820?s=96&d=mm&r=g","url":"https:\/\/secure.gravatar.com\/avatar\/4c408c3d0a009ed2e77d9394b7d39ae86e939f4183d1b501926522e8b6ed0820?s=96&d=mm&r=g","contentUrl":"https:\/\/secure.gravatar.com\/avatar\/4c408c3d0a009ed2e77d9394b7d39ae86e939f4183d1b501926522e8b6ed0820?s=96&d=mm&r=g","caption":"Senudin Jahic"},"sameAs":["http:\/\/ssspdp.ba"]}]}},"_links":{"self":[{"href":"https:\/\/ssspdp.ba\/index.php?rest_route=\/wp\/v2\/posts\/2928","targetHints":{"allow":["GET"]}}],"collection":[{"href":"https:\/\/ssspdp.ba\/index.php?rest_route=\/wp\/v2\/posts"}],"about":[{"href":"https:\/\/ssspdp.ba\/index.php?rest_route=\/wp\/v2\/types\/post"}],"author":[{"embeddable":true,"href":"https:\/\/ssspdp.ba\/index.php?rest_route=\/wp\/v2\/users\/2"}],"replies":[{"embeddable":true,"href":"https:\/\/ssspdp.ba\/index.php?rest_route=%2Fwp%2Fv2%2Fcomments&post=2928"}],"version-history":[{"count":1,"href":"https:\/\/ssspdp.ba\/index.php?rest_route=\/wp\/v2\/posts\/2928\/revisions"}],"predecessor-version":[{"id":2930,"href":"https:\/\/ssspdp.ba\/index.php?rest_route=\/wp\/v2\/posts\/2928\/revisions\/2930"}],"wp:featuredmedia":[{"embeddable":true,"href":"https:\/\/ssspdp.ba\/index.php?rest_route=\/wp\/v2\/media\/2929"}],"wp:attachment":[{"href":"https:\/\/ssspdp.ba\/index.php?rest_route=%2Fwp%2Fv2%2Fmedia&parent=2928"}],"wp:term":[{"taxonomy":"category","embeddable":true,"href":"https:\/\/ssspdp.ba\/index.php?rest_route=%2Fwp%2Fv2%2Fcategories&post=2928"},{"taxonomy":"post_tag","embeddable":true,"href":"https:\/\/ssspdp.ba\/index.php?rest_route=%2Fwp%2Fv2%2Ftags&post=2928"}],"curies":[{"name":"wp","href":"https:\/\/api.w.org\/{rel}","templated":true}]}}