{"id":3058,"date":"2025-04-22T15:36:24","date_gmt":"2025-04-22T14:36:24","guid":{"rendered":"https:\/\/ssspdp.ba\/?p=3058"},"modified":"2025-04-22T15:50:20","modified_gmt":"2025-04-22T14:50:20","slug":"dan-planete-zemlje-2025","status":"publish","type":"post","link":"https:\/\/ssspdp.ba\/?p=3058","title":{"rendered":"DAN PLANETE ZEMLJE 2025."},"content":{"rendered":"\n<p>Dan planete Zemlje obilje\u017eava se 22. aprila i podsje\u0107a nas na va\u017enost o\u010duvanja na\u0161e planete te na neophodnost odr\u017eivog odnosa prema prirodnim resursima. Obilje\u017eavanjem ovog dana odaje se po\u010dast postignu\u0107ima ekolo\u0161kog pokreta i podi\u017ee svijest o potrebi za\u0161tite prirodnih resursa Zemlje za budu\u0107e generacije.<\/p>\n\n\n\n<p>Prvi Dan planete Zemlje odr\u017ean je u SAD, u Philadelphiji, 22. aprila 1970. na inicijativu senatora Edmunda Muskieja. Glavni pokreta\u010d obilje\u017eavanja Dana planete Zemlje je globalna nevladina organizacija <a href=\"https:\/\/l.facebook.com\/l.php?u=http%3A%2F%2FEarthday.org%2F%3Ffbclid%3DIwZXh0bgNhZW0CMTAAYnJpZBExRGk2VXlYbUxTOWdCbmxhTAEemxYmbC9B8mYG8xX9YpYVeg0o26rYQOZiir0DoFG9ZahDwGloSoYKDNwseWU_aem_6XQ9N_-A8ngqjSSrcAAlWw&amp;h=AT32XhtsyM9dFPct8cIE9E5WrsO0Oh3RZ-hvaK-TE2RageUjUdAZeuTbfdSZTBwY79sZY3NeZvOS-Bf_LH4RSyYV8D3m-08irG1bmyEHnllOhylYyCi-1UnudQfvUu8iWQZfLB82ypy7sg&amp;__tn__=-UK-R&amp;c[0]=AT2aDH-LpWcgzU-O16_5KfJ01w6RVWPqq-nAsdn-kM9PtQSLXjlXFt_KqaAvjcIqgH_f9dg2X1sa2E1f3cqxefB3MqxamMGveP4gXGP_Rzllo_z_6dKXcD3t9kvUlo1GLm-SI9meQRDnPjV8V8fsa6mgAncDOsVJezeroWnGydVdj7IWEGL1LqExeTQOQGg6ZFMSvQ\" rel=\"noreferrer noopener\" target=\"_blank\">Earthday.org.<\/a> Ovogodi\u0161nji moto glasi \u201eNa\u0161a snaga, na\u0161a planeta\u201e i predstavlja poziv svim akterima da intenziviraju svoje napore i do 2030. godine utrostru\u010de proizvodnju i upotrebu elektri\u010dne energije iz obnovljivih izvora.<\/p>\n\n\n\n<p>\u010clanovi Samostalnog sindikata \u0161umarstva, prerade drveta i papira BiH u sklopu svojih sektora, kao svoj aktivni doprinos spa\u0161avanju na\u0161e planete, izrazitu pa\u017enju poklanjaju borbi protiv deforestacije i prekomjernog iskori\u0161tavanja \u0161umskih resursa. I ove godine u martu i aprilu su na podru\u010dju vi\u0161e \u0161umarstava organizovane akcije po\u0161umljavanja u cilju obnove ovog neprocjenjivog prirodnog bogatstva.<\/p>\n\n\n\n<figure class=\"wp-block-image size-full\"><img loading=\"lazy\" decoding=\"async\" width=\"982\" height=\"737\" src=\"https:\/\/ssspdp.ba\/wp-content\/uploads\/2025\/04\/Dan-planete-Zemlje-2025-22.3.25-posumljavanje-konjic-na-lokaciji-iznad-sela-Homolje-Galjevo.jpg\" alt=\"\" class=\"wp-image-3063\" srcset=\"https:\/\/ssspdp.ba\/wp-content\/uploads\/2025\/04\/Dan-planete-Zemlje-2025-22.3.25-posumljavanje-konjic-na-lokaciji-iznad-sela-Homolje-Galjevo.jpg 982w, https:\/\/ssspdp.ba\/wp-content\/uploads\/2025\/04\/Dan-planete-Zemlje-2025-22.3.25-posumljavanje-konjic-na-lokaciji-iznad-sela-Homolje-Galjevo-980x735.jpg 980w, https:\/\/ssspdp.ba\/wp-content\/uploads\/2025\/04\/Dan-planete-Zemlje-2025-22.3.25-posumljavanje-konjic-na-lokaciji-iznad-sela-Homolje-Galjevo-480x360.jpg 480w\" sizes=\"auto, (min-width: 0px) and (max-width: 480px) 480px, (min-width: 481px) and (max-width: 980px) 980px, (min-width: 981px) 982px, 100vw\" \/><\/figure>\n\n\n\n<p><em>Sa ovogodi\u0161nje akcije po\u0161umljavanja u op\u0107ini Konjic, lokalitet Galjevo, iznad sela Homolje, 22.3.2025.<\/em><\/p>\n<span class=\"et_bloom_bottom_trigger\"><\/span>","protected":false},"excerpt":{"rendered":"<p>Dan planete Zemlje obilje\u017eava se 22. aprila i podsje\u0107a nas na va\u017enost o\u010duvanja na\u0161e planete te na neophodnost odr\u017eivog odnosa prema prirodnim resursima. Obilje\u017eavanjem ovog dana odaje se po\u010dast postignu\u0107ima ekolo\u0161kog pokreta i podi\u017ee svijest o potrebi za\u0161tite prirodnih resursa Zemlje za budu\u0107e generacije. Prvi Dan planete Zemlje odr\u017ean je u SAD, u Philadelphiji, 22. [&hellip;]<\/p>\n","protected":false},"author":2,"featured_media":3059,"comment_status":"closed","ping_status":"open","sticky":false,"template":"","format":"standard","meta":{"_et_pb_use_builder":"","_et_pb_old_content":"","_et_gb_content_width":"","footnotes":""},"categories":[32,42],"tags":[],"class_list":["post-3058","post","type-post","status-publish","format-standard","has-post-thumbnail","hentry","category-novosti","category-vijesti"],"yoast_head":"<!-- This site is optimized with the Yoast SEO plugin v27.5 - https:\/\/yoast.com\/product\/yoast-seo-wordpress\/ -->\n<title>DAN PLANETE ZEMLJE 2025. - Samostalni sindikat \u0161umarstva, prerade drveta i papira Bosne i Hercegovine<\/title>\n<meta name=\"robots\" content=\"index, follow, max-snippet:-1, max-image-preview:large, max-video-preview:-1\" \/>\n<link rel=\"canonical\" href=\"https:\/\/ssspdp.ba\/?p=3058\" \/>\n<meta property=\"og:locale\" content=\"en_US\" \/>\n<meta property=\"og:type\" content=\"article\" \/>\n<meta property=\"og:title\" content=\"DAN PLANETE ZEMLJE 2025. - Samostalni sindikat \u0161umarstva, prerade drveta i papira Bosne i Hercegovine\" \/>\n<meta property=\"og:description\" content=\"Dan planete Zemlje obilje\u017eava se 22. aprila i podsje\u0107a nas na va\u017enost o\u010duvanja na\u0161e planete te na neophodnost odr\u017eivog odnosa prema prirodnim resursima. Obilje\u017eavanjem ovog dana odaje se po\u010dast postignu\u0107ima ekolo\u0161kog pokreta i podi\u017ee svijest o potrebi za\u0161tite prirodnih resursa Zemlje za budu\u0107e generacije. Prvi Dan planete Zemlje odr\u017ean je u SAD, u Philadelphiji, 22. [&hellip;]\" \/>\n<meta property=\"og:url\" content=\"https:\/\/ssspdp.ba\/?p=3058\" \/>\n<meta property=\"og:site_name\" content=\"Samostalni sindikat \u0161umarstva, prerade drveta i papira Bosne i Hercegovine\" \/>\n<meta property=\"article:publisher\" content=\"https:\/\/www.facebook.com\/Samostalni-sindikat-%c5%a1umarstva-prerade-drveta-i-papira-BiH-1740799582820896\/?ref=page_internal\" \/>\n<meta property=\"article:published_time\" content=\"2025-04-22T14:36:24+00:00\" \/>\n<meta property=\"article:modified_time\" content=\"2025-04-22T14:50:20+00:00\" \/>\n<meta property=\"og:image\" content=\"https:\/\/ssspdp.ba\/wp-content\/uploads\/2025\/04\/dan-planete-zemlje-2025-01.jpg\" \/>\n\t<meta property=\"og:image:width\" content=\"925\" \/>\n\t<meta property=\"og:image:height\" content=\"617\" \/>\n\t<meta property=\"og:image:type\" content=\"image\/jpeg\" \/>\n<meta name=\"author\" content=\"Senudin Jahic\" \/>\n<meta name=\"twitter:card\" content=\"summary_large_image\" \/>\n<meta name=\"twitter:label1\" content=\"Written by\" \/>\n\t<meta name=\"twitter:data1\" content=\"Senudin Jahic\" \/>\n\t<meta name=\"twitter:label2\" content=\"Est. reading time\" \/>\n\t<meta name=\"twitter:data2\" content=\"2 minutes\" \/>\n<script type=\"application\/ld+json\" class=\"yoast-schema-graph\">{\"@context\":\"https:\\\/\\\/schema.org\",\"@graph\":[{\"@type\":\"Article\",\"@id\":\"https:\\\/\\\/ssspdp.ba\\\/?p=3058#article\",\"isPartOf\":{\"@id\":\"https:\\\/\\\/ssspdp.ba\\\/?p=3058\"},\"author\":{\"name\":\"Senudin Jahic\",\"@id\":\"https:\\\/\\\/ssspdp.ba\\\/#\\\/schema\\\/person\\\/ca59c1c3438388dc9efc2e2c1520dd58\"},\"headline\":\"DAN PLANETE ZEMLJE 2025.\",\"datePublished\":\"2025-04-22T14:36:24+00:00\",\"dateModified\":\"2025-04-22T14:50:20+00:00\",\"mainEntityOfPage\":{\"@id\":\"https:\\\/\\\/ssspdp.ba\\\/?p=3058\"},\"wordCount\":197,\"publisher\":{\"@id\":\"https:\\\/\\\/ssspdp.ba\\\/#organization\"},\"image\":{\"@id\":\"https:\\\/\\\/ssspdp.ba\\\/?p=3058#primaryimage\"},\"thumbnailUrl\":\"https:\\\/\\\/ssspdp.ba\\\/wp-content\\\/uploads\\\/2025\\\/04\\\/dan-planete-zemlje-2025-01.jpg\",\"articleSection\":[\"Novosti\",\"Vijesti\"],\"inLanguage\":\"en-US\"},{\"@type\":\"WebPage\",\"@id\":\"https:\\\/\\\/ssspdp.ba\\\/?p=3058\",\"url\":\"https:\\\/\\\/ssspdp.ba\\\/?p=3058\",\"name\":\"DAN PLANETE ZEMLJE 2025. - Samostalni sindikat \u0161umarstva, prerade drveta i papira Bosne i Hercegovine\",\"isPartOf\":{\"@id\":\"https:\\\/\\\/ssspdp.ba\\\/#website\"},\"primaryImageOfPage\":{\"@id\":\"https:\\\/\\\/ssspdp.ba\\\/?p=3058#primaryimage\"},\"image\":{\"@id\":\"https:\\\/\\\/ssspdp.ba\\\/?p=3058#primaryimage\"},\"thumbnailUrl\":\"https:\\\/\\\/ssspdp.ba\\\/wp-content\\\/uploads\\\/2025\\\/04\\\/dan-planete-zemlje-2025-01.jpg\",\"datePublished\":\"2025-04-22T14:36:24+00:00\",\"dateModified\":\"2025-04-22T14:50:20+00:00\",\"breadcrumb\":{\"@id\":\"https:\\\/\\\/ssspdp.ba\\\/?p=3058#breadcrumb\"},\"inLanguage\":\"en-US\",\"potentialAction\":[{\"@type\":\"ReadAction\",\"target\":[\"https:\\\/\\\/ssspdp.ba\\\/?p=3058\"]}]},{\"@type\":\"ImageObject\",\"inLanguage\":\"en-US\",\"@id\":\"https:\\\/\\\/ssspdp.ba\\\/?p=3058#primaryimage\",\"url\":\"https:\\\/\\\/ssspdp.ba\\\/wp-content\\\/uploads\\\/2025\\\/04\\\/dan-planete-zemlje-2025-01.jpg\",\"contentUrl\":\"https:\\\/\\\/ssspdp.ba\\\/wp-content\\\/uploads\\\/2025\\\/04\\\/dan-planete-zemlje-2025-01.jpg\",\"width\":925,\"height\":617},{\"@type\":\"BreadcrumbList\",\"@id\":\"https:\\\/\\\/ssspdp.ba\\\/?p=3058#breadcrumb\",\"itemListElement\":[{\"@type\":\"ListItem\",\"position\":1,\"name\":\"Home\",\"item\":\"https:\\\/\\\/ssspdp.ba\\\/\"},{\"@type\":\"ListItem\",\"position\":2,\"name\":\"DAN PLANETE ZEMLJE 2025.\"}]},{\"@type\":\"WebSite\",\"@id\":\"https:\\\/\\\/ssspdp.ba\\\/#website\",\"url\":\"https:\\\/\\\/ssspdp.ba\\\/\",\"name\":\"Samostalni sindikat \u0161umarstva, prerade drveta i papira Bosne i Hercegovine\",\"description\":\"\",\"publisher\":{\"@id\":\"https:\\\/\\\/ssspdp.ba\\\/#organization\"},\"potentialAction\":[{\"@type\":\"SearchAction\",\"target\":{\"@type\":\"EntryPoint\",\"urlTemplate\":\"https:\\\/\\\/ssspdp.ba\\\/?s={search_term_string}\"},\"query-input\":{\"@type\":\"PropertyValueSpecification\",\"valueRequired\":true,\"valueName\":\"search_term_string\"}}],\"inLanguage\":\"en-US\"},{\"@type\":\"Organization\",\"@id\":\"https:\\\/\\\/ssspdp.ba\\\/#organization\",\"name\":\"Samostalni sindikat \u0161umarstva, prerade drveta i papira Bosne i Hercegovine\",\"url\":\"https:\\\/\\\/ssspdp.ba\\\/\",\"logo\":{\"@type\":\"ImageObject\",\"inLanguage\":\"en-US\",\"@id\":\"https:\\\/\\\/ssspdp.ba\\\/#\\\/schema\\\/logo\\\/image\\\/\",\"url\":\"https:\\\/\\\/ssspdp.ba\\\/wp-content\\\/uploads\\\/2020\\\/10\\\/web-logo.png\",\"contentUrl\":\"https:\\\/\\\/ssspdp.ba\\\/wp-content\\\/uploads\\\/2020\\\/10\\\/web-logo.png\",\"width\":623,\"height\":100,\"caption\":\"Samostalni sindikat \u0161umarstva, prerade drveta i papira Bosne i Hercegovine\"},\"image\":{\"@id\":\"https:\\\/\\\/ssspdp.ba\\\/#\\\/schema\\\/logo\\\/image\\\/\"},\"sameAs\":[\"https:\\\/\\\/www.facebook.com\\\/Samostalni-sindikat-\u0161umarstva-prerade-drveta-i-papira-BiH-1740799582820896\\\/?ref=page_internal\"]},{\"@type\":\"Person\",\"@id\":\"https:\\\/\\\/ssspdp.ba\\\/#\\\/schema\\\/person\\\/ca59c1c3438388dc9efc2e2c1520dd58\",\"name\":\"Senudin Jahic\",\"image\":{\"@type\":\"ImageObject\",\"inLanguage\":\"en-US\",\"@id\":\"https:\\\/\\\/secure.gravatar.com\\\/avatar\\\/4c408c3d0a009ed2e77d9394b7d39ae86e939f4183d1b501926522e8b6ed0820?s=96&d=mm&r=g\",\"url\":\"https:\\\/\\\/secure.gravatar.com\\\/avatar\\\/4c408c3d0a009ed2e77d9394b7d39ae86e939f4183d1b501926522e8b6ed0820?s=96&d=mm&r=g\",\"contentUrl\":\"https:\\\/\\\/secure.gravatar.com\\\/avatar\\\/4c408c3d0a009ed2e77d9394b7d39ae86e939f4183d1b501926522e8b6ed0820?s=96&d=mm&r=g\",\"caption\":\"Senudin Jahic\"},\"sameAs\":[\"http:\\\/\\\/ssspdp.ba\"]}]}<\/script>\n<!-- \/ Yoast SEO plugin. -->","yoast_head_json":{"title":"DAN PLANETE ZEMLJE 2025. - Samostalni sindikat \u0161umarstva, prerade drveta i papira Bosne i Hercegovine","robots":{"index":"index","follow":"follow","max-snippet":"max-snippet:-1","max-image-preview":"max-image-preview:large","max-video-preview":"max-video-preview:-1"},"canonical":"https:\/\/ssspdp.ba\/?p=3058","og_locale":"en_US","og_type":"article","og_title":"DAN PLANETE ZEMLJE 2025. - Samostalni sindikat \u0161umarstva, prerade drveta i papira Bosne i Hercegovine","og_description":"Dan planete Zemlje obilje\u017eava se 22. aprila i podsje\u0107a nas na va\u017enost o\u010duvanja na\u0161e planete te na neophodnost odr\u017eivog odnosa prema prirodnim resursima. Obilje\u017eavanjem ovog dana odaje se po\u010dast postignu\u0107ima ekolo\u0161kog pokreta i podi\u017ee svijest o potrebi za\u0161tite prirodnih resursa Zemlje za budu\u0107e generacije. Prvi Dan planete Zemlje odr\u017ean je u SAD, u Philadelphiji, 22. [&hellip;]","og_url":"https:\/\/ssspdp.ba\/?p=3058","og_site_name":"Samostalni sindikat \u0161umarstva, prerade drveta i papira Bosne i Hercegovine","article_publisher":"https:\/\/www.facebook.com\/Samostalni-sindikat-%c5%a1umarstva-prerade-drveta-i-papira-BiH-1740799582820896\/?ref=page_internal","article_published_time":"2025-04-22T14:36:24+00:00","article_modified_time":"2025-04-22T14:50:20+00:00","og_image":[{"width":925,"height":617,"url":"https:\/\/ssspdp.ba\/wp-content\/uploads\/2025\/04\/dan-planete-zemlje-2025-01.jpg","type":"image\/jpeg"}],"author":"Senudin Jahic","twitter_card":"summary_large_image","twitter_misc":{"Written by":"Senudin Jahic","Est. reading time":"2 minutes"},"schema":{"@context":"https:\/\/schema.org","@graph":[{"@type":"Article","@id":"https:\/\/ssspdp.ba\/?p=3058#article","isPartOf":{"@id":"https:\/\/ssspdp.ba\/?p=3058"},"author":{"name":"Senudin Jahic","@id":"https:\/\/ssspdp.ba\/#\/schema\/person\/ca59c1c3438388dc9efc2e2c1520dd58"},"headline":"DAN PLANETE ZEMLJE 2025.","datePublished":"2025-04-22T14:36:24+00:00","dateModified":"2025-04-22T14:50:20+00:00","mainEntityOfPage":{"@id":"https:\/\/ssspdp.ba\/?p=3058"},"wordCount":197,"publisher":{"@id":"https:\/\/ssspdp.ba\/#organization"},"image":{"@id":"https:\/\/ssspdp.ba\/?p=3058#primaryimage"},"thumbnailUrl":"https:\/\/ssspdp.ba\/wp-content\/uploads\/2025\/04\/dan-planete-zemlje-2025-01.jpg","articleSection":["Novosti","Vijesti"],"inLanguage":"en-US"},{"@type":"WebPage","@id":"https:\/\/ssspdp.ba\/?p=3058","url":"https:\/\/ssspdp.ba\/?p=3058","name":"DAN PLANETE ZEMLJE 2025. - Samostalni sindikat \u0161umarstva, prerade drveta i papira Bosne i Hercegovine","isPartOf":{"@id":"https:\/\/ssspdp.ba\/#website"},"primaryImageOfPage":{"@id":"https:\/\/ssspdp.ba\/?p=3058#primaryimage"},"image":{"@id":"https:\/\/ssspdp.ba\/?p=3058#primaryimage"},"thumbnailUrl":"https:\/\/ssspdp.ba\/wp-content\/uploads\/2025\/04\/dan-planete-zemlje-2025-01.jpg","datePublished":"2025-04-22T14:36:24+00:00","dateModified":"2025-04-22T14:50:20+00:00","breadcrumb":{"@id":"https:\/\/ssspdp.ba\/?p=3058#breadcrumb"},"inLanguage":"en-US","potentialAction":[{"@type":"ReadAction","target":["https:\/\/ssspdp.ba\/?p=3058"]}]},{"@type":"ImageObject","inLanguage":"en-US","@id":"https:\/\/ssspdp.ba\/?p=3058#primaryimage","url":"https:\/\/ssspdp.ba\/wp-content\/uploads\/2025\/04\/dan-planete-zemlje-2025-01.jpg","contentUrl":"https:\/\/ssspdp.ba\/wp-content\/uploads\/2025\/04\/dan-planete-zemlje-2025-01.jpg","width":925,"height":617},{"@type":"BreadcrumbList","@id":"https:\/\/ssspdp.ba\/?p=3058#breadcrumb","itemListElement":[{"@type":"ListItem","position":1,"name":"Home","item":"https:\/\/ssspdp.ba\/"},{"@type":"ListItem","position":2,"name":"DAN PLANETE ZEMLJE 2025."}]},{"@type":"WebSite","@id":"https:\/\/ssspdp.ba\/#website","url":"https:\/\/ssspdp.ba\/","name":"Samostalni sindikat \u0161umarstva, prerade drveta i papira Bosne i Hercegovine","description":"","publisher":{"@id":"https:\/\/ssspdp.ba\/#organization"},"potentialAction":[{"@type":"SearchAction","target":{"@type":"EntryPoint","urlTemplate":"https:\/\/ssspdp.ba\/?s={search_term_string}"},"query-input":{"@type":"PropertyValueSpecification","valueRequired":true,"valueName":"search_term_string"}}],"inLanguage":"en-US"},{"@type":"Organization","@id":"https:\/\/ssspdp.ba\/#organization","name":"Samostalni sindikat \u0161umarstva, prerade drveta i papira Bosne i Hercegovine","url":"https:\/\/ssspdp.ba\/","logo":{"@type":"ImageObject","inLanguage":"en-US","@id":"https:\/\/ssspdp.ba\/#\/schema\/logo\/image\/","url":"https:\/\/ssspdp.ba\/wp-content\/uploads\/2020\/10\/web-logo.png","contentUrl":"https:\/\/ssspdp.ba\/wp-content\/uploads\/2020\/10\/web-logo.png","width":623,"height":100,"caption":"Samostalni sindikat \u0161umarstva, prerade drveta i papira Bosne i Hercegovine"},"image":{"@id":"https:\/\/ssspdp.ba\/#\/schema\/logo\/image\/"},"sameAs":["https:\/\/www.facebook.com\/Samostalni-sindikat-\u0161umarstva-prerade-drveta-i-papira-BiH-1740799582820896\/?ref=page_internal"]},{"@type":"Person","@id":"https:\/\/ssspdp.ba\/#\/schema\/person\/ca59c1c3438388dc9efc2e2c1520dd58","name":"Senudin Jahic","image":{"@type":"ImageObject","inLanguage":"en-US","@id":"https:\/\/secure.gravatar.com\/avatar\/4c408c3d0a009ed2e77d9394b7d39ae86e939f4183d1b501926522e8b6ed0820?s=96&d=mm&r=g","url":"https:\/\/secure.gravatar.com\/avatar\/4c408c3d0a009ed2e77d9394b7d39ae86e939f4183d1b501926522e8b6ed0820?s=96&d=mm&r=g","contentUrl":"https:\/\/secure.gravatar.com\/avatar\/4c408c3d0a009ed2e77d9394b7d39ae86e939f4183d1b501926522e8b6ed0820?s=96&d=mm&r=g","caption":"Senudin Jahic"},"sameAs":["http:\/\/ssspdp.ba"]}]}},"_links":{"self":[{"href":"https:\/\/ssspdp.ba\/index.php?rest_route=\/wp\/v2\/posts\/3058","targetHints":{"allow":["GET"]}}],"collection":[{"href":"https:\/\/ssspdp.ba\/index.php?rest_route=\/wp\/v2\/posts"}],"about":[{"href":"https:\/\/ssspdp.ba\/index.php?rest_route=\/wp\/v2\/types\/post"}],"author":[{"embeddable":true,"href":"https:\/\/ssspdp.ba\/index.php?rest_route=\/wp\/v2\/users\/2"}],"replies":[{"embeddable":true,"href":"https:\/\/ssspdp.ba\/index.php?rest_route=%2Fwp%2Fv2%2Fcomments&post=3058"}],"version-history":[{"count":3,"href":"https:\/\/ssspdp.ba\/index.php?rest_route=\/wp\/v2\/posts\/3058\/revisions"}],"predecessor-version":[{"id":3064,"href":"https:\/\/ssspdp.ba\/index.php?rest_route=\/wp\/v2\/posts\/3058\/revisions\/3064"}],"wp:featuredmedia":[{"embeddable":true,"href":"https:\/\/ssspdp.ba\/index.php?rest_route=\/wp\/v2\/media\/3059"}],"wp:attachment":[{"href":"https:\/\/ssspdp.ba\/index.php?rest_route=%2Fwp%2Fv2%2Fmedia&parent=3058"}],"wp:term":[{"taxonomy":"category","embeddable":true,"href":"https:\/\/ssspdp.ba\/index.php?rest_route=%2Fwp%2Fv2%2Fcategories&post=3058"},{"taxonomy":"post_tag","embeddable":true,"href":"https:\/\/ssspdp.ba\/index.php?rest_route=%2Fwp%2Fv2%2Ftags&post=3058"}],"curies":[{"name":"wp","href":"https:\/\/api.w.org\/{rel}","templated":true}]}}