{"id":3065,"date":"2025-04-25T19:59:29","date_gmt":"2025-04-25T18:59:29","guid":{"rendered":"https:\/\/ssspdp.ba\/?p=3065"},"modified":"2025-04-25T20:01:49","modified_gmt":"2025-04-25T19:01:49","slug":"medunarodni-dan-drveta","status":"publish","type":"post","link":"https:\/\/ssspdp.ba\/?p=3065","title":{"rendered":"ME\u0110UNARODNI DAN DRVETA"},"content":{"rendered":"\n<p>Me\u0111unarodni dan drveta je jedna od najve\u0107ih manifestacija posve\u0107enih za\u0161titi svjetskih \u0161umskih bogatstava i oboga\u0107ivanju ljudske okoline sadnjom drve\u0107a.<\/p>\n\n\n\n<p>Ideja o obilje\u017eavanju ovog dana nastala je 1872. godine. Ameri\u010dki novinar i aktivista Julius Sterling Morton objavio je 1872. godine Rezoluciju o Danu drveta, pozivaju\u0107i dr\u017eavu Nebrasku da ovaj dan obilje\u017eava svake godine.<\/p>\n\n\n\n<p>Godine 1951. Ujedinjene nacije odlu\u010dile su proglasiti Me\u0111unarodni dan drve\u0107a. Prve akcije sadnje drve\u0107a tim povodom sprovedene su u Njema\u010dkoj 25. aprila 1952. godine. Danas mnoge zemlje \u0161irom svijeta obilje\u017eavaju Dan drveta, obi\u010dno u prolje\u0107e, iako datum varira ovisno o klimi i po\u010detku sezone sadnje drve\u0107a.<\/p>\n\n\n\n<p>Cilj doga\u0111aja na ovaj dan je podizanje svijesti me\u0111u stanovni\u0161tvom, posebno mladima, o ogromnom zna\u010daju drve\u0107a za globalnu klimu, na\u0161u planetu i za svakog pojedinca.<\/p>\n\n\n\n<p>Na\u0161i \u010dlanovi, \u0161umarski radnici i zainteresovani gra\u0111ani su u sklopu borbe za za\u0161titu \u0161umskih bogatstava i ove sezone organizovali brojne akcije po\u0161umljavanja \u0161irom BiH.<\/p>\n\n\n\n<figure class=\"wp-block-image size-large\"><img loading=\"lazy\" decoding=\"async\" width=\"1024\" height=\"1024\" src=\"https:\/\/ssspdp.ba\/wp-content\/uploads\/2025\/04\/Posumljavanje-sarajevo-sume-mart-2025-1024x1024.jpg\" alt=\"\" class=\"wp-image-3068\" srcset=\"https:\/\/ssspdp.ba\/wp-content\/uploads\/2025\/04\/Posumljavanje-sarajevo-sume-mart-2025-980x980.jpg 980w, https:\/\/ssspdp.ba\/wp-content\/uploads\/2025\/04\/Posumljavanje-sarajevo-sume-mart-2025-480x480.jpg 480w\" sizes=\"auto, (min-width: 0px) and (max-width: 480px) 480px, (min-width: 481px) and (max-width: 980px) 980px, (min-width: 981px) 1024px, 100vw\" \/><\/figure>\n\n\n\n<p><em>Radnici KJKP &#8220;Sarajevo \u0160ume&#8221;, studenti i profesori \u0160umarskog Fakulteta u akciji po\u0161umljavanja na Igmanu, (\u0160GP &#8220;Trnovsko&#8221;), mart 2025.<\/em><\/p>\n\n\n\n<p><em>Foto: Instagram\/kjkpsarajevosume<\/em><\/p>\n<span class=\"et_bloom_bottom_trigger\"><\/span>","protected":false},"excerpt":{"rendered":"<p>Me\u0111unarodni dan drveta je jedna od najve\u0107ih manifestacija posve\u0107enih za\u0161titi svjetskih \u0161umskih bogatstava i oboga\u0107ivanju ljudske okoline sadnjom drve\u0107a. Ideja o obilje\u017eavanju ovog dana nastala je 1872. godine. Ameri\u010dki novinar i aktivista Julius Sterling Morton objavio je 1872. godine Rezoluciju o Danu drveta, pozivaju\u0107i dr\u017eavu Nebrasku da ovaj dan obilje\u017eava svake godine. Godine 1951. Ujedinjene [&hellip;]<\/p>\n","protected":false},"author":2,"featured_media":3066,"comment_status":"closed","ping_status":"open","sticky":false,"template":"","format":"standard","meta":{"_et_pb_use_builder":"","_et_pb_old_content":"","_et_gb_content_width":"","footnotes":""},"categories":[32,42],"tags":[],"class_list":["post-3065","post","type-post","status-publish","format-standard","has-post-thumbnail","hentry","category-novosti","category-vijesti"],"yoast_head":"<!-- This site is optimized with the Yoast SEO plugin v27.5 - https:\/\/yoast.com\/product\/yoast-seo-wordpress\/ -->\n<title>ME\u0110UNARODNI DAN DRVETA - Samostalni sindikat \u0161umarstva, prerade drveta i papira Bosne i Hercegovine<\/title>\n<meta name=\"robots\" content=\"index, follow, max-snippet:-1, max-image-preview:large, max-video-preview:-1\" \/>\n<link rel=\"canonical\" href=\"https:\/\/ssspdp.ba\/?p=3065\" \/>\n<meta property=\"og:locale\" content=\"en_US\" \/>\n<meta property=\"og:type\" content=\"article\" \/>\n<meta property=\"og:title\" content=\"ME\u0110UNARODNI DAN DRVETA - Samostalni sindikat \u0161umarstva, prerade drveta i papira Bosne i Hercegovine\" \/>\n<meta property=\"og:description\" content=\"Me\u0111unarodni dan drveta je jedna od najve\u0107ih manifestacija posve\u0107enih za\u0161titi svjetskih \u0161umskih bogatstava i oboga\u0107ivanju ljudske okoline sadnjom drve\u0107a. Ideja o obilje\u017eavanju ovog dana nastala je 1872. godine. Ameri\u010dki novinar i aktivista Julius Sterling Morton objavio je 1872. godine Rezoluciju o Danu drveta, pozivaju\u0107i dr\u017eavu Nebrasku da ovaj dan obilje\u017eava svake godine. Godine 1951. Ujedinjene [&hellip;]\" \/>\n<meta property=\"og:url\" content=\"https:\/\/ssspdp.ba\/?p=3065\" \/>\n<meta property=\"og:site_name\" content=\"Samostalni sindikat \u0161umarstva, prerade drveta i papira Bosne i Hercegovine\" \/>\n<meta property=\"article:publisher\" content=\"https:\/\/www.facebook.com\/Samostalni-sindikat-%c5%a1umarstva-prerade-drveta-i-papira-BiH-1740799582820896\/?ref=page_internal\" \/>\n<meta property=\"article:published_time\" content=\"2025-04-25T18:59:29+00:00\" \/>\n<meta property=\"article:modified_time\" content=\"2025-04-25T19:01:49+00:00\" \/>\n<meta property=\"og:image\" content=\"https:\/\/ssspdp.ba\/wp-content\/uploads\/2025\/04\/Dan-drveta-2025.jpg\" \/>\n\t<meta property=\"og:image:width\" content=\"2327\" \/>\n\t<meta property=\"og:image:height\" content=\"1745\" \/>\n\t<meta property=\"og:image:type\" content=\"image\/jpeg\" \/>\n<meta name=\"author\" content=\"Senudin Jahic\" \/>\n<meta name=\"twitter:card\" content=\"summary_large_image\" \/>\n<meta name=\"twitter:label1\" content=\"Written by\" \/>\n\t<meta name=\"twitter:data1\" content=\"Senudin Jahic\" \/>\n\t<meta name=\"twitter:label2\" content=\"Est. reading time\" \/>\n\t<meta name=\"twitter:data2\" content=\"2 minutes\" \/>\n<script type=\"application\/ld+json\" class=\"yoast-schema-graph\">{\"@context\":\"https:\\\/\\\/schema.org\",\"@graph\":[{\"@type\":\"Article\",\"@id\":\"https:\\\/\\\/ssspdp.ba\\\/?p=3065#article\",\"isPartOf\":{\"@id\":\"https:\\\/\\\/ssspdp.ba\\\/?p=3065\"},\"author\":{\"name\":\"Senudin Jahic\",\"@id\":\"https:\\\/\\\/ssspdp.ba\\\/#\\\/schema\\\/person\\\/ca59c1c3438388dc9efc2e2c1520dd58\"},\"headline\":\"ME\u0110UNARODNI DAN DRVETA\",\"datePublished\":\"2025-04-25T18:59:29+00:00\",\"dateModified\":\"2025-04-25T19:01:49+00:00\",\"mainEntityOfPage\":{\"@id\":\"https:\\\/\\\/ssspdp.ba\\\/?p=3065\"},\"wordCount\":198,\"publisher\":{\"@id\":\"https:\\\/\\\/ssspdp.ba\\\/#organization\"},\"image\":{\"@id\":\"https:\\\/\\\/ssspdp.ba\\\/?p=3065#primaryimage\"},\"thumbnailUrl\":\"https:\\\/\\\/ssspdp.ba\\\/wp-content\\\/uploads\\\/2025\\\/04\\\/Dan-drveta-2025.jpg\",\"articleSection\":[\"Novosti\",\"Vijesti\"],\"inLanguage\":\"en-US\"},{\"@type\":\"WebPage\",\"@id\":\"https:\\\/\\\/ssspdp.ba\\\/?p=3065\",\"url\":\"https:\\\/\\\/ssspdp.ba\\\/?p=3065\",\"name\":\"ME\u0110UNARODNI DAN DRVETA - Samostalni sindikat \u0161umarstva, prerade drveta i papira Bosne i Hercegovine\",\"isPartOf\":{\"@id\":\"https:\\\/\\\/ssspdp.ba\\\/#website\"},\"primaryImageOfPage\":{\"@id\":\"https:\\\/\\\/ssspdp.ba\\\/?p=3065#primaryimage\"},\"image\":{\"@id\":\"https:\\\/\\\/ssspdp.ba\\\/?p=3065#primaryimage\"},\"thumbnailUrl\":\"https:\\\/\\\/ssspdp.ba\\\/wp-content\\\/uploads\\\/2025\\\/04\\\/Dan-drveta-2025.jpg\",\"datePublished\":\"2025-04-25T18:59:29+00:00\",\"dateModified\":\"2025-04-25T19:01:49+00:00\",\"breadcrumb\":{\"@id\":\"https:\\\/\\\/ssspdp.ba\\\/?p=3065#breadcrumb\"},\"inLanguage\":\"en-US\",\"potentialAction\":[{\"@type\":\"ReadAction\",\"target\":[\"https:\\\/\\\/ssspdp.ba\\\/?p=3065\"]}]},{\"@type\":\"ImageObject\",\"inLanguage\":\"en-US\",\"@id\":\"https:\\\/\\\/ssspdp.ba\\\/?p=3065#primaryimage\",\"url\":\"https:\\\/\\\/ssspdp.ba\\\/wp-content\\\/uploads\\\/2025\\\/04\\\/Dan-drveta-2025.jpg\",\"contentUrl\":\"https:\\\/\\\/ssspdp.ba\\\/wp-content\\\/uploads\\\/2025\\\/04\\\/Dan-drveta-2025.jpg\",\"width\":2327,\"height\":1745},{\"@type\":\"BreadcrumbList\",\"@id\":\"https:\\\/\\\/ssspdp.ba\\\/?p=3065#breadcrumb\",\"itemListElement\":[{\"@type\":\"ListItem\",\"position\":1,\"name\":\"Home\",\"item\":\"https:\\\/\\\/ssspdp.ba\\\/\"},{\"@type\":\"ListItem\",\"position\":2,\"name\":\"ME\u0110UNARODNI DAN DRVETA\"}]},{\"@type\":\"WebSite\",\"@id\":\"https:\\\/\\\/ssspdp.ba\\\/#website\",\"url\":\"https:\\\/\\\/ssspdp.ba\\\/\",\"name\":\"Samostalni sindikat \u0161umarstva, prerade drveta i papira Bosne i Hercegovine\",\"description\":\"\",\"publisher\":{\"@id\":\"https:\\\/\\\/ssspdp.ba\\\/#organization\"},\"potentialAction\":[{\"@type\":\"SearchAction\",\"target\":{\"@type\":\"EntryPoint\",\"urlTemplate\":\"https:\\\/\\\/ssspdp.ba\\\/?s={search_term_string}\"},\"query-input\":{\"@type\":\"PropertyValueSpecification\",\"valueRequired\":true,\"valueName\":\"search_term_string\"}}],\"inLanguage\":\"en-US\"},{\"@type\":\"Organization\",\"@id\":\"https:\\\/\\\/ssspdp.ba\\\/#organization\",\"name\":\"Samostalni sindikat \u0161umarstva, prerade drveta i papira Bosne i Hercegovine\",\"url\":\"https:\\\/\\\/ssspdp.ba\\\/\",\"logo\":{\"@type\":\"ImageObject\",\"inLanguage\":\"en-US\",\"@id\":\"https:\\\/\\\/ssspdp.ba\\\/#\\\/schema\\\/logo\\\/image\\\/\",\"url\":\"https:\\\/\\\/ssspdp.ba\\\/wp-content\\\/uploads\\\/2020\\\/10\\\/web-logo.png\",\"contentUrl\":\"https:\\\/\\\/ssspdp.ba\\\/wp-content\\\/uploads\\\/2020\\\/10\\\/web-logo.png\",\"width\":623,\"height\":100,\"caption\":\"Samostalni sindikat \u0161umarstva, prerade drveta i papira Bosne i Hercegovine\"},\"image\":{\"@id\":\"https:\\\/\\\/ssspdp.ba\\\/#\\\/schema\\\/logo\\\/image\\\/\"},\"sameAs\":[\"https:\\\/\\\/www.facebook.com\\\/Samostalni-sindikat-\u0161umarstva-prerade-drveta-i-papira-BiH-1740799582820896\\\/?ref=page_internal\"]},{\"@type\":\"Person\",\"@id\":\"https:\\\/\\\/ssspdp.ba\\\/#\\\/schema\\\/person\\\/ca59c1c3438388dc9efc2e2c1520dd58\",\"name\":\"Senudin Jahic\",\"image\":{\"@type\":\"ImageObject\",\"inLanguage\":\"en-US\",\"@id\":\"https:\\\/\\\/secure.gravatar.com\\\/avatar\\\/4c408c3d0a009ed2e77d9394b7d39ae86e939f4183d1b501926522e8b6ed0820?s=96&d=mm&r=g\",\"url\":\"https:\\\/\\\/secure.gravatar.com\\\/avatar\\\/4c408c3d0a009ed2e77d9394b7d39ae86e939f4183d1b501926522e8b6ed0820?s=96&d=mm&r=g\",\"contentUrl\":\"https:\\\/\\\/secure.gravatar.com\\\/avatar\\\/4c408c3d0a009ed2e77d9394b7d39ae86e939f4183d1b501926522e8b6ed0820?s=96&d=mm&r=g\",\"caption\":\"Senudin Jahic\"},\"sameAs\":[\"http:\\\/\\\/ssspdp.ba\"]}]}<\/script>\n<!-- \/ Yoast SEO plugin. -->","yoast_head_json":{"title":"ME\u0110UNARODNI DAN DRVETA - Samostalni sindikat \u0161umarstva, prerade drveta i papira Bosne i Hercegovine","robots":{"index":"index","follow":"follow","max-snippet":"max-snippet:-1","max-image-preview":"max-image-preview:large","max-video-preview":"max-video-preview:-1"},"canonical":"https:\/\/ssspdp.ba\/?p=3065","og_locale":"en_US","og_type":"article","og_title":"ME\u0110UNARODNI DAN DRVETA - Samostalni sindikat \u0161umarstva, prerade drveta i papira Bosne i Hercegovine","og_description":"Me\u0111unarodni dan drveta je jedna od najve\u0107ih manifestacija posve\u0107enih za\u0161titi svjetskih \u0161umskih bogatstava i oboga\u0107ivanju ljudske okoline sadnjom drve\u0107a. Ideja o obilje\u017eavanju ovog dana nastala je 1872. godine. Ameri\u010dki novinar i aktivista Julius Sterling Morton objavio je 1872. godine Rezoluciju o Danu drveta, pozivaju\u0107i dr\u017eavu Nebrasku da ovaj dan obilje\u017eava svake godine. Godine 1951. Ujedinjene [&hellip;]","og_url":"https:\/\/ssspdp.ba\/?p=3065","og_site_name":"Samostalni sindikat \u0161umarstva, prerade drveta i papira Bosne i Hercegovine","article_publisher":"https:\/\/www.facebook.com\/Samostalni-sindikat-%c5%a1umarstva-prerade-drveta-i-papira-BiH-1740799582820896\/?ref=page_internal","article_published_time":"2025-04-25T18:59:29+00:00","article_modified_time":"2025-04-25T19:01:49+00:00","og_image":[{"width":2327,"height":1745,"url":"https:\/\/ssspdp.ba\/wp-content\/uploads\/2025\/04\/Dan-drveta-2025.jpg","type":"image\/jpeg"}],"author":"Senudin Jahic","twitter_card":"summary_large_image","twitter_misc":{"Written by":"Senudin Jahic","Est. reading time":"2 minutes"},"schema":{"@context":"https:\/\/schema.org","@graph":[{"@type":"Article","@id":"https:\/\/ssspdp.ba\/?p=3065#article","isPartOf":{"@id":"https:\/\/ssspdp.ba\/?p=3065"},"author":{"name":"Senudin Jahic","@id":"https:\/\/ssspdp.ba\/#\/schema\/person\/ca59c1c3438388dc9efc2e2c1520dd58"},"headline":"ME\u0110UNARODNI DAN DRVETA","datePublished":"2025-04-25T18:59:29+00:00","dateModified":"2025-04-25T19:01:49+00:00","mainEntityOfPage":{"@id":"https:\/\/ssspdp.ba\/?p=3065"},"wordCount":198,"publisher":{"@id":"https:\/\/ssspdp.ba\/#organization"},"image":{"@id":"https:\/\/ssspdp.ba\/?p=3065#primaryimage"},"thumbnailUrl":"https:\/\/ssspdp.ba\/wp-content\/uploads\/2025\/04\/Dan-drveta-2025.jpg","articleSection":["Novosti","Vijesti"],"inLanguage":"en-US"},{"@type":"WebPage","@id":"https:\/\/ssspdp.ba\/?p=3065","url":"https:\/\/ssspdp.ba\/?p=3065","name":"ME\u0110UNARODNI DAN DRVETA - Samostalni sindikat \u0161umarstva, prerade drveta i papira Bosne i Hercegovine","isPartOf":{"@id":"https:\/\/ssspdp.ba\/#website"},"primaryImageOfPage":{"@id":"https:\/\/ssspdp.ba\/?p=3065#primaryimage"},"image":{"@id":"https:\/\/ssspdp.ba\/?p=3065#primaryimage"},"thumbnailUrl":"https:\/\/ssspdp.ba\/wp-content\/uploads\/2025\/04\/Dan-drveta-2025.jpg","datePublished":"2025-04-25T18:59:29+00:00","dateModified":"2025-04-25T19:01:49+00:00","breadcrumb":{"@id":"https:\/\/ssspdp.ba\/?p=3065#breadcrumb"},"inLanguage":"en-US","potentialAction":[{"@type":"ReadAction","target":["https:\/\/ssspdp.ba\/?p=3065"]}]},{"@type":"ImageObject","inLanguage":"en-US","@id":"https:\/\/ssspdp.ba\/?p=3065#primaryimage","url":"https:\/\/ssspdp.ba\/wp-content\/uploads\/2025\/04\/Dan-drveta-2025.jpg","contentUrl":"https:\/\/ssspdp.ba\/wp-content\/uploads\/2025\/04\/Dan-drveta-2025.jpg","width":2327,"height":1745},{"@type":"BreadcrumbList","@id":"https:\/\/ssspdp.ba\/?p=3065#breadcrumb","itemListElement":[{"@type":"ListItem","position":1,"name":"Home","item":"https:\/\/ssspdp.ba\/"},{"@type":"ListItem","position":2,"name":"ME\u0110UNARODNI DAN DRVETA"}]},{"@type":"WebSite","@id":"https:\/\/ssspdp.ba\/#website","url":"https:\/\/ssspdp.ba\/","name":"Samostalni sindikat \u0161umarstva, prerade drveta i papira Bosne i Hercegovine","description":"","publisher":{"@id":"https:\/\/ssspdp.ba\/#organization"},"potentialAction":[{"@type":"SearchAction","target":{"@type":"EntryPoint","urlTemplate":"https:\/\/ssspdp.ba\/?s={search_term_string}"},"query-input":{"@type":"PropertyValueSpecification","valueRequired":true,"valueName":"search_term_string"}}],"inLanguage":"en-US"},{"@type":"Organization","@id":"https:\/\/ssspdp.ba\/#organization","name":"Samostalni sindikat \u0161umarstva, prerade drveta i papira Bosne i Hercegovine","url":"https:\/\/ssspdp.ba\/","logo":{"@type":"ImageObject","inLanguage":"en-US","@id":"https:\/\/ssspdp.ba\/#\/schema\/logo\/image\/","url":"https:\/\/ssspdp.ba\/wp-content\/uploads\/2020\/10\/web-logo.png","contentUrl":"https:\/\/ssspdp.ba\/wp-content\/uploads\/2020\/10\/web-logo.png","width":623,"height":100,"caption":"Samostalni sindikat \u0161umarstva, prerade drveta i papira Bosne i Hercegovine"},"image":{"@id":"https:\/\/ssspdp.ba\/#\/schema\/logo\/image\/"},"sameAs":["https:\/\/www.facebook.com\/Samostalni-sindikat-\u0161umarstva-prerade-drveta-i-papira-BiH-1740799582820896\/?ref=page_internal"]},{"@type":"Person","@id":"https:\/\/ssspdp.ba\/#\/schema\/person\/ca59c1c3438388dc9efc2e2c1520dd58","name":"Senudin Jahic","image":{"@type":"ImageObject","inLanguage":"en-US","@id":"https:\/\/secure.gravatar.com\/avatar\/4c408c3d0a009ed2e77d9394b7d39ae86e939f4183d1b501926522e8b6ed0820?s=96&d=mm&r=g","url":"https:\/\/secure.gravatar.com\/avatar\/4c408c3d0a009ed2e77d9394b7d39ae86e939f4183d1b501926522e8b6ed0820?s=96&d=mm&r=g","contentUrl":"https:\/\/secure.gravatar.com\/avatar\/4c408c3d0a009ed2e77d9394b7d39ae86e939f4183d1b501926522e8b6ed0820?s=96&d=mm&r=g","caption":"Senudin Jahic"},"sameAs":["http:\/\/ssspdp.ba"]}]}},"_links":{"self":[{"href":"https:\/\/ssspdp.ba\/index.php?rest_route=\/wp\/v2\/posts\/3065","targetHints":{"allow":["GET"]}}],"collection":[{"href":"https:\/\/ssspdp.ba\/index.php?rest_route=\/wp\/v2\/posts"}],"about":[{"href":"https:\/\/ssspdp.ba\/index.php?rest_route=\/wp\/v2\/types\/post"}],"author":[{"embeddable":true,"href":"https:\/\/ssspdp.ba\/index.php?rest_route=\/wp\/v2\/users\/2"}],"replies":[{"embeddable":true,"href":"https:\/\/ssspdp.ba\/index.php?rest_route=%2Fwp%2Fv2%2Fcomments&post=3065"}],"version-history":[{"count":2,"href":"https:\/\/ssspdp.ba\/index.php?rest_route=\/wp\/v2\/posts\/3065\/revisions"}],"predecessor-version":[{"id":3070,"href":"https:\/\/ssspdp.ba\/index.php?rest_route=\/wp\/v2\/posts\/3065\/revisions\/3070"}],"wp:featuredmedia":[{"embeddable":true,"href":"https:\/\/ssspdp.ba\/index.php?rest_route=\/wp\/v2\/media\/3066"}],"wp:attachment":[{"href":"https:\/\/ssspdp.ba\/index.php?rest_route=%2Fwp%2Fv2%2Fmedia&parent=3065"}],"wp:term":[{"taxonomy":"category","embeddable":true,"href":"https:\/\/ssspdp.ba\/index.php?rest_route=%2Fwp%2Fv2%2Fcategories&post=3065"},{"taxonomy":"post_tag","embeddable":true,"href":"https:\/\/ssspdp.ba\/index.php?rest_route=%2Fwp%2Fv2%2Ftags&post=3065"}],"curies":[{"name":"wp","href":"https:\/\/api.w.org\/{rel}","templated":true}]}}