{"id":3072,"date":"2025-05-01T08:21:15","date_gmt":"2025-05-01T07:21:15","guid":{"rendered":"https:\/\/ssspdp.ba\/?p=3072"},"modified":"2025-05-02T18:26:57","modified_gmt":"2025-05-02T17:26:57","slug":"medunarodni-praznik-rada-poziv-na-otpor-i-odbranu-sindikalnih-sloboda","status":"publish","type":"post","link":"https:\/\/ssspdp.ba\/?p=3072","title":{"rendered":"ME\u0110UNARODNI PRAZNIK RADA: POZIV NA OTPOR I ODBRANU SINDIKALNIH SLOBODA"},"content":{"rendered":"\n<p>Povodom Me\u0111unarodnog praznika rada, Me\u0111unarodna konfederacija radnika u gra\u0111evinarstvu i drvnoj industriji (BWI), Samostalni sindikat \u0161umarstva, prerade drveta i papira BiH kao i ostale sindikalne organizacije koje su \u010dlanice BWI, objavljuju sljede\u0107i Poziv:<\/p>\n\n\n\n<p><strong>Danas, na Prvi maj, okupljamo se da slavimo. Ali \u0161to je jo\u0161 va\u1e93\u030cnije i hitnije, okupljamo se da pru\u017eimo otpor.<\/strong><\/p>\n\n\n\n<p>Da podsjetimo svijet i sebe da je radni\u010dka klasa oduvijek bila srce napretka, pravde i glas otpora.<\/p>\n\n\n\n<p>Stojimo zajedno u vremenu duboke globalne krize. Neoliberalizam nam je rekao: \u201cDru\u0161tvo u pravom smislu rije\u010di, ne postoji.\u201d Li\u0161io je stanovni\u0161tvo javnih usluga, obezvrijedio solidarnost i na\u0161e \u017eivote tretira kao puku robu. Tehnolo\u0161ki milijarderi sada pretvaraju ljudske zajednice u tr\u017ei\u0161ta, a radnike u statisti\u010dke podatke. Autoritarne i krajnje desni\u010darske vlade se uzdi\u017eu i, ne samo da se hrane nejednako\u0161\u0107u i strahom, ve\u0107 i pokre\u0107u direktne napade na na\u0161a prava na organiziranje, slobodu govora i \u0161trajk. <\/p>\n\n\n\n<p>Boje nas se, jer znaju: kada se kao radnici organiziramo, mi pobje\u0111ujemo. <\/p>\n\n\n\n<p>Od Filipina do Perua, od Bjelorusije do Zimbabvea, sindikalisti se u\u0161utkuju, kriminalizuju i izla\u017eu represiji. A u Mjanmaru, vojna hunta je objavila rat sindikatima: zabranjuje ih, zatvara njihove vo\u0111e i podvrgava njihove \u010dlanove nasilju i teroru. Pa ipak, na\u0161i drugovi tamo nastavljaju pru\u017eati otpor, kako u ilegali, tako i u javnosti, odr\u017eavaju\u0107i plamen slobode i pravde \u017eivim.<\/p>\n\n\n\n<p>Njihova borba je na\u0161a borba.  Njihov otpor je na\u0161 poziv na akciju. <\/p>\n\n\n\n<p><strong>Moramo se boriti protiv represije nad sindikatima, gdje god se ona de\u0161ava. <\/strong><br><strong>Jer napad na jednog je napad na sve.<\/strong><\/p>\n\n\n\n<p>Niko to ne zna bolje od radnika. Mi u gra\u0111evinarstvu gradimo gradove, mostove i budu\u0107nost svojim rukama i znojem. Ogroman broj nas su migrantski radnici, koji rade neformalno, u sjeni. Rizikujemo svoje \u017eivote na skelama, zbog \u017eurbe za profitom koji dolazi prije sigurnosti. Kada padnemo, svijet ide dalje. Ali mi ne. Mi se di\u017eemo. Mi se organizujemo. Mi zahtijevamo promjene.<\/p>\n\n\n\n<p>A iz \u0161uma crpimo snagu i nadu. Radnici u \u0161umarstvu i autohtoni branitelji Zemlje stoje izme\u0111u na\u0161e planete i klimatskog kolapsa. Oni se bore, ne samo za radna mjesta i ekosisteme, ve\u0107 i za pravo cijelog \u010dovje\u010danstva na \u017eivot u ugodnijoj budu\u0107nosti. U njihovoj borbi \u017eivi naslije\u0111e Chica Mendesa: podsjetnik da odbrana \u0161ume zna\u010di odbranu \u017eivota, pravde i generacija koje dolaze.<\/p>\n\n\n\n<p><strong>Zajedno smo povezani borbom za isti cilj: pretvoriti nesiguran rad u dostojanstven rad i transformirati pre\u017eivljavanje u otpor. <\/strong><\/p>\n\n\n\n<p>Na\u0161a historija nije napisana u udobnosti. Pisana je u \u0161trajkovima, ustancima i odbijanju da budemo u\u0161utkani. Od prvih mu\u010denika Prvog maja do dana\u0161njeg otpora u Mjanmaru i \u0161ire, na\u0161e naslije\u0111e je izgra\u0111eno na kolektivnom otporu i na nepokolebljivom uvjerenju da druga\u010diji svijet nije samo neophodan, ve\u0107 i mogu\u0107.<\/p>\n\n\n\n<p>Prvi maj nije nostalgija. To je poziv na akciju: na organiziranje, odbranu i uzvra\u0107anje udarca. Nijedno pravo koje imamo nije nam dato. Ono je osvojeno. I danas se borimo: za pla\u0107e, za sigurnost, za pravdu, za dostojanstvo, za slobodu i za mir.<\/p>\n\n\n\n<p>U ovoj borbi, svako od nas je va\u017ean. Nikada nismo sami. Mi smo pokret. I zajedno mo\u017eemo ostvariti na\u0161u kolektivnu snagu.<\/p>\n\n\n\n<p><strong>Solidarnost zauvijek. Sretan Prvi maj!<\/strong><\/p>\n\n\n\n<figure class=\"wp-block-image size-large\"><img loading=\"lazy\" decoding=\"async\" width=\"819\" height=\"1024\" src=\"https:\/\/ssspdp.ba\/wp-content\/uploads\/2025\/05\/tekst-819x1024.jpg\" alt=\"\" class=\"wp-image-3075\"\/><\/figure>\n<span class=\"et_bloom_bottom_trigger\"><\/span>","protected":false},"excerpt":{"rendered":"<p>Povodom Me\u0111unarodnog praznika rada, Me\u0111unarodna konfederacija radnika u gra\u0111evinarstvu i drvnoj industriji (BWI), Samostalni sindikat \u0161umarstva, prerade drveta i papira BiH kao i ostale sindikalne organizacije koje su \u010dlanice BWI, objavljuju sljede\u0107i Poziv: Danas, na Prvi maj, okupljamo se da slavimo. Ali \u0161to je jo\u0161 va\u1e93\u030cnije i hitnije, okupljamo se da pru\u017eimo otpor. Da podsjetimo [&hellip;]<\/p>\n","protected":false},"author":2,"featured_media":3073,"comment_status":"closed","ping_status":"open","sticky":false,"template":"","format":"standard","meta":{"_et_pb_use_builder":"","_et_pb_old_content":"","_et_gb_content_width":"","footnotes":""},"categories":[32,42],"tags":[],"class_list":["post-3072","post","type-post","status-publish","format-standard","has-post-thumbnail","hentry","category-novosti","category-vijesti"],"yoast_head":"<!-- This site is optimized with the Yoast SEO plugin v27.5 - https:\/\/yoast.com\/product\/yoast-seo-wordpress\/ -->\n<title>ME\u0110UNARODNI PRAZNIK RADA: POZIV NA OTPOR I ODBRANU SINDIKALNIH SLOBODA - Samostalni sindikat \u0161umarstva, prerade drveta i papira Bosne i Hercegovine<\/title>\n<meta name=\"robots\" content=\"index, follow, max-snippet:-1, max-image-preview:large, max-video-preview:-1\" \/>\n<link rel=\"canonical\" href=\"https:\/\/ssspdp.ba\/?p=3072\" \/>\n<meta property=\"og:locale\" content=\"en_US\" \/>\n<meta property=\"og:type\" content=\"article\" \/>\n<meta property=\"og:title\" content=\"ME\u0110UNARODNI PRAZNIK RADA: POZIV NA OTPOR I ODBRANU SINDIKALNIH SLOBODA - Samostalni sindikat \u0161umarstva, prerade drveta i papira Bosne i Hercegovine\" \/>\n<meta property=\"og:description\" content=\"Povodom Me\u0111unarodnog praznika rada, Me\u0111unarodna konfederacija radnika u gra\u0111evinarstvu i drvnoj industriji (BWI), Samostalni sindikat \u0161umarstva, prerade drveta i papira BiH kao i ostale sindikalne organizacije koje su \u010dlanice BWI, objavljuju sljede\u0107i Poziv: Danas, na Prvi maj, okupljamo se da slavimo. Ali \u0161to je jo\u0161 va\u1e93\u030cnije i hitnije, okupljamo se da pru\u017eimo otpor. Da podsjetimo [&hellip;]\" \/>\n<meta property=\"og:url\" content=\"https:\/\/ssspdp.ba\/?p=3072\" \/>\n<meta property=\"og:site_name\" content=\"Samostalni sindikat \u0161umarstva, prerade drveta i papira Bosne i Hercegovine\" \/>\n<meta property=\"article:publisher\" content=\"https:\/\/www.facebook.com\/Samostalni-sindikat-%c5%a1umarstva-prerade-drveta-i-papira-BiH-1740799582820896\/?ref=page_internal\" \/>\n<meta property=\"article:published_time\" content=\"2025-05-01T07:21:15+00:00\" \/>\n<meta property=\"article:modified_time\" content=\"2025-05-02T17:26:57+00:00\" \/>\n<meta property=\"og:image\" content=\"https:\/\/ssspdp.ba\/wp-content\/uploads\/2025\/05\/BOSNIA_BWI_2025_MAY_DAY-SMC.jpg\" \/>\n\t<meta property=\"og:image:width\" content=\"1080\" \/>\n\t<meta property=\"og:image:height\" content=\"1350\" \/>\n\t<meta property=\"og:image:type\" content=\"image\/jpeg\" \/>\n<meta name=\"author\" content=\"Senudin Jahic\" \/>\n<meta name=\"twitter:card\" content=\"summary_large_image\" \/>\n<meta name=\"twitter:label1\" content=\"Written by\" \/>\n\t<meta name=\"twitter:data1\" content=\"Senudin Jahic\" \/>\n\t<meta name=\"twitter:label2\" content=\"Est. reading time\" \/>\n\t<meta name=\"twitter:data2\" content=\"3 minutes\" \/>\n<script type=\"application\/ld+json\" class=\"yoast-schema-graph\">{\"@context\":\"https:\\\/\\\/schema.org\",\"@graph\":[{\"@type\":\"Article\",\"@id\":\"https:\\\/\\\/ssspdp.ba\\\/?p=3072#article\",\"isPartOf\":{\"@id\":\"https:\\\/\\\/ssspdp.ba\\\/?p=3072\"},\"author\":{\"name\":\"Senudin Jahic\",\"@id\":\"https:\\\/\\\/ssspdp.ba\\\/#\\\/schema\\\/person\\\/ca59c1c3438388dc9efc2e2c1520dd58\"},\"headline\":\"ME\u0110UNARODNI PRAZNIK RADA: POZIV NA OTPOR I ODBRANU SINDIKALNIH SLOBODA\",\"datePublished\":\"2025-05-01T07:21:15+00:00\",\"dateModified\":\"2025-05-02T17:26:57+00:00\",\"mainEntityOfPage\":{\"@id\":\"https:\\\/\\\/ssspdp.ba\\\/?p=3072\"},\"wordCount\":566,\"publisher\":{\"@id\":\"https:\\\/\\\/ssspdp.ba\\\/#organization\"},\"image\":{\"@id\":\"https:\\\/\\\/ssspdp.ba\\\/?p=3072#primaryimage\"},\"thumbnailUrl\":\"https:\\\/\\\/ssspdp.ba\\\/wp-content\\\/uploads\\\/2025\\\/05\\\/BOSNIA_BWI_2025_MAY_DAY-SMC.jpg\",\"articleSection\":[\"Novosti\",\"Vijesti\"],\"inLanguage\":\"en-US\"},{\"@type\":\"WebPage\",\"@id\":\"https:\\\/\\\/ssspdp.ba\\\/?p=3072\",\"url\":\"https:\\\/\\\/ssspdp.ba\\\/?p=3072\",\"name\":\"ME\u0110UNARODNI PRAZNIK RADA: POZIV NA OTPOR I ODBRANU SINDIKALNIH SLOBODA - Samostalni sindikat \u0161umarstva, prerade drveta i papira Bosne i Hercegovine\",\"isPartOf\":{\"@id\":\"https:\\\/\\\/ssspdp.ba\\\/#website\"},\"primaryImageOfPage\":{\"@id\":\"https:\\\/\\\/ssspdp.ba\\\/?p=3072#primaryimage\"},\"image\":{\"@id\":\"https:\\\/\\\/ssspdp.ba\\\/?p=3072#primaryimage\"},\"thumbnailUrl\":\"https:\\\/\\\/ssspdp.ba\\\/wp-content\\\/uploads\\\/2025\\\/05\\\/BOSNIA_BWI_2025_MAY_DAY-SMC.jpg\",\"datePublished\":\"2025-05-01T07:21:15+00:00\",\"dateModified\":\"2025-05-02T17:26:57+00:00\",\"breadcrumb\":{\"@id\":\"https:\\\/\\\/ssspdp.ba\\\/?p=3072#breadcrumb\"},\"inLanguage\":\"en-US\",\"potentialAction\":[{\"@type\":\"ReadAction\",\"target\":[\"https:\\\/\\\/ssspdp.ba\\\/?p=3072\"]}]},{\"@type\":\"ImageObject\",\"inLanguage\":\"en-US\",\"@id\":\"https:\\\/\\\/ssspdp.ba\\\/?p=3072#primaryimage\",\"url\":\"https:\\\/\\\/ssspdp.ba\\\/wp-content\\\/uploads\\\/2025\\\/05\\\/BOSNIA_BWI_2025_MAY_DAY-SMC.jpg\",\"contentUrl\":\"https:\\\/\\\/ssspdp.ba\\\/wp-content\\\/uploads\\\/2025\\\/05\\\/BOSNIA_BWI_2025_MAY_DAY-SMC.jpg\",\"width\":1080,\"height\":1350},{\"@type\":\"BreadcrumbList\",\"@id\":\"https:\\\/\\\/ssspdp.ba\\\/?p=3072#breadcrumb\",\"itemListElement\":[{\"@type\":\"ListItem\",\"position\":1,\"name\":\"Home\",\"item\":\"https:\\\/\\\/ssspdp.ba\\\/\"},{\"@type\":\"ListItem\",\"position\":2,\"name\":\"ME\u0110UNARODNI PRAZNIK RADA: POZIV NA OTPOR I ODBRANU SINDIKALNIH SLOBODA\"}]},{\"@type\":\"WebSite\",\"@id\":\"https:\\\/\\\/ssspdp.ba\\\/#website\",\"url\":\"https:\\\/\\\/ssspdp.ba\\\/\",\"name\":\"Samostalni sindikat \u0161umarstva, prerade drveta i papira Bosne i Hercegovine\",\"description\":\"\",\"publisher\":{\"@id\":\"https:\\\/\\\/ssspdp.ba\\\/#organization\"},\"potentialAction\":[{\"@type\":\"SearchAction\",\"target\":{\"@type\":\"EntryPoint\",\"urlTemplate\":\"https:\\\/\\\/ssspdp.ba\\\/?s={search_term_string}\"},\"query-input\":{\"@type\":\"PropertyValueSpecification\",\"valueRequired\":true,\"valueName\":\"search_term_string\"}}],\"inLanguage\":\"en-US\"},{\"@type\":\"Organization\",\"@id\":\"https:\\\/\\\/ssspdp.ba\\\/#organization\",\"name\":\"Samostalni sindikat \u0161umarstva, prerade drveta i papira Bosne i Hercegovine\",\"url\":\"https:\\\/\\\/ssspdp.ba\\\/\",\"logo\":{\"@type\":\"ImageObject\",\"inLanguage\":\"en-US\",\"@id\":\"https:\\\/\\\/ssspdp.ba\\\/#\\\/schema\\\/logo\\\/image\\\/\",\"url\":\"https:\\\/\\\/ssspdp.ba\\\/wp-content\\\/uploads\\\/2020\\\/10\\\/web-logo.png\",\"contentUrl\":\"https:\\\/\\\/ssspdp.ba\\\/wp-content\\\/uploads\\\/2020\\\/10\\\/web-logo.png\",\"width\":623,\"height\":100,\"caption\":\"Samostalni sindikat \u0161umarstva, prerade drveta i papira Bosne i Hercegovine\"},\"image\":{\"@id\":\"https:\\\/\\\/ssspdp.ba\\\/#\\\/schema\\\/logo\\\/image\\\/\"},\"sameAs\":[\"https:\\\/\\\/www.facebook.com\\\/Samostalni-sindikat-\u0161umarstva-prerade-drveta-i-papira-BiH-1740799582820896\\\/?ref=page_internal\"]},{\"@type\":\"Person\",\"@id\":\"https:\\\/\\\/ssspdp.ba\\\/#\\\/schema\\\/person\\\/ca59c1c3438388dc9efc2e2c1520dd58\",\"name\":\"Senudin Jahic\",\"image\":{\"@type\":\"ImageObject\",\"inLanguage\":\"en-US\",\"@id\":\"https:\\\/\\\/secure.gravatar.com\\\/avatar\\\/4c408c3d0a009ed2e77d9394b7d39ae86e939f4183d1b501926522e8b6ed0820?s=96&d=mm&r=g\",\"url\":\"https:\\\/\\\/secure.gravatar.com\\\/avatar\\\/4c408c3d0a009ed2e77d9394b7d39ae86e939f4183d1b501926522e8b6ed0820?s=96&d=mm&r=g\",\"contentUrl\":\"https:\\\/\\\/secure.gravatar.com\\\/avatar\\\/4c408c3d0a009ed2e77d9394b7d39ae86e939f4183d1b501926522e8b6ed0820?s=96&d=mm&r=g\",\"caption\":\"Senudin Jahic\"},\"sameAs\":[\"http:\\\/\\\/ssspdp.ba\"]}]}<\/script>\n<!-- \/ Yoast SEO plugin. -->","yoast_head_json":{"title":"ME\u0110UNARODNI PRAZNIK RADA: POZIV NA OTPOR I ODBRANU SINDIKALNIH SLOBODA - Samostalni sindikat \u0161umarstva, prerade drveta i papira Bosne i Hercegovine","robots":{"index":"index","follow":"follow","max-snippet":"max-snippet:-1","max-image-preview":"max-image-preview:large","max-video-preview":"max-video-preview:-1"},"canonical":"https:\/\/ssspdp.ba\/?p=3072","og_locale":"en_US","og_type":"article","og_title":"ME\u0110UNARODNI PRAZNIK RADA: POZIV NA OTPOR I ODBRANU SINDIKALNIH SLOBODA - Samostalni sindikat \u0161umarstva, prerade drveta i papira Bosne i Hercegovine","og_description":"Povodom Me\u0111unarodnog praznika rada, Me\u0111unarodna konfederacija radnika u gra\u0111evinarstvu i drvnoj industriji (BWI), Samostalni sindikat \u0161umarstva, prerade drveta i papira BiH kao i ostale sindikalne organizacije koje su \u010dlanice BWI, objavljuju sljede\u0107i Poziv: Danas, na Prvi maj, okupljamo se da slavimo. Ali \u0161to je jo\u0161 va\u1e93\u030cnije i hitnije, okupljamo se da pru\u017eimo otpor. Da podsjetimo [&hellip;]","og_url":"https:\/\/ssspdp.ba\/?p=3072","og_site_name":"Samostalni sindikat \u0161umarstva, prerade drveta i papira Bosne i Hercegovine","article_publisher":"https:\/\/www.facebook.com\/Samostalni-sindikat-%c5%a1umarstva-prerade-drveta-i-papira-BiH-1740799582820896\/?ref=page_internal","article_published_time":"2025-05-01T07:21:15+00:00","article_modified_time":"2025-05-02T17:26:57+00:00","og_image":[{"width":1080,"height":1350,"url":"https:\/\/ssspdp.ba\/wp-content\/uploads\/2025\/05\/BOSNIA_BWI_2025_MAY_DAY-SMC.jpg","type":"image\/jpeg"}],"author":"Senudin Jahic","twitter_card":"summary_large_image","twitter_misc":{"Written by":"Senudin Jahic","Est. reading time":"3 minutes"},"schema":{"@context":"https:\/\/schema.org","@graph":[{"@type":"Article","@id":"https:\/\/ssspdp.ba\/?p=3072#article","isPartOf":{"@id":"https:\/\/ssspdp.ba\/?p=3072"},"author":{"name":"Senudin Jahic","@id":"https:\/\/ssspdp.ba\/#\/schema\/person\/ca59c1c3438388dc9efc2e2c1520dd58"},"headline":"ME\u0110UNARODNI PRAZNIK RADA: POZIV NA OTPOR I ODBRANU SINDIKALNIH SLOBODA","datePublished":"2025-05-01T07:21:15+00:00","dateModified":"2025-05-02T17:26:57+00:00","mainEntityOfPage":{"@id":"https:\/\/ssspdp.ba\/?p=3072"},"wordCount":566,"publisher":{"@id":"https:\/\/ssspdp.ba\/#organization"},"image":{"@id":"https:\/\/ssspdp.ba\/?p=3072#primaryimage"},"thumbnailUrl":"https:\/\/ssspdp.ba\/wp-content\/uploads\/2025\/05\/BOSNIA_BWI_2025_MAY_DAY-SMC.jpg","articleSection":["Novosti","Vijesti"],"inLanguage":"en-US"},{"@type":"WebPage","@id":"https:\/\/ssspdp.ba\/?p=3072","url":"https:\/\/ssspdp.ba\/?p=3072","name":"ME\u0110UNARODNI PRAZNIK RADA: POZIV NA OTPOR I ODBRANU SINDIKALNIH SLOBODA - Samostalni sindikat \u0161umarstva, prerade drveta i papira Bosne i Hercegovine","isPartOf":{"@id":"https:\/\/ssspdp.ba\/#website"},"primaryImageOfPage":{"@id":"https:\/\/ssspdp.ba\/?p=3072#primaryimage"},"image":{"@id":"https:\/\/ssspdp.ba\/?p=3072#primaryimage"},"thumbnailUrl":"https:\/\/ssspdp.ba\/wp-content\/uploads\/2025\/05\/BOSNIA_BWI_2025_MAY_DAY-SMC.jpg","datePublished":"2025-05-01T07:21:15+00:00","dateModified":"2025-05-02T17:26:57+00:00","breadcrumb":{"@id":"https:\/\/ssspdp.ba\/?p=3072#breadcrumb"},"inLanguage":"en-US","potentialAction":[{"@type":"ReadAction","target":["https:\/\/ssspdp.ba\/?p=3072"]}]},{"@type":"ImageObject","inLanguage":"en-US","@id":"https:\/\/ssspdp.ba\/?p=3072#primaryimage","url":"https:\/\/ssspdp.ba\/wp-content\/uploads\/2025\/05\/BOSNIA_BWI_2025_MAY_DAY-SMC.jpg","contentUrl":"https:\/\/ssspdp.ba\/wp-content\/uploads\/2025\/05\/BOSNIA_BWI_2025_MAY_DAY-SMC.jpg","width":1080,"height":1350},{"@type":"BreadcrumbList","@id":"https:\/\/ssspdp.ba\/?p=3072#breadcrumb","itemListElement":[{"@type":"ListItem","position":1,"name":"Home","item":"https:\/\/ssspdp.ba\/"},{"@type":"ListItem","position":2,"name":"ME\u0110UNARODNI PRAZNIK RADA: POZIV NA OTPOR I ODBRANU SINDIKALNIH SLOBODA"}]},{"@type":"WebSite","@id":"https:\/\/ssspdp.ba\/#website","url":"https:\/\/ssspdp.ba\/","name":"Samostalni sindikat \u0161umarstva, prerade drveta i papira Bosne i Hercegovine","description":"","publisher":{"@id":"https:\/\/ssspdp.ba\/#organization"},"potentialAction":[{"@type":"SearchAction","target":{"@type":"EntryPoint","urlTemplate":"https:\/\/ssspdp.ba\/?s={search_term_string}"},"query-input":{"@type":"PropertyValueSpecification","valueRequired":true,"valueName":"search_term_string"}}],"inLanguage":"en-US"},{"@type":"Organization","@id":"https:\/\/ssspdp.ba\/#organization","name":"Samostalni sindikat \u0161umarstva, prerade drveta i papira Bosne i Hercegovine","url":"https:\/\/ssspdp.ba\/","logo":{"@type":"ImageObject","inLanguage":"en-US","@id":"https:\/\/ssspdp.ba\/#\/schema\/logo\/image\/","url":"https:\/\/ssspdp.ba\/wp-content\/uploads\/2020\/10\/web-logo.png","contentUrl":"https:\/\/ssspdp.ba\/wp-content\/uploads\/2020\/10\/web-logo.png","width":623,"height":100,"caption":"Samostalni sindikat \u0161umarstva, prerade drveta i papira Bosne i Hercegovine"},"image":{"@id":"https:\/\/ssspdp.ba\/#\/schema\/logo\/image\/"},"sameAs":["https:\/\/www.facebook.com\/Samostalni-sindikat-\u0161umarstva-prerade-drveta-i-papira-BiH-1740799582820896\/?ref=page_internal"]},{"@type":"Person","@id":"https:\/\/ssspdp.ba\/#\/schema\/person\/ca59c1c3438388dc9efc2e2c1520dd58","name":"Senudin Jahic","image":{"@type":"ImageObject","inLanguage":"en-US","@id":"https:\/\/secure.gravatar.com\/avatar\/4c408c3d0a009ed2e77d9394b7d39ae86e939f4183d1b501926522e8b6ed0820?s=96&d=mm&r=g","url":"https:\/\/secure.gravatar.com\/avatar\/4c408c3d0a009ed2e77d9394b7d39ae86e939f4183d1b501926522e8b6ed0820?s=96&d=mm&r=g","contentUrl":"https:\/\/secure.gravatar.com\/avatar\/4c408c3d0a009ed2e77d9394b7d39ae86e939f4183d1b501926522e8b6ed0820?s=96&d=mm&r=g","caption":"Senudin Jahic"},"sameAs":["http:\/\/ssspdp.ba"]}]}},"_links":{"self":[{"href":"https:\/\/ssspdp.ba\/index.php?rest_route=\/wp\/v2\/posts\/3072","targetHints":{"allow":["GET"]}}],"collection":[{"href":"https:\/\/ssspdp.ba\/index.php?rest_route=\/wp\/v2\/posts"}],"about":[{"href":"https:\/\/ssspdp.ba\/index.php?rest_route=\/wp\/v2\/types\/post"}],"author":[{"embeddable":true,"href":"https:\/\/ssspdp.ba\/index.php?rest_route=\/wp\/v2\/users\/2"}],"replies":[{"embeddable":true,"href":"https:\/\/ssspdp.ba\/index.php?rest_route=%2Fwp%2Fv2%2Fcomments&post=3072"}],"version-history":[{"count":3,"href":"https:\/\/ssspdp.ba\/index.php?rest_route=\/wp\/v2\/posts\/3072\/revisions"}],"predecessor-version":[{"id":3080,"href":"https:\/\/ssspdp.ba\/index.php?rest_route=\/wp\/v2\/posts\/3072\/revisions\/3080"}],"wp:featuredmedia":[{"embeddable":true,"href":"https:\/\/ssspdp.ba\/index.php?rest_route=\/wp\/v2\/media\/3073"}],"wp:attachment":[{"href":"https:\/\/ssspdp.ba\/index.php?rest_route=%2Fwp%2Fv2%2Fmedia&parent=3072"}],"wp:term":[{"taxonomy":"category","embeddable":true,"href":"https:\/\/ssspdp.ba\/index.php?rest_route=%2Fwp%2Fv2%2Fcategories&post=3072"},{"taxonomy":"post_tag","embeddable":true,"href":"https:\/\/ssspdp.ba\/index.php?rest_route=%2Fwp%2Fv2%2Ftags&post=3072"}],"curies":[{"name":"wp","href":"https:\/\/api.w.org\/{rel}","templated":true}]}}