{"id":3197,"date":"2026-03-09T09:54:53","date_gmt":"2026-03-09T08:54:53","guid":{"rendered":"https:\/\/ssspdp.ba\/?p=3197"},"modified":"2026-03-12T14:05:05","modified_gmt":"2026-03-12T13:05:05","slug":"spd-srednjobosanske-sume-potpisanim-kolektivnim-ugovorom-ureden-citav-niz-materijalnih-prava-radnika","status":"publish","type":"post","link":"https:\/\/ssspdp.ba\/?p=3197","title":{"rendered":"\u0160PD SREDNJOBOSANSKE \u0160UME: POTPISANIM KOLEKTIVNIM UGOVOROM URE\u0110EN \u010cITAV NIZ MATERIJALNIH PRAVA RADNIKA"},"content":{"rendered":"\n<p>U Donjem Vakufu, dana 6.3.2026. godine potpisan je Kolektivni ugovor o pravima i obavezama poslodavca i radnika u \u0160PD Srednjobosanske\/\u0160GD \u0160ume Sredi\u0161nje Bosne d.o.o. Donji Vakuf. Kolektivni ugovor potpisali su direktor preduze\u0107a, g-din Vildan Haji\u0107, na osnovu Zaklju\u010dka Vlade SBK\/KSB kojim se direktoru daje ovla\u0161tenje da isti potpi\u0161e, a ispred Samostalnog sindikata \u0161umarstva, prerade drveta i papira Bosne I Hercegovine &#8211; Sindikalnog odbora preduze\u0107a, glavni povjerenik Senad Ibrelji\u0107, na osnovu Odluke Upravnog odbora Sindikata.<\/p>\n\n\n\n<p>Sve\u010danom potpisivanju prisustvovali su izvr\u0161ni direktori Mirnes \u010cizmi\u0107 i Suzana Bari\u0107 kao \u010dlanovi pregovara\u010dkog tima ispred Uprave Dru\u0161tva, te Sanela Bajramovi\u0107 Kola\u0161inac kao \u010dlan pregovara\u010dkog tima ispred Sindikata.<\/p>\n\n\n\n<p>Kolektivnim ugovorom regulisana su prava i obaveze ugovornih strana, a posebno je ure\u0111en \u010ditav niz materijalnih prava radnika. Kolektivni ugovor je zaklju\u010den na period od tri godine, te je istim osigurano dalje unapre\u0111enje prava radnika Preduze\u0107a.<\/p>\n<span class=\"et_bloom_bottom_trigger\"><\/span>","protected":false},"excerpt":{"rendered":"<p>U Donjem Vakufu, dana 6.3.2026. godine potpisan je Kolektivni ugovor o pravima i obavezama poslodavca i radnika u \u0160PD Srednjobosanske\/\u0160GD \u0160ume Sredi\u0161nje Bosne d.o.o. Donji Vakuf. Kolektivni ugovor potpisali su direktor preduze\u0107a, g-din Vildan Haji\u0107, na osnovu Zaklju\u010dka Vlade SBK\/KSB kojim se direktoru daje ovla\u0161tenje da isti potpi\u0161e, a ispred Samostalnog sindikata \u0161umarstva, prerade drveta [&hellip;]<\/p>\n","protected":false},"author":2,"featured_media":3198,"comment_status":"closed","ping_status":"open","sticky":false,"template":"","format":"standard","meta":{"_et_pb_use_builder":"","_et_pb_old_content":"","_et_gb_content_width":"","footnotes":""},"categories":[32,42],"tags":[],"class_list":["post-3197","post","type-post","status-publish","format-standard","has-post-thumbnail","hentry","category-novosti","category-vijesti"],"yoast_head":"<!-- This site is optimized with the Yoast SEO plugin v27.5 - https:\/\/yoast.com\/product\/yoast-seo-wordpress\/ -->\n<title>\u0160PD SREDNJOBOSANSKE \u0160UME: POTPISANIM KOLEKTIVNIM UGOVOROM URE\u0110EN \u010cITAV NIZ MATERIJALNIH PRAVA RADNIKA - Samostalni sindikat \u0161umarstva, prerade drveta i papira Bosne i Hercegovine<\/title>\n<meta name=\"robots\" content=\"index, follow, max-snippet:-1, max-image-preview:large, max-video-preview:-1\" \/>\n<link rel=\"canonical\" href=\"https:\/\/ssspdp.ba\/?p=3197\" \/>\n<meta property=\"og:locale\" content=\"en_US\" \/>\n<meta property=\"og:type\" content=\"article\" \/>\n<meta property=\"og:title\" content=\"\u0160PD SREDNJOBOSANSKE \u0160UME: POTPISANIM KOLEKTIVNIM UGOVOROM URE\u0110EN \u010cITAV NIZ MATERIJALNIH PRAVA RADNIKA - Samostalni sindikat \u0161umarstva, prerade drveta i papira Bosne i Hercegovine\" \/>\n<meta property=\"og:description\" content=\"U Donjem Vakufu, dana 6.3.2026. godine potpisan je Kolektivni ugovor o pravima i obavezama poslodavca i radnika u \u0160PD Srednjobosanske\/\u0160GD \u0160ume Sredi\u0161nje Bosne d.o.o. Donji Vakuf. Kolektivni ugovor potpisali su direktor preduze\u0107a, g-din Vildan Haji\u0107, na osnovu Zaklju\u010dka Vlade SBK\/KSB kojim se direktoru daje ovla\u0161tenje da isti potpi\u0161e, a ispred Samostalnog sindikata \u0161umarstva, prerade drveta [&hellip;]\" \/>\n<meta property=\"og:url\" content=\"https:\/\/ssspdp.ba\/?p=3197\" \/>\n<meta property=\"og:site_name\" content=\"Samostalni sindikat \u0161umarstva, prerade drveta i papira Bosne i Hercegovine\" \/>\n<meta property=\"article:publisher\" content=\"https:\/\/www.facebook.com\/Samostalni-sindikat-%c5%a1umarstva-prerade-drveta-i-papira-BiH-1740799582820896\/?ref=page_internal\" \/>\n<meta property=\"article:published_time\" content=\"2026-03-09T08:54:53+00:00\" \/>\n<meta property=\"article:modified_time\" content=\"2026-03-12T13:05:05+00:00\" \/>\n<meta property=\"og:image\" content=\"https:\/\/ssspdp.ba\/wp-content\/uploads\/2026\/03\/SPD-SBK-06.3.2026.png\" \/>\n\t<meta property=\"og:image:width\" content=\"926\" \/>\n\t<meta property=\"og:image:height\" content=\"483\" \/>\n\t<meta property=\"og:image:type\" content=\"image\/png\" \/>\n<meta name=\"author\" content=\"Senudin Jahic\" \/>\n<meta name=\"twitter:card\" content=\"summary_large_image\" \/>\n<meta name=\"twitter:label1\" content=\"Written by\" \/>\n\t<meta name=\"twitter:data1\" content=\"Senudin Jahic\" \/>\n\t<meta name=\"twitter:label2\" content=\"Est. reading time\" \/>\n\t<meta name=\"twitter:data2\" content=\"1 minute\" \/>\n<script type=\"application\/ld+json\" class=\"yoast-schema-graph\">{\"@context\":\"https:\\\/\\\/schema.org\",\"@graph\":[{\"@type\":\"Article\",\"@id\":\"https:\\\/\\\/ssspdp.ba\\\/?p=3197#article\",\"isPartOf\":{\"@id\":\"https:\\\/\\\/ssspdp.ba\\\/?p=3197\"},\"author\":{\"name\":\"Senudin Jahic\",\"@id\":\"https:\\\/\\\/ssspdp.ba\\\/#\\\/schema\\\/person\\\/ca59c1c3438388dc9efc2e2c1520dd58\"},\"headline\":\"\u0160PD SREDNJOBOSANSKE \u0160UME: POTPISANIM KOLEKTIVNIM UGOVOROM URE\u0110EN \u010cITAV NIZ MATERIJALNIH PRAVA RADNIKA\",\"datePublished\":\"2026-03-09T08:54:53+00:00\",\"dateModified\":\"2026-03-12T13:05:05+00:00\",\"mainEntityOfPage\":{\"@id\":\"https:\\\/\\\/ssspdp.ba\\\/?p=3197\"},\"wordCount\":170,\"publisher\":{\"@id\":\"https:\\\/\\\/ssspdp.ba\\\/#organization\"},\"image\":{\"@id\":\"https:\\\/\\\/ssspdp.ba\\\/?p=3197#primaryimage\"},\"thumbnailUrl\":\"https:\\\/\\\/ssspdp.ba\\\/wp-content\\\/uploads\\\/2026\\\/03\\\/SPD-SBK-06.3.2026.png\",\"articleSection\":[\"Novosti\",\"Vijesti\"],\"inLanguage\":\"en-US\"},{\"@type\":\"WebPage\",\"@id\":\"https:\\\/\\\/ssspdp.ba\\\/?p=3197\",\"url\":\"https:\\\/\\\/ssspdp.ba\\\/?p=3197\",\"name\":\"\u0160PD SREDNJOBOSANSKE \u0160UME: POTPISANIM KOLEKTIVNIM UGOVOROM URE\u0110EN \u010cITAV NIZ MATERIJALNIH PRAVA RADNIKA - Samostalni sindikat \u0161umarstva, prerade drveta i papira Bosne i Hercegovine\",\"isPartOf\":{\"@id\":\"https:\\\/\\\/ssspdp.ba\\\/#website\"},\"primaryImageOfPage\":{\"@id\":\"https:\\\/\\\/ssspdp.ba\\\/?p=3197#primaryimage\"},\"image\":{\"@id\":\"https:\\\/\\\/ssspdp.ba\\\/?p=3197#primaryimage\"},\"thumbnailUrl\":\"https:\\\/\\\/ssspdp.ba\\\/wp-content\\\/uploads\\\/2026\\\/03\\\/SPD-SBK-06.3.2026.png\",\"datePublished\":\"2026-03-09T08:54:53+00:00\",\"dateModified\":\"2026-03-12T13:05:05+00:00\",\"breadcrumb\":{\"@id\":\"https:\\\/\\\/ssspdp.ba\\\/?p=3197#breadcrumb\"},\"inLanguage\":\"en-US\",\"potentialAction\":[{\"@type\":\"ReadAction\",\"target\":[\"https:\\\/\\\/ssspdp.ba\\\/?p=3197\"]}]},{\"@type\":\"ImageObject\",\"inLanguage\":\"en-US\",\"@id\":\"https:\\\/\\\/ssspdp.ba\\\/?p=3197#primaryimage\",\"url\":\"https:\\\/\\\/ssspdp.ba\\\/wp-content\\\/uploads\\\/2026\\\/03\\\/SPD-SBK-06.3.2026.png\",\"contentUrl\":\"https:\\\/\\\/ssspdp.ba\\\/wp-content\\\/uploads\\\/2026\\\/03\\\/SPD-SBK-06.3.2026.png\",\"width\":926,\"height\":483},{\"@type\":\"BreadcrumbList\",\"@id\":\"https:\\\/\\\/ssspdp.ba\\\/?p=3197#breadcrumb\",\"itemListElement\":[{\"@type\":\"ListItem\",\"position\":1,\"name\":\"Home\",\"item\":\"https:\\\/\\\/ssspdp.ba\\\/\"},{\"@type\":\"ListItem\",\"position\":2,\"name\":\"\u0160PD SREDNJOBOSANSKE \u0160UME: POTPISANIM KOLEKTIVNIM UGOVOROM URE\u0110EN \u010cITAV NIZ MATERIJALNIH PRAVA RADNIKA\"}]},{\"@type\":\"WebSite\",\"@id\":\"https:\\\/\\\/ssspdp.ba\\\/#website\",\"url\":\"https:\\\/\\\/ssspdp.ba\\\/\",\"name\":\"Samostalni sindikat \u0161umarstva, prerade drveta i papira Bosne i Hercegovine\",\"description\":\"\",\"publisher\":{\"@id\":\"https:\\\/\\\/ssspdp.ba\\\/#organization\"},\"potentialAction\":[{\"@type\":\"SearchAction\",\"target\":{\"@type\":\"EntryPoint\",\"urlTemplate\":\"https:\\\/\\\/ssspdp.ba\\\/?s={search_term_string}\"},\"query-input\":{\"@type\":\"PropertyValueSpecification\",\"valueRequired\":true,\"valueName\":\"search_term_string\"}}],\"inLanguage\":\"en-US\"},{\"@type\":\"Organization\",\"@id\":\"https:\\\/\\\/ssspdp.ba\\\/#organization\",\"name\":\"Samostalni sindikat \u0161umarstva, prerade drveta i papira Bosne i Hercegovine\",\"url\":\"https:\\\/\\\/ssspdp.ba\\\/\",\"logo\":{\"@type\":\"ImageObject\",\"inLanguage\":\"en-US\",\"@id\":\"https:\\\/\\\/ssspdp.ba\\\/#\\\/schema\\\/logo\\\/image\\\/\",\"url\":\"https:\\\/\\\/ssspdp.ba\\\/wp-content\\\/uploads\\\/2020\\\/10\\\/web-logo.png\",\"contentUrl\":\"https:\\\/\\\/ssspdp.ba\\\/wp-content\\\/uploads\\\/2020\\\/10\\\/web-logo.png\",\"width\":623,\"height\":100,\"caption\":\"Samostalni sindikat \u0161umarstva, prerade drveta i papira Bosne i Hercegovine\"},\"image\":{\"@id\":\"https:\\\/\\\/ssspdp.ba\\\/#\\\/schema\\\/logo\\\/image\\\/\"},\"sameAs\":[\"https:\\\/\\\/www.facebook.com\\\/Samostalni-sindikat-\u0161umarstva-prerade-drveta-i-papira-BiH-1740799582820896\\\/?ref=page_internal\"]},{\"@type\":\"Person\",\"@id\":\"https:\\\/\\\/ssspdp.ba\\\/#\\\/schema\\\/person\\\/ca59c1c3438388dc9efc2e2c1520dd58\",\"name\":\"Senudin Jahic\",\"image\":{\"@type\":\"ImageObject\",\"inLanguage\":\"en-US\",\"@id\":\"https:\\\/\\\/secure.gravatar.com\\\/avatar\\\/4c408c3d0a009ed2e77d9394b7d39ae86e939f4183d1b501926522e8b6ed0820?s=96&d=mm&r=g\",\"url\":\"https:\\\/\\\/secure.gravatar.com\\\/avatar\\\/4c408c3d0a009ed2e77d9394b7d39ae86e939f4183d1b501926522e8b6ed0820?s=96&d=mm&r=g\",\"contentUrl\":\"https:\\\/\\\/secure.gravatar.com\\\/avatar\\\/4c408c3d0a009ed2e77d9394b7d39ae86e939f4183d1b501926522e8b6ed0820?s=96&d=mm&r=g\",\"caption\":\"Senudin Jahic\"},\"sameAs\":[\"http:\\\/\\\/ssspdp.ba\"]}]}<\/script>\n<!-- \/ Yoast SEO plugin. -->","yoast_head_json":{"title":"\u0160PD SREDNJOBOSANSKE \u0160UME: POTPISANIM KOLEKTIVNIM UGOVOROM URE\u0110EN \u010cITAV NIZ MATERIJALNIH PRAVA RADNIKA - Samostalni sindikat \u0161umarstva, prerade drveta i papira Bosne i Hercegovine","robots":{"index":"index","follow":"follow","max-snippet":"max-snippet:-1","max-image-preview":"max-image-preview:large","max-video-preview":"max-video-preview:-1"},"canonical":"https:\/\/ssspdp.ba\/?p=3197","og_locale":"en_US","og_type":"article","og_title":"\u0160PD SREDNJOBOSANSKE \u0160UME: POTPISANIM KOLEKTIVNIM UGOVOROM URE\u0110EN \u010cITAV NIZ MATERIJALNIH PRAVA RADNIKA - Samostalni sindikat \u0161umarstva, prerade drveta i papira Bosne i Hercegovine","og_description":"U Donjem Vakufu, dana 6.3.2026. godine potpisan je Kolektivni ugovor o pravima i obavezama poslodavca i radnika u \u0160PD Srednjobosanske\/\u0160GD \u0160ume Sredi\u0161nje Bosne d.o.o. Donji Vakuf. Kolektivni ugovor potpisali su direktor preduze\u0107a, g-din Vildan Haji\u0107, na osnovu Zaklju\u010dka Vlade SBK\/KSB kojim se direktoru daje ovla\u0161tenje da isti potpi\u0161e, a ispred Samostalnog sindikata \u0161umarstva, prerade drveta [&hellip;]","og_url":"https:\/\/ssspdp.ba\/?p=3197","og_site_name":"Samostalni sindikat \u0161umarstva, prerade drveta i papira Bosne i Hercegovine","article_publisher":"https:\/\/www.facebook.com\/Samostalni-sindikat-%c5%a1umarstva-prerade-drveta-i-papira-BiH-1740799582820896\/?ref=page_internal","article_published_time":"2026-03-09T08:54:53+00:00","article_modified_time":"2026-03-12T13:05:05+00:00","og_image":[{"width":926,"height":483,"url":"https:\/\/ssspdp.ba\/wp-content\/uploads\/2026\/03\/SPD-SBK-06.3.2026.png","type":"image\/png"}],"author":"Senudin Jahic","twitter_card":"summary_large_image","twitter_misc":{"Written by":"Senudin Jahic","Est. reading time":"1 minute"},"schema":{"@context":"https:\/\/schema.org","@graph":[{"@type":"Article","@id":"https:\/\/ssspdp.ba\/?p=3197#article","isPartOf":{"@id":"https:\/\/ssspdp.ba\/?p=3197"},"author":{"name":"Senudin Jahic","@id":"https:\/\/ssspdp.ba\/#\/schema\/person\/ca59c1c3438388dc9efc2e2c1520dd58"},"headline":"\u0160PD SREDNJOBOSANSKE \u0160UME: POTPISANIM KOLEKTIVNIM UGOVOROM URE\u0110EN \u010cITAV NIZ MATERIJALNIH PRAVA RADNIKA","datePublished":"2026-03-09T08:54:53+00:00","dateModified":"2026-03-12T13:05:05+00:00","mainEntityOfPage":{"@id":"https:\/\/ssspdp.ba\/?p=3197"},"wordCount":170,"publisher":{"@id":"https:\/\/ssspdp.ba\/#organization"},"image":{"@id":"https:\/\/ssspdp.ba\/?p=3197#primaryimage"},"thumbnailUrl":"https:\/\/ssspdp.ba\/wp-content\/uploads\/2026\/03\/SPD-SBK-06.3.2026.png","articleSection":["Novosti","Vijesti"],"inLanguage":"en-US"},{"@type":"WebPage","@id":"https:\/\/ssspdp.ba\/?p=3197","url":"https:\/\/ssspdp.ba\/?p=3197","name":"\u0160PD SREDNJOBOSANSKE \u0160UME: POTPISANIM KOLEKTIVNIM UGOVOROM URE\u0110EN \u010cITAV NIZ MATERIJALNIH PRAVA RADNIKA - Samostalni sindikat \u0161umarstva, prerade drveta i papira Bosne i Hercegovine","isPartOf":{"@id":"https:\/\/ssspdp.ba\/#website"},"primaryImageOfPage":{"@id":"https:\/\/ssspdp.ba\/?p=3197#primaryimage"},"image":{"@id":"https:\/\/ssspdp.ba\/?p=3197#primaryimage"},"thumbnailUrl":"https:\/\/ssspdp.ba\/wp-content\/uploads\/2026\/03\/SPD-SBK-06.3.2026.png","datePublished":"2026-03-09T08:54:53+00:00","dateModified":"2026-03-12T13:05:05+00:00","breadcrumb":{"@id":"https:\/\/ssspdp.ba\/?p=3197#breadcrumb"},"inLanguage":"en-US","potentialAction":[{"@type":"ReadAction","target":["https:\/\/ssspdp.ba\/?p=3197"]}]},{"@type":"ImageObject","inLanguage":"en-US","@id":"https:\/\/ssspdp.ba\/?p=3197#primaryimage","url":"https:\/\/ssspdp.ba\/wp-content\/uploads\/2026\/03\/SPD-SBK-06.3.2026.png","contentUrl":"https:\/\/ssspdp.ba\/wp-content\/uploads\/2026\/03\/SPD-SBK-06.3.2026.png","width":926,"height":483},{"@type":"BreadcrumbList","@id":"https:\/\/ssspdp.ba\/?p=3197#breadcrumb","itemListElement":[{"@type":"ListItem","position":1,"name":"Home","item":"https:\/\/ssspdp.ba\/"},{"@type":"ListItem","position":2,"name":"\u0160PD SREDNJOBOSANSKE \u0160UME: POTPISANIM KOLEKTIVNIM UGOVOROM URE\u0110EN \u010cITAV NIZ MATERIJALNIH PRAVA RADNIKA"}]},{"@type":"WebSite","@id":"https:\/\/ssspdp.ba\/#website","url":"https:\/\/ssspdp.ba\/","name":"Samostalni sindikat \u0161umarstva, prerade drveta i papira Bosne i Hercegovine","description":"","publisher":{"@id":"https:\/\/ssspdp.ba\/#organization"},"potentialAction":[{"@type":"SearchAction","target":{"@type":"EntryPoint","urlTemplate":"https:\/\/ssspdp.ba\/?s={search_term_string}"},"query-input":{"@type":"PropertyValueSpecification","valueRequired":true,"valueName":"search_term_string"}}],"inLanguage":"en-US"},{"@type":"Organization","@id":"https:\/\/ssspdp.ba\/#organization","name":"Samostalni sindikat \u0161umarstva, prerade drveta i papira Bosne i Hercegovine","url":"https:\/\/ssspdp.ba\/","logo":{"@type":"ImageObject","inLanguage":"en-US","@id":"https:\/\/ssspdp.ba\/#\/schema\/logo\/image\/","url":"https:\/\/ssspdp.ba\/wp-content\/uploads\/2020\/10\/web-logo.png","contentUrl":"https:\/\/ssspdp.ba\/wp-content\/uploads\/2020\/10\/web-logo.png","width":623,"height":100,"caption":"Samostalni sindikat \u0161umarstva, prerade drveta i papira Bosne i Hercegovine"},"image":{"@id":"https:\/\/ssspdp.ba\/#\/schema\/logo\/image\/"},"sameAs":["https:\/\/www.facebook.com\/Samostalni-sindikat-\u0161umarstva-prerade-drveta-i-papira-BiH-1740799582820896\/?ref=page_internal"]},{"@type":"Person","@id":"https:\/\/ssspdp.ba\/#\/schema\/person\/ca59c1c3438388dc9efc2e2c1520dd58","name":"Senudin Jahic","image":{"@type":"ImageObject","inLanguage":"en-US","@id":"https:\/\/secure.gravatar.com\/avatar\/4c408c3d0a009ed2e77d9394b7d39ae86e939f4183d1b501926522e8b6ed0820?s=96&d=mm&r=g","url":"https:\/\/secure.gravatar.com\/avatar\/4c408c3d0a009ed2e77d9394b7d39ae86e939f4183d1b501926522e8b6ed0820?s=96&d=mm&r=g","contentUrl":"https:\/\/secure.gravatar.com\/avatar\/4c408c3d0a009ed2e77d9394b7d39ae86e939f4183d1b501926522e8b6ed0820?s=96&d=mm&r=g","caption":"Senudin Jahic"},"sameAs":["http:\/\/ssspdp.ba"]}]}},"_links":{"self":[{"href":"https:\/\/ssspdp.ba\/index.php?rest_route=\/wp\/v2\/posts\/3197","targetHints":{"allow":["GET"]}}],"collection":[{"href":"https:\/\/ssspdp.ba\/index.php?rest_route=\/wp\/v2\/posts"}],"about":[{"href":"https:\/\/ssspdp.ba\/index.php?rest_route=\/wp\/v2\/types\/post"}],"author":[{"embeddable":true,"href":"https:\/\/ssspdp.ba\/index.php?rest_route=\/wp\/v2\/users\/2"}],"replies":[{"embeddable":true,"href":"https:\/\/ssspdp.ba\/index.php?rest_route=%2Fwp%2Fv2%2Fcomments&post=3197"}],"version-history":[{"count":3,"href":"https:\/\/ssspdp.ba\/index.php?rest_route=\/wp\/v2\/posts\/3197\/revisions"}],"predecessor-version":[{"id":3201,"href":"https:\/\/ssspdp.ba\/index.php?rest_route=\/wp\/v2\/posts\/3197\/revisions\/3201"}],"wp:featuredmedia":[{"embeddable":true,"href":"https:\/\/ssspdp.ba\/index.php?rest_route=\/wp\/v2\/media\/3198"}],"wp:attachment":[{"href":"https:\/\/ssspdp.ba\/index.php?rest_route=%2Fwp%2Fv2%2Fmedia&parent=3197"}],"wp:term":[{"taxonomy":"category","embeddable":true,"href":"https:\/\/ssspdp.ba\/index.php?rest_route=%2Fwp%2Fv2%2Fcategories&post=3197"},{"taxonomy":"post_tag","embeddable":true,"href":"https:\/\/ssspdp.ba\/index.php?rest_route=%2Fwp%2Fv2%2Ftags&post=3197"}],"curies":[{"name":"wp","href":"https:\/\/api.w.org\/{rel}","templated":true}]}}