{"id":3240,"date":"2026-04-30T21:31:21","date_gmt":"2026-04-30T20:31:21","guid":{"rendered":"https:\/\/ssspdp.ba\/?p=3240"},"modified":"2026-04-30T21:31:22","modified_gmt":"2026-04-30T20:31:22","slug":"medunarodni-praznik-rada-borba-za-radnicka-prava-nije-samo-obiljezavanje-praznika","status":"publish","type":"post","link":"https:\/\/ssspdp.ba\/?p=3240","title":{"rendered":"ME\u0110UNARODNI PRAZNIK RADA: BORBA ZA RADNI\u010cKA PRAVA NIJE SAMO OBILJE\u017dAVANJE PRAZNIKA"},"content":{"rendered":"\n<p>Sindikat vodi stalnu, organizovanu i dosljednu borbu za za\u0161titu i unapre\u0111enje prava radnika.<\/p>\n\n\n\n<p>Povodom 1. maja \u2013 Me\u0111unarodnog praznika rada \u2013 Samostalni sindikat \u0161umarstva, prerade drveta i papira Bosne i Hercegovine podsje\u0107a na historijski zna\u010daj borbe za radni\u010dka prava, ali i na sve izra\u017eenije izazove s kojima se radnici danas suo\u010davaju.<\/p>\n\n\n\n<p>Iako su osnovna prava radnika formalno zagarantovana zakonima, praksa pokazuje da su mnoga od njih ozbiljno ugro\u017eena. Posebno zabrinjavaju:<\/p>\n\n\n\n<p><em>\u2022 nepo\u0161tivanje prava na dostojanstvenu i redovnu platu,<\/em><\/p>\n\n\n\n<p><em>\u2022 prekomjerno radno vrijeme bez adekvatne naknade,<\/em><\/p>\n\n\n\n<p><em>\u2022 zloupotreba ugovora na odre\u0111eno vrijeme i nesigurni oblici rada,<\/em><\/p>\n\n\n\n<p><em>\u2022 ograni\u010davanje prava na sindikalno organizovanje i kolektivno pregovaranje,<\/em><\/p>\n\n\n\n<p>\u2022<em> nedovoljna za\u0161tita na radu i izostanak efikasnog nadzora nad primjenom propisa.<\/em><\/p>\n\n\n\n<p>U takvim okolnostima,<strong> 1. maj ne smije biti samo simboli\u010dan praznik, ve\u0107 podsjetnik na potrebu kontinuirane borbe za unapre\u0111enje polo\u017eaja radnika. neophodno je ja\u010dati institucionalnu za\u0161titu, osigurati dosljednu primjenu zakona i unaprijediti socijalni dijalog izme\u0111u radnika, poslodavaca i vlasti.<\/strong><\/p>\n\n\n\n<p>Sindikati se svakodnevno suo\u010davaju s razli\u010ditim izazovima. Primarni cilj je borba za pravednu preraspodjelu zajedni\u010dki stvorenih vrijednosti, kao i za plate koje prate ne samo inflaciju, ve\u0107 i rast tro\u0161kova \u017eivota.<\/p>\n\n\n\n<p>Borba Sindikata je svakodnevni rad na terenu sa \u010dlanstvom u zajedni\u010dkoj borbi za njihova prava. I ove godine u povodu obilje\u017eavanja bitnih datuma 29.4. i 1.5. ovaj Sindikat odr\u017eao je niz sastanaka sa \u010dlanstvom s ciljem unapre\u0111enja dostignutih prava radnika sa fokusom na za\u0161titu na radu i pove\u0107anje pla\u0107e.<\/p>\n\n\n\n<p>Na\u017ealost, danas svjedo\u010dimo ga\u0161enju velikog broja kompanija. Radnici ostaju bez posla i suo\u010deni su s neizvjesnom budu\u0107no\u0161\u0107u, dok institucije \u0161ute. Sve je vi\u0161e socijalnih davanja, ali sve manje podr\u0161ke privredi i stvaranju uslova za zapo\u0161ljavanje i sigurnu egzistenciju radnika i njihovih porodica.<\/p>\n\n\n\n<p>Pozivamo nadle\u017ene institucije da hitno preduzmu konkretne mjere u cilju za\u0161tite radni\u010dkih prava i osiguraju dostojanstvene uslove rada za sve zaposlene.<\/p>\n\n\n\n<p>Radni\u010dka prava su temelj socijalne pravde i dostojanstva svakog pojedinca.<\/p>\n\n\n\n<p><strong>SRETAN 1. MAJ \u2013 ME\u0110UNARODNI PRAZNIK RADA!<\/strong><\/p>\n<span class=\"et_bloom_bottom_trigger\"><\/span>","protected":false},"excerpt":{"rendered":"<p>Sindikat vodi stalnu, organizovanu i dosljednu borbu za za\u0161titu i unapre\u0111enje prava radnika. Povodom 1. maja \u2013 Me\u0111unarodnog praznika rada \u2013 Samostalni sindikat \u0161umarstva, prerade drveta i papira Bosne i Hercegovine podsje\u0107a na historijski zna\u010daj borbe za radni\u010dka prava, ali i na sve izra\u017eenije izazove s kojima se radnici danas suo\u010davaju. Iako su osnovna prava [&hellip;]<\/p>\n","protected":false},"author":2,"featured_media":3241,"comment_status":"closed","ping_status":"open","sticky":false,"template":"","format":"standard","meta":{"_et_pb_use_builder":"","_et_pb_old_content":"","_et_gb_content_width":"","footnotes":""},"categories":[32,42],"tags":[],"class_list":["post-3240","post","type-post","status-publish","format-standard","has-post-thumbnail","hentry","category-novosti","category-vijesti"],"yoast_head":"<!-- This site is optimized with the Yoast SEO plugin v27.5 - https:\/\/yoast.com\/product\/yoast-seo-wordpress\/ -->\n<title>ME\u0110UNARODNI PRAZNIK RADA: BORBA ZA RADNI\u010cKA PRAVA NIJE SAMO OBILJE\u017dAVANJE PRAZNIKA - Samostalni sindikat \u0161umarstva, prerade drveta i papira Bosne i Hercegovine<\/title>\n<meta name=\"robots\" content=\"index, follow, max-snippet:-1, max-image-preview:large, max-video-preview:-1\" \/>\n<link rel=\"canonical\" href=\"https:\/\/ssspdp.ba\/?p=3240\" \/>\n<meta property=\"og:locale\" content=\"en_US\" \/>\n<meta property=\"og:type\" content=\"article\" \/>\n<meta property=\"og:title\" content=\"ME\u0110UNARODNI PRAZNIK RADA: BORBA ZA RADNI\u010cKA PRAVA NIJE SAMO OBILJE\u017dAVANJE PRAZNIKA - Samostalni sindikat \u0161umarstva, prerade drveta i papira Bosne i Hercegovine\" \/>\n<meta property=\"og:description\" content=\"Sindikat vodi stalnu, organizovanu i dosljednu borbu za za\u0161titu i unapre\u0111enje prava radnika. Povodom 1. maja \u2013 Me\u0111unarodnog praznika rada \u2013 Samostalni sindikat \u0161umarstva, prerade drveta i papira Bosne i Hercegovine podsje\u0107a na historijski zna\u010daj borbe za radni\u010dka prava, ali i na sve izra\u017eenije izazove s kojima se radnici danas suo\u010davaju. Iako su osnovna prava [&hellip;]\" \/>\n<meta property=\"og:url\" content=\"https:\/\/ssspdp.ba\/?p=3240\" \/>\n<meta property=\"og:site_name\" content=\"Samostalni sindikat \u0161umarstva, prerade drveta i papira Bosne i Hercegovine\" \/>\n<meta property=\"article:publisher\" content=\"https:\/\/www.facebook.com\/Samostalni-sindikat-%c5%a1umarstva-prerade-drveta-i-papira-BiH-1740799582820896\/?ref=page_internal\" \/>\n<meta property=\"article:published_time\" content=\"2026-04-30T20:31:21+00:00\" \/>\n<meta property=\"article:modified_time\" content=\"2026-04-30T20:31:22+00:00\" \/>\n<meta property=\"og:image\" content=\"https:\/\/ssspdp.ba\/wp-content\/uploads\/2026\/04\/Prvi-maj-26-plakat-scaled.jpg\" \/>\n\t<meta property=\"og:image:width\" content=\"2330\" \/>\n\t<meta property=\"og:image:height\" content=\"2560\" \/>\n\t<meta property=\"og:image:type\" content=\"image\/jpeg\" \/>\n<meta name=\"author\" content=\"Senudin Jahic\" \/>\n<meta name=\"twitter:card\" content=\"summary_large_image\" \/>\n<meta name=\"twitter:label1\" content=\"Written by\" \/>\n\t<meta name=\"twitter:data1\" content=\"Senudin Jahic\" \/>\n\t<meta name=\"twitter:label2\" content=\"Est. reading time\" \/>\n\t<meta name=\"twitter:data2\" content=\"2 minutes\" \/>\n<script type=\"application\/ld+json\" class=\"yoast-schema-graph\">{\"@context\":\"https:\\\/\\\/schema.org\",\"@graph\":[{\"@type\":\"Article\",\"@id\":\"https:\\\/\\\/ssspdp.ba\\\/?p=3240#article\",\"isPartOf\":{\"@id\":\"https:\\\/\\\/ssspdp.ba\\\/?p=3240\"},\"author\":{\"name\":\"Senudin Jahic\",\"@id\":\"https:\\\/\\\/ssspdp.ba\\\/#\\\/schema\\\/person\\\/ca59c1c3438388dc9efc2e2c1520dd58\"},\"headline\":\"ME\u0110UNARODNI PRAZNIK RADA: BORBA ZA RADNI\u010cKA PRAVA NIJE SAMO OBILJE\u017dAVANJE PRAZNIKA\",\"datePublished\":\"2026-04-30T20:31:21+00:00\",\"dateModified\":\"2026-04-30T20:31:22+00:00\",\"mainEntityOfPage\":{\"@id\":\"https:\\\/\\\/ssspdp.ba\\\/?p=3240\"},\"wordCount\":360,\"publisher\":{\"@id\":\"https:\\\/\\\/ssspdp.ba\\\/#organization\"},\"image\":{\"@id\":\"https:\\\/\\\/ssspdp.ba\\\/?p=3240#primaryimage\"},\"thumbnailUrl\":\"https:\\\/\\\/ssspdp.ba\\\/wp-content\\\/uploads\\\/2026\\\/04\\\/Prvi-maj-26-plakat-scaled.jpg\",\"articleSection\":[\"Novosti\",\"Vijesti\"],\"inLanguage\":\"en-US\"},{\"@type\":\"WebPage\",\"@id\":\"https:\\\/\\\/ssspdp.ba\\\/?p=3240\",\"url\":\"https:\\\/\\\/ssspdp.ba\\\/?p=3240\",\"name\":\"ME\u0110UNARODNI PRAZNIK RADA: BORBA ZA RADNI\u010cKA PRAVA NIJE SAMO OBILJE\u017dAVANJE PRAZNIKA - Samostalni sindikat \u0161umarstva, prerade drveta i papira Bosne i Hercegovine\",\"isPartOf\":{\"@id\":\"https:\\\/\\\/ssspdp.ba\\\/#website\"},\"primaryImageOfPage\":{\"@id\":\"https:\\\/\\\/ssspdp.ba\\\/?p=3240#primaryimage\"},\"image\":{\"@id\":\"https:\\\/\\\/ssspdp.ba\\\/?p=3240#primaryimage\"},\"thumbnailUrl\":\"https:\\\/\\\/ssspdp.ba\\\/wp-content\\\/uploads\\\/2026\\\/04\\\/Prvi-maj-26-plakat-scaled.jpg\",\"datePublished\":\"2026-04-30T20:31:21+00:00\",\"dateModified\":\"2026-04-30T20:31:22+00:00\",\"breadcrumb\":{\"@id\":\"https:\\\/\\\/ssspdp.ba\\\/?p=3240#breadcrumb\"},\"inLanguage\":\"en-US\",\"potentialAction\":[{\"@type\":\"ReadAction\",\"target\":[\"https:\\\/\\\/ssspdp.ba\\\/?p=3240\"]}]},{\"@type\":\"ImageObject\",\"inLanguage\":\"en-US\",\"@id\":\"https:\\\/\\\/ssspdp.ba\\\/?p=3240#primaryimage\",\"url\":\"https:\\\/\\\/ssspdp.ba\\\/wp-content\\\/uploads\\\/2026\\\/04\\\/Prvi-maj-26-plakat-scaled.jpg\",\"contentUrl\":\"https:\\\/\\\/ssspdp.ba\\\/wp-content\\\/uploads\\\/2026\\\/04\\\/Prvi-maj-26-plakat-scaled.jpg\",\"width\":2330,\"height\":2560},{\"@type\":\"BreadcrumbList\",\"@id\":\"https:\\\/\\\/ssspdp.ba\\\/?p=3240#breadcrumb\",\"itemListElement\":[{\"@type\":\"ListItem\",\"position\":1,\"name\":\"Home\",\"item\":\"https:\\\/\\\/ssspdp.ba\\\/\"},{\"@type\":\"ListItem\",\"position\":2,\"name\":\"ME\u0110UNARODNI PRAZNIK RADA: BORBA ZA RADNI\u010cKA PRAVA NIJE SAMO OBILJE\u017dAVANJE PRAZNIKA\"}]},{\"@type\":\"WebSite\",\"@id\":\"https:\\\/\\\/ssspdp.ba\\\/#website\",\"url\":\"https:\\\/\\\/ssspdp.ba\\\/\",\"name\":\"Samostalni sindikat \u0161umarstva, prerade drveta i papira Bosne i Hercegovine\",\"description\":\"\",\"publisher\":{\"@id\":\"https:\\\/\\\/ssspdp.ba\\\/#organization\"},\"potentialAction\":[{\"@type\":\"SearchAction\",\"target\":{\"@type\":\"EntryPoint\",\"urlTemplate\":\"https:\\\/\\\/ssspdp.ba\\\/?s={search_term_string}\"},\"query-input\":{\"@type\":\"PropertyValueSpecification\",\"valueRequired\":true,\"valueName\":\"search_term_string\"}}],\"inLanguage\":\"en-US\"},{\"@type\":\"Organization\",\"@id\":\"https:\\\/\\\/ssspdp.ba\\\/#organization\",\"name\":\"Samostalni sindikat \u0161umarstva, prerade drveta i papira Bosne i Hercegovine\",\"url\":\"https:\\\/\\\/ssspdp.ba\\\/\",\"logo\":{\"@type\":\"ImageObject\",\"inLanguage\":\"en-US\",\"@id\":\"https:\\\/\\\/ssspdp.ba\\\/#\\\/schema\\\/logo\\\/image\\\/\",\"url\":\"https:\\\/\\\/ssspdp.ba\\\/wp-content\\\/uploads\\\/2020\\\/10\\\/web-logo.png\",\"contentUrl\":\"https:\\\/\\\/ssspdp.ba\\\/wp-content\\\/uploads\\\/2020\\\/10\\\/web-logo.png\",\"width\":623,\"height\":100,\"caption\":\"Samostalni sindikat \u0161umarstva, prerade drveta i papira Bosne i Hercegovine\"},\"image\":{\"@id\":\"https:\\\/\\\/ssspdp.ba\\\/#\\\/schema\\\/logo\\\/image\\\/\"},\"sameAs\":[\"https:\\\/\\\/www.facebook.com\\\/Samostalni-sindikat-\u0161umarstva-prerade-drveta-i-papira-BiH-1740799582820896\\\/?ref=page_internal\"]},{\"@type\":\"Person\",\"@id\":\"https:\\\/\\\/ssspdp.ba\\\/#\\\/schema\\\/person\\\/ca59c1c3438388dc9efc2e2c1520dd58\",\"name\":\"Senudin Jahic\",\"image\":{\"@type\":\"ImageObject\",\"inLanguage\":\"en-US\",\"@id\":\"https:\\\/\\\/secure.gravatar.com\\\/avatar\\\/4c408c3d0a009ed2e77d9394b7d39ae86e939f4183d1b501926522e8b6ed0820?s=96&d=mm&r=g\",\"url\":\"https:\\\/\\\/secure.gravatar.com\\\/avatar\\\/4c408c3d0a009ed2e77d9394b7d39ae86e939f4183d1b501926522e8b6ed0820?s=96&d=mm&r=g\",\"contentUrl\":\"https:\\\/\\\/secure.gravatar.com\\\/avatar\\\/4c408c3d0a009ed2e77d9394b7d39ae86e939f4183d1b501926522e8b6ed0820?s=96&d=mm&r=g\",\"caption\":\"Senudin Jahic\"},\"sameAs\":[\"http:\\\/\\\/ssspdp.ba\"]}]}<\/script>\n<!-- \/ Yoast SEO plugin. -->","yoast_head_json":{"title":"ME\u0110UNARODNI PRAZNIK RADA: BORBA ZA RADNI\u010cKA PRAVA NIJE SAMO OBILJE\u017dAVANJE PRAZNIKA - Samostalni sindikat \u0161umarstva, prerade drveta i papira Bosne i Hercegovine","robots":{"index":"index","follow":"follow","max-snippet":"max-snippet:-1","max-image-preview":"max-image-preview:large","max-video-preview":"max-video-preview:-1"},"canonical":"https:\/\/ssspdp.ba\/?p=3240","og_locale":"en_US","og_type":"article","og_title":"ME\u0110UNARODNI PRAZNIK RADA: BORBA ZA RADNI\u010cKA PRAVA NIJE SAMO OBILJE\u017dAVANJE PRAZNIKA - Samostalni sindikat \u0161umarstva, prerade drveta i papira Bosne i Hercegovine","og_description":"Sindikat vodi stalnu, organizovanu i dosljednu borbu za za\u0161titu i unapre\u0111enje prava radnika. Povodom 1. maja \u2013 Me\u0111unarodnog praznika rada \u2013 Samostalni sindikat \u0161umarstva, prerade drveta i papira Bosne i Hercegovine podsje\u0107a na historijski zna\u010daj borbe za radni\u010dka prava, ali i na sve izra\u017eenije izazove s kojima se radnici danas suo\u010davaju. Iako su osnovna prava [&hellip;]","og_url":"https:\/\/ssspdp.ba\/?p=3240","og_site_name":"Samostalni sindikat \u0161umarstva, prerade drveta i papira Bosne i Hercegovine","article_publisher":"https:\/\/www.facebook.com\/Samostalni-sindikat-%c5%a1umarstva-prerade-drveta-i-papira-BiH-1740799582820896\/?ref=page_internal","article_published_time":"2026-04-30T20:31:21+00:00","article_modified_time":"2026-04-30T20:31:22+00:00","og_image":[{"width":2330,"height":2560,"url":"https:\/\/ssspdp.ba\/wp-content\/uploads\/2026\/04\/Prvi-maj-26-plakat-scaled.jpg","type":"image\/jpeg"}],"author":"Senudin Jahic","twitter_card":"summary_large_image","twitter_misc":{"Written by":"Senudin Jahic","Est. reading time":"2 minutes"},"schema":{"@context":"https:\/\/schema.org","@graph":[{"@type":"Article","@id":"https:\/\/ssspdp.ba\/?p=3240#article","isPartOf":{"@id":"https:\/\/ssspdp.ba\/?p=3240"},"author":{"name":"Senudin Jahic","@id":"https:\/\/ssspdp.ba\/#\/schema\/person\/ca59c1c3438388dc9efc2e2c1520dd58"},"headline":"ME\u0110UNARODNI PRAZNIK RADA: BORBA ZA RADNI\u010cKA PRAVA NIJE SAMO OBILJE\u017dAVANJE PRAZNIKA","datePublished":"2026-04-30T20:31:21+00:00","dateModified":"2026-04-30T20:31:22+00:00","mainEntityOfPage":{"@id":"https:\/\/ssspdp.ba\/?p=3240"},"wordCount":360,"publisher":{"@id":"https:\/\/ssspdp.ba\/#organization"},"image":{"@id":"https:\/\/ssspdp.ba\/?p=3240#primaryimage"},"thumbnailUrl":"https:\/\/ssspdp.ba\/wp-content\/uploads\/2026\/04\/Prvi-maj-26-plakat-scaled.jpg","articleSection":["Novosti","Vijesti"],"inLanguage":"en-US"},{"@type":"WebPage","@id":"https:\/\/ssspdp.ba\/?p=3240","url":"https:\/\/ssspdp.ba\/?p=3240","name":"ME\u0110UNARODNI PRAZNIK RADA: BORBA ZA RADNI\u010cKA PRAVA NIJE SAMO OBILJE\u017dAVANJE PRAZNIKA - Samostalni sindikat \u0161umarstva, prerade drveta i papira Bosne i Hercegovine","isPartOf":{"@id":"https:\/\/ssspdp.ba\/#website"},"primaryImageOfPage":{"@id":"https:\/\/ssspdp.ba\/?p=3240#primaryimage"},"image":{"@id":"https:\/\/ssspdp.ba\/?p=3240#primaryimage"},"thumbnailUrl":"https:\/\/ssspdp.ba\/wp-content\/uploads\/2026\/04\/Prvi-maj-26-plakat-scaled.jpg","datePublished":"2026-04-30T20:31:21+00:00","dateModified":"2026-04-30T20:31:22+00:00","breadcrumb":{"@id":"https:\/\/ssspdp.ba\/?p=3240#breadcrumb"},"inLanguage":"en-US","potentialAction":[{"@type":"ReadAction","target":["https:\/\/ssspdp.ba\/?p=3240"]}]},{"@type":"ImageObject","inLanguage":"en-US","@id":"https:\/\/ssspdp.ba\/?p=3240#primaryimage","url":"https:\/\/ssspdp.ba\/wp-content\/uploads\/2026\/04\/Prvi-maj-26-plakat-scaled.jpg","contentUrl":"https:\/\/ssspdp.ba\/wp-content\/uploads\/2026\/04\/Prvi-maj-26-plakat-scaled.jpg","width":2330,"height":2560},{"@type":"BreadcrumbList","@id":"https:\/\/ssspdp.ba\/?p=3240#breadcrumb","itemListElement":[{"@type":"ListItem","position":1,"name":"Home","item":"https:\/\/ssspdp.ba\/"},{"@type":"ListItem","position":2,"name":"ME\u0110UNARODNI PRAZNIK RADA: BORBA ZA RADNI\u010cKA PRAVA NIJE SAMO OBILJE\u017dAVANJE PRAZNIKA"}]},{"@type":"WebSite","@id":"https:\/\/ssspdp.ba\/#website","url":"https:\/\/ssspdp.ba\/","name":"Samostalni sindikat \u0161umarstva, prerade drveta i papira Bosne i Hercegovine","description":"","publisher":{"@id":"https:\/\/ssspdp.ba\/#organization"},"potentialAction":[{"@type":"SearchAction","target":{"@type":"EntryPoint","urlTemplate":"https:\/\/ssspdp.ba\/?s={search_term_string}"},"query-input":{"@type":"PropertyValueSpecification","valueRequired":true,"valueName":"search_term_string"}}],"inLanguage":"en-US"},{"@type":"Organization","@id":"https:\/\/ssspdp.ba\/#organization","name":"Samostalni sindikat \u0161umarstva, prerade drveta i papira Bosne i Hercegovine","url":"https:\/\/ssspdp.ba\/","logo":{"@type":"ImageObject","inLanguage":"en-US","@id":"https:\/\/ssspdp.ba\/#\/schema\/logo\/image\/","url":"https:\/\/ssspdp.ba\/wp-content\/uploads\/2020\/10\/web-logo.png","contentUrl":"https:\/\/ssspdp.ba\/wp-content\/uploads\/2020\/10\/web-logo.png","width":623,"height":100,"caption":"Samostalni sindikat \u0161umarstva, prerade drveta i papira Bosne i Hercegovine"},"image":{"@id":"https:\/\/ssspdp.ba\/#\/schema\/logo\/image\/"},"sameAs":["https:\/\/www.facebook.com\/Samostalni-sindikat-\u0161umarstva-prerade-drveta-i-papira-BiH-1740799582820896\/?ref=page_internal"]},{"@type":"Person","@id":"https:\/\/ssspdp.ba\/#\/schema\/person\/ca59c1c3438388dc9efc2e2c1520dd58","name":"Senudin Jahic","image":{"@type":"ImageObject","inLanguage":"en-US","@id":"https:\/\/secure.gravatar.com\/avatar\/4c408c3d0a009ed2e77d9394b7d39ae86e939f4183d1b501926522e8b6ed0820?s=96&d=mm&r=g","url":"https:\/\/secure.gravatar.com\/avatar\/4c408c3d0a009ed2e77d9394b7d39ae86e939f4183d1b501926522e8b6ed0820?s=96&d=mm&r=g","contentUrl":"https:\/\/secure.gravatar.com\/avatar\/4c408c3d0a009ed2e77d9394b7d39ae86e939f4183d1b501926522e8b6ed0820?s=96&d=mm&r=g","caption":"Senudin Jahic"},"sameAs":["http:\/\/ssspdp.ba"]}]}},"_links":{"self":[{"href":"https:\/\/ssspdp.ba\/index.php?rest_route=\/wp\/v2\/posts\/3240","targetHints":{"allow":["GET"]}}],"collection":[{"href":"https:\/\/ssspdp.ba\/index.php?rest_route=\/wp\/v2\/posts"}],"about":[{"href":"https:\/\/ssspdp.ba\/index.php?rest_route=\/wp\/v2\/types\/post"}],"author":[{"embeddable":true,"href":"https:\/\/ssspdp.ba\/index.php?rest_route=\/wp\/v2\/users\/2"}],"replies":[{"embeddable":true,"href":"https:\/\/ssspdp.ba\/index.php?rest_route=%2Fwp%2Fv2%2Fcomments&post=3240"}],"version-history":[{"count":1,"href":"https:\/\/ssspdp.ba\/index.php?rest_route=\/wp\/v2\/posts\/3240\/revisions"}],"predecessor-version":[{"id":3242,"href":"https:\/\/ssspdp.ba\/index.php?rest_route=\/wp\/v2\/posts\/3240\/revisions\/3242"}],"wp:featuredmedia":[{"embeddable":true,"href":"https:\/\/ssspdp.ba\/index.php?rest_route=\/wp\/v2\/media\/3241"}],"wp:attachment":[{"href":"https:\/\/ssspdp.ba\/index.php?rest_route=%2Fwp%2Fv2%2Fmedia&parent=3240"}],"wp:term":[{"taxonomy":"category","embeddable":true,"href":"https:\/\/ssspdp.ba\/index.php?rest_route=%2Fwp%2Fv2%2Fcategories&post=3240"},{"taxonomy":"post_tag","embeddable":true,"href":"https:\/\/ssspdp.ba\/index.php?rest_route=%2Fwp%2Fv2%2Ftags&post=3240"}],"curies":[{"name":"wp","href":"https:\/\/api.w.org\/{rel}","templated":true}]}}