{"id":502,"date":"2020-09-08T11:17:00","date_gmt":"2020-09-08T10:17:00","guid":{"rendered":"http:\/\/novi-web.ssspdp.ba\/?p=502"},"modified":"2020-10-17T11:20:53","modified_gmt":"2020-10-17T10:20:53","slug":"milan-jevtic-zastita-suma-u-svetu-i-u-eu","status":"publish","type":"post","link":"https:\/\/ssspdp.ba\/?p=502","title":{"rendered":"Milan Jevti\u0107 \u2013 Za\u0161tita \u0161uma u svetu i u EU"},"content":{"rendered":"\n<p>Prezentacija sa regionalnog seminara pod nazivom \u201cPodizanje ekolo\u0161ke svesti o o\u010duvanju prirodnih resursa za zaposlene u \u0161umarstvu i drvnoj industriji\u201d odr\u017eanog 2.9.2020. u Beogradu u organizaciji Sindikata \u0161umarstva i prerade drveta Srbije uz podr\u0161ku Fondacije \u201cFriedrich Ebert\u201d na kome je u\u010destvovala i Lejla \u0106ati\u0107, predsjednica Samostalnog sindikata \u0161umarstva, prerade drveta i papira BiH.<\/p>\n\n\n\n<div class=\"wp-block-file\"><a href=\"http:\/\/ssspdp.ba\/wp-content\/uploads\/2020\/10\/Milan-Jevtic-Zastita-suma-u-svetu-i-EU-prezentacija.pdf\" target=\"_blank\" rel=\"noreferrer noopener\"><em><strong>Milan-Jevtic-Zastita-suma-u-svetu-i-EU-prezentacija<\/strong><\/em><\/a><a href=\"http:\/\/ssspdp.ba\/wp-content\/uploads\/2020\/10\/Milan-Jevtic-Zastita-suma-u-svetu-i-EU-prezentacija.pdf\" class=\"wp-block-file__button\" download>Download<\/a><\/div>\n\n\n\n<p><\/p>\n<span class=\"et_bloom_bottom_trigger\"><\/span>","protected":false},"excerpt":{"rendered":"<p>Prezentacija sa regionalnog seminara pod nazivom \u201cPodizanje ekolo\u0161ke svesti o o\u010duvanju prirodnih resursa za zaposlene u \u0161umarstvu i drvnoj industriji\u201d odr\u017eanog 2.9.2020. u Beogradu u organizaciji Sindikata \u0161umarstva i prerade drveta Srbije uz podr\u0161ku Fondacije \u201cFriedrich Ebert\u201d na kome je u\u010destvovala i Lejla \u0106ati\u0107, predsjednica Samostalnog sindikata \u0161umarstva, prerade drveta i papira BiH.<\/p>\n","protected":false},"author":1,"featured_media":233,"comment_status":"closed","ping_status":"open","sticky":false,"template":"","format":"standard","meta":{"_et_pb_use_builder":"off","_et_pb_old_content":"","_et_gb_content_width":"","footnotes":""},"categories":[33],"tags":[],"class_list":["post-502","post","type-post","status-publish","format-standard","has-post-thumbnail","hentry","category-aktuelne-teme"],"yoast_head":"<!-- This site is optimized with the Yoast SEO plugin v27.5 - https:\/\/yoast.com\/product\/yoast-seo-wordpress\/ -->\n<title>Milan Jevti\u0107 \u2013 Za\u0161tita \u0161uma u svetu i u EU - Samostalni sindikat \u0161umarstva, prerade drveta i papira Bosne i Hercegovine<\/title>\n<meta name=\"robots\" content=\"index, follow, max-snippet:-1, max-image-preview:large, max-video-preview:-1\" \/>\n<link rel=\"canonical\" href=\"https:\/\/ssspdp.ba\/?p=502\" \/>\n<meta property=\"og:locale\" content=\"en_US\" \/>\n<meta property=\"og:type\" content=\"article\" \/>\n<meta property=\"og:title\" content=\"Milan Jevti\u0107 \u2013 Za\u0161tita \u0161uma u svetu i u EU - Samostalni sindikat \u0161umarstva, prerade drveta i papira Bosne i Hercegovine\" \/>\n<meta property=\"og:description\" content=\"Prezentacija sa regionalnog seminara pod nazivom \u201cPodizanje ekolo\u0161ke svesti o o\u010duvanju prirodnih resursa za zaposlene u \u0161umarstvu i drvnoj industriji\u201d odr\u017eanog 2.9.2020. u Beogradu u organizaciji Sindikata \u0161umarstva i prerade drveta Srbije uz podr\u0161ku Fondacije \u201cFriedrich Ebert\u201d na kome je u\u010destvovala i Lejla \u0106ati\u0107, predsjednica Samostalnog sindikata \u0161umarstva, prerade drveta i papira BiH.\" \/>\n<meta property=\"og:url\" content=\"https:\/\/ssspdp.ba\/?p=502\" \/>\n<meta property=\"og:site_name\" content=\"Samostalni sindikat \u0161umarstva, prerade drveta i papira Bosne i Hercegovine\" \/>\n<meta property=\"article:publisher\" content=\"https:\/\/www.facebook.com\/Samostalni-sindikat-%c5%a1umarstva-prerade-drveta-i-papira-BiH-1740799582820896\/?ref=page_internal\" \/>\n<meta property=\"article:published_time\" content=\"2020-09-08T10:17:00+00:00\" \/>\n<meta property=\"article:modified_time\" content=\"2020-10-17T10:20:53+00:00\" \/>\n<meta property=\"og:image\" content=\"https:\/\/ssspdp.ba\/wp-content\/uploads\/2020\/10\/n2.jpg\" \/>\n\t<meta property=\"og:image:width\" content=\"286\" \/>\n\t<meta property=\"og:image:height\" content=\"281\" \/>\n\t<meta property=\"og:image:type\" content=\"image\/jpeg\" \/>\n<meta name=\"author\" content=\"armin.hujic\" \/>\n<meta name=\"twitter:card\" content=\"summary_large_image\" \/>\n<meta name=\"twitter:label1\" content=\"Written by\" \/>\n\t<meta name=\"twitter:data1\" content=\"armin.hujic\" \/>\n<script type=\"application\/ld+json\" class=\"yoast-schema-graph\">{\"@context\":\"https:\\\/\\\/schema.org\",\"@graph\":[{\"@type\":\"Article\",\"@id\":\"https:\\\/\\\/ssspdp.ba\\\/?p=502#article\",\"isPartOf\":{\"@id\":\"https:\\\/\\\/ssspdp.ba\\\/?p=502\"},\"author\":{\"name\":\"armin.hujic\",\"@id\":\"https:\\\/\\\/ssspdp.ba\\\/#\\\/schema\\\/person\\\/77b88c32d46b46076c51b9e19371dc49\"},\"headline\":\"Milan Jevti\u0107 \u2013 Za\u0161tita \u0161uma u svetu i u EU\",\"datePublished\":\"2020-09-08T10:17:00+00:00\",\"dateModified\":\"2020-10-17T10:20:53+00:00\",\"mainEntityOfPage\":{\"@id\":\"https:\\\/\\\/ssspdp.ba\\\/?p=502\"},\"wordCount\":69,\"publisher\":{\"@id\":\"https:\\\/\\\/ssspdp.ba\\\/#organization\"},\"image\":{\"@id\":\"https:\\\/\\\/ssspdp.ba\\\/?p=502#primaryimage\"},\"thumbnailUrl\":\"https:\\\/\\\/ssspdp.ba\\\/wp-content\\\/uploads\\\/2020\\\/10\\\/n2.jpg\",\"articleSection\":[\"Aktuelne teme\"],\"inLanguage\":\"en-US\"},{\"@type\":\"WebPage\",\"@id\":\"https:\\\/\\\/ssspdp.ba\\\/?p=502\",\"url\":\"https:\\\/\\\/ssspdp.ba\\\/?p=502\",\"name\":\"Milan Jevti\u0107 \u2013 Za\u0161tita \u0161uma u svetu i u EU - Samostalni sindikat \u0161umarstva, prerade drveta i papira Bosne i Hercegovine\",\"isPartOf\":{\"@id\":\"https:\\\/\\\/ssspdp.ba\\\/#website\"},\"primaryImageOfPage\":{\"@id\":\"https:\\\/\\\/ssspdp.ba\\\/?p=502#primaryimage\"},\"image\":{\"@id\":\"https:\\\/\\\/ssspdp.ba\\\/?p=502#primaryimage\"},\"thumbnailUrl\":\"https:\\\/\\\/ssspdp.ba\\\/wp-content\\\/uploads\\\/2020\\\/10\\\/n2.jpg\",\"datePublished\":\"2020-09-08T10:17:00+00:00\",\"dateModified\":\"2020-10-17T10:20:53+00:00\",\"breadcrumb\":{\"@id\":\"https:\\\/\\\/ssspdp.ba\\\/?p=502#breadcrumb\"},\"inLanguage\":\"en-US\",\"potentialAction\":[{\"@type\":\"ReadAction\",\"target\":[\"https:\\\/\\\/ssspdp.ba\\\/?p=502\"]}]},{\"@type\":\"ImageObject\",\"inLanguage\":\"en-US\",\"@id\":\"https:\\\/\\\/ssspdp.ba\\\/?p=502#primaryimage\",\"url\":\"https:\\\/\\\/ssspdp.ba\\\/wp-content\\\/uploads\\\/2020\\\/10\\\/n2.jpg\",\"contentUrl\":\"https:\\\/\\\/ssspdp.ba\\\/wp-content\\\/uploads\\\/2020\\\/10\\\/n2.jpg\",\"width\":286,\"height\":281},{\"@type\":\"BreadcrumbList\",\"@id\":\"https:\\\/\\\/ssspdp.ba\\\/?p=502#breadcrumb\",\"itemListElement\":[{\"@type\":\"ListItem\",\"position\":1,\"name\":\"Home\",\"item\":\"https:\\\/\\\/ssspdp.ba\\\/\"},{\"@type\":\"ListItem\",\"position\":2,\"name\":\"Milan Jevti\u0107 \u2013 Za\u0161tita \u0161uma u svetu i u EU\"}]},{\"@type\":\"WebSite\",\"@id\":\"https:\\\/\\\/ssspdp.ba\\\/#website\",\"url\":\"https:\\\/\\\/ssspdp.ba\\\/\",\"name\":\"Samostalni sindikat \u0161umarstva, prerade drveta i papira Bosne i Hercegovine\",\"description\":\"\",\"publisher\":{\"@id\":\"https:\\\/\\\/ssspdp.ba\\\/#organization\"},\"potentialAction\":[{\"@type\":\"SearchAction\",\"target\":{\"@type\":\"EntryPoint\",\"urlTemplate\":\"https:\\\/\\\/ssspdp.ba\\\/?s={search_term_string}\"},\"query-input\":{\"@type\":\"PropertyValueSpecification\",\"valueRequired\":true,\"valueName\":\"search_term_string\"}}],\"inLanguage\":\"en-US\"},{\"@type\":\"Organization\",\"@id\":\"https:\\\/\\\/ssspdp.ba\\\/#organization\",\"name\":\"Samostalni sindikat \u0161umarstva, prerade drveta i papira Bosne i Hercegovine\",\"url\":\"https:\\\/\\\/ssspdp.ba\\\/\",\"logo\":{\"@type\":\"ImageObject\",\"inLanguage\":\"en-US\",\"@id\":\"https:\\\/\\\/ssspdp.ba\\\/#\\\/schema\\\/logo\\\/image\\\/\",\"url\":\"https:\\\/\\\/ssspdp.ba\\\/wp-content\\\/uploads\\\/2020\\\/10\\\/web-logo.png\",\"contentUrl\":\"https:\\\/\\\/ssspdp.ba\\\/wp-content\\\/uploads\\\/2020\\\/10\\\/web-logo.png\",\"width\":623,\"height\":100,\"caption\":\"Samostalni sindikat \u0161umarstva, prerade drveta i papira Bosne i Hercegovine\"},\"image\":{\"@id\":\"https:\\\/\\\/ssspdp.ba\\\/#\\\/schema\\\/logo\\\/image\\\/\"},\"sameAs\":[\"https:\\\/\\\/www.facebook.com\\\/Samostalni-sindikat-\u0161umarstva-prerade-drveta-i-papira-BiH-1740799582820896\\\/?ref=page_internal\"]},{\"@type\":\"Person\",\"@id\":\"https:\\\/\\\/ssspdp.ba\\\/#\\\/schema\\\/person\\\/77b88c32d46b46076c51b9e19371dc49\",\"name\":\"armin.hujic\",\"image\":{\"@type\":\"ImageObject\",\"inLanguage\":\"en-US\",\"@id\":\"https:\\\/\\\/secure.gravatar.com\\\/avatar\\\/d571c6935abfc375c9bb3ccb53d885ee37755eabf467f839a46e8d52a41b322a?s=96&d=mm&r=g\",\"url\":\"https:\\\/\\\/secure.gravatar.com\\\/avatar\\\/d571c6935abfc375c9bb3ccb53d885ee37755eabf467f839a46e8d52a41b322a?s=96&d=mm&r=g\",\"contentUrl\":\"https:\\\/\\\/secure.gravatar.com\\\/avatar\\\/d571c6935abfc375c9bb3ccb53d885ee37755eabf467f839a46e8d52a41b322a?s=96&d=mm&r=g\",\"caption\":\"armin.hujic\"},\"sameAs\":[\"http:\\\/\\\/novi-web.ssspdp.ba\"]}]}<\/script>\n<!-- \/ Yoast SEO plugin. -->","yoast_head_json":{"title":"Milan Jevti\u0107 \u2013 Za\u0161tita \u0161uma u svetu i u EU - Samostalni sindikat \u0161umarstva, prerade drveta i papira Bosne i Hercegovine","robots":{"index":"index","follow":"follow","max-snippet":"max-snippet:-1","max-image-preview":"max-image-preview:large","max-video-preview":"max-video-preview:-1"},"canonical":"https:\/\/ssspdp.ba\/?p=502","og_locale":"en_US","og_type":"article","og_title":"Milan Jevti\u0107 \u2013 Za\u0161tita \u0161uma u svetu i u EU - Samostalni sindikat \u0161umarstva, prerade drveta i papira Bosne i Hercegovine","og_description":"Prezentacija sa regionalnog seminara pod nazivom \u201cPodizanje ekolo\u0161ke svesti o o\u010duvanju prirodnih resursa za zaposlene u \u0161umarstvu i drvnoj industriji\u201d odr\u017eanog 2.9.2020. u Beogradu u organizaciji Sindikata \u0161umarstva i prerade drveta Srbije uz podr\u0161ku Fondacije \u201cFriedrich Ebert\u201d na kome je u\u010destvovala i Lejla \u0106ati\u0107, predsjednica Samostalnog sindikata \u0161umarstva, prerade drveta i papira BiH.","og_url":"https:\/\/ssspdp.ba\/?p=502","og_site_name":"Samostalni sindikat \u0161umarstva, prerade drveta i papira Bosne i Hercegovine","article_publisher":"https:\/\/www.facebook.com\/Samostalni-sindikat-%c5%a1umarstva-prerade-drveta-i-papira-BiH-1740799582820896\/?ref=page_internal","article_published_time":"2020-09-08T10:17:00+00:00","article_modified_time":"2020-10-17T10:20:53+00:00","og_image":[{"width":286,"height":281,"url":"https:\/\/ssspdp.ba\/wp-content\/uploads\/2020\/10\/n2.jpg","type":"image\/jpeg"}],"author":"armin.hujic","twitter_card":"summary_large_image","twitter_misc":{"Written by":"armin.hujic"},"schema":{"@context":"https:\/\/schema.org","@graph":[{"@type":"Article","@id":"https:\/\/ssspdp.ba\/?p=502#article","isPartOf":{"@id":"https:\/\/ssspdp.ba\/?p=502"},"author":{"name":"armin.hujic","@id":"https:\/\/ssspdp.ba\/#\/schema\/person\/77b88c32d46b46076c51b9e19371dc49"},"headline":"Milan Jevti\u0107 \u2013 Za\u0161tita \u0161uma u svetu i u EU","datePublished":"2020-09-08T10:17:00+00:00","dateModified":"2020-10-17T10:20:53+00:00","mainEntityOfPage":{"@id":"https:\/\/ssspdp.ba\/?p=502"},"wordCount":69,"publisher":{"@id":"https:\/\/ssspdp.ba\/#organization"},"image":{"@id":"https:\/\/ssspdp.ba\/?p=502#primaryimage"},"thumbnailUrl":"https:\/\/ssspdp.ba\/wp-content\/uploads\/2020\/10\/n2.jpg","articleSection":["Aktuelne teme"],"inLanguage":"en-US"},{"@type":"WebPage","@id":"https:\/\/ssspdp.ba\/?p=502","url":"https:\/\/ssspdp.ba\/?p=502","name":"Milan Jevti\u0107 \u2013 Za\u0161tita \u0161uma u svetu i u EU - Samostalni sindikat \u0161umarstva, prerade drveta i papira Bosne i Hercegovine","isPartOf":{"@id":"https:\/\/ssspdp.ba\/#website"},"primaryImageOfPage":{"@id":"https:\/\/ssspdp.ba\/?p=502#primaryimage"},"image":{"@id":"https:\/\/ssspdp.ba\/?p=502#primaryimage"},"thumbnailUrl":"https:\/\/ssspdp.ba\/wp-content\/uploads\/2020\/10\/n2.jpg","datePublished":"2020-09-08T10:17:00+00:00","dateModified":"2020-10-17T10:20:53+00:00","breadcrumb":{"@id":"https:\/\/ssspdp.ba\/?p=502#breadcrumb"},"inLanguage":"en-US","potentialAction":[{"@type":"ReadAction","target":["https:\/\/ssspdp.ba\/?p=502"]}]},{"@type":"ImageObject","inLanguage":"en-US","@id":"https:\/\/ssspdp.ba\/?p=502#primaryimage","url":"https:\/\/ssspdp.ba\/wp-content\/uploads\/2020\/10\/n2.jpg","contentUrl":"https:\/\/ssspdp.ba\/wp-content\/uploads\/2020\/10\/n2.jpg","width":286,"height":281},{"@type":"BreadcrumbList","@id":"https:\/\/ssspdp.ba\/?p=502#breadcrumb","itemListElement":[{"@type":"ListItem","position":1,"name":"Home","item":"https:\/\/ssspdp.ba\/"},{"@type":"ListItem","position":2,"name":"Milan Jevti\u0107 \u2013 Za\u0161tita \u0161uma u svetu i u EU"}]},{"@type":"WebSite","@id":"https:\/\/ssspdp.ba\/#website","url":"https:\/\/ssspdp.ba\/","name":"Samostalni sindikat \u0161umarstva, prerade drveta i papira Bosne i Hercegovine","description":"","publisher":{"@id":"https:\/\/ssspdp.ba\/#organization"},"potentialAction":[{"@type":"SearchAction","target":{"@type":"EntryPoint","urlTemplate":"https:\/\/ssspdp.ba\/?s={search_term_string}"},"query-input":{"@type":"PropertyValueSpecification","valueRequired":true,"valueName":"search_term_string"}}],"inLanguage":"en-US"},{"@type":"Organization","@id":"https:\/\/ssspdp.ba\/#organization","name":"Samostalni sindikat \u0161umarstva, prerade drveta i papira Bosne i Hercegovine","url":"https:\/\/ssspdp.ba\/","logo":{"@type":"ImageObject","inLanguage":"en-US","@id":"https:\/\/ssspdp.ba\/#\/schema\/logo\/image\/","url":"https:\/\/ssspdp.ba\/wp-content\/uploads\/2020\/10\/web-logo.png","contentUrl":"https:\/\/ssspdp.ba\/wp-content\/uploads\/2020\/10\/web-logo.png","width":623,"height":100,"caption":"Samostalni sindikat \u0161umarstva, prerade drveta i papira Bosne i Hercegovine"},"image":{"@id":"https:\/\/ssspdp.ba\/#\/schema\/logo\/image\/"},"sameAs":["https:\/\/www.facebook.com\/Samostalni-sindikat-\u0161umarstva-prerade-drveta-i-papira-BiH-1740799582820896\/?ref=page_internal"]},{"@type":"Person","@id":"https:\/\/ssspdp.ba\/#\/schema\/person\/77b88c32d46b46076c51b9e19371dc49","name":"armin.hujic","image":{"@type":"ImageObject","inLanguage":"en-US","@id":"https:\/\/secure.gravatar.com\/avatar\/d571c6935abfc375c9bb3ccb53d885ee37755eabf467f839a46e8d52a41b322a?s=96&d=mm&r=g","url":"https:\/\/secure.gravatar.com\/avatar\/d571c6935abfc375c9bb3ccb53d885ee37755eabf467f839a46e8d52a41b322a?s=96&d=mm&r=g","contentUrl":"https:\/\/secure.gravatar.com\/avatar\/d571c6935abfc375c9bb3ccb53d885ee37755eabf467f839a46e8d52a41b322a?s=96&d=mm&r=g","caption":"armin.hujic"},"sameAs":["http:\/\/novi-web.ssspdp.ba"]}]}},"_links":{"self":[{"href":"https:\/\/ssspdp.ba\/index.php?rest_route=\/wp\/v2\/posts\/502","targetHints":{"allow":["GET"]}}],"collection":[{"href":"https:\/\/ssspdp.ba\/index.php?rest_route=\/wp\/v2\/posts"}],"about":[{"href":"https:\/\/ssspdp.ba\/index.php?rest_route=\/wp\/v2\/types\/post"}],"author":[{"embeddable":true,"href":"https:\/\/ssspdp.ba\/index.php?rest_route=\/wp\/v2\/users\/1"}],"replies":[{"embeddable":true,"href":"https:\/\/ssspdp.ba\/index.php?rest_route=%2Fwp%2Fv2%2Fcomments&post=502"}],"version-history":[{"count":1,"href":"https:\/\/ssspdp.ba\/index.php?rest_route=\/wp\/v2\/posts\/502\/revisions"}],"predecessor-version":[{"id":504,"href":"https:\/\/ssspdp.ba\/index.php?rest_route=\/wp\/v2\/posts\/502\/revisions\/504"}],"wp:featuredmedia":[{"embeddable":true,"href":"https:\/\/ssspdp.ba\/index.php?rest_route=\/wp\/v2\/media\/233"}],"wp:attachment":[{"href":"https:\/\/ssspdp.ba\/index.php?rest_route=%2Fwp%2Fv2%2Fmedia&parent=502"}],"wp:term":[{"taxonomy":"category","embeddable":true,"href":"https:\/\/ssspdp.ba\/index.php?rest_route=%2Fwp%2Fv2%2Fcategories&post=502"},{"taxonomy":"post_tag","embeddable":true,"href":"https:\/\/ssspdp.ba\/index.php?rest_route=%2Fwp%2Fv2%2Ftags&post=502"}],"curies":[{"name":"wp","href":"https:\/\/api.w.org\/{rel}","templated":true}]}}