{"id":507,"date":"2020-09-22T11:22:00","date_gmt":"2020-09-22T10:22:00","guid":{"rendered":"http:\/\/novi-web.ssspdp.ba\/?p=507"},"modified":"2020-10-18T13:28:39","modified_gmt":"2020-10-18T12:28:39","slug":"rad-po-mjeri-covjeka","status":"publish","type":"post","link":"https:\/\/ssspdp.ba\/?p=507","title":{"rendered":"Rad po mjeri \u010dovjeka"},"content":{"rendered":"\n<h4 class=\"wp-block-heading\"><strong>Odnose snaga mogu promijeniti samo organizirani radnici<\/strong><\/h4>\n\n\n\n<p><em>Pi\u0161e:<br>Dijana \u0160obota<br>18. septembra\/rujna 2020.<\/em><\/p>\n\n\n\n<p>U posljednje smo vrijeme navikli da politi\u010dari, pa \u010dak i poslodavci, sve \u010de\u0161\u0107e preko usta prevaljuju rije\u010di \u201esolidarnost\u201c i \u201epravednost\u201c. Bilo bi to naravno pohvalno i prijeko potrebno kad u praksi to ne bi zna\u010dilo jo\u0161 jedno ponavljanje obe\u0107anja bez konkretnih mjera i jo\u0161 jedan poziv da \u201esvi zajedno moramo solidarno podnijeti teret krize\u201c. A znamo preko \u010dijih le\u0111a se to obi\u010dno prelama.<\/p>\n\n\n\n<p>Solidarnost i pravednost na\u0161le su se i u naslovu godi\u0161njeg izvje\u0161taja Europske komisije i njenoj ekonomskoj analizi zapo\u0161ljavanja i socijalnih trendova te mjera politika u Europskoj uniji, objavljenome u utorak, 15. rujna 2020., naslovljenom&nbsp;<strong>\u201eNe ostaviti nikoga na cjedilu i te\u017eiti vi\u0161em: pravednost i solidarnost u europskom socijalnom tr\u017ei\u0161nom gospodarstvu\u201c.<\/strong><\/p>\n\n\n\n<p>U Pregledu se navodi kako pandemija COVID-19 ima duboke zdravstvene, ekonomske, socijalne te u\u010dinke na zapo\u0161ljavanje prijete\u0107i napretku koji je EU ranije postigla. Ekonomski \u0161ok u svim dr\u017eavama \u010dlanicama ve\u0107i je nego u krizi 2008.-2009. godine, ekonomska proizvodnja naglo je smanjena, nezaposlenost raste, a posebno su pogo\u0111ene i ina\u010de najranjivije kategorije, me\u0111u kojima su i mladi.<\/p>\n\n\n\n<p>Komisija u analizi me\u0111u ostalim navodi kako&nbsp;<strong>odgovaraju\u0107e minimalne pla\u0107e i minimalni dohodak<\/strong>&nbsp;mogu imati blagotvoran u\u010dinak na socijalnu mobilnost Europljana; nagla\u0161ava kako su&nbsp;<strong>mehanizmi solidarnosti<\/strong>&nbsp;poput instrumenta za privremenu potporu za ubla\u017eavanje rizika od nezaposlenosti u hitnim slu\u010dajevima (SURE) odnosno mjere skra\u0107enog radnog vremena u\u010dinkovite u za\u0161titi radnih mjesta; kako se&nbsp;<strong>ja\u010danje socijalne pravednosti<\/strong>&nbsp;i op\u0107enito&nbsp;<strong>ulaganje u ljude<\/strong>&nbsp;isplati, uklju\u010duju\u0107i i&nbsp;<strong>otklanjanje rodno uvjetovanih razlika<\/strong>. Socijalna ulaganja su potrebna i u obliku prekvalifikacije i naknada za nezaposlenost u kontekstu strukturnih promjena kao \u0161to je zelena tranzicija. Komisija u izvje\u0161taju tako\u0111er isti\u010de kako&nbsp;<strong>socijalni dijalog i kolektivno pregovaranje<\/strong>&nbsp;utje\u010du na pravednost i njezinu percepciju na radnome mjestu promicanjem pravednijih pla\u0107a, boljih uvjeta rada i inkluzivnijih tr\u017ei\u0161ta rada.<\/p>\n\n\n\n<p><strong>Za prevladavanje krize klju\u010dno je ja\u010danje socijalne pravednosti i ugra\u0111ivanje solidarnosti i otpornosti u sadr\u017eaj svih politika, navodi Komisija u svojoj analizi. \u201e<em>To zahtijeva stavljanje ljudi ispred i u sredi\u0161te. Kako bi se osigurala otpornost, solidarnost i kohezija, odgovor EU-a mora dati prioritet zapo\u0161ljavanju, smanjiti nejednakosti i osigurati jednake mogu\u0107nosti. U\u010dinkovita provedba Europskog stupa socijalnih prava slu\u017eit \u0107e nam kao vodi\u010d<\/em>\u201c,&nbsp;<\/strong>kazao je povjerenik za radna mjesta i socijalna prava&nbsp;<strong>Nicolas Schmit<\/strong>&nbsp;prilikom objave analize<strong>.<\/strong><\/p>\n\n\n\n<p>Dan nakon objave Pregleda, objavila se i predsjednica Komisije,&nbsp;<strong>Ursula von der Layen<\/strong>&nbsp;svojim govorom o stanju Unije pred zastupnicima u Europskom parlamentu. Von der Layen je predstavila je svoju viziju Europe koja je nakon pandemije \u201esna\u017enija i predvodi na putu u novu vitalnost\u201c. U svom je govoru naglasila kako \u201e<strong>dostojanstvo rada u na\u0161oj Uniji mora biti sveto<\/strong>\u201c ali i upozorila na istinu da se \u201eza previ\u0161e ljudi rad vi\u0161e ne isplati\u201c. Kao \u201esna\u017ena zagovarateljica kolektivnog pregovaranja\u201c, kako sama za sebe ka\u017ee, ponovila je obe\u0107anje kako \u0107e Komisija iznijeti zakonodavni prijedlog za pomo\u0107 dr\u017eavama \u010dlanicama u stvaranju okvira za minimalne pla\u0107e:<\/p>\n\n\n\n<p><strong>\u201eSvi moraju imati pristup minimalnim pla\u0107ama, putem kolektivnih ugovora ili na osnovi zakonskih minimalnih pla\u0107a. (\u2026) U mnogim smo dr\u017eavama \u010dlanicama vidjeli kako se dobro ispregovaranom minimalnom pla\u0107om osiguravaju radna mjesta i stvara pravednost, i za radnike i za poduze\u0107a koja svoje radnike doista cijene. Vrijeme je da se rad uz minimalnu pla\u0107u isplati.\u201c<\/strong><\/p>\n\n\n\n<p>Predsjednica Komisije tako je \u2013 jo\u0161 jednom \u2013 odli\u010dno opisala problem koji Europa ima s niskim pla\u0107ama i dostojanstvom rada, ali je propustila dati jasna obe\u0107anja i rje\u0161enja za te probleme, a ta rje\u0161enja europski sindikalni pokret ve\u0107 godinama nudi:&nbsp;<strong>minimalne pla\u0107e koje ne smiju biti ispod praga siroma\u0161tva i pravo na kolektivno pregovaranje za sve<\/strong>.<\/p>\n\n\n\n<p>Da bi se \u201esvetost dostojanstva rada\u201c doista i ostvarila, radnici i njihovi sindikati moraju znati koji su to konkretni planovi Komisije za 76 milijuna radnika koji su sada isklju\u010deni iz kolektivnog pregovaranja i \u010dije su pla\u0107e zbog toga ni\u017ee, moraju znati \u0161to Komisija konkretno planira u\u010diniti kako bi osigurala socijalnu za\u0161titu za sve, kako se kani boriti protiv prekarnog rada i provesti Europski stup socijalnih prava. To od predsjednice Komisije nismo \u010duli.<\/p>\n\n\n\n<p>A ho\u0107emo li \u010duti, i jo\u0161 va\u017enije \u2013 ho\u0107emo li vidjeti konkretne prijedloge Europske komisije i nacionalnih vlada, uklju\u010duju\u0107i i Vlade RH, koji \u0107e napraviti stvarni pomak prema dostojanstvu rada \u2013 prema radu po mjeri \u010dovjeka \u2013 o\u010dito ne\u0107e ovisiti (samo) o dobroj volji politi\u010dara (a jo\u0161 manje poslodavaca). Ostvarenje takvih prijedloga, i progresivnih ideja sindikata, ovisit \u0107e upravo o solidarnosti za koju Komisija ka\u017ee da je sada va\u017enija no ikad. Ali ta&nbsp;<strong>solidarnost je solidarnost radnika, organiziranih u sna\u017ene sindikate<\/strong>&nbsp;koji su spremni i sposobni zalagati se za prava, pravednost i dostojanstvo rada.<\/p>\n\n\n\n<p>Budimo realni, odnosi snaga su se promijenili: slabljenjem radni\u010dkog i sindikalnog pokreta, koji je sve vi\u0161e u defenzivi, poslodavci nemaju interesa sjediti za pregovara\u010dkim stolom, jer mo\u0107 \u2013 pa i vlasti \u2013 su na njihovoj strani.<\/p>\n\n\n\n<p>Samo na primjeru podataka o korelaciji izme\u0111u sindikalne gusto\u0107e \u2013 dakle, broja radnika organiziranih u sindikate \u2013 i visine pla\u0107a mo\u017eemo jasno vidjeti da bez sna\u017enih sindikata nema ni rada po mjeri \u010dovjeka.&nbsp;<strong>Promijeniti takve odnose snaga \u2013 a time i izboriti rad po mjeri \u010dovjeka i istinsku pravednost \u2013 mo\u017eemo samo organiziranjem radnika i ja\u010danjem sindikata.&nbsp;<em>Zajedno smo ja\u010di<\/em><\/strong>&nbsp;nije samo slogan \u2013 zajedno doista, i jedino zajedno mo\u017eemo mijenjati stvari. Ima li sna\u017enijeg argumenta i boljeg poziva na u\u010dlanjenje u sindikat?<\/p>\n\n\n\n<p><strong>Izvor:<\/strong> <a href=\"http:\/\/www.radpomjeri.eu\">www.radpomjeri.eu<\/a><\/p>\n<span class=\"et_bloom_bottom_trigger\"><\/span>","protected":false},"excerpt":{"rendered":"<p>Odnose snaga mogu promijeniti samo organizirani radnici Pi\u0161e:Dijana \u0160obota18. septembra\/rujna 2020. U posljednje smo vrijeme navikli da politi\u010dari, pa \u010dak i poslodavci, sve \u010de\u0161\u0107e preko usta prevaljuju rije\u010di \u201esolidarnost\u201c i \u201epravednost\u201c. Bilo bi to naravno pohvalno i prijeko potrebno kad u praksi to ne bi zna\u010dilo jo\u0161 jedno ponavljanje obe\u0107anja bez konkretnih mjera i jo\u0161 [&hellip;]<\/p>\n","protected":false},"author":1,"featured_media":508,"comment_status":"closed","ping_status":"open","sticky":false,"template":"","format":"standard","meta":{"_et_pb_use_builder":"off","_et_pb_old_content":"<!-- wp:heading {\"level\":4} -->\n<h4><strong>Odnose snaga mogu promijeniti samo organizirani radnici<\/strong><\/h4>\n<!-- \/wp:heading -->\n\n<!-- wp:paragraph -->\n<p><em>Pi\u0161e:<br>Dijana \u0160obota<br>18. septembra\/rujna 2020.<\/em><\/p>\n<!-- \/wp:paragraph -->\n\n<!-- wp:paragraph -->\n<p>U posljednje smo vrijeme navikli da politi\u010dari, pa \u010dak i poslodavci, sve \u010de\u0161\u0107e preko usta prevaljuju rije\u010di \u201esolidarnost\u201c i \u201epravednost\u201c. Bilo bi to naravno pohvalno i prijeko potrebno kad u praksi to ne bi zna\u010dilo jo\u0161 jedno ponavljanje obe\u0107anja bez konkretnih mjera i jo\u0161 jedan poziv da \u201esvi zajedno moramo solidarno podnijeti teret krize\u201c. A znamo preko \u010dijih le\u0111a se to obi\u010dno prelama.<\/p>\n<!-- \/wp:paragraph -->\n\n<!-- wp:paragraph -->\n<p>Solidarnost i pravednost na\u0161le su se i u naslovu godi\u0161njeg izvje\u0161taja Europske komisije i njenoj ekonomskoj analizi zapo\u0161ljavanja i socijalnih trendova te mjera politika u Europskoj uniji, objavljenome u utorak, 15. rujna 2020., naslovljenom&nbsp;<strong>\u201eNe ostaviti nikoga na cjedilu i te\u017eiti vi\u0161em: pravednost i solidarnost u europskom socijalnom tr\u017ei\u0161nom gospodarstvu\u201c.<\/strong><\/p>\n<!-- \/wp:paragraph -->\n\n<!-- wp:paragraph -->\n<p>U Pregledu se navodi kako pandemija COVID-19 ima duboke zdravstvene, ekonomske, socijalne te u\u010dinke na zapo\u0161ljavanje prijete\u0107i napretku koji je EU ranije postigla. Ekonomski \u0161ok u svim dr\u017eavama \u010dlanicama ve\u0107i je nego u krizi 2008.-2009. godine, ekonomska proizvodnja naglo je smanjena, nezaposlenost raste, a posebno su pogo\u0111ene i ina\u010de najranjivije kategorije, me\u0111u kojima su i mladi.<\/p>\n<!-- \/wp:paragraph -->\n\n<!-- wp:paragraph -->\n<p>Komisija u analizi me\u0111u ostalim navodi kako&nbsp;<strong>odgovaraju\u0107e minimalne pla\u0107e i minimalni dohodak<\/strong>&nbsp;mogu imati blagotvoran u\u010dinak na socijalnu mobilnost Europljana; nagla\u0161ava kako su&nbsp;<strong>mehanizmi solidarnosti<\/strong>&nbsp;poput instrumenta za privremenu potporu za ubla\u017eavanje rizika od nezaposlenosti u hitnim slu\u010dajevima (SURE) odnosno mjere skra\u0107enog radnog vremena u\u010dinkovite u za\u0161titi radnih mjesta; kako se&nbsp;<strong>ja\u010danje socijalne pravednosti<\/strong>&nbsp;i op\u0107enito&nbsp;<strong>ulaganje u ljude<\/strong>&nbsp;isplati, uklju\u010duju\u0107i i&nbsp;<strong>otklanjanje rodno uvjetovanih razlika<\/strong>. Socijalna ulaganja su potrebna i u obliku prekvalifikacije i naknada za nezaposlenost u kontekstu strukturnih promjena kao \u0161to je zelena tranzicija. Komisija u izvje\u0161taju tako\u0111er isti\u010de kako&nbsp;<strong>socijalni dijalog i kolektivno pregovaranje<\/strong>&nbsp;utje\u010du na pravednost i njezinu percepciju na radnome mjestu promicanjem pravednijih pla\u0107a, boljih uvjeta rada i inkluzivnijih tr\u017ei\u0161ta rada.<\/p>\n<!-- \/wp:paragraph -->\n\n<!-- wp:paragraph -->\n<p><strong>Za prevladavanje krize klju\u010dno je ja\u010danje socijalne pravednosti i ugra\u0111ivanje solidarnosti i otpornosti u sadr\u017eaj svih politika, navodi Komisija u svojoj analizi. \u201e<em>To zahtijeva stavljanje ljudi ispred i u sredi\u0161te. Kako bi se osigurala otpornost, solidarnost i kohezija, odgovor EU-a mora dati prioritet zapo\u0161ljavanju, smanjiti nejednakosti i osigurati jednake mogu\u0107nosti. U\u010dinkovita provedba Europskog stupa socijalnih prava slu\u017eit \u0107e nam kao vodi\u010d<\/em>\u201c,&nbsp;<\/strong>kazao je povjerenik za radna mjesta i socijalna prava&nbsp;<strong>Nicolas Schmit<\/strong>&nbsp;prilikom objave analize<strong>.<\/strong><\/p>\n<!-- \/wp:paragraph -->\n\n<!-- wp:paragraph -->\n<p>Dan nakon objave Pregleda, objavila se i predsjednica Komisije,&nbsp;<strong>Ursula von der Layen<\/strong>&nbsp;svojim govorom o stanju Unije pred zastupnicima u Europskom parlamentu. Von der Layen je predstavila je svoju viziju Europe koja je nakon pandemije \u201esna\u017enija i predvodi na putu u novu vitalnost\u201c. U svom je govoru naglasila kako \u201e<strong>dostojanstvo rada u na\u0161oj Uniji mora biti sveto<\/strong>\u201c ali i upozorila na istinu da se \u201eza previ\u0161e ljudi rad vi\u0161e ne isplati\u201c. Kao \u201esna\u017ena zagovarateljica kolektivnog pregovaranja\u201c, kako sama za sebe ka\u017ee, ponovila je obe\u0107anje kako \u0107e Komisija iznijeti zakonodavni prijedlog za pomo\u0107 dr\u017eavama \u010dlanicama u stvaranju okvira za minimalne pla\u0107e:<\/p>\n<!-- \/wp:paragraph -->\n\n<!-- wp:paragraph -->\n<p><strong>\u201eSvi moraju imati pristup minimalnim pla\u0107ama, putem kolektivnih ugovora ili na osnovi zakonskih minimalnih pla\u0107a. (\u2026) U mnogim smo dr\u017eavama \u010dlanicama vidjeli kako se dobro ispregovaranom minimalnom pla\u0107om osiguravaju radna mjesta i stvara pravednost, i za radnike i za poduze\u0107a koja svoje radnike doista cijene. Vrijeme je da se rad uz minimalnu pla\u0107u isplati.\u201c<\/strong><\/p>\n<!-- \/wp:paragraph -->\n\n<!-- wp:paragraph -->\n<p>Predsjednica Komisije tako je \u2013 jo\u0161 jednom \u2013 odli\u010dno opisala problem koji Europa ima s niskim pla\u0107ama i dostojanstvom rada, ali je propustila dati jasna obe\u0107anja i rje\u0161enja za te probleme, a ta rje\u0161enja europski sindikalni pokret ve\u0107 godinama nudi:&nbsp;<strong>minimalne pla\u0107e koje ne smiju biti ispod praga siroma\u0161tva i pravo na kolektivno pregovaranje za sve<\/strong>.<\/p>\n<!-- \/wp:paragraph -->\n\n<!-- wp:paragraph -->\n<p>Da bi se \u201esvetost dostojanstva rada\u201c doista i ostvarila, radnici i njihovi sindikati moraju znati koji su to konkretni planovi Komisije za 76 milijuna radnika koji su sada isklju\u010deni iz kolektivnog pregovaranja i \u010dije su pla\u0107e zbog toga ni\u017ee, moraju znati \u0161to Komisija konkretno planira u\u010diniti kako bi osigurala socijalnu za\u0161titu za sve, kako se kani boriti protiv prekarnog rada i provesti Europski stup socijalnih prava. To od predsjednice Komisije nismo \u010duli.<\/p>\n<!-- \/wp:paragraph -->\n\n<!-- wp:paragraph -->\n<p>A ho\u0107emo li \u010duti, i jo\u0161 va\u017enije \u2013 ho\u0107emo li vidjeti konkretne prijedloge Europske komisije i nacionalnih vlada, uklju\u010duju\u0107i i Vlade RH, koji \u0107e napraviti stvarni pomak prema dostojanstvu rada \u2013 prema radu po mjeri \u010dovjeka \u2013 o\u010dito ne\u0107e ovisiti (samo) o dobroj volji politi\u010dara (a jo\u0161 manje poslodavaca). Ostvarenje takvih prijedloga, i progresivnih ideja sindikata, ovisit \u0107e upravo o solidarnosti za koju Komisija ka\u017ee da je sada va\u017enija no ikad. Ali ta&nbsp;<strong>solidarnost je solidarnost radnika, organiziranih u sna\u017ene sindikate<\/strong>&nbsp;koji su spremni i sposobni zalagati se za prava, pravednost i dostojanstvo rada.<\/p>\n<!-- \/wp:paragraph -->\n\n<!-- wp:paragraph -->\n<p>Budimo realni, odnosi snaga su se promijenili: slabljenjem radni\u010dkog i sindikalnog pokreta, koji je sve vi\u0161e u defenzivi, poslodavci nemaju interesa sjediti za pregovara\u010dkim stolom, jer mo\u0107 \u2013 pa i vlasti \u2013 su na njihovoj strani.<\/p>\n<!-- \/wp:paragraph -->\n\n<!-- wp:paragraph -->\n<p>Samo na primjeru podataka o korelaciji izme\u0111u sindikalne gusto\u0107e \u2013 dakle, broja radnika organiziranih u sindikate \u2013 i visine pla\u0107a mo\u017eemo jasno vidjeti da bez sna\u017enih sindikata nema ni rada po mjeri \u010dovjeka.&nbsp;<strong>Promijeniti takve odnose snaga \u2013 a time i izboriti rad po mjeri \u010dovjeka i istinsku pravednost \u2013 mo\u017eemo samo organiziranjem radnika i ja\u010danjem sindikata.&nbsp;<em>Zajedno smo ja\u010di<\/em><\/strong>&nbsp;nije samo slogan \u2013 zajedno doista, i jedino zajedno mo\u017eemo mijenjati stvari. Ima li sna\u017enijeg argumenta i boljeg poziva na u\u010dlanjenje u sindikat?<\/p>\n<!-- \/wp:paragraph -->\n\n<!-- wp:paragraph -->\n<p><strong>Izvor:<\/strong> <a href=\"http:\/\/www.radpomjeri.eu\">www.radpomjeri.eu<\/a><\/p>\n<!-- \/wp:paragraph -->","_et_gb_content_width":"","footnotes":""},"categories":[33],"tags":[],"class_list":["post-507","post","type-post","status-publish","format-standard","has-post-thumbnail","hentry","category-aktuelne-teme"],"yoast_head":"<!-- This site is optimized with the Yoast SEO plugin v27.5 - https:\/\/yoast.com\/product\/yoast-seo-wordpress\/ -->\n<title>Rad po mjeri \u010dovjeka - Samostalni sindikat \u0161umarstva, prerade drveta i papira Bosne i Hercegovine<\/title>\n<meta name=\"robots\" content=\"index, follow, max-snippet:-1, max-image-preview:large, max-video-preview:-1\" \/>\n<link rel=\"canonical\" href=\"https:\/\/ssspdp.ba\/?p=507\" \/>\n<meta property=\"og:locale\" content=\"en_US\" \/>\n<meta property=\"og:type\" content=\"article\" \/>\n<meta property=\"og:title\" content=\"Rad po mjeri \u010dovjeka - Samostalni sindikat \u0161umarstva, prerade drveta i papira Bosne i Hercegovine\" \/>\n<meta property=\"og:description\" content=\"Odnose snaga mogu promijeniti samo organizirani radnici Pi\u0161e:Dijana \u0160obota18. septembra\/rujna 2020. U posljednje smo vrijeme navikli da politi\u010dari, pa \u010dak i poslodavci, sve \u010de\u0161\u0107e preko usta prevaljuju rije\u010di \u201esolidarnost\u201c i \u201epravednost\u201c. Bilo bi to naravno pohvalno i prijeko potrebno kad u praksi to ne bi zna\u010dilo jo\u0161 jedno ponavljanje obe\u0107anja bez konkretnih mjera i jo\u0161 [&hellip;]\" \/>\n<meta property=\"og:url\" content=\"https:\/\/ssspdp.ba\/?p=507\" \/>\n<meta property=\"og:site_name\" content=\"Samostalni sindikat \u0161umarstva, prerade drveta i papira Bosne i Hercegovine\" \/>\n<meta property=\"article:publisher\" content=\"https:\/\/www.facebook.com\/Samostalni-sindikat-%c5%a1umarstva-prerade-drveta-i-papira-BiH-1740799582820896\/?ref=page_internal\" \/>\n<meta property=\"article:published_time\" content=\"2020-09-22T10:22:00+00:00\" \/>\n<meta property=\"article:modified_time\" content=\"2020-10-18T12:28:39+00:00\" \/>\n<meta property=\"og:image\" content=\"https:\/\/ssspdp.ba\/wp-content\/uploads\/2020\/10\/Rad-po-mjeri-covjeka.jpg\" \/>\n\t<meta property=\"og:image:width\" content=\"610\" \/>\n\t<meta property=\"og:image:height\" content=\"438\" \/>\n\t<meta property=\"og:image:type\" content=\"image\/jpeg\" \/>\n<meta name=\"author\" content=\"armin.hujic\" \/>\n<meta name=\"twitter:card\" content=\"summary_large_image\" \/>\n<meta name=\"twitter:label1\" content=\"Written by\" \/>\n\t<meta name=\"twitter:data1\" content=\"armin.hujic\" \/>\n\t<meta name=\"twitter:label2\" content=\"Est. reading time\" \/>\n\t<meta name=\"twitter:data2\" content=\"5 minutes\" \/>\n<script type=\"application\/ld+json\" class=\"yoast-schema-graph\">{\"@context\":\"https:\\\/\\\/schema.org\",\"@graph\":[{\"@type\":\"Article\",\"@id\":\"https:\\\/\\\/ssspdp.ba\\\/?p=507#article\",\"isPartOf\":{\"@id\":\"https:\\\/\\\/ssspdp.ba\\\/?p=507\"},\"author\":{\"name\":\"armin.hujic\",\"@id\":\"https:\\\/\\\/ssspdp.ba\\\/#\\\/schema\\\/person\\\/77b88c32d46b46076c51b9e19371dc49\"},\"headline\":\"Rad po mjeri \u010dovjeka\",\"datePublished\":\"2020-09-22T10:22:00+00:00\",\"dateModified\":\"2020-10-18T12:28:39+00:00\",\"mainEntityOfPage\":{\"@id\":\"https:\\\/\\\/ssspdp.ba\\\/?p=507\"},\"wordCount\":991,\"publisher\":{\"@id\":\"https:\\\/\\\/ssspdp.ba\\\/#organization\"},\"image\":{\"@id\":\"https:\\\/\\\/ssspdp.ba\\\/?p=507#primaryimage\"},\"thumbnailUrl\":\"https:\\\/\\\/ssspdp.ba\\\/wp-content\\\/uploads\\\/2020\\\/10\\\/Rad-po-mjeri-covjeka.jpg\",\"articleSection\":[\"Aktuelne teme\"],\"inLanguage\":\"en-US\"},{\"@type\":\"WebPage\",\"@id\":\"https:\\\/\\\/ssspdp.ba\\\/?p=507\",\"url\":\"https:\\\/\\\/ssspdp.ba\\\/?p=507\",\"name\":\"Rad po mjeri \u010dovjeka - Samostalni sindikat \u0161umarstva, prerade drveta i papira Bosne i Hercegovine\",\"isPartOf\":{\"@id\":\"https:\\\/\\\/ssspdp.ba\\\/#website\"},\"primaryImageOfPage\":{\"@id\":\"https:\\\/\\\/ssspdp.ba\\\/?p=507#primaryimage\"},\"image\":{\"@id\":\"https:\\\/\\\/ssspdp.ba\\\/?p=507#primaryimage\"},\"thumbnailUrl\":\"https:\\\/\\\/ssspdp.ba\\\/wp-content\\\/uploads\\\/2020\\\/10\\\/Rad-po-mjeri-covjeka.jpg\",\"datePublished\":\"2020-09-22T10:22:00+00:00\",\"dateModified\":\"2020-10-18T12:28:39+00:00\",\"breadcrumb\":{\"@id\":\"https:\\\/\\\/ssspdp.ba\\\/?p=507#breadcrumb\"},\"inLanguage\":\"en-US\",\"potentialAction\":[{\"@type\":\"ReadAction\",\"target\":[\"https:\\\/\\\/ssspdp.ba\\\/?p=507\"]}]},{\"@type\":\"ImageObject\",\"inLanguage\":\"en-US\",\"@id\":\"https:\\\/\\\/ssspdp.ba\\\/?p=507#primaryimage\",\"url\":\"https:\\\/\\\/ssspdp.ba\\\/wp-content\\\/uploads\\\/2020\\\/10\\\/Rad-po-mjeri-covjeka.jpg\",\"contentUrl\":\"https:\\\/\\\/ssspdp.ba\\\/wp-content\\\/uploads\\\/2020\\\/10\\\/Rad-po-mjeri-covjeka.jpg\",\"width\":610,\"height\":438},{\"@type\":\"BreadcrumbList\",\"@id\":\"https:\\\/\\\/ssspdp.ba\\\/?p=507#breadcrumb\",\"itemListElement\":[{\"@type\":\"ListItem\",\"position\":1,\"name\":\"Home\",\"item\":\"https:\\\/\\\/ssspdp.ba\\\/\"},{\"@type\":\"ListItem\",\"position\":2,\"name\":\"Rad po mjeri \u010dovjeka\"}]},{\"@type\":\"WebSite\",\"@id\":\"https:\\\/\\\/ssspdp.ba\\\/#website\",\"url\":\"https:\\\/\\\/ssspdp.ba\\\/\",\"name\":\"Samostalni sindikat \u0161umarstva, prerade drveta i papira Bosne i Hercegovine\",\"description\":\"\",\"publisher\":{\"@id\":\"https:\\\/\\\/ssspdp.ba\\\/#organization\"},\"potentialAction\":[{\"@type\":\"SearchAction\",\"target\":{\"@type\":\"EntryPoint\",\"urlTemplate\":\"https:\\\/\\\/ssspdp.ba\\\/?s={search_term_string}\"},\"query-input\":{\"@type\":\"PropertyValueSpecification\",\"valueRequired\":true,\"valueName\":\"search_term_string\"}}],\"inLanguage\":\"en-US\"},{\"@type\":\"Organization\",\"@id\":\"https:\\\/\\\/ssspdp.ba\\\/#organization\",\"name\":\"Samostalni sindikat \u0161umarstva, prerade drveta i papira Bosne i Hercegovine\",\"url\":\"https:\\\/\\\/ssspdp.ba\\\/\",\"logo\":{\"@type\":\"ImageObject\",\"inLanguage\":\"en-US\",\"@id\":\"https:\\\/\\\/ssspdp.ba\\\/#\\\/schema\\\/logo\\\/image\\\/\",\"url\":\"https:\\\/\\\/ssspdp.ba\\\/wp-content\\\/uploads\\\/2020\\\/10\\\/web-logo.png\",\"contentUrl\":\"https:\\\/\\\/ssspdp.ba\\\/wp-content\\\/uploads\\\/2020\\\/10\\\/web-logo.png\",\"width\":623,\"height\":100,\"caption\":\"Samostalni sindikat \u0161umarstva, prerade drveta i papira Bosne i Hercegovine\"},\"image\":{\"@id\":\"https:\\\/\\\/ssspdp.ba\\\/#\\\/schema\\\/logo\\\/image\\\/\"},\"sameAs\":[\"https:\\\/\\\/www.facebook.com\\\/Samostalni-sindikat-\u0161umarstva-prerade-drveta-i-papira-BiH-1740799582820896\\\/?ref=page_internal\"]},{\"@type\":\"Person\",\"@id\":\"https:\\\/\\\/ssspdp.ba\\\/#\\\/schema\\\/person\\\/77b88c32d46b46076c51b9e19371dc49\",\"name\":\"armin.hujic\",\"image\":{\"@type\":\"ImageObject\",\"inLanguage\":\"en-US\",\"@id\":\"https:\\\/\\\/secure.gravatar.com\\\/avatar\\\/d571c6935abfc375c9bb3ccb53d885ee37755eabf467f839a46e8d52a41b322a?s=96&d=mm&r=g\",\"url\":\"https:\\\/\\\/secure.gravatar.com\\\/avatar\\\/d571c6935abfc375c9bb3ccb53d885ee37755eabf467f839a46e8d52a41b322a?s=96&d=mm&r=g\",\"contentUrl\":\"https:\\\/\\\/secure.gravatar.com\\\/avatar\\\/d571c6935abfc375c9bb3ccb53d885ee37755eabf467f839a46e8d52a41b322a?s=96&d=mm&r=g\",\"caption\":\"armin.hujic\"},\"sameAs\":[\"http:\\\/\\\/novi-web.ssspdp.ba\"]}]}<\/script>\n<!-- \/ Yoast SEO plugin. -->","yoast_head_json":{"title":"Rad po mjeri \u010dovjeka - Samostalni sindikat \u0161umarstva, prerade drveta i papira Bosne i Hercegovine","robots":{"index":"index","follow":"follow","max-snippet":"max-snippet:-1","max-image-preview":"max-image-preview:large","max-video-preview":"max-video-preview:-1"},"canonical":"https:\/\/ssspdp.ba\/?p=507","og_locale":"en_US","og_type":"article","og_title":"Rad po mjeri \u010dovjeka - Samostalni sindikat \u0161umarstva, prerade drveta i papira Bosne i Hercegovine","og_description":"Odnose snaga mogu promijeniti samo organizirani radnici Pi\u0161e:Dijana \u0160obota18. septembra\/rujna 2020. U posljednje smo vrijeme navikli da politi\u010dari, pa \u010dak i poslodavci, sve \u010de\u0161\u0107e preko usta prevaljuju rije\u010di \u201esolidarnost\u201c i \u201epravednost\u201c. Bilo bi to naravno pohvalno i prijeko potrebno kad u praksi to ne bi zna\u010dilo jo\u0161 jedno ponavljanje obe\u0107anja bez konkretnih mjera i jo\u0161 [&hellip;]","og_url":"https:\/\/ssspdp.ba\/?p=507","og_site_name":"Samostalni sindikat \u0161umarstva, prerade drveta i papira Bosne i Hercegovine","article_publisher":"https:\/\/www.facebook.com\/Samostalni-sindikat-%c5%a1umarstva-prerade-drveta-i-papira-BiH-1740799582820896\/?ref=page_internal","article_published_time":"2020-09-22T10:22:00+00:00","article_modified_time":"2020-10-18T12:28:39+00:00","og_image":[{"width":610,"height":438,"url":"https:\/\/ssspdp.ba\/wp-content\/uploads\/2020\/10\/Rad-po-mjeri-covjeka.jpg","type":"image\/jpeg"}],"author":"armin.hujic","twitter_card":"summary_large_image","twitter_misc":{"Written by":"armin.hujic","Est. reading time":"5 minutes"},"schema":{"@context":"https:\/\/schema.org","@graph":[{"@type":"Article","@id":"https:\/\/ssspdp.ba\/?p=507#article","isPartOf":{"@id":"https:\/\/ssspdp.ba\/?p=507"},"author":{"name":"armin.hujic","@id":"https:\/\/ssspdp.ba\/#\/schema\/person\/77b88c32d46b46076c51b9e19371dc49"},"headline":"Rad po mjeri \u010dovjeka","datePublished":"2020-09-22T10:22:00+00:00","dateModified":"2020-10-18T12:28:39+00:00","mainEntityOfPage":{"@id":"https:\/\/ssspdp.ba\/?p=507"},"wordCount":991,"publisher":{"@id":"https:\/\/ssspdp.ba\/#organization"},"image":{"@id":"https:\/\/ssspdp.ba\/?p=507#primaryimage"},"thumbnailUrl":"https:\/\/ssspdp.ba\/wp-content\/uploads\/2020\/10\/Rad-po-mjeri-covjeka.jpg","articleSection":["Aktuelne teme"],"inLanguage":"en-US"},{"@type":"WebPage","@id":"https:\/\/ssspdp.ba\/?p=507","url":"https:\/\/ssspdp.ba\/?p=507","name":"Rad po mjeri \u010dovjeka - Samostalni sindikat \u0161umarstva, prerade drveta i papira Bosne i Hercegovine","isPartOf":{"@id":"https:\/\/ssspdp.ba\/#website"},"primaryImageOfPage":{"@id":"https:\/\/ssspdp.ba\/?p=507#primaryimage"},"image":{"@id":"https:\/\/ssspdp.ba\/?p=507#primaryimage"},"thumbnailUrl":"https:\/\/ssspdp.ba\/wp-content\/uploads\/2020\/10\/Rad-po-mjeri-covjeka.jpg","datePublished":"2020-09-22T10:22:00+00:00","dateModified":"2020-10-18T12:28:39+00:00","breadcrumb":{"@id":"https:\/\/ssspdp.ba\/?p=507#breadcrumb"},"inLanguage":"en-US","potentialAction":[{"@type":"ReadAction","target":["https:\/\/ssspdp.ba\/?p=507"]}]},{"@type":"ImageObject","inLanguage":"en-US","@id":"https:\/\/ssspdp.ba\/?p=507#primaryimage","url":"https:\/\/ssspdp.ba\/wp-content\/uploads\/2020\/10\/Rad-po-mjeri-covjeka.jpg","contentUrl":"https:\/\/ssspdp.ba\/wp-content\/uploads\/2020\/10\/Rad-po-mjeri-covjeka.jpg","width":610,"height":438},{"@type":"BreadcrumbList","@id":"https:\/\/ssspdp.ba\/?p=507#breadcrumb","itemListElement":[{"@type":"ListItem","position":1,"name":"Home","item":"https:\/\/ssspdp.ba\/"},{"@type":"ListItem","position":2,"name":"Rad po mjeri \u010dovjeka"}]},{"@type":"WebSite","@id":"https:\/\/ssspdp.ba\/#website","url":"https:\/\/ssspdp.ba\/","name":"Samostalni sindikat \u0161umarstva, prerade drveta i papira Bosne i Hercegovine","description":"","publisher":{"@id":"https:\/\/ssspdp.ba\/#organization"},"potentialAction":[{"@type":"SearchAction","target":{"@type":"EntryPoint","urlTemplate":"https:\/\/ssspdp.ba\/?s={search_term_string}"},"query-input":{"@type":"PropertyValueSpecification","valueRequired":true,"valueName":"search_term_string"}}],"inLanguage":"en-US"},{"@type":"Organization","@id":"https:\/\/ssspdp.ba\/#organization","name":"Samostalni sindikat \u0161umarstva, prerade drveta i papira Bosne i Hercegovine","url":"https:\/\/ssspdp.ba\/","logo":{"@type":"ImageObject","inLanguage":"en-US","@id":"https:\/\/ssspdp.ba\/#\/schema\/logo\/image\/","url":"https:\/\/ssspdp.ba\/wp-content\/uploads\/2020\/10\/web-logo.png","contentUrl":"https:\/\/ssspdp.ba\/wp-content\/uploads\/2020\/10\/web-logo.png","width":623,"height":100,"caption":"Samostalni sindikat \u0161umarstva, prerade drveta i papira Bosne i Hercegovine"},"image":{"@id":"https:\/\/ssspdp.ba\/#\/schema\/logo\/image\/"},"sameAs":["https:\/\/www.facebook.com\/Samostalni-sindikat-\u0161umarstva-prerade-drveta-i-papira-BiH-1740799582820896\/?ref=page_internal"]},{"@type":"Person","@id":"https:\/\/ssspdp.ba\/#\/schema\/person\/77b88c32d46b46076c51b9e19371dc49","name":"armin.hujic","image":{"@type":"ImageObject","inLanguage":"en-US","@id":"https:\/\/secure.gravatar.com\/avatar\/d571c6935abfc375c9bb3ccb53d885ee37755eabf467f839a46e8d52a41b322a?s=96&d=mm&r=g","url":"https:\/\/secure.gravatar.com\/avatar\/d571c6935abfc375c9bb3ccb53d885ee37755eabf467f839a46e8d52a41b322a?s=96&d=mm&r=g","contentUrl":"https:\/\/secure.gravatar.com\/avatar\/d571c6935abfc375c9bb3ccb53d885ee37755eabf467f839a46e8d52a41b322a?s=96&d=mm&r=g","caption":"armin.hujic"},"sameAs":["http:\/\/novi-web.ssspdp.ba"]}]}},"_links":{"self":[{"href":"https:\/\/ssspdp.ba\/index.php?rest_route=\/wp\/v2\/posts\/507","targetHints":{"allow":["GET"]}}],"collection":[{"href":"https:\/\/ssspdp.ba\/index.php?rest_route=\/wp\/v2\/posts"}],"about":[{"href":"https:\/\/ssspdp.ba\/index.php?rest_route=\/wp\/v2\/types\/post"}],"author":[{"embeddable":true,"href":"https:\/\/ssspdp.ba\/index.php?rest_route=\/wp\/v2\/users\/1"}],"replies":[{"embeddable":true,"href":"https:\/\/ssspdp.ba\/index.php?rest_route=%2Fwp%2Fv2%2Fcomments&post=507"}],"version-history":[{"count":3,"href":"https:\/\/ssspdp.ba\/index.php?rest_route=\/wp\/v2\/posts\/507\/revisions"}],"predecessor-version":[{"id":670,"href":"https:\/\/ssspdp.ba\/index.php?rest_route=\/wp\/v2\/posts\/507\/revisions\/670"}],"wp:featuredmedia":[{"embeddable":true,"href":"https:\/\/ssspdp.ba\/index.php?rest_route=\/wp\/v2\/media\/508"}],"wp:attachment":[{"href":"https:\/\/ssspdp.ba\/index.php?rest_route=%2Fwp%2Fv2%2Fmedia&parent=507"}],"wp:term":[{"taxonomy":"category","embeddable":true,"href":"https:\/\/ssspdp.ba\/index.php?rest_route=%2Fwp%2Fv2%2Fcategories&post=507"},{"taxonomy":"post_tag","embeddable":true,"href":"https:\/\/ssspdp.ba\/index.php?rest_route=%2Fwp%2Fv2%2Ftags&post=507"}],"curies":[{"name":"wp","href":"https:\/\/api.w.org\/{rel}","templated":true}]}}