{"id":801,"date":"2020-11-06T18:26:00","date_gmt":"2020-11-06T17:26:00","guid":{"rendered":"http:\/\/novi-web.ssspdp.ba\/?p=801"},"modified":"2020-11-26T18:27:37","modified_gmt":"2020-11-26T17:27:37","slug":"odrzan-drugi-sastanak-izmedu-uprave-i-sindikata-srednjobosanskih-suma-na-dnevnom-redu-kolektivni-ugovor-i-epidemioloska-situacija","status":"publish","type":"post","link":"https:\/\/ssspdp.ba\/?p=801","title":{"rendered":"ODR\u017dAN DRUGI SASTANAK IZME\u0110U UPRAVE I SINDIKATA \u201cSREDNJOBOSANSKIH \u0160UMA\u201d: NA DNEVNOM REDU KOLEKTIVNI UGOVOR I EPIDEMIOLO\u0160KA SITUACIJA"},"content":{"rendered":"\n<p>U \u010detvrtak, 05.11.2020. godine odr\u017ean je drugi sastanak u sklopu pregovora izme\u0111u Uprave i Sindikata \u0160PD \u201cSrednjobosanske \u0161ume\u201d\/\u0160GD \u201c\u0160ume Sredi\u0161nje Bosne\u201d d.o.o. Donji Vakuf na kojem je razmatran radni materijal, a potom i utvr\u0111en Prijedlog kolektivnog ugovora o pravima i obavezama radnika i poslodavca u \u0160PD \u201cSrednjobosanske \u0161ume\u201d\/\u0160GD \u201c\u0160ume Sredi\u0161nje Bosne\u201d d.o.o. Donji Vakuf.<\/p>\n\n\n\n<p>Na sastanku je tako\u0111e razmatrana i aktuelna situacija, sa posebnim osvrtom na epidemiolo\u0161ku situaciju u preduze\u0107u. Konstatovano je da su u Dru\u0161tvu, odmah po progla\u0161enju stanja nesre\u0107e usljed pandemije COVID-a 19, poduzete neophodne mjere u cilju preventivne za\u0161tite zdravlja radnika na radnom mjestu. U tu svrhu je formiran krizni \u0161tab u \u010dijem radu u\u010destvuje i predstavnik sindikata.<\/p>\n\n\n\n<p>Ukazano je na potrebu kontinuiranog zajedni\u010dkog djelovanja, te upozoravanja radnika na neophodnost pridr\u017eavanja mjera za\u0161tite na radu u cilju sprje\u010davanja \u0161irenja zaraze. Usljed \u010dinjenice da je situacija svakim danom sve slo\u017eenija, u narednom periodu \u0107e se nastaviti sa pra\u0107enjem stanja te postupati u skladu sa naredbama kriznih \u0161tabova FBiH i SBK, te drugih nadle\u017enih organa, ustanova i organizacija.<\/p>\n\n\n\n<p>Na sastanku su prisustvovali direktor Dru\u0161tva Vildan Haji\u0107, predsjednica SS\u0160PDP BIH Lejla \u0106ati\u0107 te \u010dlanovi sindikalnog odbora \u0160PD \u201cSrednjobosanske \u0161ume\u201d\/\u0160GD \u201c\u0160ume Sredi\u0161nje Bosne\u201d d.o.o. Donji Vakuf.<\/p>\n<span class=\"et_bloom_bottom_trigger\"><\/span>","protected":false},"excerpt":{"rendered":"<p>U \u010detvrtak, 05.11.2020. godine odr\u017ean je drugi sastanak u sklopu pregovora izme\u0111u Uprave i Sindikata \u0160PD \u201cSrednjobosanske \u0161ume\u201d\/\u0160GD \u201c\u0160ume Sredi\u0161nje Bosne\u201d d.o.o. Donji Vakuf na kojem je razmatran radni materijal, a potom i utvr\u0111en Prijedlog kolektivnog ugovora o pravima i obavezama radnika i poslodavca u \u0160PD \u201cSrednjobosanske \u0161ume\u201d\/\u0160GD \u201c\u0160ume Sredi\u0161nje Bosne\u201d d.o.o. Donji Vakuf. Na [&hellip;]<\/p>\n","protected":false},"author":1,"featured_media":802,"comment_status":"closed","ping_status":"open","sticky":false,"template":"","format":"standard","meta":{"_et_pb_use_builder":"off","_et_pb_old_content":"","_et_gb_content_width":"","footnotes":""},"categories":[32],"tags":[],"class_list":["post-801","post","type-post","status-publish","format-standard","has-post-thumbnail","hentry","category-novosti"],"yoast_head":"<!-- This site is optimized with the Yoast SEO plugin v27.5 - https:\/\/yoast.com\/product\/yoast-seo-wordpress\/ -->\n<title>ODR\u017dAN DRUGI SASTANAK IZME\u0110U UPRAVE I SINDIKATA \u201cSREDNJOBOSANSKIH \u0160UMA\u201d: NA DNEVNOM REDU KOLEKTIVNI UGOVOR I EPIDEMIOLO\u0160KA SITUACIJA - Samostalni sindikat \u0161umarstva, prerade drveta i papira Bosne i Hercegovine<\/title>\n<meta name=\"robots\" content=\"index, follow, max-snippet:-1, max-image-preview:large, max-video-preview:-1\" \/>\n<link rel=\"canonical\" href=\"https:\/\/ssspdp.ba\/?p=801\" \/>\n<meta property=\"og:locale\" content=\"en_US\" \/>\n<meta property=\"og:type\" content=\"article\" \/>\n<meta property=\"og:title\" content=\"ODR\u017dAN DRUGI SASTANAK IZME\u0110U UPRAVE I SINDIKATA \u201cSREDNJOBOSANSKIH \u0160UMA\u201d: NA DNEVNOM REDU KOLEKTIVNI UGOVOR I EPIDEMIOLO\u0160KA SITUACIJA - Samostalni sindikat \u0161umarstva, prerade drveta i papira Bosne i Hercegovine\" \/>\n<meta property=\"og:description\" content=\"U \u010detvrtak, 05.11.2020. godine odr\u017ean je drugi sastanak u sklopu pregovora izme\u0111u Uprave i Sindikata \u0160PD \u201cSrednjobosanske \u0161ume\u201d\/\u0160GD \u201c\u0160ume Sredi\u0161nje Bosne\u201d d.o.o. Donji Vakuf na kojem je razmatran radni materijal, a potom i utvr\u0111en Prijedlog kolektivnog ugovora o pravima i obavezama radnika i poslodavca u \u0160PD \u201cSrednjobosanske \u0161ume\u201d\/\u0160GD \u201c\u0160ume Sredi\u0161nje Bosne\u201d d.o.o. Donji Vakuf. Na [&hellip;]\" \/>\n<meta property=\"og:url\" content=\"https:\/\/ssspdp.ba\/?p=801\" \/>\n<meta property=\"og:site_name\" content=\"Samostalni sindikat \u0161umarstva, prerade drveta i papira Bosne i Hercegovine\" \/>\n<meta property=\"article:publisher\" content=\"https:\/\/www.facebook.com\/Samostalni-sindikat-%c5%a1umarstva-prerade-drveta-i-papira-BiH-1740799582820896\/?ref=page_internal\" \/>\n<meta property=\"article:published_time\" content=\"2020-11-06T17:26:00+00:00\" \/>\n<meta property=\"article:modified_time\" content=\"2020-11-26T17:27:37+00:00\" \/>\n<meta property=\"og:image\" content=\"https:\/\/ssspdp.ba\/wp-content\/uploads\/2020\/11\/viber_image.jpg\" \/>\n\t<meta property=\"og:image:width\" content=\"854\" \/>\n\t<meta property=\"og:image:height\" content=\"641\" \/>\n\t<meta property=\"og:image:type\" content=\"image\/jpeg\" \/>\n<meta name=\"author\" content=\"armin.hujic\" \/>\n<meta name=\"twitter:card\" content=\"summary_large_image\" \/>\n<meta name=\"twitter:label1\" content=\"Written by\" \/>\n\t<meta name=\"twitter:data1\" content=\"armin.hujic\" \/>\n\t<meta name=\"twitter:label2\" content=\"Est. reading time\" \/>\n\t<meta name=\"twitter:data2\" content=\"1 minute\" \/>\n<script type=\"application\/ld+json\" class=\"yoast-schema-graph\">{\"@context\":\"https:\\\/\\\/schema.org\",\"@graph\":[{\"@type\":\"Article\",\"@id\":\"https:\\\/\\\/ssspdp.ba\\\/?p=801#article\",\"isPartOf\":{\"@id\":\"https:\\\/\\\/ssspdp.ba\\\/?p=801\"},\"author\":{\"name\":\"armin.hujic\",\"@id\":\"https:\\\/\\\/ssspdp.ba\\\/#\\\/schema\\\/person\\\/77b88c32d46b46076c51b9e19371dc49\"},\"headline\":\"ODR\u017dAN DRUGI SASTANAK IZME\u0110U UPRAVE I SINDIKATA \u201cSREDNJOBOSANSKIH \u0160UMA\u201d: NA DNEVNOM REDU KOLEKTIVNI UGOVOR I EPIDEMIOLO\u0160KA SITUACIJA\",\"datePublished\":\"2020-11-06T17:26:00+00:00\",\"dateModified\":\"2020-11-26T17:27:37+00:00\",\"mainEntityOfPage\":{\"@id\":\"https:\\\/\\\/ssspdp.ba\\\/?p=801\"},\"wordCount\":245,\"publisher\":{\"@id\":\"https:\\\/\\\/ssspdp.ba\\\/#organization\"},\"image\":{\"@id\":\"https:\\\/\\\/ssspdp.ba\\\/?p=801#primaryimage\"},\"thumbnailUrl\":\"https:\\\/\\\/ssspdp.ba\\\/wp-content\\\/uploads\\\/2020\\\/11\\\/viber_image.jpg\",\"articleSection\":[\"Novosti\"],\"inLanguage\":\"en-US\"},{\"@type\":\"WebPage\",\"@id\":\"https:\\\/\\\/ssspdp.ba\\\/?p=801\",\"url\":\"https:\\\/\\\/ssspdp.ba\\\/?p=801\",\"name\":\"ODR\u017dAN DRUGI SASTANAK IZME\u0110U UPRAVE I SINDIKATA \u201cSREDNJOBOSANSKIH \u0160UMA\u201d: NA DNEVNOM REDU KOLEKTIVNI UGOVOR I EPIDEMIOLO\u0160KA SITUACIJA - Samostalni sindikat \u0161umarstva, prerade drveta i papira Bosne i Hercegovine\",\"isPartOf\":{\"@id\":\"https:\\\/\\\/ssspdp.ba\\\/#website\"},\"primaryImageOfPage\":{\"@id\":\"https:\\\/\\\/ssspdp.ba\\\/?p=801#primaryimage\"},\"image\":{\"@id\":\"https:\\\/\\\/ssspdp.ba\\\/?p=801#primaryimage\"},\"thumbnailUrl\":\"https:\\\/\\\/ssspdp.ba\\\/wp-content\\\/uploads\\\/2020\\\/11\\\/viber_image.jpg\",\"datePublished\":\"2020-11-06T17:26:00+00:00\",\"dateModified\":\"2020-11-26T17:27:37+00:00\",\"breadcrumb\":{\"@id\":\"https:\\\/\\\/ssspdp.ba\\\/?p=801#breadcrumb\"},\"inLanguage\":\"en-US\",\"potentialAction\":[{\"@type\":\"ReadAction\",\"target\":[\"https:\\\/\\\/ssspdp.ba\\\/?p=801\"]}]},{\"@type\":\"ImageObject\",\"inLanguage\":\"en-US\",\"@id\":\"https:\\\/\\\/ssspdp.ba\\\/?p=801#primaryimage\",\"url\":\"https:\\\/\\\/ssspdp.ba\\\/wp-content\\\/uploads\\\/2020\\\/11\\\/viber_image.jpg\",\"contentUrl\":\"https:\\\/\\\/ssspdp.ba\\\/wp-content\\\/uploads\\\/2020\\\/11\\\/viber_image.jpg\",\"width\":854,\"height\":641},{\"@type\":\"BreadcrumbList\",\"@id\":\"https:\\\/\\\/ssspdp.ba\\\/?p=801#breadcrumb\",\"itemListElement\":[{\"@type\":\"ListItem\",\"position\":1,\"name\":\"Home\",\"item\":\"https:\\\/\\\/ssspdp.ba\\\/\"},{\"@type\":\"ListItem\",\"position\":2,\"name\":\"ODR\u017dAN DRUGI SASTANAK IZME\u0110U UPRAVE I SINDIKATA \u201cSREDNJOBOSANSKIH \u0160UMA\u201d: NA DNEVNOM REDU KOLEKTIVNI UGOVOR I EPIDEMIOLO\u0160KA SITUACIJA\"}]},{\"@type\":\"WebSite\",\"@id\":\"https:\\\/\\\/ssspdp.ba\\\/#website\",\"url\":\"https:\\\/\\\/ssspdp.ba\\\/\",\"name\":\"Samostalni sindikat \u0161umarstva, prerade drveta i papira Bosne i Hercegovine\",\"description\":\"\",\"publisher\":{\"@id\":\"https:\\\/\\\/ssspdp.ba\\\/#organization\"},\"potentialAction\":[{\"@type\":\"SearchAction\",\"target\":{\"@type\":\"EntryPoint\",\"urlTemplate\":\"https:\\\/\\\/ssspdp.ba\\\/?s={search_term_string}\"},\"query-input\":{\"@type\":\"PropertyValueSpecification\",\"valueRequired\":true,\"valueName\":\"search_term_string\"}}],\"inLanguage\":\"en-US\"},{\"@type\":\"Organization\",\"@id\":\"https:\\\/\\\/ssspdp.ba\\\/#organization\",\"name\":\"Samostalni sindikat \u0161umarstva, prerade drveta i papira Bosne i Hercegovine\",\"url\":\"https:\\\/\\\/ssspdp.ba\\\/\",\"logo\":{\"@type\":\"ImageObject\",\"inLanguage\":\"en-US\",\"@id\":\"https:\\\/\\\/ssspdp.ba\\\/#\\\/schema\\\/logo\\\/image\\\/\",\"url\":\"https:\\\/\\\/ssspdp.ba\\\/wp-content\\\/uploads\\\/2020\\\/10\\\/web-logo.png\",\"contentUrl\":\"https:\\\/\\\/ssspdp.ba\\\/wp-content\\\/uploads\\\/2020\\\/10\\\/web-logo.png\",\"width\":623,\"height\":100,\"caption\":\"Samostalni sindikat \u0161umarstva, prerade drveta i papira Bosne i Hercegovine\"},\"image\":{\"@id\":\"https:\\\/\\\/ssspdp.ba\\\/#\\\/schema\\\/logo\\\/image\\\/\"},\"sameAs\":[\"https:\\\/\\\/www.facebook.com\\\/Samostalni-sindikat-\u0161umarstva-prerade-drveta-i-papira-BiH-1740799582820896\\\/?ref=page_internal\"]},{\"@type\":\"Person\",\"@id\":\"https:\\\/\\\/ssspdp.ba\\\/#\\\/schema\\\/person\\\/77b88c32d46b46076c51b9e19371dc49\",\"name\":\"armin.hujic\",\"image\":{\"@type\":\"ImageObject\",\"inLanguage\":\"en-US\",\"@id\":\"https:\\\/\\\/secure.gravatar.com\\\/avatar\\\/d571c6935abfc375c9bb3ccb53d885ee37755eabf467f839a46e8d52a41b322a?s=96&d=mm&r=g\",\"url\":\"https:\\\/\\\/secure.gravatar.com\\\/avatar\\\/d571c6935abfc375c9bb3ccb53d885ee37755eabf467f839a46e8d52a41b322a?s=96&d=mm&r=g\",\"contentUrl\":\"https:\\\/\\\/secure.gravatar.com\\\/avatar\\\/d571c6935abfc375c9bb3ccb53d885ee37755eabf467f839a46e8d52a41b322a?s=96&d=mm&r=g\",\"caption\":\"armin.hujic\"},\"sameAs\":[\"http:\\\/\\\/novi-web.ssspdp.ba\"]}]}<\/script>\n<!-- \/ Yoast SEO plugin. -->","yoast_head_json":{"title":"ODR\u017dAN DRUGI SASTANAK IZME\u0110U UPRAVE I SINDIKATA \u201cSREDNJOBOSANSKIH \u0160UMA\u201d: NA DNEVNOM REDU KOLEKTIVNI UGOVOR I EPIDEMIOLO\u0160KA SITUACIJA - Samostalni sindikat \u0161umarstva, prerade drveta i papira Bosne i Hercegovine","robots":{"index":"index","follow":"follow","max-snippet":"max-snippet:-1","max-image-preview":"max-image-preview:large","max-video-preview":"max-video-preview:-1"},"canonical":"https:\/\/ssspdp.ba\/?p=801","og_locale":"en_US","og_type":"article","og_title":"ODR\u017dAN DRUGI SASTANAK IZME\u0110U UPRAVE I SINDIKATA \u201cSREDNJOBOSANSKIH \u0160UMA\u201d: NA DNEVNOM REDU KOLEKTIVNI UGOVOR I EPIDEMIOLO\u0160KA SITUACIJA - Samostalni sindikat \u0161umarstva, prerade drveta i papira Bosne i Hercegovine","og_description":"U \u010detvrtak, 05.11.2020. godine odr\u017ean je drugi sastanak u sklopu pregovora izme\u0111u Uprave i Sindikata \u0160PD \u201cSrednjobosanske \u0161ume\u201d\/\u0160GD \u201c\u0160ume Sredi\u0161nje Bosne\u201d d.o.o. Donji Vakuf na kojem je razmatran radni materijal, a potom i utvr\u0111en Prijedlog kolektivnog ugovora o pravima i obavezama radnika i poslodavca u \u0160PD \u201cSrednjobosanske \u0161ume\u201d\/\u0160GD \u201c\u0160ume Sredi\u0161nje Bosne\u201d d.o.o. Donji Vakuf. Na [&hellip;]","og_url":"https:\/\/ssspdp.ba\/?p=801","og_site_name":"Samostalni sindikat \u0161umarstva, prerade drveta i papira Bosne i Hercegovine","article_publisher":"https:\/\/www.facebook.com\/Samostalni-sindikat-%c5%a1umarstva-prerade-drveta-i-papira-BiH-1740799582820896\/?ref=page_internal","article_published_time":"2020-11-06T17:26:00+00:00","article_modified_time":"2020-11-26T17:27:37+00:00","og_image":[{"width":854,"height":641,"url":"https:\/\/ssspdp.ba\/wp-content\/uploads\/2020\/11\/viber_image.jpg","type":"image\/jpeg"}],"author":"armin.hujic","twitter_card":"summary_large_image","twitter_misc":{"Written by":"armin.hujic","Est. reading time":"1 minute"},"schema":{"@context":"https:\/\/schema.org","@graph":[{"@type":"Article","@id":"https:\/\/ssspdp.ba\/?p=801#article","isPartOf":{"@id":"https:\/\/ssspdp.ba\/?p=801"},"author":{"name":"armin.hujic","@id":"https:\/\/ssspdp.ba\/#\/schema\/person\/77b88c32d46b46076c51b9e19371dc49"},"headline":"ODR\u017dAN DRUGI SASTANAK IZME\u0110U UPRAVE I SINDIKATA \u201cSREDNJOBOSANSKIH \u0160UMA\u201d: NA DNEVNOM REDU KOLEKTIVNI UGOVOR I EPIDEMIOLO\u0160KA SITUACIJA","datePublished":"2020-11-06T17:26:00+00:00","dateModified":"2020-11-26T17:27:37+00:00","mainEntityOfPage":{"@id":"https:\/\/ssspdp.ba\/?p=801"},"wordCount":245,"publisher":{"@id":"https:\/\/ssspdp.ba\/#organization"},"image":{"@id":"https:\/\/ssspdp.ba\/?p=801#primaryimage"},"thumbnailUrl":"https:\/\/ssspdp.ba\/wp-content\/uploads\/2020\/11\/viber_image.jpg","articleSection":["Novosti"],"inLanguage":"en-US"},{"@type":"WebPage","@id":"https:\/\/ssspdp.ba\/?p=801","url":"https:\/\/ssspdp.ba\/?p=801","name":"ODR\u017dAN DRUGI SASTANAK IZME\u0110U UPRAVE I SINDIKATA \u201cSREDNJOBOSANSKIH \u0160UMA\u201d: NA DNEVNOM REDU KOLEKTIVNI UGOVOR I EPIDEMIOLO\u0160KA SITUACIJA - Samostalni sindikat \u0161umarstva, prerade drveta i papira Bosne i Hercegovine","isPartOf":{"@id":"https:\/\/ssspdp.ba\/#website"},"primaryImageOfPage":{"@id":"https:\/\/ssspdp.ba\/?p=801#primaryimage"},"image":{"@id":"https:\/\/ssspdp.ba\/?p=801#primaryimage"},"thumbnailUrl":"https:\/\/ssspdp.ba\/wp-content\/uploads\/2020\/11\/viber_image.jpg","datePublished":"2020-11-06T17:26:00+00:00","dateModified":"2020-11-26T17:27:37+00:00","breadcrumb":{"@id":"https:\/\/ssspdp.ba\/?p=801#breadcrumb"},"inLanguage":"en-US","potentialAction":[{"@type":"ReadAction","target":["https:\/\/ssspdp.ba\/?p=801"]}]},{"@type":"ImageObject","inLanguage":"en-US","@id":"https:\/\/ssspdp.ba\/?p=801#primaryimage","url":"https:\/\/ssspdp.ba\/wp-content\/uploads\/2020\/11\/viber_image.jpg","contentUrl":"https:\/\/ssspdp.ba\/wp-content\/uploads\/2020\/11\/viber_image.jpg","width":854,"height":641},{"@type":"BreadcrumbList","@id":"https:\/\/ssspdp.ba\/?p=801#breadcrumb","itemListElement":[{"@type":"ListItem","position":1,"name":"Home","item":"https:\/\/ssspdp.ba\/"},{"@type":"ListItem","position":2,"name":"ODR\u017dAN DRUGI SASTANAK IZME\u0110U UPRAVE I SINDIKATA \u201cSREDNJOBOSANSKIH \u0160UMA\u201d: NA DNEVNOM REDU KOLEKTIVNI UGOVOR I EPIDEMIOLO\u0160KA SITUACIJA"}]},{"@type":"WebSite","@id":"https:\/\/ssspdp.ba\/#website","url":"https:\/\/ssspdp.ba\/","name":"Samostalni sindikat \u0161umarstva, prerade drveta i papira Bosne i Hercegovine","description":"","publisher":{"@id":"https:\/\/ssspdp.ba\/#organization"},"potentialAction":[{"@type":"SearchAction","target":{"@type":"EntryPoint","urlTemplate":"https:\/\/ssspdp.ba\/?s={search_term_string}"},"query-input":{"@type":"PropertyValueSpecification","valueRequired":true,"valueName":"search_term_string"}}],"inLanguage":"en-US"},{"@type":"Organization","@id":"https:\/\/ssspdp.ba\/#organization","name":"Samostalni sindikat \u0161umarstva, prerade drveta i papira Bosne i Hercegovine","url":"https:\/\/ssspdp.ba\/","logo":{"@type":"ImageObject","inLanguage":"en-US","@id":"https:\/\/ssspdp.ba\/#\/schema\/logo\/image\/","url":"https:\/\/ssspdp.ba\/wp-content\/uploads\/2020\/10\/web-logo.png","contentUrl":"https:\/\/ssspdp.ba\/wp-content\/uploads\/2020\/10\/web-logo.png","width":623,"height":100,"caption":"Samostalni sindikat \u0161umarstva, prerade drveta i papira Bosne i Hercegovine"},"image":{"@id":"https:\/\/ssspdp.ba\/#\/schema\/logo\/image\/"},"sameAs":["https:\/\/www.facebook.com\/Samostalni-sindikat-\u0161umarstva-prerade-drveta-i-papira-BiH-1740799582820896\/?ref=page_internal"]},{"@type":"Person","@id":"https:\/\/ssspdp.ba\/#\/schema\/person\/77b88c32d46b46076c51b9e19371dc49","name":"armin.hujic","image":{"@type":"ImageObject","inLanguage":"en-US","@id":"https:\/\/secure.gravatar.com\/avatar\/d571c6935abfc375c9bb3ccb53d885ee37755eabf467f839a46e8d52a41b322a?s=96&d=mm&r=g","url":"https:\/\/secure.gravatar.com\/avatar\/d571c6935abfc375c9bb3ccb53d885ee37755eabf467f839a46e8d52a41b322a?s=96&d=mm&r=g","contentUrl":"https:\/\/secure.gravatar.com\/avatar\/d571c6935abfc375c9bb3ccb53d885ee37755eabf467f839a46e8d52a41b322a?s=96&d=mm&r=g","caption":"armin.hujic"},"sameAs":["http:\/\/novi-web.ssspdp.ba"]}]}},"_links":{"self":[{"href":"https:\/\/ssspdp.ba\/index.php?rest_route=\/wp\/v2\/posts\/801","targetHints":{"allow":["GET"]}}],"collection":[{"href":"https:\/\/ssspdp.ba\/index.php?rest_route=\/wp\/v2\/posts"}],"about":[{"href":"https:\/\/ssspdp.ba\/index.php?rest_route=\/wp\/v2\/types\/post"}],"author":[{"embeddable":true,"href":"https:\/\/ssspdp.ba\/index.php?rest_route=\/wp\/v2\/users\/1"}],"replies":[{"embeddable":true,"href":"https:\/\/ssspdp.ba\/index.php?rest_route=%2Fwp%2Fv2%2Fcomments&post=801"}],"version-history":[{"count":1,"href":"https:\/\/ssspdp.ba\/index.php?rest_route=\/wp\/v2\/posts\/801\/revisions"}],"predecessor-version":[{"id":803,"href":"https:\/\/ssspdp.ba\/index.php?rest_route=\/wp\/v2\/posts\/801\/revisions\/803"}],"wp:featuredmedia":[{"embeddable":true,"href":"https:\/\/ssspdp.ba\/index.php?rest_route=\/wp\/v2\/media\/802"}],"wp:attachment":[{"href":"https:\/\/ssspdp.ba\/index.php?rest_route=%2Fwp%2Fv2%2Fmedia&parent=801"}],"wp:term":[{"taxonomy":"category","embeddable":true,"href":"https:\/\/ssspdp.ba\/index.php?rest_route=%2Fwp%2Fv2%2Fcategories&post=801"},{"taxonomy":"post_tag","embeddable":true,"href":"https:\/\/ssspdp.ba\/index.php?rest_route=%2Fwp%2Fv2%2Ftags&post=801"}],"curies":[{"name":"wp","href":"https:\/\/api.w.org\/{rel}","templated":true}]}}