{"id":804,"date":"2020-11-13T18:27:00","date_gmt":"2020-11-13T17:27:00","guid":{"rendered":"http:\/\/novi-web.ssspdp.ba\/?p=804"},"modified":"2020-11-26T18:29:13","modified_gmt":"2020-11-26T17:29:13","slug":"pandemija-i-radnici-nuzno-je-da-se-radnici-informisu-o-svojim-pravima-u-slucaju-izolacije","status":"publish","type":"post","link":"https:\/\/ssspdp.ba\/?p=804","title":{"rendered":"PANDEMIJA I RADNICI: NU\u017dNO JE DA SE RADNICI INFORMI\u0160U O SVOJIM PRAVIMA U SLU\u010cAJU IZOLACIJE"},"content":{"rendered":"\n<p>Epidemiolo\u0161ka situacija u BiH se pogor\u0161ava. Veliki broj je oboljelih gra\u0111ana koji iz dana u dan vrtoglavo raste. Poseban problem \u010dine klasteri virusa u radnim kolektivima, a naro\u010dito na lokacijama na kojim je ve\u0107i broj zaposlenih i na kojim nije mogu\u0107e organizirati rad u smjenama niti obezbijediti naizmjeni\u010dan boravak radnika u radnom prostoru.<\/p>\n\n\n\n<p><strong>Mnogi gra\u0111ani i radnici, ali kako primje\u0107ujemo i mnogi poslodavci, su zbunjeni i nisu dovoljno informisani kada je u pitanju regulisanje statusa radnika koji su dobili rje\u0161enje o izolaciji, te o ostvarivanju prava takvih lica.<\/strong><\/p>\n\n\n\n<p>Odredba \u010dlana 47. Zakona o za\u0161titi stanovni\u0161tva od zaraznih bolesti&nbsp; \/\u201dsl. novine FBiH\u201d br:\/ glasi:<\/p>\n\n\n\n<p>\u201cKu\u0107na izolacija provodi se u svim slu\u010dajevima kada se na osnovu ocjene epidemiolo\u0161ke ugro\u017eenosti izoluju \u010dlanovi porodice za koje postoji sumnja da su oboljeli od zaraznih bolesti, a koja se mora isklju\u010diti klini\u010dkim i dijagnosti\u010dkim metodama. O ku\u0107noj izolaciji odlu\u010duje nadle\u017eni kantonalni ministar na osnovu epidemiolo\u0161kog izvje\u0161taja nadle\u017enog kantonalnog zavoda, uz konsultovanje stru\u010dnog ekspertskog tima nadle\u017enog kantona u roku od 24 sata, rje\u0161enjem protiv kojeg je dozvoljena \u017ealba koja ne odla\u017ee izvr\u0161enje. Ku\u0107na izolacija traje dok se zarazna bolest klini\u010dki i dijagnosti\u010dki ne isklju\u010di.&nbsp;<strong>Tro\u0161kovi ku\u0107ne izolacije padaju na teret bud\u017eeta kantona<\/strong>.\u201d<\/p>\n\n\n\n<p>Sa tekstom zakona i prate\u0107ih pravilnika mo\u017eete se upoznati na ovoj web-stranici, u rubrici \u201cPropisi\u201d.<\/p>\n<span class=\"et_bloom_bottom_trigger\"><\/span>","protected":false},"excerpt":{"rendered":"<p>Epidemiolo\u0161ka situacija u BiH se pogor\u0161ava. Veliki broj je oboljelih gra\u0111ana koji iz dana u dan vrtoglavo raste. Poseban problem \u010dine klasteri virusa u radnim kolektivima, a naro\u010dito na lokacijama na kojim je ve\u0107i broj zaposlenih i na kojim nije mogu\u0107e organizirati rad u smjenama niti obezbijediti naizmjeni\u010dan boravak radnika u radnom prostoru. Mnogi gra\u0111ani [&hellip;]<\/p>\n","protected":false},"author":1,"featured_media":805,"comment_status":"closed","ping_status":"open","sticky":false,"template":"","format":"standard","meta":{"_et_pb_use_builder":"off","_et_pb_old_content":"","_et_gb_content_width":"","footnotes":""},"categories":[32],"tags":[],"class_list":["post-804","post","type-post","status-publish","format-standard","has-post-thumbnail","hentry","category-novosti"],"yoast_head":"<!-- This site is optimized with the Yoast SEO plugin v27.5 - https:\/\/yoast.com\/product\/yoast-seo-wordpress\/ -->\n<title>PANDEMIJA I RADNICI: NU\u017dNO JE DA SE RADNICI INFORMI\u0160U O SVOJIM PRAVIMA U SLU\u010cAJU IZOLACIJE - Samostalni sindikat \u0161umarstva, prerade drveta i papira Bosne i Hercegovine<\/title>\n<meta name=\"robots\" content=\"index, follow, max-snippet:-1, max-image-preview:large, max-video-preview:-1\" \/>\n<link rel=\"canonical\" href=\"https:\/\/ssspdp.ba\/?p=804\" \/>\n<meta property=\"og:locale\" content=\"en_US\" \/>\n<meta property=\"og:type\" content=\"article\" \/>\n<meta property=\"og:title\" content=\"PANDEMIJA I RADNICI: NU\u017dNO JE DA SE RADNICI INFORMI\u0160U O SVOJIM PRAVIMA U SLU\u010cAJU IZOLACIJE - Samostalni sindikat \u0161umarstva, prerade drveta i papira Bosne i Hercegovine\" \/>\n<meta property=\"og:description\" content=\"Epidemiolo\u0161ka situacija u BiH se pogor\u0161ava. Veliki broj je oboljelih gra\u0111ana koji iz dana u dan vrtoglavo raste. Poseban problem \u010dine klasteri virusa u radnim kolektivima, a naro\u010dito na lokacijama na kojim je ve\u0107i broj zaposlenih i na kojim nije mogu\u0107e organizirati rad u smjenama niti obezbijediti naizmjeni\u010dan boravak radnika u radnom prostoru. Mnogi gra\u0111ani [&hellip;]\" \/>\n<meta property=\"og:url\" content=\"https:\/\/ssspdp.ba\/?p=804\" \/>\n<meta property=\"og:site_name\" content=\"Samostalni sindikat \u0161umarstva, prerade drveta i papira Bosne i Hercegovine\" \/>\n<meta property=\"article:publisher\" content=\"https:\/\/www.facebook.com\/Samostalni-sindikat-%c5%a1umarstva-prerade-drveta-i-papira-BiH-1740799582820896\/?ref=page_internal\" \/>\n<meta property=\"article:published_time\" content=\"2020-11-13T17:27:00+00:00\" \/>\n<meta property=\"article:modified_time\" content=\"2020-11-26T17:29:13+00:00\" \/>\n<meta property=\"og:image\" content=\"https:\/\/ssspdp.ba\/wp-content\/uploads\/2020\/11\/skynews-coronavirus-self-isolation_4947430.png\" \/>\n\t<meta property=\"og:image:width\" content=\"1520\" \/>\n\t<meta property=\"og:image:height\" content=\"829\" \/>\n\t<meta property=\"og:image:type\" content=\"image\/png\" \/>\n<meta name=\"author\" content=\"armin.hujic\" \/>\n<meta name=\"twitter:card\" content=\"summary_large_image\" \/>\n<meta name=\"twitter:label1\" content=\"Written by\" \/>\n\t<meta name=\"twitter:data1\" content=\"armin.hujic\" \/>\n\t<meta name=\"twitter:label2\" content=\"Est. reading time\" \/>\n\t<meta name=\"twitter:data2\" content=\"1 minute\" \/>\n<script type=\"application\/ld+json\" class=\"yoast-schema-graph\">{\"@context\":\"https:\\\/\\\/schema.org\",\"@graph\":[{\"@type\":\"Article\",\"@id\":\"https:\\\/\\\/ssspdp.ba\\\/?p=804#article\",\"isPartOf\":{\"@id\":\"https:\\\/\\\/ssspdp.ba\\\/?p=804\"},\"author\":{\"name\":\"armin.hujic\",\"@id\":\"https:\\\/\\\/ssspdp.ba\\\/#\\\/schema\\\/person\\\/77b88c32d46b46076c51b9e19371dc49\"},\"headline\":\"PANDEMIJA I RADNICI: NU\u017dNO JE DA SE RADNICI INFORMI\u0160U O SVOJIM PRAVIMA U SLU\u010cAJU IZOLACIJE\",\"datePublished\":\"2020-11-13T17:27:00+00:00\",\"dateModified\":\"2020-11-26T17:29:13+00:00\",\"mainEntityOfPage\":{\"@id\":\"https:\\\/\\\/ssspdp.ba\\\/?p=804\"},\"wordCount\":267,\"publisher\":{\"@id\":\"https:\\\/\\\/ssspdp.ba\\\/#organization\"},\"image\":{\"@id\":\"https:\\\/\\\/ssspdp.ba\\\/?p=804#primaryimage\"},\"thumbnailUrl\":\"https:\\\/\\\/ssspdp.ba\\\/wp-content\\\/uploads\\\/2020\\\/11\\\/skynews-coronavirus-self-isolation_4947430.png\",\"articleSection\":[\"Novosti\"],\"inLanguage\":\"en-US\"},{\"@type\":\"WebPage\",\"@id\":\"https:\\\/\\\/ssspdp.ba\\\/?p=804\",\"url\":\"https:\\\/\\\/ssspdp.ba\\\/?p=804\",\"name\":\"PANDEMIJA I RADNICI: NU\u017dNO JE DA SE RADNICI INFORMI\u0160U O SVOJIM PRAVIMA U SLU\u010cAJU IZOLACIJE - Samostalni sindikat \u0161umarstva, prerade drveta i papira Bosne i Hercegovine\",\"isPartOf\":{\"@id\":\"https:\\\/\\\/ssspdp.ba\\\/#website\"},\"primaryImageOfPage\":{\"@id\":\"https:\\\/\\\/ssspdp.ba\\\/?p=804#primaryimage\"},\"image\":{\"@id\":\"https:\\\/\\\/ssspdp.ba\\\/?p=804#primaryimage\"},\"thumbnailUrl\":\"https:\\\/\\\/ssspdp.ba\\\/wp-content\\\/uploads\\\/2020\\\/11\\\/skynews-coronavirus-self-isolation_4947430.png\",\"datePublished\":\"2020-11-13T17:27:00+00:00\",\"dateModified\":\"2020-11-26T17:29:13+00:00\",\"breadcrumb\":{\"@id\":\"https:\\\/\\\/ssspdp.ba\\\/?p=804#breadcrumb\"},\"inLanguage\":\"en-US\",\"potentialAction\":[{\"@type\":\"ReadAction\",\"target\":[\"https:\\\/\\\/ssspdp.ba\\\/?p=804\"]}]},{\"@type\":\"ImageObject\",\"inLanguage\":\"en-US\",\"@id\":\"https:\\\/\\\/ssspdp.ba\\\/?p=804#primaryimage\",\"url\":\"https:\\\/\\\/ssspdp.ba\\\/wp-content\\\/uploads\\\/2020\\\/11\\\/skynews-coronavirus-self-isolation_4947430.png\",\"contentUrl\":\"https:\\\/\\\/ssspdp.ba\\\/wp-content\\\/uploads\\\/2020\\\/11\\\/skynews-coronavirus-self-isolation_4947430.png\",\"width\":1520,\"height\":829},{\"@type\":\"BreadcrumbList\",\"@id\":\"https:\\\/\\\/ssspdp.ba\\\/?p=804#breadcrumb\",\"itemListElement\":[{\"@type\":\"ListItem\",\"position\":1,\"name\":\"Home\",\"item\":\"https:\\\/\\\/ssspdp.ba\\\/\"},{\"@type\":\"ListItem\",\"position\":2,\"name\":\"PANDEMIJA I RADNICI: NU\u017dNO JE DA SE RADNICI INFORMI\u0160U O SVOJIM PRAVIMA U SLU\u010cAJU IZOLACIJE\"}]},{\"@type\":\"WebSite\",\"@id\":\"https:\\\/\\\/ssspdp.ba\\\/#website\",\"url\":\"https:\\\/\\\/ssspdp.ba\\\/\",\"name\":\"Samostalni sindikat \u0161umarstva, prerade drveta i papira Bosne i Hercegovine\",\"description\":\"\",\"publisher\":{\"@id\":\"https:\\\/\\\/ssspdp.ba\\\/#organization\"},\"potentialAction\":[{\"@type\":\"SearchAction\",\"target\":{\"@type\":\"EntryPoint\",\"urlTemplate\":\"https:\\\/\\\/ssspdp.ba\\\/?s={search_term_string}\"},\"query-input\":{\"@type\":\"PropertyValueSpecification\",\"valueRequired\":true,\"valueName\":\"search_term_string\"}}],\"inLanguage\":\"en-US\"},{\"@type\":\"Organization\",\"@id\":\"https:\\\/\\\/ssspdp.ba\\\/#organization\",\"name\":\"Samostalni sindikat \u0161umarstva, prerade drveta i papira Bosne i Hercegovine\",\"url\":\"https:\\\/\\\/ssspdp.ba\\\/\",\"logo\":{\"@type\":\"ImageObject\",\"inLanguage\":\"en-US\",\"@id\":\"https:\\\/\\\/ssspdp.ba\\\/#\\\/schema\\\/logo\\\/image\\\/\",\"url\":\"https:\\\/\\\/ssspdp.ba\\\/wp-content\\\/uploads\\\/2020\\\/10\\\/web-logo.png\",\"contentUrl\":\"https:\\\/\\\/ssspdp.ba\\\/wp-content\\\/uploads\\\/2020\\\/10\\\/web-logo.png\",\"width\":623,\"height\":100,\"caption\":\"Samostalni sindikat \u0161umarstva, prerade drveta i papira Bosne i Hercegovine\"},\"image\":{\"@id\":\"https:\\\/\\\/ssspdp.ba\\\/#\\\/schema\\\/logo\\\/image\\\/\"},\"sameAs\":[\"https:\\\/\\\/www.facebook.com\\\/Samostalni-sindikat-\u0161umarstva-prerade-drveta-i-papira-BiH-1740799582820896\\\/?ref=page_internal\"]},{\"@type\":\"Person\",\"@id\":\"https:\\\/\\\/ssspdp.ba\\\/#\\\/schema\\\/person\\\/77b88c32d46b46076c51b9e19371dc49\",\"name\":\"armin.hujic\",\"image\":{\"@type\":\"ImageObject\",\"inLanguage\":\"en-US\",\"@id\":\"https:\\\/\\\/secure.gravatar.com\\\/avatar\\\/d571c6935abfc375c9bb3ccb53d885ee37755eabf467f839a46e8d52a41b322a?s=96&d=mm&r=g\",\"url\":\"https:\\\/\\\/secure.gravatar.com\\\/avatar\\\/d571c6935abfc375c9bb3ccb53d885ee37755eabf467f839a46e8d52a41b322a?s=96&d=mm&r=g\",\"contentUrl\":\"https:\\\/\\\/secure.gravatar.com\\\/avatar\\\/d571c6935abfc375c9bb3ccb53d885ee37755eabf467f839a46e8d52a41b322a?s=96&d=mm&r=g\",\"caption\":\"armin.hujic\"},\"sameAs\":[\"http:\\\/\\\/novi-web.ssspdp.ba\"]}]}<\/script>\n<!-- \/ Yoast SEO plugin. -->","yoast_head_json":{"title":"PANDEMIJA I RADNICI: NU\u017dNO JE DA SE RADNICI INFORMI\u0160U O SVOJIM PRAVIMA U SLU\u010cAJU IZOLACIJE - Samostalni sindikat \u0161umarstva, prerade drveta i papira Bosne i Hercegovine","robots":{"index":"index","follow":"follow","max-snippet":"max-snippet:-1","max-image-preview":"max-image-preview:large","max-video-preview":"max-video-preview:-1"},"canonical":"https:\/\/ssspdp.ba\/?p=804","og_locale":"en_US","og_type":"article","og_title":"PANDEMIJA I RADNICI: NU\u017dNO JE DA SE RADNICI INFORMI\u0160U O SVOJIM PRAVIMA U SLU\u010cAJU IZOLACIJE - Samostalni sindikat \u0161umarstva, prerade drveta i papira Bosne i Hercegovine","og_description":"Epidemiolo\u0161ka situacija u BiH se pogor\u0161ava. Veliki broj je oboljelih gra\u0111ana koji iz dana u dan vrtoglavo raste. Poseban problem \u010dine klasteri virusa u radnim kolektivima, a naro\u010dito na lokacijama na kojim je ve\u0107i broj zaposlenih i na kojim nije mogu\u0107e organizirati rad u smjenama niti obezbijediti naizmjeni\u010dan boravak radnika u radnom prostoru. Mnogi gra\u0111ani [&hellip;]","og_url":"https:\/\/ssspdp.ba\/?p=804","og_site_name":"Samostalni sindikat \u0161umarstva, prerade drveta i papira Bosne i Hercegovine","article_publisher":"https:\/\/www.facebook.com\/Samostalni-sindikat-%c5%a1umarstva-prerade-drveta-i-papira-BiH-1740799582820896\/?ref=page_internal","article_published_time":"2020-11-13T17:27:00+00:00","article_modified_time":"2020-11-26T17:29:13+00:00","og_image":[{"width":1520,"height":829,"url":"https:\/\/ssspdp.ba\/wp-content\/uploads\/2020\/11\/skynews-coronavirus-self-isolation_4947430.png","type":"image\/png"}],"author":"armin.hujic","twitter_card":"summary_large_image","twitter_misc":{"Written by":"armin.hujic","Est. reading time":"1 minute"},"schema":{"@context":"https:\/\/schema.org","@graph":[{"@type":"Article","@id":"https:\/\/ssspdp.ba\/?p=804#article","isPartOf":{"@id":"https:\/\/ssspdp.ba\/?p=804"},"author":{"name":"armin.hujic","@id":"https:\/\/ssspdp.ba\/#\/schema\/person\/77b88c32d46b46076c51b9e19371dc49"},"headline":"PANDEMIJA I RADNICI: NU\u017dNO JE DA SE RADNICI INFORMI\u0160U O SVOJIM PRAVIMA U SLU\u010cAJU IZOLACIJE","datePublished":"2020-11-13T17:27:00+00:00","dateModified":"2020-11-26T17:29:13+00:00","mainEntityOfPage":{"@id":"https:\/\/ssspdp.ba\/?p=804"},"wordCount":267,"publisher":{"@id":"https:\/\/ssspdp.ba\/#organization"},"image":{"@id":"https:\/\/ssspdp.ba\/?p=804#primaryimage"},"thumbnailUrl":"https:\/\/ssspdp.ba\/wp-content\/uploads\/2020\/11\/skynews-coronavirus-self-isolation_4947430.png","articleSection":["Novosti"],"inLanguage":"en-US"},{"@type":"WebPage","@id":"https:\/\/ssspdp.ba\/?p=804","url":"https:\/\/ssspdp.ba\/?p=804","name":"PANDEMIJA I RADNICI: NU\u017dNO JE DA SE RADNICI INFORMI\u0160U O SVOJIM PRAVIMA U SLU\u010cAJU IZOLACIJE - Samostalni sindikat \u0161umarstva, prerade drveta i papira Bosne i Hercegovine","isPartOf":{"@id":"https:\/\/ssspdp.ba\/#website"},"primaryImageOfPage":{"@id":"https:\/\/ssspdp.ba\/?p=804#primaryimage"},"image":{"@id":"https:\/\/ssspdp.ba\/?p=804#primaryimage"},"thumbnailUrl":"https:\/\/ssspdp.ba\/wp-content\/uploads\/2020\/11\/skynews-coronavirus-self-isolation_4947430.png","datePublished":"2020-11-13T17:27:00+00:00","dateModified":"2020-11-26T17:29:13+00:00","breadcrumb":{"@id":"https:\/\/ssspdp.ba\/?p=804#breadcrumb"},"inLanguage":"en-US","potentialAction":[{"@type":"ReadAction","target":["https:\/\/ssspdp.ba\/?p=804"]}]},{"@type":"ImageObject","inLanguage":"en-US","@id":"https:\/\/ssspdp.ba\/?p=804#primaryimage","url":"https:\/\/ssspdp.ba\/wp-content\/uploads\/2020\/11\/skynews-coronavirus-self-isolation_4947430.png","contentUrl":"https:\/\/ssspdp.ba\/wp-content\/uploads\/2020\/11\/skynews-coronavirus-self-isolation_4947430.png","width":1520,"height":829},{"@type":"BreadcrumbList","@id":"https:\/\/ssspdp.ba\/?p=804#breadcrumb","itemListElement":[{"@type":"ListItem","position":1,"name":"Home","item":"https:\/\/ssspdp.ba\/"},{"@type":"ListItem","position":2,"name":"PANDEMIJA I RADNICI: NU\u017dNO JE DA SE RADNICI INFORMI\u0160U O SVOJIM PRAVIMA U SLU\u010cAJU IZOLACIJE"}]},{"@type":"WebSite","@id":"https:\/\/ssspdp.ba\/#website","url":"https:\/\/ssspdp.ba\/","name":"Samostalni sindikat \u0161umarstva, prerade drveta i papira Bosne i Hercegovine","description":"","publisher":{"@id":"https:\/\/ssspdp.ba\/#organization"},"potentialAction":[{"@type":"SearchAction","target":{"@type":"EntryPoint","urlTemplate":"https:\/\/ssspdp.ba\/?s={search_term_string}"},"query-input":{"@type":"PropertyValueSpecification","valueRequired":true,"valueName":"search_term_string"}}],"inLanguage":"en-US"},{"@type":"Organization","@id":"https:\/\/ssspdp.ba\/#organization","name":"Samostalni sindikat \u0161umarstva, prerade drveta i papira Bosne i Hercegovine","url":"https:\/\/ssspdp.ba\/","logo":{"@type":"ImageObject","inLanguage":"en-US","@id":"https:\/\/ssspdp.ba\/#\/schema\/logo\/image\/","url":"https:\/\/ssspdp.ba\/wp-content\/uploads\/2020\/10\/web-logo.png","contentUrl":"https:\/\/ssspdp.ba\/wp-content\/uploads\/2020\/10\/web-logo.png","width":623,"height":100,"caption":"Samostalni sindikat \u0161umarstva, prerade drveta i papira Bosne i Hercegovine"},"image":{"@id":"https:\/\/ssspdp.ba\/#\/schema\/logo\/image\/"},"sameAs":["https:\/\/www.facebook.com\/Samostalni-sindikat-\u0161umarstva-prerade-drveta-i-papira-BiH-1740799582820896\/?ref=page_internal"]},{"@type":"Person","@id":"https:\/\/ssspdp.ba\/#\/schema\/person\/77b88c32d46b46076c51b9e19371dc49","name":"armin.hujic","image":{"@type":"ImageObject","inLanguage":"en-US","@id":"https:\/\/secure.gravatar.com\/avatar\/d571c6935abfc375c9bb3ccb53d885ee37755eabf467f839a46e8d52a41b322a?s=96&d=mm&r=g","url":"https:\/\/secure.gravatar.com\/avatar\/d571c6935abfc375c9bb3ccb53d885ee37755eabf467f839a46e8d52a41b322a?s=96&d=mm&r=g","contentUrl":"https:\/\/secure.gravatar.com\/avatar\/d571c6935abfc375c9bb3ccb53d885ee37755eabf467f839a46e8d52a41b322a?s=96&d=mm&r=g","caption":"armin.hujic"},"sameAs":["http:\/\/novi-web.ssspdp.ba"]}]}},"_links":{"self":[{"href":"https:\/\/ssspdp.ba\/index.php?rest_route=\/wp\/v2\/posts\/804","targetHints":{"allow":["GET"]}}],"collection":[{"href":"https:\/\/ssspdp.ba\/index.php?rest_route=\/wp\/v2\/posts"}],"about":[{"href":"https:\/\/ssspdp.ba\/index.php?rest_route=\/wp\/v2\/types\/post"}],"author":[{"embeddable":true,"href":"https:\/\/ssspdp.ba\/index.php?rest_route=\/wp\/v2\/users\/1"}],"replies":[{"embeddable":true,"href":"https:\/\/ssspdp.ba\/index.php?rest_route=%2Fwp%2Fv2%2Fcomments&post=804"}],"version-history":[{"count":1,"href":"https:\/\/ssspdp.ba\/index.php?rest_route=\/wp\/v2\/posts\/804\/revisions"}],"predecessor-version":[{"id":806,"href":"https:\/\/ssspdp.ba\/index.php?rest_route=\/wp\/v2\/posts\/804\/revisions\/806"}],"wp:featuredmedia":[{"embeddable":true,"href":"https:\/\/ssspdp.ba\/index.php?rest_route=\/wp\/v2\/media\/805"}],"wp:attachment":[{"href":"https:\/\/ssspdp.ba\/index.php?rest_route=%2Fwp%2Fv2%2Fmedia&parent=804"}],"wp:term":[{"taxonomy":"category","embeddable":true,"href":"https:\/\/ssspdp.ba\/index.php?rest_route=%2Fwp%2Fv2%2Fcategories&post=804"},{"taxonomy":"post_tag","embeddable":true,"href":"https:\/\/ssspdp.ba\/index.php?rest_route=%2Fwp%2Fv2%2Ftags&post=804"}],"curies":[{"name":"wp","href":"https:\/\/api.w.org\/{rel}","templated":true}]}}