{"id":815,"date":"2020-11-24T18:35:00","date_gmt":"2020-11-24T17:35:00","guid":{"rendered":"http:\/\/novi-web.ssspdp.ba\/?p=815"},"modified":"2020-11-26T18:37:29","modified_gmt":"2020-11-26T17:37:29","slug":"ssspdp-bih-svim-radnicima-sretan-dan-drzavnosti-bosne-i-hercegovine","status":"publish","type":"post","link":"https:\/\/ssspdp.ba\/?p=815","title":{"rendered":"SS\u0160PDP BIH: SVIM RADNICIMA SRETAN DAN DR\u017dAVNOSTI BOSNE I HERCEGOVINE"},"content":{"rendered":"\n<p>Povodom dr\u017eavnog praznika, 25. novembra, Samostalni sindikat \u0161umarstva, prerade drveta i papira Bosne i Hercegovine uputio je \u010destitku:<\/p>\n\n\n\n<p><strong>Svim gra\u0111anima Bosne i Hercegovine, a posebno radnicima, Samostalni sindikat \u0161umarstva, prerade drveta i papira Bosne i Hercegovine \u010destita Dan dr\u017eavnosti BiH sa \u017eeljom i nadom da \u0107emo zajedno, po\u0161tenim radom i zalaganjem, uljep\u0161ati i oja\u010dati na\u0161u domovinu i izgraditi svjetliju budu\u0107nost za sve ljude dobre volje, na\u0161u djecu i pokoljenja koja dolaze.<\/strong><\/p>\n<span class=\"et_bloom_bottom_trigger\"><\/span>","protected":false},"excerpt":{"rendered":"<p>Povodom dr\u017eavnog praznika, 25. novembra, Samostalni sindikat \u0161umarstva, prerade drveta i papira Bosne i Hercegovine uputio je \u010destitku: Svim gra\u0111anima Bosne i Hercegovine, a posebno radnicima, Samostalni sindikat \u0161umarstva, prerade drveta i papira Bosne i Hercegovine \u010destita Dan dr\u017eavnosti BiH sa \u017eeljom i nadom da \u0107emo zajedno, po\u0161tenim radom i zalaganjem, uljep\u0161ati i oja\u010dati na\u0161u [&hellip;]<\/p>\n","protected":false},"author":1,"featured_media":816,"comment_status":"closed","ping_status":"open","sticky":false,"template":"","format":"standard","meta":{"_et_pb_use_builder":"off","_et_pb_old_content":"","_et_gb_content_width":"","footnotes":""},"categories":[32],"tags":[],"class_list":["post-815","post","type-post","status-publish","format-standard","has-post-thumbnail","hentry","category-novosti"],"yoast_head":"<!-- This site is optimized with the Yoast SEO plugin v27.5 - https:\/\/yoast.com\/product\/yoast-seo-wordpress\/ -->\n<title>SS\u0160PDP BIH: SVIM RADNICIMA SRETAN DAN DR\u017dAVNOSTI BOSNE I HERCEGOVINE - Samostalni sindikat \u0161umarstva, prerade drveta i papira Bosne i Hercegovine<\/title>\n<meta name=\"robots\" content=\"index, follow, max-snippet:-1, max-image-preview:large, max-video-preview:-1\" \/>\n<link rel=\"canonical\" href=\"https:\/\/ssspdp.ba\/?p=815\" \/>\n<meta property=\"og:locale\" content=\"en_US\" \/>\n<meta property=\"og:type\" content=\"article\" \/>\n<meta property=\"og:title\" content=\"SS\u0160PDP BIH: SVIM RADNICIMA SRETAN DAN DR\u017dAVNOSTI BOSNE I HERCEGOVINE - Samostalni sindikat \u0161umarstva, prerade drveta i papira Bosne i Hercegovine\" \/>\n<meta property=\"og:description\" content=\"Povodom dr\u017eavnog praznika, 25. novembra, Samostalni sindikat \u0161umarstva, prerade drveta i papira Bosne i Hercegovine uputio je \u010destitku: Svim gra\u0111anima Bosne i Hercegovine, a posebno radnicima, Samostalni sindikat \u0161umarstva, prerade drveta i papira Bosne i Hercegovine \u010destita Dan dr\u017eavnosti BiH sa \u017eeljom i nadom da \u0107emo zajedno, po\u0161tenim radom i zalaganjem, uljep\u0161ati i oja\u010dati na\u0161u [&hellip;]\" \/>\n<meta property=\"og:url\" content=\"https:\/\/ssspdp.ba\/?p=815\" \/>\n<meta property=\"og:site_name\" content=\"Samostalni sindikat \u0161umarstva, prerade drveta i papira Bosne i Hercegovine\" \/>\n<meta property=\"article:publisher\" content=\"https:\/\/www.facebook.com\/Samostalni-sindikat-%c5%a1umarstva-prerade-drveta-i-papira-BiH-1740799582820896\/?ref=page_internal\" \/>\n<meta property=\"article:published_time\" content=\"2020-11-24T17:35:00+00:00\" \/>\n<meta property=\"article:modified_time\" content=\"2020-11-26T17:37:29+00:00\" \/>\n<meta property=\"og:image\" content=\"https:\/\/ssspdp.ba\/wp-content\/uploads\/2020\/11\/Dan-drzavnosti-slika-za-objavu-na-FB.jpg\" \/>\n\t<meta property=\"og:image:width\" content=\"1832\" \/>\n\t<meta property=\"og:image:height\" content=\"2528\" \/>\n\t<meta property=\"og:image:type\" content=\"image\/jpeg\" \/>\n<meta name=\"author\" content=\"armin.hujic\" \/>\n<meta name=\"twitter:card\" content=\"summary_large_image\" \/>\n<meta name=\"twitter:label1\" content=\"Written by\" \/>\n\t<meta name=\"twitter:data1\" content=\"armin.hujic\" \/>\n<script type=\"application\/ld+json\" class=\"yoast-schema-graph\">{\"@context\":\"https:\\\/\\\/schema.org\",\"@graph\":[{\"@type\":\"Article\",\"@id\":\"https:\\\/\\\/ssspdp.ba\\\/?p=815#article\",\"isPartOf\":{\"@id\":\"https:\\\/\\\/ssspdp.ba\\\/?p=815\"},\"author\":{\"name\":\"armin.hujic\",\"@id\":\"https:\\\/\\\/ssspdp.ba\\\/#\\\/schema\\\/person\\\/77b88c32d46b46076c51b9e19371dc49\"},\"headline\":\"SS\u0160PDP BIH: SVIM RADNICIMA SRETAN DAN DR\u017dAVNOSTI BOSNE I HERCEGOVINE\",\"datePublished\":\"2020-11-24T17:35:00+00:00\",\"dateModified\":\"2020-11-26T17:37:29+00:00\",\"mainEntityOfPage\":{\"@id\":\"https:\\\/\\\/ssspdp.ba\\\/?p=815\"},\"wordCount\":91,\"publisher\":{\"@id\":\"https:\\\/\\\/ssspdp.ba\\\/#organization\"},\"image\":{\"@id\":\"https:\\\/\\\/ssspdp.ba\\\/?p=815#primaryimage\"},\"thumbnailUrl\":\"https:\\\/\\\/ssspdp.ba\\\/wp-content\\\/uploads\\\/2020\\\/11\\\/Dan-drzavnosti-slika-za-objavu-na-FB.jpg\",\"articleSection\":[\"Novosti\"],\"inLanguage\":\"en-US\"},{\"@type\":\"WebPage\",\"@id\":\"https:\\\/\\\/ssspdp.ba\\\/?p=815\",\"url\":\"https:\\\/\\\/ssspdp.ba\\\/?p=815\",\"name\":\"SS\u0160PDP BIH: SVIM RADNICIMA SRETAN DAN DR\u017dAVNOSTI BOSNE I HERCEGOVINE - Samostalni sindikat \u0161umarstva, prerade drveta i papira Bosne i Hercegovine\",\"isPartOf\":{\"@id\":\"https:\\\/\\\/ssspdp.ba\\\/#website\"},\"primaryImageOfPage\":{\"@id\":\"https:\\\/\\\/ssspdp.ba\\\/?p=815#primaryimage\"},\"image\":{\"@id\":\"https:\\\/\\\/ssspdp.ba\\\/?p=815#primaryimage\"},\"thumbnailUrl\":\"https:\\\/\\\/ssspdp.ba\\\/wp-content\\\/uploads\\\/2020\\\/11\\\/Dan-drzavnosti-slika-za-objavu-na-FB.jpg\",\"datePublished\":\"2020-11-24T17:35:00+00:00\",\"dateModified\":\"2020-11-26T17:37:29+00:00\",\"breadcrumb\":{\"@id\":\"https:\\\/\\\/ssspdp.ba\\\/?p=815#breadcrumb\"},\"inLanguage\":\"en-US\",\"potentialAction\":[{\"@type\":\"ReadAction\",\"target\":[\"https:\\\/\\\/ssspdp.ba\\\/?p=815\"]}]},{\"@type\":\"ImageObject\",\"inLanguage\":\"en-US\",\"@id\":\"https:\\\/\\\/ssspdp.ba\\\/?p=815#primaryimage\",\"url\":\"https:\\\/\\\/ssspdp.ba\\\/wp-content\\\/uploads\\\/2020\\\/11\\\/Dan-drzavnosti-slika-za-objavu-na-FB.jpg\",\"contentUrl\":\"https:\\\/\\\/ssspdp.ba\\\/wp-content\\\/uploads\\\/2020\\\/11\\\/Dan-drzavnosti-slika-za-objavu-na-FB.jpg\",\"width\":1832,\"height\":2528},{\"@type\":\"BreadcrumbList\",\"@id\":\"https:\\\/\\\/ssspdp.ba\\\/?p=815#breadcrumb\",\"itemListElement\":[{\"@type\":\"ListItem\",\"position\":1,\"name\":\"Home\",\"item\":\"https:\\\/\\\/ssspdp.ba\\\/\"},{\"@type\":\"ListItem\",\"position\":2,\"name\":\"SS\u0160PDP BIH: SVIM RADNICIMA SRETAN DAN DR\u017dAVNOSTI BOSNE I HERCEGOVINE\"}]},{\"@type\":\"WebSite\",\"@id\":\"https:\\\/\\\/ssspdp.ba\\\/#website\",\"url\":\"https:\\\/\\\/ssspdp.ba\\\/\",\"name\":\"Samostalni sindikat \u0161umarstva, prerade drveta i papira Bosne i Hercegovine\",\"description\":\"\",\"publisher\":{\"@id\":\"https:\\\/\\\/ssspdp.ba\\\/#organization\"},\"potentialAction\":[{\"@type\":\"SearchAction\",\"target\":{\"@type\":\"EntryPoint\",\"urlTemplate\":\"https:\\\/\\\/ssspdp.ba\\\/?s={search_term_string}\"},\"query-input\":{\"@type\":\"PropertyValueSpecification\",\"valueRequired\":true,\"valueName\":\"search_term_string\"}}],\"inLanguage\":\"en-US\"},{\"@type\":\"Organization\",\"@id\":\"https:\\\/\\\/ssspdp.ba\\\/#organization\",\"name\":\"Samostalni sindikat \u0161umarstva, prerade drveta i papira Bosne i Hercegovine\",\"url\":\"https:\\\/\\\/ssspdp.ba\\\/\",\"logo\":{\"@type\":\"ImageObject\",\"inLanguage\":\"en-US\",\"@id\":\"https:\\\/\\\/ssspdp.ba\\\/#\\\/schema\\\/logo\\\/image\\\/\",\"url\":\"https:\\\/\\\/ssspdp.ba\\\/wp-content\\\/uploads\\\/2020\\\/10\\\/web-logo.png\",\"contentUrl\":\"https:\\\/\\\/ssspdp.ba\\\/wp-content\\\/uploads\\\/2020\\\/10\\\/web-logo.png\",\"width\":623,\"height\":100,\"caption\":\"Samostalni sindikat \u0161umarstva, prerade drveta i papira Bosne i Hercegovine\"},\"image\":{\"@id\":\"https:\\\/\\\/ssspdp.ba\\\/#\\\/schema\\\/logo\\\/image\\\/\"},\"sameAs\":[\"https:\\\/\\\/www.facebook.com\\\/Samostalni-sindikat-\u0161umarstva-prerade-drveta-i-papira-BiH-1740799582820896\\\/?ref=page_internal\"]},{\"@type\":\"Person\",\"@id\":\"https:\\\/\\\/ssspdp.ba\\\/#\\\/schema\\\/person\\\/77b88c32d46b46076c51b9e19371dc49\",\"name\":\"armin.hujic\",\"image\":{\"@type\":\"ImageObject\",\"inLanguage\":\"en-US\",\"@id\":\"https:\\\/\\\/secure.gravatar.com\\\/avatar\\\/d571c6935abfc375c9bb3ccb53d885ee37755eabf467f839a46e8d52a41b322a?s=96&d=mm&r=g\",\"url\":\"https:\\\/\\\/secure.gravatar.com\\\/avatar\\\/d571c6935abfc375c9bb3ccb53d885ee37755eabf467f839a46e8d52a41b322a?s=96&d=mm&r=g\",\"contentUrl\":\"https:\\\/\\\/secure.gravatar.com\\\/avatar\\\/d571c6935abfc375c9bb3ccb53d885ee37755eabf467f839a46e8d52a41b322a?s=96&d=mm&r=g\",\"caption\":\"armin.hujic\"},\"sameAs\":[\"http:\\\/\\\/novi-web.ssspdp.ba\"]}]}<\/script>\n<!-- \/ Yoast SEO plugin. -->","yoast_head_json":{"title":"SS\u0160PDP BIH: SVIM RADNICIMA SRETAN DAN DR\u017dAVNOSTI BOSNE I HERCEGOVINE - Samostalni sindikat \u0161umarstva, prerade drveta i papira Bosne i Hercegovine","robots":{"index":"index","follow":"follow","max-snippet":"max-snippet:-1","max-image-preview":"max-image-preview:large","max-video-preview":"max-video-preview:-1"},"canonical":"https:\/\/ssspdp.ba\/?p=815","og_locale":"en_US","og_type":"article","og_title":"SS\u0160PDP BIH: SVIM RADNICIMA SRETAN DAN DR\u017dAVNOSTI BOSNE I HERCEGOVINE - Samostalni sindikat \u0161umarstva, prerade drveta i papira Bosne i Hercegovine","og_description":"Povodom dr\u017eavnog praznika, 25. novembra, Samostalni sindikat \u0161umarstva, prerade drveta i papira Bosne i Hercegovine uputio je \u010destitku: Svim gra\u0111anima Bosne i Hercegovine, a posebno radnicima, Samostalni sindikat \u0161umarstva, prerade drveta i papira Bosne i Hercegovine \u010destita Dan dr\u017eavnosti BiH sa \u017eeljom i nadom da \u0107emo zajedno, po\u0161tenim radom i zalaganjem, uljep\u0161ati i oja\u010dati na\u0161u [&hellip;]","og_url":"https:\/\/ssspdp.ba\/?p=815","og_site_name":"Samostalni sindikat \u0161umarstva, prerade drveta i papira Bosne i Hercegovine","article_publisher":"https:\/\/www.facebook.com\/Samostalni-sindikat-%c5%a1umarstva-prerade-drveta-i-papira-BiH-1740799582820896\/?ref=page_internal","article_published_time":"2020-11-24T17:35:00+00:00","article_modified_time":"2020-11-26T17:37:29+00:00","og_image":[{"width":1832,"height":2528,"url":"https:\/\/ssspdp.ba\/wp-content\/uploads\/2020\/11\/Dan-drzavnosti-slika-za-objavu-na-FB.jpg","type":"image\/jpeg"}],"author":"armin.hujic","twitter_card":"summary_large_image","twitter_misc":{"Written by":"armin.hujic"},"schema":{"@context":"https:\/\/schema.org","@graph":[{"@type":"Article","@id":"https:\/\/ssspdp.ba\/?p=815#article","isPartOf":{"@id":"https:\/\/ssspdp.ba\/?p=815"},"author":{"name":"armin.hujic","@id":"https:\/\/ssspdp.ba\/#\/schema\/person\/77b88c32d46b46076c51b9e19371dc49"},"headline":"SS\u0160PDP BIH: SVIM RADNICIMA SRETAN DAN DR\u017dAVNOSTI BOSNE I HERCEGOVINE","datePublished":"2020-11-24T17:35:00+00:00","dateModified":"2020-11-26T17:37:29+00:00","mainEntityOfPage":{"@id":"https:\/\/ssspdp.ba\/?p=815"},"wordCount":91,"publisher":{"@id":"https:\/\/ssspdp.ba\/#organization"},"image":{"@id":"https:\/\/ssspdp.ba\/?p=815#primaryimage"},"thumbnailUrl":"https:\/\/ssspdp.ba\/wp-content\/uploads\/2020\/11\/Dan-drzavnosti-slika-za-objavu-na-FB.jpg","articleSection":["Novosti"],"inLanguage":"en-US"},{"@type":"WebPage","@id":"https:\/\/ssspdp.ba\/?p=815","url":"https:\/\/ssspdp.ba\/?p=815","name":"SS\u0160PDP BIH: SVIM RADNICIMA SRETAN DAN DR\u017dAVNOSTI BOSNE I HERCEGOVINE - Samostalni sindikat \u0161umarstva, prerade drveta i papira Bosne i Hercegovine","isPartOf":{"@id":"https:\/\/ssspdp.ba\/#website"},"primaryImageOfPage":{"@id":"https:\/\/ssspdp.ba\/?p=815#primaryimage"},"image":{"@id":"https:\/\/ssspdp.ba\/?p=815#primaryimage"},"thumbnailUrl":"https:\/\/ssspdp.ba\/wp-content\/uploads\/2020\/11\/Dan-drzavnosti-slika-za-objavu-na-FB.jpg","datePublished":"2020-11-24T17:35:00+00:00","dateModified":"2020-11-26T17:37:29+00:00","breadcrumb":{"@id":"https:\/\/ssspdp.ba\/?p=815#breadcrumb"},"inLanguage":"en-US","potentialAction":[{"@type":"ReadAction","target":["https:\/\/ssspdp.ba\/?p=815"]}]},{"@type":"ImageObject","inLanguage":"en-US","@id":"https:\/\/ssspdp.ba\/?p=815#primaryimage","url":"https:\/\/ssspdp.ba\/wp-content\/uploads\/2020\/11\/Dan-drzavnosti-slika-za-objavu-na-FB.jpg","contentUrl":"https:\/\/ssspdp.ba\/wp-content\/uploads\/2020\/11\/Dan-drzavnosti-slika-za-objavu-na-FB.jpg","width":1832,"height":2528},{"@type":"BreadcrumbList","@id":"https:\/\/ssspdp.ba\/?p=815#breadcrumb","itemListElement":[{"@type":"ListItem","position":1,"name":"Home","item":"https:\/\/ssspdp.ba\/"},{"@type":"ListItem","position":2,"name":"SS\u0160PDP BIH: SVIM RADNICIMA SRETAN DAN DR\u017dAVNOSTI BOSNE I HERCEGOVINE"}]},{"@type":"WebSite","@id":"https:\/\/ssspdp.ba\/#website","url":"https:\/\/ssspdp.ba\/","name":"Samostalni sindikat \u0161umarstva, prerade drveta i papira Bosne i Hercegovine","description":"","publisher":{"@id":"https:\/\/ssspdp.ba\/#organization"},"potentialAction":[{"@type":"SearchAction","target":{"@type":"EntryPoint","urlTemplate":"https:\/\/ssspdp.ba\/?s={search_term_string}"},"query-input":{"@type":"PropertyValueSpecification","valueRequired":true,"valueName":"search_term_string"}}],"inLanguage":"en-US"},{"@type":"Organization","@id":"https:\/\/ssspdp.ba\/#organization","name":"Samostalni sindikat \u0161umarstva, prerade drveta i papira Bosne i Hercegovine","url":"https:\/\/ssspdp.ba\/","logo":{"@type":"ImageObject","inLanguage":"en-US","@id":"https:\/\/ssspdp.ba\/#\/schema\/logo\/image\/","url":"https:\/\/ssspdp.ba\/wp-content\/uploads\/2020\/10\/web-logo.png","contentUrl":"https:\/\/ssspdp.ba\/wp-content\/uploads\/2020\/10\/web-logo.png","width":623,"height":100,"caption":"Samostalni sindikat \u0161umarstva, prerade drveta i papira Bosne i Hercegovine"},"image":{"@id":"https:\/\/ssspdp.ba\/#\/schema\/logo\/image\/"},"sameAs":["https:\/\/www.facebook.com\/Samostalni-sindikat-\u0161umarstva-prerade-drveta-i-papira-BiH-1740799582820896\/?ref=page_internal"]},{"@type":"Person","@id":"https:\/\/ssspdp.ba\/#\/schema\/person\/77b88c32d46b46076c51b9e19371dc49","name":"armin.hujic","image":{"@type":"ImageObject","inLanguage":"en-US","@id":"https:\/\/secure.gravatar.com\/avatar\/d571c6935abfc375c9bb3ccb53d885ee37755eabf467f839a46e8d52a41b322a?s=96&d=mm&r=g","url":"https:\/\/secure.gravatar.com\/avatar\/d571c6935abfc375c9bb3ccb53d885ee37755eabf467f839a46e8d52a41b322a?s=96&d=mm&r=g","contentUrl":"https:\/\/secure.gravatar.com\/avatar\/d571c6935abfc375c9bb3ccb53d885ee37755eabf467f839a46e8d52a41b322a?s=96&d=mm&r=g","caption":"armin.hujic"},"sameAs":["http:\/\/novi-web.ssspdp.ba"]}]}},"_links":{"self":[{"href":"https:\/\/ssspdp.ba\/index.php?rest_route=\/wp\/v2\/posts\/815","targetHints":{"allow":["GET"]}}],"collection":[{"href":"https:\/\/ssspdp.ba\/index.php?rest_route=\/wp\/v2\/posts"}],"about":[{"href":"https:\/\/ssspdp.ba\/index.php?rest_route=\/wp\/v2\/types\/post"}],"author":[{"embeddable":true,"href":"https:\/\/ssspdp.ba\/index.php?rest_route=\/wp\/v2\/users\/1"}],"replies":[{"embeddable":true,"href":"https:\/\/ssspdp.ba\/index.php?rest_route=%2Fwp%2Fv2%2Fcomments&post=815"}],"version-history":[{"count":1,"href":"https:\/\/ssspdp.ba\/index.php?rest_route=\/wp\/v2\/posts\/815\/revisions"}],"predecessor-version":[{"id":817,"href":"https:\/\/ssspdp.ba\/index.php?rest_route=\/wp\/v2\/posts\/815\/revisions\/817"}],"wp:featuredmedia":[{"embeddable":true,"href":"https:\/\/ssspdp.ba\/index.php?rest_route=\/wp\/v2\/media\/816"}],"wp:attachment":[{"href":"https:\/\/ssspdp.ba\/index.php?rest_route=%2Fwp%2Fv2%2Fmedia&parent=815"}],"wp:term":[{"taxonomy":"category","embeddable":true,"href":"https:\/\/ssspdp.ba\/index.php?rest_route=%2Fwp%2Fv2%2Fcategories&post=815"},{"taxonomy":"post_tag","embeddable":true,"href":"https:\/\/ssspdp.ba\/index.php?rest_route=%2Fwp%2Fv2%2Ftags&post=815"}],"curies":[{"name":"wp","href":"https:\/\/api.w.org\/{rel}","templated":true}]}}