{"id":818,"date":"2020-11-25T18:41:00","date_gmt":"2020-11-25T17:41:00","guid":{"rendered":"http:\/\/novi-web.ssspdp.ba\/?p=818"},"modified":"2020-11-30T09:56:00","modified_gmt":"2020-11-30T08:56:00","slug":"ssspdp-bih-se-pridruzuje-kampanji-bwi-ja-u-povodu-obiljezavanja-16-dana-sindikalnog-aktivizma-protiv-nasilja-nad-zenama","status":"publish","type":"post","link":"https:\/\/ssspdp.ba\/?p=818","title":{"rendered":"SS\u0160PDP BIH SE PRIDRU\u017dUJE KAMPANJI BWI-JA U POVODU OBILJE\u017dAVANJA \u201c16 DANA SINDIKALNOG AKTIVIZMA PROTIV NASILJA NAD \u017dENAMA\u201d"},"content":{"rendered":"\n<p>Samostalni sindikat \u0161umarstva, prerade drveta i papira BiH pridru\u017euje se globalnoj kampanji Me\u0111unarodne organizacije radnika u \u0161umarstvu i gra\u0111evinarstvu (BWI) u povodu obilje\u017eavanja \u201c16 dana sindikalnog aktivizma protiv naslija nad \u017eenama\u201d.<\/p>\n\n\n\n<p>1981. godine, na sastanku aktivistica iz Latinske Amerike, 25. novembar je progla\u0161en Me\u0111unarodnim danom borbe protiv nasilja nad \u017eenama kao znak sje\u0107anja na sestre Mirabel (Patriu, Minervu i Mariu Teresu) koje je 1960. godine u Dominikanskoj republici brutalno ubio diktator Rafael Trujillo. Ovaj dan se obilje\u017eava razli\u010ditim manifestacijama i kampanjama u toku kojih se osu\u0111uju svi oblici rodno zasnovanog nasilja, od nasilja u porodici, silovanja, seksualnog uznemiravanja, do nasilja po\u010dinjenog od strane dr\u017eave, uklju\u010duju\u0107i i torturu i zlostavljanje \u017eena politi\u010dkih zatvorenica, jer svi ti zlo\u010dini predstavljaju nedopustiva kr\u0161enja osnovnih ljudskih prava.<\/p>\n\n\n\n<figure class=\"wp-block-image size-large\"><img loading=\"lazy\" decoding=\"async\" width=\"1024\" height=\"576\" src=\"http:\/\/ssspdp.ba\/wp-content\/uploads\/2020\/11\/NO-TEXT_BWI-16-DAYS-ACTIVISM-POSTER-prevod-2-1024x576.jpg\" alt=\"\" class=\"wp-image-821\" srcset=\"http:\/\/ssspdp.ba\/wp-content\/uploads\/2020\/11\/NO-TEXT_BWI-16-DAYS-ACTIVISM-POSTER-prevod-2-980x551.jpg 980w, http:\/\/ssspdp.ba\/wp-content\/uploads\/2020\/11\/NO-TEXT_BWI-16-DAYS-ACTIVISM-POSTER-prevod-2-480x270.jpg 480w\" sizes=\"auto, (min-width: 0px) and (max-width: 480px) 480px, (min-width: 481px) and (max-width: 980px) 980px, (min-width: 981px) 1024px, 100vw\" \/><\/figure>\n\n\n\n<p>1999. godine Ujedinjene Nacije su rezolucijom 54\/134 slu\u017ebeno potvrdile 25. novembar kao Me\u0111unarodni dan borbe protiv nasilja nad \u017eenama.<\/p>\n\n\n\n<p>20. decembra 1993. godine na Op\u0107oj skup\u0161tini Ujedinjenih naroda usvojena je Deklaracija o uklanjanju nasilja nad \u017eenama&nbsp;(Rezolucija 48\/104) \u010diji tekst mo\u017eete pro\u010ditati ovdje:<\/p>\n\n\n\n<p><a href=\"http:\/\/ssspdp.ba\/wp-content\/uploads\/2020\/11\/Deklaracija-o-uklanjanju-nasilja-nad-zenama.pdf\" target=\"_blank\" rel=\"noreferrer noopener\">Deklaracija o uklanjanju nasilja nad \u017eenama<\/a><\/p>\n<span class=\"et_bloom_bottom_trigger\"><\/span>","protected":false},"excerpt":{"rendered":"<p>Samostalni sindikat \u0161umarstva, prerade drveta i papira BiH pridru\u017euje se globalnoj kampanji Me\u0111unarodne organizacije radnika u \u0161umarstvu i gra\u0111evinarstvu (BWI) u povodu obilje\u017eavanja \u201c16 dana sindikalnog aktivizma protiv naslija nad \u017eenama\u201d. 1981. godine, na sastanku aktivistica iz Latinske Amerike, 25. novembar je progla\u0161en Me\u0111unarodnim danom borbe protiv nasilja nad \u017eenama kao znak sje\u0107anja na sestre [&hellip;]<\/p>\n","protected":false},"author":1,"featured_media":819,"comment_status":"closed","ping_status":"open","sticky":false,"template":"","format":"standard","meta":{"_et_pb_use_builder":"off","_et_pb_old_content":"<!-- wp:paragraph -->\n<p>Samostalni sindikat \u0161umarstva, prerade drveta i papira BiH pridru\u017euje se globalnoj kampanji Me\u0111unarodne organizacije radnika u \u0161umarstvu i gra\u0111evinarstvu (BWI) u povodu obilje\u017eavanja \u201c16 dana sindikalnog aktivizma protiv naslija nad \u017eenama\u201d.<\/p>\n<!-- \/wp:paragraph -->\n\n<!-- wp:paragraph -->\n<p>1981. godine, na sastanku aktivistica iz Latinske Amerike, 25. novembar je progla\u0161en Me\u0111unarodnim danom borbe protiv nasilja nad \u017eenama kao znak sje\u0107anja na sestre Mirabel (Patriu, Minervu i Mariu Teresu) koje je 1960. godine u Dominikanskoj republici brutalno ubio diktator Rafael Trujillo. Ovaj dan se obilje\u017eava razli\u010ditim manifestacijama i kampanjama u toku kojih se osu\u0111uju svi oblici rodno zasnovanog nasilja, od nasilja u porodici, silovanja, seksualnog uznemiravanja, do nasilja po\u010dinjenog od strane dr\u017eave, uklju\u010duju\u0107i i torturu i zlostavljanje \u017eena politi\u010dkih zatvorenica, jer svi ti zlo\u010dini predstavljaju gruba kr\u0161enja osnovnih ljudskih prava.<\/p>\n<!-- \/wp:paragraph -->\n\n<!-- wp:image {\"id\":821,\"sizeSlug\":\"large\"} -->\n<figure class=\"wp-block-image size-large\"><img src=\"http:\/\/ssspdp.ba\/wp-content\/uploads\/2020\/11\/NO-TEXT_BWI-16-DAYS-ACTIVISM-POSTER-prevod-2-1024x576.jpg\" alt=\"\" class=\"wp-image-821\"\/><\/figure>\n<!-- \/wp:image -->\n\n<!-- wp:paragraph -->\n<p>1999. godine Ujedinjene Nacije su rezolucijom 54\/134 slu\u017ebeno potvrdile 25. novembar kao Me\u0111unarodni dan borbe protiv nasilja nad \u017eenama.<\/p>\n<!-- \/wp:paragraph -->\n\n<!-- wp:paragraph -->\n<p>20. decembra 1993. godine na Op\u0107oj skup\u0161tini Ujedinjenih naroda usvojena je Deklaracija o uklanjanju nasilja nad \u017eenama&nbsp;(Rezolucija 48\/104) \u010diji tekst mo\u017eete pro\u010ditati ovdje:<\/p>\n<!-- \/wp:paragraph -->\n\n<!-- wp:paragraph -->\n<p><a href=\"http:\/\/ssspdp.ba\/wp-content\/uploads\/2020\/11\/Deklaracija-o-uklanjanju-nasilja-nad-zenama.pdf\" target=\"_blank\" rel=\"noreferrer noopener\">Deklaracija o uklanjanju nasilja nad \u017eenama<\/a><\/p>\n<!-- \/wp:paragraph -->","_et_gb_content_width":"","footnotes":""},"categories":[32],"tags":[],"class_list":["post-818","post","type-post","status-publish","format-standard","has-post-thumbnail","hentry","category-novosti"],"yoast_head":"<!-- This site is optimized with the Yoast SEO plugin v27.5 - https:\/\/yoast.com\/product\/yoast-seo-wordpress\/ -->\n<title>SS\u0160PDP BIH SE PRIDRU\u017dUJE KAMPANJI BWI-JA U POVODU OBILJE\u017dAVANJA \u201c16 DANA SINDIKALNOG AKTIVIZMA PROTIV NASILJA NAD \u017dENAMA\u201d - Samostalni sindikat \u0161umarstva, prerade drveta i papira Bosne i Hercegovine<\/title>\n<meta name=\"robots\" content=\"index, follow, max-snippet:-1, max-image-preview:large, max-video-preview:-1\" \/>\n<link rel=\"canonical\" href=\"https:\/\/ssspdp.ba\/?p=818\" \/>\n<meta property=\"og:locale\" content=\"en_US\" \/>\n<meta property=\"og:type\" content=\"article\" \/>\n<meta property=\"og:title\" content=\"SS\u0160PDP BIH SE PRIDRU\u017dUJE KAMPANJI BWI-JA U POVODU OBILJE\u017dAVANJA \u201c16 DANA SINDIKALNOG AKTIVIZMA PROTIV NASILJA NAD \u017dENAMA\u201d - Samostalni sindikat \u0161umarstva, prerade drveta i papira Bosne i Hercegovine\" \/>\n<meta property=\"og:description\" content=\"Samostalni sindikat \u0161umarstva, prerade drveta i papira BiH pridru\u017euje se globalnoj kampanji Me\u0111unarodne organizacije radnika u \u0161umarstvu i gra\u0111evinarstvu (BWI) u povodu obilje\u017eavanja \u201c16 dana sindikalnog aktivizma protiv naslija nad \u017eenama\u201d. 1981. godine, na sastanku aktivistica iz Latinske Amerike, 25. novembar je progla\u0161en Me\u0111unarodnim danom borbe protiv nasilja nad \u017eenama kao znak sje\u0107anja na sestre [&hellip;]\" \/>\n<meta property=\"og:url\" content=\"https:\/\/ssspdp.ba\/?p=818\" \/>\n<meta property=\"og:site_name\" content=\"Samostalni sindikat \u0161umarstva, prerade drveta i papira Bosne i Hercegovine\" \/>\n<meta property=\"article:publisher\" content=\"https:\/\/www.facebook.com\/Samostalni-sindikat-%c5%a1umarstva-prerade-drveta-i-papira-BiH-1740799582820896\/?ref=page_internal\" \/>\n<meta property=\"article:published_time\" content=\"2020-11-25T17:41:00+00:00\" \/>\n<meta property=\"article:modified_time\" content=\"2020-11-30T08:56:00+00:00\" \/>\n<meta property=\"og:image\" content=\"https:\/\/ssspdp.ba\/wp-content\/uploads\/2020\/11\/Dani-zenskog-aktivizma-konacno-teksturizirano.jpg\" \/>\n\t<meta property=\"og:image:width\" content=\"2048\" \/>\n\t<meta property=\"og:image:height\" content=\"1455\" \/>\n\t<meta property=\"og:image:type\" content=\"image\/jpeg\" \/>\n<meta name=\"author\" content=\"armin.hujic\" \/>\n<meta name=\"twitter:card\" content=\"summary_large_image\" \/>\n<meta name=\"twitter:label1\" content=\"Written by\" \/>\n\t<meta name=\"twitter:data1\" content=\"armin.hujic\" \/>\n\t<meta name=\"twitter:label2\" content=\"Est. reading time\" \/>\n\t<meta name=\"twitter:data2\" content=\"1 minute\" \/>\n<script type=\"application\/ld+json\" class=\"yoast-schema-graph\">{\"@context\":\"https:\\\/\\\/schema.org\",\"@graph\":[{\"@type\":\"Article\",\"@id\":\"https:\\\/\\\/ssspdp.ba\\\/?p=818#article\",\"isPartOf\":{\"@id\":\"https:\\\/\\\/ssspdp.ba\\\/?p=818\"},\"author\":{\"name\":\"armin.hujic\",\"@id\":\"https:\\\/\\\/ssspdp.ba\\\/#\\\/schema\\\/person\\\/77b88c32d46b46076c51b9e19371dc49\"},\"headline\":\"SS\u0160PDP BIH SE PRIDRU\u017dUJE KAMPANJI BWI-JA U POVODU OBILJE\u017dAVANJA \u201c16 DANA SINDIKALNOG AKTIVIZMA PROTIV NASILJA NAD \u017dENAMA\u201d\",\"datePublished\":\"2020-11-25T17:41:00+00:00\",\"dateModified\":\"2020-11-30T08:56:00+00:00\",\"mainEntityOfPage\":{\"@id\":\"https:\\\/\\\/ssspdp.ba\\\/?p=818\"},\"wordCount\":204,\"publisher\":{\"@id\":\"https:\\\/\\\/ssspdp.ba\\\/#organization\"},\"image\":{\"@id\":\"https:\\\/\\\/ssspdp.ba\\\/?p=818#primaryimage\"},\"thumbnailUrl\":\"https:\\\/\\\/ssspdp.ba\\\/wp-content\\\/uploads\\\/2020\\\/11\\\/Dani-zenskog-aktivizma-konacno-teksturizirano.jpg\",\"articleSection\":[\"Novosti\"],\"inLanguage\":\"en-US\"},{\"@type\":\"WebPage\",\"@id\":\"https:\\\/\\\/ssspdp.ba\\\/?p=818\",\"url\":\"https:\\\/\\\/ssspdp.ba\\\/?p=818\",\"name\":\"SS\u0160PDP BIH SE PRIDRU\u017dUJE KAMPANJI BWI-JA U POVODU OBILJE\u017dAVANJA \u201c16 DANA SINDIKALNOG AKTIVIZMA PROTIV NASILJA NAD \u017dENAMA\u201d - Samostalni sindikat \u0161umarstva, prerade drveta i papira Bosne i Hercegovine\",\"isPartOf\":{\"@id\":\"https:\\\/\\\/ssspdp.ba\\\/#website\"},\"primaryImageOfPage\":{\"@id\":\"https:\\\/\\\/ssspdp.ba\\\/?p=818#primaryimage\"},\"image\":{\"@id\":\"https:\\\/\\\/ssspdp.ba\\\/?p=818#primaryimage\"},\"thumbnailUrl\":\"https:\\\/\\\/ssspdp.ba\\\/wp-content\\\/uploads\\\/2020\\\/11\\\/Dani-zenskog-aktivizma-konacno-teksturizirano.jpg\",\"datePublished\":\"2020-11-25T17:41:00+00:00\",\"dateModified\":\"2020-11-30T08:56:00+00:00\",\"breadcrumb\":{\"@id\":\"https:\\\/\\\/ssspdp.ba\\\/?p=818#breadcrumb\"},\"inLanguage\":\"en-US\",\"potentialAction\":[{\"@type\":\"ReadAction\",\"target\":[\"https:\\\/\\\/ssspdp.ba\\\/?p=818\"]}]},{\"@type\":\"ImageObject\",\"inLanguage\":\"en-US\",\"@id\":\"https:\\\/\\\/ssspdp.ba\\\/?p=818#primaryimage\",\"url\":\"https:\\\/\\\/ssspdp.ba\\\/wp-content\\\/uploads\\\/2020\\\/11\\\/Dani-zenskog-aktivizma-konacno-teksturizirano.jpg\",\"contentUrl\":\"https:\\\/\\\/ssspdp.ba\\\/wp-content\\\/uploads\\\/2020\\\/11\\\/Dani-zenskog-aktivizma-konacno-teksturizirano.jpg\",\"width\":2048,\"height\":1455},{\"@type\":\"BreadcrumbList\",\"@id\":\"https:\\\/\\\/ssspdp.ba\\\/?p=818#breadcrumb\",\"itemListElement\":[{\"@type\":\"ListItem\",\"position\":1,\"name\":\"Home\",\"item\":\"https:\\\/\\\/ssspdp.ba\\\/\"},{\"@type\":\"ListItem\",\"position\":2,\"name\":\"SS\u0160PDP BIH SE PRIDRU\u017dUJE KAMPANJI BWI-JA U POVODU OBILJE\u017dAVANJA \u201c16 DANA SINDIKALNOG AKTIVIZMA PROTIV NASILJA NAD \u017dENAMA\u201d\"}]},{\"@type\":\"WebSite\",\"@id\":\"https:\\\/\\\/ssspdp.ba\\\/#website\",\"url\":\"https:\\\/\\\/ssspdp.ba\\\/\",\"name\":\"Samostalni sindikat \u0161umarstva, prerade drveta i papira Bosne i Hercegovine\",\"description\":\"\",\"publisher\":{\"@id\":\"https:\\\/\\\/ssspdp.ba\\\/#organization\"},\"potentialAction\":[{\"@type\":\"SearchAction\",\"target\":{\"@type\":\"EntryPoint\",\"urlTemplate\":\"https:\\\/\\\/ssspdp.ba\\\/?s={search_term_string}\"},\"query-input\":{\"@type\":\"PropertyValueSpecification\",\"valueRequired\":true,\"valueName\":\"search_term_string\"}}],\"inLanguage\":\"en-US\"},{\"@type\":\"Organization\",\"@id\":\"https:\\\/\\\/ssspdp.ba\\\/#organization\",\"name\":\"Samostalni sindikat \u0161umarstva, prerade drveta i papira Bosne i Hercegovine\",\"url\":\"https:\\\/\\\/ssspdp.ba\\\/\",\"logo\":{\"@type\":\"ImageObject\",\"inLanguage\":\"en-US\",\"@id\":\"https:\\\/\\\/ssspdp.ba\\\/#\\\/schema\\\/logo\\\/image\\\/\",\"url\":\"https:\\\/\\\/ssspdp.ba\\\/wp-content\\\/uploads\\\/2020\\\/10\\\/web-logo.png\",\"contentUrl\":\"https:\\\/\\\/ssspdp.ba\\\/wp-content\\\/uploads\\\/2020\\\/10\\\/web-logo.png\",\"width\":623,\"height\":100,\"caption\":\"Samostalni sindikat \u0161umarstva, prerade drveta i papira Bosne i Hercegovine\"},\"image\":{\"@id\":\"https:\\\/\\\/ssspdp.ba\\\/#\\\/schema\\\/logo\\\/image\\\/\"},\"sameAs\":[\"https:\\\/\\\/www.facebook.com\\\/Samostalni-sindikat-\u0161umarstva-prerade-drveta-i-papira-BiH-1740799582820896\\\/?ref=page_internal\"]},{\"@type\":\"Person\",\"@id\":\"https:\\\/\\\/ssspdp.ba\\\/#\\\/schema\\\/person\\\/77b88c32d46b46076c51b9e19371dc49\",\"name\":\"armin.hujic\",\"image\":{\"@type\":\"ImageObject\",\"inLanguage\":\"en-US\",\"@id\":\"https:\\\/\\\/secure.gravatar.com\\\/avatar\\\/d571c6935abfc375c9bb3ccb53d885ee37755eabf467f839a46e8d52a41b322a?s=96&d=mm&r=g\",\"url\":\"https:\\\/\\\/secure.gravatar.com\\\/avatar\\\/d571c6935abfc375c9bb3ccb53d885ee37755eabf467f839a46e8d52a41b322a?s=96&d=mm&r=g\",\"contentUrl\":\"https:\\\/\\\/secure.gravatar.com\\\/avatar\\\/d571c6935abfc375c9bb3ccb53d885ee37755eabf467f839a46e8d52a41b322a?s=96&d=mm&r=g\",\"caption\":\"armin.hujic\"},\"sameAs\":[\"http:\\\/\\\/novi-web.ssspdp.ba\"]}]}<\/script>\n<!-- \/ Yoast SEO plugin. -->","yoast_head_json":{"title":"SS\u0160PDP BIH SE PRIDRU\u017dUJE KAMPANJI BWI-JA U POVODU OBILJE\u017dAVANJA \u201c16 DANA SINDIKALNOG AKTIVIZMA PROTIV NASILJA NAD \u017dENAMA\u201d - Samostalni sindikat \u0161umarstva, prerade drveta i papira Bosne i Hercegovine","robots":{"index":"index","follow":"follow","max-snippet":"max-snippet:-1","max-image-preview":"max-image-preview:large","max-video-preview":"max-video-preview:-1"},"canonical":"https:\/\/ssspdp.ba\/?p=818","og_locale":"en_US","og_type":"article","og_title":"SS\u0160PDP BIH SE PRIDRU\u017dUJE KAMPANJI BWI-JA U POVODU OBILJE\u017dAVANJA \u201c16 DANA SINDIKALNOG AKTIVIZMA PROTIV NASILJA NAD \u017dENAMA\u201d - Samostalni sindikat \u0161umarstva, prerade drveta i papira Bosne i Hercegovine","og_description":"Samostalni sindikat \u0161umarstva, prerade drveta i papira BiH pridru\u017euje se globalnoj kampanji Me\u0111unarodne organizacije radnika u \u0161umarstvu i gra\u0111evinarstvu (BWI) u povodu obilje\u017eavanja \u201c16 dana sindikalnog aktivizma protiv naslija nad \u017eenama\u201d. 1981. godine, na sastanku aktivistica iz Latinske Amerike, 25. novembar je progla\u0161en Me\u0111unarodnim danom borbe protiv nasilja nad \u017eenama kao znak sje\u0107anja na sestre [&hellip;]","og_url":"https:\/\/ssspdp.ba\/?p=818","og_site_name":"Samostalni sindikat \u0161umarstva, prerade drveta i papira Bosne i Hercegovine","article_publisher":"https:\/\/www.facebook.com\/Samostalni-sindikat-%c5%a1umarstva-prerade-drveta-i-papira-BiH-1740799582820896\/?ref=page_internal","article_published_time":"2020-11-25T17:41:00+00:00","article_modified_time":"2020-11-30T08:56:00+00:00","og_image":[{"width":2048,"height":1455,"url":"https:\/\/ssspdp.ba\/wp-content\/uploads\/2020\/11\/Dani-zenskog-aktivizma-konacno-teksturizirano.jpg","type":"image\/jpeg"}],"author":"armin.hujic","twitter_card":"summary_large_image","twitter_misc":{"Written by":"armin.hujic","Est. reading time":"1 minute"},"schema":{"@context":"https:\/\/schema.org","@graph":[{"@type":"Article","@id":"https:\/\/ssspdp.ba\/?p=818#article","isPartOf":{"@id":"https:\/\/ssspdp.ba\/?p=818"},"author":{"name":"armin.hujic","@id":"https:\/\/ssspdp.ba\/#\/schema\/person\/77b88c32d46b46076c51b9e19371dc49"},"headline":"SS\u0160PDP BIH SE PRIDRU\u017dUJE KAMPANJI BWI-JA U POVODU OBILJE\u017dAVANJA \u201c16 DANA SINDIKALNOG AKTIVIZMA PROTIV NASILJA NAD \u017dENAMA\u201d","datePublished":"2020-11-25T17:41:00+00:00","dateModified":"2020-11-30T08:56:00+00:00","mainEntityOfPage":{"@id":"https:\/\/ssspdp.ba\/?p=818"},"wordCount":204,"publisher":{"@id":"https:\/\/ssspdp.ba\/#organization"},"image":{"@id":"https:\/\/ssspdp.ba\/?p=818#primaryimage"},"thumbnailUrl":"https:\/\/ssspdp.ba\/wp-content\/uploads\/2020\/11\/Dani-zenskog-aktivizma-konacno-teksturizirano.jpg","articleSection":["Novosti"],"inLanguage":"en-US"},{"@type":"WebPage","@id":"https:\/\/ssspdp.ba\/?p=818","url":"https:\/\/ssspdp.ba\/?p=818","name":"SS\u0160PDP BIH SE PRIDRU\u017dUJE KAMPANJI BWI-JA U POVODU OBILJE\u017dAVANJA \u201c16 DANA SINDIKALNOG AKTIVIZMA PROTIV NASILJA NAD \u017dENAMA\u201d - Samostalni sindikat \u0161umarstva, prerade drveta i papira Bosne i Hercegovine","isPartOf":{"@id":"https:\/\/ssspdp.ba\/#website"},"primaryImageOfPage":{"@id":"https:\/\/ssspdp.ba\/?p=818#primaryimage"},"image":{"@id":"https:\/\/ssspdp.ba\/?p=818#primaryimage"},"thumbnailUrl":"https:\/\/ssspdp.ba\/wp-content\/uploads\/2020\/11\/Dani-zenskog-aktivizma-konacno-teksturizirano.jpg","datePublished":"2020-11-25T17:41:00+00:00","dateModified":"2020-11-30T08:56:00+00:00","breadcrumb":{"@id":"https:\/\/ssspdp.ba\/?p=818#breadcrumb"},"inLanguage":"en-US","potentialAction":[{"@type":"ReadAction","target":["https:\/\/ssspdp.ba\/?p=818"]}]},{"@type":"ImageObject","inLanguage":"en-US","@id":"https:\/\/ssspdp.ba\/?p=818#primaryimage","url":"https:\/\/ssspdp.ba\/wp-content\/uploads\/2020\/11\/Dani-zenskog-aktivizma-konacno-teksturizirano.jpg","contentUrl":"https:\/\/ssspdp.ba\/wp-content\/uploads\/2020\/11\/Dani-zenskog-aktivizma-konacno-teksturizirano.jpg","width":2048,"height":1455},{"@type":"BreadcrumbList","@id":"https:\/\/ssspdp.ba\/?p=818#breadcrumb","itemListElement":[{"@type":"ListItem","position":1,"name":"Home","item":"https:\/\/ssspdp.ba\/"},{"@type":"ListItem","position":2,"name":"SS\u0160PDP BIH SE PRIDRU\u017dUJE KAMPANJI BWI-JA U POVODU OBILJE\u017dAVANJA \u201c16 DANA SINDIKALNOG AKTIVIZMA PROTIV NASILJA NAD \u017dENAMA\u201d"}]},{"@type":"WebSite","@id":"https:\/\/ssspdp.ba\/#website","url":"https:\/\/ssspdp.ba\/","name":"Samostalni sindikat \u0161umarstva, prerade drveta i papira Bosne i Hercegovine","description":"","publisher":{"@id":"https:\/\/ssspdp.ba\/#organization"},"potentialAction":[{"@type":"SearchAction","target":{"@type":"EntryPoint","urlTemplate":"https:\/\/ssspdp.ba\/?s={search_term_string}"},"query-input":{"@type":"PropertyValueSpecification","valueRequired":true,"valueName":"search_term_string"}}],"inLanguage":"en-US"},{"@type":"Organization","@id":"https:\/\/ssspdp.ba\/#organization","name":"Samostalni sindikat \u0161umarstva, prerade drveta i papira Bosne i Hercegovine","url":"https:\/\/ssspdp.ba\/","logo":{"@type":"ImageObject","inLanguage":"en-US","@id":"https:\/\/ssspdp.ba\/#\/schema\/logo\/image\/","url":"https:\/\/ssspdp.ba\/wp-content\/uploads\/2020\/10\/web-logo.png","contentUrl":"https:\/\/ssspdp.ba\/wp-content\/uploads\/2020\/10\/web-logo.png","width":623,"height":100,"caption":"Samostalni sindikat \u0161umarstva, prerade drveta i papira Bosne i Hercegovine"},"image":{"@id":"https:\/\/ssspdp.ba\/#\/schema\/logo\/image\/"},"sameAs":["https:\/\/www.facebook.com\/Samostalni-sindikat-\u0161umarstva-prerade-drveta-i-papira-BiH-1740799582820896\/?ref=page_internal"]},{"@type":"Person","@id":"https:\/\/ssspdp.ba\/#\/schema\/person\/77b88c32d46b46076c51b9e19371dc49","name":"armin.hujic","image":{"@type":"ImageObject","inLanguage":"en-US","@id":"https:\/\/secure.gravatar.com\/avatar\/d571c6935abfc375c9bb3ccb53d885ee37755eabf467f839a46e8d52a41b322a?s=96&d=mm&r=g","url":"https:\/\/secure.gravatar.com\/avatar\/d571c6935abfc375c9bb3ccb53d885ee37755eabf467f839a46e8d52a41b322a?s=96&d=mm&r=g","contentUrl":"https:\/\/secure.gravatar.com\/avatar\/d571c6935abfc375c9bb3ccb53d885ee37755eabf467f839a46e8d52a41b322a?s=96&d=mm&r=g","caption":"armin.hujic"},"sameAs":["http:\/\/novi-web.ssspdp.ba"]}]}},"_links":{"self":[{"href":"https:\/\/ssspdp.ba\/index.php?rest_route=\/wp\/v2\/posts\/818","targetHints":{"allow":["GET"]}}],"collection":[{"href":"https:\/\/ssspdp.ba\/index.php?rest_route=\/wp\/v2\/posts"}],"about":[{"href":"https:\/\/ssspdp.ba\/index.php?rest_route=\/wp\/v2\/types\/post"}],"author":[{"embeddable":true,"href":"https:\/\/ssspdp.ba\/index.php?rest_route=\/wp\/v2\/users\/1"}],"replies":[{"embeddable":true,"href":"https:\/\/ssspdp.ba\/index.php?rest_route=%2Fwp%2Fv2%2Fcomments&post=818"}],"version-history":[{"count":4,"href":"https:\/\/ssspdp.ba\/index.php?rest_route=\/wp\/v2\/posts\/818\/revisions"}],"predecessor-version":[{"id":830,"href":"https:\/\/ssspdp.ba\/index.php?rest_route=\/wp\/v2\/posts\/818\/revisions\/830"}],"wp:featuredmedia":[{"embeddable":true,"href":"https:\/\/ssspdp.ba\/index.php?rest_route=\/wp\/v2\/media\/819"}],"wp:attachment":[{"href":"https:\/\/ssspdp.ba\/index.php?rest_route=%2Fwp%2Fv2%2Fmedia&parent=818"}],"wp:term":[{"taxonomy":"category","embeddable":true,"href":"https:\/\/ssspdp.ba\/index.php?rest_route=%2Fwp%2Fv2%2Fcategories&post=818"},{"taxonomy":"post_tag","embeddable":true,"href":"https:\/\/ssspdp.ba\/index.php?rest_route=%2Fwp%2Fv2%2Ftags&post=818"}],"curies":[{"name":"wp","href":"https:\/\/api.w.org\/{rel}","templated":true}]}}